{"id":119124,"date":"2026-04-06T18:46:00","date_gmt":"2026-04-06T16:46:00","guid":{"rendered":"https:\/\/baportal.sk\/podnajom\/in\/119124\/"},"modified":"2026-04-06T18:46:00","modified_gmt":"2026-04-06T16:46:00","slug":"hladam-si-samostatnu-izbu-v-raci-a-v-blizkom-okoli-do-360-e-v-texte-2","status":"publish","type":"post","link":"https:\/\/baportal.sk\/podnajom\/in\/119124\/","title":{"rendered":"H\u013ead\u00e1m si samostatn\u00fa izbu v Ra\u010di a v bl\u00edzkom okol\u00ed do 360 \u20ac.: V texte"},"content":{"rendered":"<p>Som nefaj\u010diar, V\u0160, zamestnan\u00fd. Ponuku mi po\u0161lite do emailu. tibob@centrum.sk \u010eakujem ...<\/p>\n","protected":false},"excerpt":{"rendered":"<p>Som nefaj\u010diar, V\u0160, zamestnan\u00fd. Ponuku mi po\u0161lite do emailu. tibob@centrum.sk \u010eakujem ...<\/p>\n","protected":false},"author":1,"featured_media":0,"comment_status":"open","ping_status":"open","sticky":false,"template":"","format":"standard","meta":{"footnotes":""},"categories":[3],"tags":[],"class_list":["post-119124","post","type-post","status-publish","format-standard","hentry","category-prenajom-izby"],"yoast_head":"<!-- This site is optimized with the Yoast SEO plugin v23.1 - https:\/\/yoast.com\/wordpress\/plugins\/seo\/ -->\n<title>H\u013ead\u00e1m si samostatn\u00fa izbu v Ra\u010di a v bl\u00edzkom okol\u00ed do 360 \u20ac.: V texte | Podn\u00e1jom - Baportal.sk - Bratislava<\/title>\n<meta name=\"description\" content=\"Som nefaj\u010diar, V\u0160, zamestnan\u00fd. Ponuku mi po\u0161lite do emailu. tibob@centrum.sk \u010eakujem ...\" \/>\n<meta name=\"robots\" content=\"index, follow, max-snippet:-1, max-image-preview:large, max-video-preview:-1\" \/>\n<link rel=\"canonical\" href=\"https:\/\/baportal.sk\/podnajom\/in\/119124\/\" \/>\n<meta property=\"og:locale\" content=\"sk_SK\" \/>\n<meta property=\"og:type\" content=\"article\" \/>\n<meta property=\"og:title\" content=\"H\u013ead\u00e1m si samostatn\u00fa izbu v Ra\u010di a v bl\u00edzkom okol\u00ed do 360 \u20ac.: V texte | Podn\u00e1jom - Baportal.sk - Bratislava\" \/>\n<meta property=\"og:description\" content=\"Som nefaj\u010diar, V\u0160, zamestnan\u00fd. Ponuku mi po\u0161lite do emailu. tibob@centrum.sk \u010eakujem ...\" \/>\n<meta property=\"og:url\" content=\"https:\/\/baportal.sk\/podnajom\/in\/119124\/\" \/>\n<meta property=\"og:site_name\" content=\"Podn\u00e1jom - Baportal.sk - Bratislava\" \/>\n<meta property=\"article:published_time\" content=\"2026-04-06T16:46:00+00:00\" \/>\n<meta name=\"author\" content=\"marek\" \/>\n<meta name=\"twitter:card\" content=\"summary_large_image\" \/>\n<meta name=\"twitter:label1\" content=\"Autor\" \/>\n\t<meta name=\"twitter:data1\" content=\"marek\" \/>\n<script type=\"application\/ld+json\" class=\"yoast-schema-graph\">{\"@context\":\"https:\/\/schema.org\",\"@graph\":[{\"@type\":\"WebPage\",\"@id\":\"https:\/\/baportal.sk\/podnajom\/in\/119124\/\",\"url\":\"https:\/\/baportal.sk\/podnajom\/in\/119124\/\",\"name\":\"H\u013ead\u00e1m si samostatn\u00fa izbu v Ra\u010di a v bl\u00edzkom okol\u00ed do 360 \u20ac.: V texte | Podn\u00e1jom - Baportal.sk - Bratislava\",\"isPartOf\":{\"@id\":\"https:\/\/baportal.sk\/podnajom\/#website\"},\"datePublished\":\"2026-04-06T16:46:00+00:00\",\"dateModified\":\"2026-04-06T16:46:00+00:00\",\"author\":{\"@id\":\"https:\/\/baportal.sk\/podnajom\/#\/schema\/person\/1048c08c599b2e93379d6374549bd168\"},\"description\":\"Som nefaj\u010diar, V\u0160, zamestnan\u00fd. Ponuku mi po\u0161lite do emailu. tibob@centrum.sk \u010eakujem ...\",\"breadcrumb\":{\"@id\":\"https:\/\/baportal.sk\/podnajom\/in\/119124\/#breadcrumb\"},\"inLanguage\":\"sk-SK\",\"potentialAction\":[{\"@type\":\"ReadAction\",\"target\":[\"https:\/\/baportal.sk\/podnajom\/in\/119124\/\"]}]},{\"@type\":\"BreadcrumbList\",\"@id\":\"https:\/\/baportal.sk\/podnajom\/in\/119124\/#breadcrumb\",\"itemListElement\":[{\"@type\":\"ListItem\",\"position\":1,\"name\":\"Domovsk\u00e1 str\u00e1nka\",\"item\":\"https:\/\/baportal.sk\/podnajom\/\"},{\"@type\":\"ListItem\",\"position\":2,\"name\":\"H\u013ead\u00e1m si samostatn\u00fa izbu v Ra\u010di a v bl\u00edzkom okol\u00ed do 360 \u20ac.: V texte\"}]},{\"@type\":\"WebSite\",\"@id\":\"https:\/\/baportal.sk\/podnajom\/#website\",\"url\":\"https:\/\/baportal.sk\/podnajom\/\",\"name\":\"Podn\u00e1jom - Baportal.sk - Bratislava\",\"description\":\"\",\"potentialAction\":[{\"@type\":\"SearchAction\",\"target\":{\"@type\":\"EntryPoint\",\"urlTemplate\":\"https:\/\/baportal.sk\/podnajom\/?s={search_term_string}\"},\"query-input\":\"required name=search_term_string\"}],\"inLanguage\":\"sk-SK\"},{\"@type\":\"Person\",\"@id\":\"https:\/\/baportal.sk\/podnajom\/#\/schema\/person\/1048c08c599b2e93379d6374549bd168\",\"name\":\"marek\",\"image\":{\"@type\":\"ImageObject\",\"inLanguage\":\"sk-SK\",\"@id\":\"https:\/\/baportal.sk\/podnajom\/#\/schema\/person\/image\/\",\"url\":\"https:\/\/secure.gravatar.com\/avatar\/cdf0fbd37411d455f1afd87f93b867f6?s=96&d=mm&r=g\",\"contentUrl\":\"https:\/\/secure.gravatar.com\/avatar\/cdf0fbd37411d455f1afd87f93b867f6?s=96&d=mm&r=g\",\"caption\":\"marek\"},\"sameAs\":[\"https:\/\/www.baportal.sk\/podnajom\"]}]}<\/script>\n<!-- \/ Yoast SEO plugin. -->","yoast_head_json":{"title":"H\u013ead\u00e1m si samostatn\u00fa izbu v Ra\u010di a v bl\u00edzkom okol\u00ed do 360 \u20ac.: V texte | Podn\u00e1jom - Baportal.sk - Bratislava","description":"Som nefaj\u010diar, V\u0160, zamestnan\u00fd. Ponuku mi po\u0161lite do emailu. tibob@centrum.sk \u010eakujem ...","robots":{"index":"index","follow":"follow","max-snippet":"max-snippet:-1","max-image-preview":"max-image-preview:large","max-video-preview":"max-video-preview:-1"},"canonical":"https:\/\/baportal.sk\/podnajom\/in\/119124\/","og_locale":"sk_SK","og_type":"article","og_title":"H\u013ead\u00e1m si samostatn\u00fa izbu v Ra\u010di a v bl\u00edzkom okol\u00ed do 360 \u20ac.: V texte | Podn\u00e1jom - Baportal.sk - Bratislava","og_description":"Som nefaj\u010diar, V\u0160, zamestnan\u00fd. Ponuku mi po\u0161lite do emailu. tibob@centrum.sk \u010eakujem ...","og_url":"https:\/\/baportal.sk\/podnajom\/in\/119124\/","og_site_name":"Podn\u00e1jom - Baportal.sk - Bratislava","article_published_time":"2026-04-06T16:46:00+00:00","author":"marek","twitter_card":"summary_large_image","twitter_misc":{"Autor":"marek"},"schema":{"@context":"https:\/\/schema.org","@graph":[{"@type":"WebPage","@id":"https:\/\/baportal.sk\/podnajom\/in\/119124\/","url":"https:\/\/baportal.sk\/podnajom\/in\/119124\/","name":"H\u013ead\u00e1m si samostatn\u00fa izbu v Ra\u010di a v bl\u00edzkom okol\u00ed do 360 \u20ac.: V texte | Podn\u00e1jom - Baportal.sk - Bratislava","isPartOf":{"@id":"https:\/\/baportal.sk\/podnajom\/#website"},"datePublished":"2026-04-06T16:46:00+00:00","dateModified":"2026-04-06T16:46:00+00:00","author":{"@id":"https:\/\/baportal.sk\/podnajom\/#\/schema\/person\/1048c08c599b2e93379d6374549bd168"},"description":"Som nefaj\u010diar, V\u0160, zamestnan\u00fd. Ponuku mi po\u0161lite do emailu. tibob@centrum.sk \u010eakujem ...","breadcrumb":{"@id":"https:\/\/baportal.sk\/podnajom\/in\/119124\/#breadcrumb"},"inLanguage":"sk-SK","potentialAction":[{"@type":"ReadAction","target":["https:\/\/baportal.sk\/podnajom\/in\/119124\/"]}]},{"@type":"BreadcrumbList","@id":"https:\/\/baportal.sk\/podnajom\/in\/119124\/#breadcrumb","itemListElement":[{"@type":"ListItem","position":1,"name":"Domovsk\u00e1 str\u00e1nka","item":"https:\/\/baportal.sk\/podnajom\/"},{"@type":"ListItem","position":2,"name":"H\u013ead\u00e1m si samostatn\u00fa izbu v Ra\u010di a v bl\u00edzkom okol\u00ed do 360 \u20ac.: V texte"}]},{"@type":"WebSite","@id":"https:\/\/baportal.sk\/podnajom\/#website","url":"https:\/\/baportal.sk\/podnajom\/","name":"Podn\u00e1jom - Baportal.sk - Bratislava","description":"","potentialAction":[{"@type":"SearchAction","target":{"@type":"EntryPoint","urlTemplate":"https:\/\/baportal.sk\/podnajom\/?s={search_term_string}"},"query-input":"required name=search_term_string"}],"inLanguage":"sk-SK"},{"@type":"Person","@id":"https:\/\/baportal.sk\/podnajom\/#\/schema\/person\/1048c08c599b2e93379d6374549bd168","name":"marek","image":{"@type":"ImageObject","inLanguage":"sk-SK","@id":"https:\/\/baportal.sk\/podnajom\/#\/schema\/person\/image\/","url":"https:\/\/secure.gravatar.com\/avatar\/cdf0fbd37411d455f1afd87f93b867f6?s=96&d=mm&r=g","contentUrl":"https:\/\/secure.gravatar.com\/avatar\/cdf0fbd37411d455f1afd87f93b867f6?s=96&d=mm&r=g","caption":"marek"},"sameAs":["https:\/\/www.baportal.sk\/podnajom"]}]}},"_links":{"self":[{"href":"https:\/\/baportal.sk\/podnajom\/wp-json\/wp\/v2\/posts\/119124"}],"collection":[{"href":"https:\/\/baportal.sk\/podnajom\/wp-json\/wp\/v2\/posts"}],"about":[{"href":"https:\/\/baportal.sk\/podnajom\/wp-json\/wp\/v2\/types\/post"}],"author":[{"embeddable":true,"href":"https:\/\/baportal.sk\/podnajom\/wp-json\/wp\/v2\/users\/1"}],"replies":[{"embeddable":true,"href":"https:\/\/baportal.sk\/podnajom\/wp-json\/wp\/v2\/comments?post=119124"}],"version-history":[{"count":0,"href":"https:\/\/baportal.sk\/podnajom\/wp-json\/wp\/v2\/posts\/119124\/revisions"}],"wp:attachment":[{"href":"https:\/\/baportal.sk\/podnajom\/wp-json\/wp\/v2\/media?parent=119124"}],"wp:term":[{"taxonomy":"category","embeddable":true,"href":"https:\/\/baportal.sk\/podnajom\/wp-json\/wp\/v2\/categories?post=119124"},{"taxonomy":"post_tag","embeddable":true,"href":"https:\/\/baportal.sk\/podnajom\/wp-json\/wp\/v2\/tags?post=119124"}],"curies":[{"name":"wp","href":"https:\/\/api.w.org\/{rel}","templated":true}]}}