{"id":119693,"date":"2026-04-17T02:06:00","date_gmt":"2026-04-17T00:06:00","guid":{"rendered":"https:\/\/baportal.sk\/podnajom\/in\/119693\/"},"modified":"2026-04-17T02:06:00","modified_gmt":"2026-04-17T00:06:00","slug":"garzonka-na-prenajom-rybnicna-ulica-450e-450","status":"publish","type":"post","link":"https:\/\/baportal.sk\/podnajom\/in\/119693\/","title":{"rendered":"Garz\u00f3nka na pren\u00e1jom Rybni\u010dn\u00e1 ulica 450\u20ac: 450"},"content":{"rendered":"<p><img decoding=\"async\" src=\"https:\/\/www.bazos.sk\/img\/1m\/927\/190824927.jpg?t=1776384882\" \/>Ponuka pren\u00e1jmu: Klimatizovan\u00e1, slne\u010dn\u00e1 garz\u00f3nka s balk\u00f3nom \u2013 Rybni\u010dn\u00e1 ul.<br \/>\nPon\u00fakam na pren\u00e1jom \u00fatuln\u00fa a svetl\u00fa garz\u00f3nku na Rybni\u010dnej ulici v Bratislave III. Byt s v\u00fdmerou 24 m\u00b2 disponuje balk\u00f3nom (3 m\u00b2) a nach\u00e1dza sa na 9. poschod\u00ed v udr\u017eiavanom byt ...<\/p>\n","protected":false},"excerpt":{"rendered":"<p>Ponuka pren\u00e1jmu: Klimatizovan\u00e1, slne\u010dn\u00e1 garz\u00f3nka s balk\u00f3nom \u2013 Rybni\u010dn\u00e1 ul. Pon\u00fakam na pren\u00e1jom \u00fatuln\u00fa a svetl\u00fa garz\u00f3nku na Rybni\u010dnej ulici v Bratislave III. Byt s v\u00fdmerou 24 m\u00b2 disponuje balk\u00f3nom (3 m\u00b2) a nach\u00e1dza sa na 9. poschod\u00ed v udr\u017eiavanom byt ...<\/p>\n","protected":false},"author":1,"featured_media":119694,"comment_status":"open","ping_status":"open","sticky":false,"template":"","format":"standard","meta":{"footnotes":""},"categories":[4],"tags":[],"class_list":["post-119693","post","type-post","status-publish","format-standard","has-post-thumbnail","hentry","category-prenajom-bytu"],"yoast_head":"<!-- This site is optimized with the Yoast SEO plugin v23.1 - https:\/\/yoast.com\/wordpress\/plugins\/seo\/ -->\n<title>Garz\u00f3nka na pren\u00e1jom Rybni\u010dn\u00e1 ulica 450\u20ac: 450 | Podn\u00e1jom - Baportal.sk - Bratislava<\/title>\n<meta name=\"description\" content=\"Ponuka pren\u00e1jmu: Klimatizovan\u00e1, slne\u010dn\u00e1 garz\u00f3nka s balk\u00f3nom \u2013 Rybni\u010dn\u00e1 ul. Pon\u00fakam na pren\u00e1jom \u00fatuln\u00fa a svetl\u00fa garz\u00f3nku na Rybni\u010dnej ulici v Bratislave\" \/>\n<meta name=\"robots\" content=\"index, follow, max-snippet:-1, max-image-preview:large, max-video-preview:-1\" \/>\n<link rel=\"canonical\" href=\"https:\/\/baportal.sk\/podnajom\/in\/119693\/\" \/>\n<meta property=\"og:locale\" content=\"sk_SK\" \/>\n<meta property=\"og:type\" content=\"article\" \/>\n<meta property=\"og:title\" content=\"Garz\u00f3nka na pren\u00e1jom Rybni\u010dn\u00e1 ulica 450\u20ac: 450 | Podn\u00e1jom - Baportal.sk - Bratislava\" \/>\n<meta property=\"og:description\" content=\"Ponuka pren\u00e1jmu: Klimatizovan\u00e1, slne\u010dn\u00e1 garz\u00f3nka s balk\u00f3nom \u2013 Rybni\u010dn\u00e1 ul. Pon\u00fakam na pren\u00e1jom \u00fatuln\u00fa a svetl\u00fa garz\u00f3nku na Rybni\u010dnej ulici v Bratislave\" \/>\n<meta property=\"og:url\" content=\"https:\/\/baportal.sk\/podnajom\/in\/119693\/\" \/>\n<meta property=\"og:site_name\" content=\"Podn\u00e1jom - Baportal.sk - Bratislava\" \/>\n<meta property=\"article:published_time\" content=\"2026-04-17T00:06:00+00:00\" \/>\n<meta property=\"og:image\" content=\"https:\/\/www.bazos.sk\/img\/1m\/927\/190824927.jpg?t=1776384882\" \/>\n<meta name=\"author\" content=\"marek\" \/>\n<meta name=\"twitter:card\" content=\"summary_large_image\" \/>\n<meta name=\"twitter:label1\" content=\"Autor\" \/>\n\t<meta name=\"twitter:data1\" content=\"marek\" \/>\n<script type=\"application\/ld+json\" class=\"yoast-schema-graph\">{\"@context\":\"https:\/\/schema.org\",\"@graph\":[{\"@type\":\"WebPage\",\"@id\":\"https:\/\/baportal.sk\/podnajom\/in\/119693\/\",\"url\":\"https:\/\/baportal.sk\/podnajom\/in\/119693\/\",\"name\":\"Garz\u00f3nka na pren\u00e1jom Rybni\u010dn\u00e1 ulica 450\u20ac: 450 | Podn\u00e1jom - Baportal.sk - Bratislava\",\"isPartOf\":{\"@id\":\"https:\/\/baportal.sk\/podnajom\/#website\"},\"primaryImageOfPage\":{\"@id\":\"https:\/\/baportal.sk\/podnajom\/in\/119693\/#primaryimage\"},\"image\":{\"@id\":\"https:\/\/baportal.sk\/podnajom\/in\/119693\/#primaryimage\"},\"thumbnailUrl\":\"https:\/\/baportal.sk\/podnajom\/wp-content\/uploads\/2026\/04\/Garzonka-na-prenajom-Rybnicna-ulica-450E-450.jpg\",\"datePublished\":\"2026-04-17T00:06:00+00:00\",\"dateModified\":\"2026-04-17T00:06:00+00:00\",\"author\":{\"@id\":\"https:\/\/baportal.sk\/podnajom\/#\/schema\/person\/1048c08c599b2e93379d6374549bd168\"},\"description\":\"Ponuka pren\u00e1jmu: Klimatizovan\u00e1, slne\u010dn\u00e1 garz\u00f3nka s balk\u00f3nom \u2013 Rybni\u010dn\u00e1 ul. Pon\u00fakam na pren\u00e1jom \u00fatuln\u00fa a svetl\u00fa garz\u00f3nku na Rybni\u010dnej ulici v Bratislave\",\"breadcrumb\":{\"@id\":\"https:\/\/baportal.sk\/podnajom\/in\/119693\/#breadcrumb\"},\"inLanguage\":\"sk-SK\",\"potentialAction\":[{\"@type\":\"ReadAction\",\"target\":[\"https:\/\/baportal.sk\/podnajom\/in\/119693\/\"]}]},{\"@type\":\"ImageObject\",\"inLanguage\":\"sk-SK\",\"@id\":\"https:\/\/baportal.sk\/podnajom\/in\/119693\/#primaryimage\",\"url\":\"https:\/\/baportal.sk\/podnajom\/wp-content\/uploads\/2026\/04\/Garzonka-na-prenajom-Rybnicna-ulica-450E-450.jpg\",\"contentUrl\":\"https:\/\/baportal.sk\/podnajom\/wp-content\/uploads\/2026\/04\/Garzonka-na-prenajom-Rybnicna-ulica-450E-450.jpg\",\"width\":1200,\"height\":900},{\"@type\":\"BreadcrumbList\",\"@id\":\"https:\/\/baportal.sk\/podnajom\/in\/119693\/#breadcrumb\",\"itemListElement\":[{\"@type\":\"ListItem\",\"position\":1,\"name\":\"Domovsk\u00e1 str\u00e1nka\",\"item\":\"https:\/\/baportal.sk\/podnajom\/\"},{\"@type\":\"ListItem\",\"position\":2,\"name\":\"Garz\u00f3nka na pren\u00e1jom Rybni\u010dn\u00e1 ulica 450\u20ac: 450\"}]},{\"@type\":\"WebSite\",\"@id\":\"https:\/\/baportal.sk\/podnajom\/#website\",\"url\":\"https:\/\/baportal.sk\/podnajom\/\",\"name\":\"Podn\u00e1jom - Baportal.sk - Bratislava\",\"description\":\"\",\"potentialAction\":[{\"@type\":\"SearchAction\",\"target\":{\"@type\":\"EntryPoint\",\"urlTemplate\":\"https:\/\/baportal.sk\/podnajom\/?s={search_term_string}\"},\"query-input\":\"required name=search_term_string\"}],\"inLanguage\":\"sk-SK\"},{\"@type\":\"Person\",\"@id\":\"https:\/\/baportal.sk\/podnajom\/#\/schema\/person\/1048c08c599b2e93379d6374549bd168\",\"name\":\"marek\",\"image\":{\"@type\":\"ImageObject\",\"inLanguage\":\"sk-SK\",\"@id\":\"https:\/\/baportal.sk\/podnajom\/#\/schema\/person\/image\/\",\"url\":\"https:\/\/secure.gravatar.com\/avatar\/cdf0fbd37411d455f1afd87f93b867f6?s=96&d=mm&r=g\",\"contentUrl\":\"https:\/\/secure.gravatar.com\/avatar\/cdf0fbd37411d455f1afd87f93b867f6?s=96&d=mm&r=g\",\"caption\":\"marek\"},\"sameAs\":[\"https:\/\/www.baportal.sk\/podnajom\"]}]}<\/script>\n<!-- \/ Yoast SEO plugin. -->","yoast_head_json":{"title":"Garz\u00f3nka na pren\u00e1jom Rybni\u010dn\u00e1 ulica 450\u20ac: 450 | Podn\u00e1jom - Baportal.sk - Bratislava","description":"Ponuka pren\u00e1jmu: Klimatizovan\u00e1, slne\u010dn\u00e1 garz\u00f3nka s balk\u00f3nom \u2013 Rybni\u010dn\u00e1 ul. Pon\u00fakam na pren\u00e1jom \u00fatuln\u00fa a svetl\u00fa garz\u00f3nku na Rybni\u010dnej ulici v Bratislave","robots":{"index":"index","follow":"follow","max-snippet":"max-snippet:-1","max-image-preview":"max-image-preview:large","max-video-preview":"max-video-preview:-1"},"canonical":"https:\/\/baportal.sk\/podnajom\/in\/119693\/","og_locale":"sk_SK","og_type":"article","og_title":"Garz\u00f3nka na pren\u00e1jom Rybni\u010dn\u00e1 ulica 450\u20ac: 450 | Podn\u00e1jom - Baportal.sk - Bratislava","og_description":"Ponuka pren\u00e1jmu: Klimatizovan\u00e1, slne\u010dn\u00e1 garz\u00f3nka s balk\u00f3nom \u2013 Rybni\u010dn\u00e1 ul. Pon\u00fakam na pren\u00e1jom \u00fatuln\u00fa a svetl\u00fa garz\u00f3nku na Rybni\u010dnej ulici v Bratislave","og_url":"https:\/\/baportal.sk\/podnajom\/in\/119693\/","og_site_name":"Podn\u00e1jom - Baportal.sk - Bratislava","article_published_time":"2026-04-17T00:06:00+00:00","og_image":[{"url":"https:\/\/www.bazos.sk\/img\/1m\/927\/190824927.jpg?t=1776384882"}],"author":"marek","twitter_card":"summary_large_image","twitter_misc":{"Autor":"marek"},"schema":{"@context":"https:\/\/schema.org","@graph":[{"@type":"WebPage","@id":"https:\/\/baportal.sk\/podnajom\/in\/119693\/","url":"https:\/\/baportal.sk\/podnajom\/in\/119693\/","name":"Garz\u00f3nka na pren\u00e1jom Rybni\u010dn\u00e1 ulica 450\u20ac: 450 | Podn\u00e1jom - Baportal.sk - Bratislava","isPartOf":{"@id":"https:\/\/baportal.sk\/podnajom\/#website"},"primaryImageOfPage":{"@id":"https:\/\/baportal.sk\/podnajom\/in\/119693\/#primaryimage"},"image":{"@id":"https:\/\/baportal.sk\/podnajom\/in\/119693\/#primaryimage"},"thumbnailUrl":"https:\/\/baportal.sk\/podnajom\/wp-content\/uploads\/2026\/04\/Garzonka-na-prenajom-Rybnicna-ulica-450E-450.jpg","datePublished":"2026-04-17T00:06:00+00:00","dateModified":"2026-04-17T00:06:00+00:00","author":{"@id":"https:\/\/baportal.sk\/podnajom\/#\/schema\/person\/1048c08c599b2e93379d6374549bd168"},"description":"Ponuka pren\u00e1jmu: Klimatizovan\u00e1, slne\u010dn\u00e1 garz\u00f3nka s balk\u00f3nom \u2013 Rybni\u010dn\u00e1 ul. Pon\u00fakam na pren\u00e1jom \u00fatuln\u00fa a svetl\u00fa garz\u00f3nku na Rybni\u010dnej ulici v Bratislave","breadcrumb":{"@id":"https:\/\/baportal.sk\/podnajom\/in\/119693\/#breadcrumb"},"inLanguage":"sk-SK","potentialAction":[{"@type":"ReadAction","target":["https:\/\/baportal.sk\/podnajom\/in\/119693\/"]}]},{"@type":"ImageObject","inLanguage":"sk-SK","@id":"https:\/\/baportal.sk\/podnajom\/in\/119693\/#primaryimage","url":"https:\/\/baportal.sk\/podnajom\/wp-content\/uploads\/2026\/04\/Garzonka-na-prenajom-Rybnicna-ulica-450E-450.jpg","contentUrl":"https:\/\/baportal.sk\/podnajom\/wp-content\/uploads\/2026\/04\/Garzonka-na-prenajom-Rybnicna-ulica-450E-450.jpg","width":1200,"height":900},{"@type":"BreadcrumbList","@id":"https:\/\/baportal.sk\/podnajom\/in\/119693\/#breadcrumb","itemListElement":[{"@type":"ListItem","position":1,"name":"Domovsk\u00e1 str\u00e1nka","item":"https:\/\/baportal.sk\/podnajom\/"},{"@type":"ListItem","position":2,"name":"Garz\u00f3nka na pren\u00e1jom Rybni\u010dn\u00e1 ulica 450\u20ac: 450"}]},{"@type":"WebSite","@id":"https:\/\/baportal.sk\/podnajom\/#website","url":"https:\/\/baportal.sk\/podnajom\/","name":"Podn\u00e1jom - Baportal.sk - Bratislava","description":"","potentialAction":[{"@type":"SearchAction","target":{"@type":"EntryPoint","urlTemplate":"https:\/\/baportal.sk\/podnajom\/?s={search_term_string}"},"query-input":"required name=search_term_string"}],"inLanguage":"sk-SK"},{"@type":"Person","@id":"https:\/\/baportal.sk\/podnajom\/#\/schema\/person\/1048c08c599b2e93379d6374549bd168","name":"marek","image":{"@type":"ImageObject","inLanguage":"sk-SK","@id":"https:\/\/baportal.sk\/podnajom\/#\/schema\/person\/image\/","url":"https:\/\/secure.gravatar.com\/avatar\/cdf0fbd37411d455f1afd87f93b867f6?s=96&d=mm&r=g","contentUrl":"https:\/\/secure.gravatar.com\/avatar\/cdf0fbd37411d455f1afd87f93b867f6?s=96&d=mm&r=g","caption":"marek"},"sameAs":["https:\/\/www.baportal.sk\/podnajom"]}]}},"_links":{"self":[{"href":"https:\/\/baportal.sk\/podnajom\/wp-json\/wp\/v2\/posts\/119693"}],"collection":[{"href":"https:\/\/baportal.sk\/podnajom\/wp-json\/wp\/v2\/posts"}],"about":[{"href":"https:\/\/baportal.sk\/podnajom\/wp-json\/wp\/v2\/types\/post"}],"author":[{"embeddable":true,"href":"https:\/\/baportal.sk\/podnajom\/wp-json\/wp\/v2\/users\/1"}],"replies":[{"embeddable":true,"href":"https:\/\/baportal.sk\/podnajom\/wp-json\/wp\/v2\/comments?post=119693"}],"version-history":[{"count":0,"href":"https:\/\/baportal.sk\/podnajom\/wp-json\/wp\/v2\/posts\/119693\/revisions"}],"wp:featuredmedia":[{"embeddable":true,"href":"https:\/\/baportal.sk\/podnajom\/wp-json\/wp\/v2\/media\/119694"}],"wp:attachment":[{"href":"https:\/\/baportal.sk\/podnajom\/wp-json\/wp\/v2\/media?parent=119693"}],"wp:term":[{"taxonomy":"category","embeddable":true,"href":"https:\/\/baportal.sk\/podnajom\/wp-json\/wp\/v2\/categories?post=119693"},{"taxonomy":"post_tag","embeddable":true,"href":"https:\/\/baportal.sk\/podnajom\/wp-json\/wp\/v2\/tags?post=119693"}],"curies":[{"name":"wp","href":"https:\/\/api.w.org\/{rel}","templated":true}]}}