{"id":29678,"date":"2022-02-09T21:24:09","date_gmt":"2022-02-09T20:24:09","guid":{"rendered":"https:\/\/baportal.sk\/podnajom\/in\/29678\/"},"modified":"2022-02-09T21:24:09","modified_gmt":"2022-02-09T20:24:09","slug":"prenajom-3-izbovy-tichy-prijemny-byt-v-projekte-viktoria-kosicka-ul","status":"publish","type":"post","link":"https:\/\/baportal.sk\/podnajom\/in\/29678\/","title":{"rendered":"Pren\u00e1jom: 3 izbov\u00fd tich\u00fd pr\u00edjemn\u00fd byt v projekte Vikt\u00f3ria, Ko\u0161ick\u00e1 ul."},"content":{"rendered":"<div class=\"text-inner\">\n                                Pon\u00fakame na pren\u00e1jom pr\u00edjemn\u00fd kompletne zariaden\u00fd tich\u00fd 3-izbov\u00fd byt v projekte Vikt\u00f3ria, Ko\u0161ick\u00e1 49, v \u0161ir\u0161om centre Bratislavy, \u010das\u0165 Ru\u017einov - Nivy.<\/p>\n<p>Popis bytu a vybavenia:<br \/>\n- byt m\u00e1 v\u00fdmeru 78m2 + ca 3m2 lod\u017eia<br \/>\n- v\u00fdborn\u00e1 dispoz\u00edcia bytu - z predsiene vstup do v\u0161etk\u00fdch miestnost\u00ed: dve samostatn\u00e9 sp\u00e1lne, ob\u00fdva\u010dka spojen\u00e1 s kuchy\u0148ou, diskr\u00e9tne v\u0161ak oddelen\u00e1 polprie\u010dkou, samostatn\u00e9 WC, k\u00fape\u013e\u0148a s va\u0148ou a \u010fal\u0161\u00edm WC, vstup na lod\u017eiu z ob\u00fdva\u010dky<br \/>\n- - kompletn\u00e9 zariadenie n\u00e1bytkom a spotrebi\u010dmi umo\u017e\u0148uje okam\u017eit\u00e9 pohodln\u00e9 b\u00fdvanie (seda\u010dka, jed\u00e1lensk\u00e9 sedenie, postele, \u0161atn\u00edkov\u00e9 skrine, komody, pracovn\u00fd stol\u00edk, telev\u00edzor, kuchynsk\u00e9 spotrebi\u010de (varn\u00e1 doska, elektrick\u00e1 r\u00fara, mikrovlnka, chladni\u010dka s mrazni\u010dkou, um\u00fdva\u010dka riadu), v k\u00fape\u013eni pr\u00e1\u010dka<br \/>\n- mo\u017enos\u0165 \u00fapravy zariadenia bytu pod\u013ea dohody (sp\u00e1lne s\u00fa zariaden\u00e9 ako man\u017eelsk\u00e1 sp\u00e1l\u0148a a detsk\u00e1 izba - v pr\u00edpade z\u00e1ujmu mo\u017enos\u0165 upravi\u0165)<br \/>\n- byt je tich\u00fd a slne\u010dn\u00fd, m\u00e1 ve\u013emi pr\u00edjemn\u00fa atmosf\u00e9ru a je \u010dist\u00fd a udr\u017eiavan\u00fd<br \/>\n- klimatiz\u00e1cia v ka\u017edej izbe, k\u00farenie spolo\u010dn\u00e9 s vlastnou kotol\u0148ou v dome (termostat v izb\u00e1ch),<br \/>\n- byt sa nach\u00e1dza na 5. poschod\u00ed v bloku A1 (nad recepciou)<br \/>\n- orient\u00e1cia bytu JV (ob\u00fdva\u010dka s kuchy\u0148ou, lod\u017eia), SZ (sp\u00e1lne)<\/p>\n<p>Dom a okolie:<br \/>\n- Vikt\u00f3ria na Ko\u0161ickej pon\u00faka modern\u00e9 nad\u0161tandardn\u00e9 b\u00fdvanie v \u0161ir\u0161om centre<br \/>\n- bytov\u00fd komplex tvoria \u0161tyri domy s uzatvoren\u00fdm vn\u00fatroblokom - kr\u00e1sne udr\u017eiavan\u00fdm are\u00e1lom s parkov\u00fdmi \u00fapravami, lavi\u010dkami, vodnou plochou, stojanmi na bicykle<br \/>\n- v dome je k dispoz\u00edcii klubov\u0148a s mo\u017enos\u0165ou stoln\u00e9ho tenisu<br \/>\n- pre vlastn\u00edkov a n\u00e1jomn\u00edkov sl\u00fa\u017ei st\u00e1la recepcia,<br \/>\n- za domom v r\u00e1mci bytov\u00e9ho komplexu sa nach\u00e1dza priestrann\u00e9 tr\u00e1vnat\u00e9 detsk\u00e9 ihrisko s poseden\u00edm a hrac\u00edmi prvkami<br \/>\n- pohyb po dome s jedin\u00fdm k\u013e\u00fa\u010dom, v ktorom je integrovan\u00fd aj \u010dip<br \/>\n- priamo v komplexe je tesco, fitness centrum, lek\u00e1re\u0148, kadern\u00edctvo a in\u00e9 prev\u00e1dzky, pri dome je trhovisko Mileti\u010dova a v bezprostrednom okol\u00ed kompletn\u00e1 ob\u010dianska vybavenos\u0165<br \/>\n- v are\u00e1li b\u00fdva pr\u00edjemn\u00e1 \u00fazka komunita obyvate\u013eov so slu\u0161n\u00fdmi a pr\u00edjemn\u00fdmi sp\u00f4sobmi<\/p>\n<p>Podmienky n\u00e1jmu:<br \/>\n- byt je vhodn\u00fd pre najviac 4 osoby, optim\u00e1lny pre 2-3 osoby<br \/>\n- doma n\u00e1jmu min. 1 rok<br \/>\n- n\u00e1jom za byt 720,- Eur\/mes. + z\u00e1lohov\u00e9 platby za energie, TV a internet 210,- Eur\/mes.<br \/>\n- v pr\u00edpade z\u00e1ujmu s\u00fa k dispoz\u00edcii 2 parkovacie st\u00e1tia - n\u00e1jom za parkovacie miesto je 50,- Eur za miesto mesa\u010dne<br \/>\n- pri podpise zmluvy sa hrad\u00ed depozit vo v\u00fd\u0161ke jednomesa\u010dn\u00e9ho n\u00e1jmu<br \/>\n- n\u00e1jom je mo\u017en\u00fd aj pre cudzincov s mo\u017enos\u0165ou poskytnutia prechodn\u00e9ho pobytu a tie\u017e pre firmy<br \/>\n- vo\u013en\u00fd ihne\u010f                            <\/div>\n","protected":false},"excerpt":{"rendered":"<p>Pon\u00fakame na pren\u00e1jom pr\u00edjemn\u00fd kompletne zariaden\u00fd tich\u00fd 3-izbov\u00fd byt v projekte Vikt\u00f3ria, Ko\u0161ick\u00e1 49, v \u0161ir\u0161om centre Bratislavy, \u010das\u0165 Ru\u017einov - Nivy. Popis bytu a vybavenia: - byt m\u00e1 v\u00fdmeru 78m2 + ca 3m2 lod\u017eia - v\u00fdborn\u00e1 dispoz\u00edcia bytu - z predsiene vstup do v\u0161etk\u00fdch miestnost\u00ed: dve samostatn\u00e9 sp\u00e1lne, ob\u00fdva\u010dka spojen\u00e1 s kuchy\u0148ou, diskr\u00e9tne v\u0161ak [&hellip;]<\/p>\n","protected":false},"author":1,"featured_media":29679,"comment_status":"open","ping_status":"open","sticky":false,"template":"","format":"standard","meta":{"footnotes":""},"categories":[4],"tags":[],"class_list":["post-29678","post","type-post","status-publish","format-standard","has-post-thumbnail","hentry","category-prenajom-bytu"],"yoast_head":"<!-- This site is optimized with the Yoast SEO plugin v23.1 - https:\/\/yoast.com\/wordpress\/plugins\/seo\/ -->\n<title>Pren\u00e1jom: 3 izbov\u00fd tich\u00fd pr\u00edjemn\u00fd byt v projekte Vikt\u00f3ria, Ko\u0161ick\u00e1 ul. | Podn\u00e1jom - Baportal.sk - Bratislava<\/title>\n<meta name=\"description\" content=\"Pon\u00fakame na pren\u00e1jom pr\u00edjemn\u00fd kompletne zariaden\u00fd tich\u00fd 3-izbov\u00fd byt v projekte Vikt\u00f3ria, Ko\u0161ick\u00e1 49, v \u0161ir\u0161om centre Bratislavy, \u010das\u0165 Ru\u017einov - Nivy.\" \/>\n<meta name=\"robots\" content=\"index, follow, max-snippet:-1, max-image-preview:large, max-video-preview:-1\" \/>\n<link rel=\"canonical\" href=\"https:\/\/baportal.sk\/podnajom\/in\/29678\/\" \/>\n<meta property=\"og:locale\" content=\"sk_SK\" \/>\n<meta property=\"og:type\" content=\"article\" \/>\n<meta property=\"og:title\" content=\"Pren\u00e1jom: 3 izbov\u00fd tich\u00fd pr\u00edjemn\u00fd byt v projekte Vikt\u00f3ria, Ko\u0161ick\u00e1 ul. | Podn\u00e1jom - Baportal.sk - Bratislava\" \/>\n<meta property=\"og:description\" content=\"Pon\u00fakame na pren\u00e1jom pr\u00edjemn\u00fd kompletne zariaden\u00fd tich\u00fd 3-izbov\u00fd byt v projekte Vikt\u00f3ria, Ko\u0161ick\u00e1 49, v \u0161ir\u0161om centre Bratislavy, \u010das\u0165 Ru\u017einov - Nivy.\" \/>\n<meta property=\"og:url\" content=\"https:\/\/baportal.sk\/podnajom\/in\/29678\/\" \/>\n<meta property=\"og:site_name\" content=\"Podn\u00e1jom - Baportal.sk - Bratislava\" \/>\n<meta property=\"article:published_time\" content=\"2022-02-09T20:24:09+00:00\" \/>\n<meta property=\"og:image\" content=\"https:\/\/baportal.sk\/podnajom\/wp-content\/uploads\/2022\/02\/Prenajom-3-izbovy-tichy-prijemny-byt-v-projekte-Viktoria-Kosicka.jpeg\" \/>\n\t<meta property=\"og:image:width\" content=\"600\" \/>\n\t<meta property=\"og:image:height\" content=\"315\" \/>\n\t<meta property=\"og:image:type\" content=\"image\/jpeg\" \/>\n<meta name=\"author\" content=\"marek\" \/>\n<meta name=\"twitter:card\" content=\"summary_large_image\" \/>\n<meta name=\"twitter:label1\" content=\"Autor\" \/>\n\t<meta name=\"twitter:data1\" content=\"marek\" \/>\n\t<meta name=\"twitter:label2\" content=\"Predpokladan\u00fd \u010das \u010d\u00edtania\" \/>\n\t<meta name=\"twitter:data2\" content=\"3 min\u00faty\" \/>\n<script type=\"application\/ld+json\" class=\"yoast-schema-graph\">{\"@context\":\"https:\/\/schema.org\",\"@graph\":[{\"@type\":\"WebPage\",\"@id\":\"https:\/\/baportal.sk\/podnajom\/in\/29678\/\",\"url\":\"https:\/\/baportal.sk\/podnajom\/in\/29678\/\",\"name\":\"Pren\u00e1jom: 3 izbov\u00fd tich\u00fd pr\u00edjemn\u00fd byt v projekte Vikt\u00f3ria, Ko\u0161ick\u00e1 ul. | Podn\u00e1jom - Baportal.sk - Bratislava\",\"isPartOf\":{\"@id\":\"https:\/\/baportal.sk\/podnajom\/#website\"},\"primaryImageOfPage\":{\"@id\":\"https:\/\/baportal.sk\/podnajom\/in\/29678\/#primaryimage\"},\"image\":{\"@id\":\"https:\/\/baportal.sk\/podnajom\/in\/29678\/#primaryimage\"},\"thumbnailUrl\":\"https:\/\/baportal.sk\/podnajom\/wp-content\/uploads\/2022\/02\/Prenajom-3-izbovy-tichy-prijemny-byt-v-projekte-Viktoria-Kosicka.jpeg\",\"datePublished\":\"2022-02-09T20:24:09+00:00\",\"dateModified\":\"2022-02-09T20:24:09+00:00\",\"author\":{\"@id\":\"https:\/\/baportal.sk\/podnajom\/#\/schema\/person\/1048c08c599b2e93379d6374549bd168\"},\"description\":\"Pon\u00fakame na pren\u00e1jom pr\u00edjemn\u00fd kompletne zariaden\u00fd tich\u00fd 3-izbov\u00fd byt v projekte Vikt\u00f3ria, Ko\u0161ick\u00e1 49, v \u0161ir\u0161om centre Bratislavy, \u010das\u0165 Ru\u017einov - Nivy.\",\"breadcrumb\":{\"@id\":\"https:\/\/baportal.sk\/podnajom\/in\/29678\/#breadcrumb\"},\"inLanguage\":\"sk-SK\",\"potentialAction\":[{\"@type\":\"ReadAction\",\"target\":[\"https:\/\/baportal.sk\/podnajom\/in\/29678\/\"]}]},{\"@type\":\"ImageObject\",\"inLanguage\":\"sk-SK\",\"@id\":\"https:\/\/baportal.sk\/podnajom\/in\/29678\/#primaryimage\",\"url\":\"https:\/\/baportal.sk\/podnajom\/wp-content\/uploads\/2022\/02\/Prenajom-3-izbovy-tichy-prijemny-byt-v-projekte-Viktoria-Kosicka.jpeg\",\"contentUrl\":\"https:\/\/baportal.sk\/podnajom\/wp-content\/uploads\/2022\/02\/Prenajom-3-izbovy-tichy-prijemny-byt-v-projekte-Viktoria-Kosicka.jpeg\",\"width\":600,\"height\":315},{\"@type\":\"BreadcrumbList\",\"@id\":\"https:\/\/baportal.sk\/podnajom\/in\/29678\/#breadcrumb\",\"itemListElement\":[{\"@type\":\"ListItem\",\"position\":1,\"name\":\"Domovsk\u00e1 str\u00e1nka\",\"item\":\"https:\/\/baportal.sk\/podnajom\/\"},{\"@type\":\"ListItem\",\"position\":2,\"name\":\"Pren\u00e1jom: 3 izbov\u00fd tich\u00fd pr\u00edjemn\u00fd byt v projekte Vikt\u00f3ria, Ko\u0161ick\u00e1 ul.\"}]},{\"@type\":\"WebSite\",\"@id\":\"https:\/\/baportal.sk\/podnajom\/#website\",\"url\":\"https:\/\/baportal.sk\/podnajom\/\",\"name\":\"Podn\u00e1jom - Baportal.sk - Bratislava\",\"description\":\"\",\"potentialAction\":[{\"@type\":\"SearchAction\",\"target\":{\"@type\":\"EntryPoint\",\"urlTemplate\":\"https:\/\/baportal.sk\/podnajom\/?s={search_term_string}\"},\"query-input\":\"required name=search_term_string\"}],\"inLanguage\":\"sk-SK\"},{\"@type\":\"Person\",\"@id\":\"https:\/\/baportal.sk\/podnajom\/#\/schema\/person\/1048c08c599b2e93379d6374549bd168\",\"name\":\"marek\",\"image\":{\"@type\":\"ImageObject\",\"inLanguage\":\"sk-SK\",\"@id\":\"https:\/\/baportal.sk\/podnajom\/#\/schema\/person\/image\/\",\"url\":\"https:\/\/secure.gravatar.com\/avatar\/cdf0fbd37411d455f1afd87f93b867f6?s=96&d=mm&r=g\",\"contentUrl\":\"https:\/\/secure.gravatar.com\/avatar\/cdf0fbd37411d455f1afd87f93b867f6?s=96&d=mm&r=g\",\"caption\":\"marek\"},\"sameAs\":[\"https:\/\/www.baportal.sk\/podnajom\"]}]}<\/script>\n<!-- \/ Yoast SEO plugin. -->","yoast_head_json":{"title":"Pren\u00e1jom: 3 izbov\u00fd tich\u00fd pr\u00edjemn\u00fd byt v projekte Vikt\u00f3ria, Ko\u0161ick\u00e1 ul. | Podn\u00e1jom - Baportal.sk - Bratislava","description":"Pon\u00fakame na pren\u00e1jom pr\u00edjemn\u00fd kompletne zariaden\u00fd tich\u00fd 3-izbov\u00fd byt v projekte Vikt\u00f3ria, Ko\u0161ick\u00e1 49, v \u0161ir\u0161om centre Bratislavy, \u010das\u0165 Ru\u017einov - Nivy.","robots":{"index":"index","follow":"follow","max-snippet":"max-snippet:-1","max-image-preview":"max-image-preview:large","max-video-preview":"max-video-preview:-1"},"canonical":"https:\/\/baportal.sk\/podnajom\/in\/29678\/","og_locale":"sk_SK","og_type":"article","og_title":"Pren\u00e1jom: 3 izbov\u00fd tich\u00fd pr\u00edjemn\u00fd byt v projekte Vikt\u00f3ria, Ko\u0161ick\u00e1 ul. | Podn\u00e1jom - Baportal.sk - Bratislava","og_description":"Pon\u00fakame na pren\u00e1jom pr\u00edjemn\u00fd kompletne zariaden\u00fd tich\u00fd 3-izbov\u00fd byt v projekte Vikt\u00f3ria, Ko\u0161ick\u00e1 49, v \u0161ir\u0161om centre Bratislavy, \u010das\u0165 Ru\u017einov - Nivy.","og_url":"https:\/\/baportal.sk\/podnajom\/in\/29678\/","og_site_name":"Podn\u00e1jom - Baportal.sk - Bratislava","article_published_time":"2022-02-09T20:24:09+00:00","og_image":[{"width":600,"height":315,"url":"https:\/\/baportal.sk\/podnajom\/wp-content\/uploads\/2022\/02\/Prenajom-3-izbovy-tichy-prijemny-byt-v-projekte-Viktoria-Kosicka.jpeg","type":"image\/jpeg"}],"author":"marek","twitter_card":"summary_large_image","twitter_misc":{"Autor":"marek","Predpokladan\u00fd \u010das \u010d\u00edtania":"3 min\u00faty"},"schema":{"@context":"https:\/\/schema.org","@graph":[{"@type":"WebPage","@id":"https:\/\/baportal.sk\/podnajom\/in\/29678\/","url":"https:\/\/baportal.sk\/podnajom\/in\/29678\/","name":"Pren\u00e1jom: 3 izbov\u00fd tich\u00fd pr\u00edjemn\u00fd byt v projekte Vikt\u00f3ria, Ko\u0161ick\u00e1 ul. | Podn\u00e1jom - Baportal.sk - Bratislava","isPartOf":{"@id":"https:\/\/baportal.sk\/podnajom\/#website"},"primaryImageOfPage":{"@id":"https:\/\/baportal.sk\/podnajom\/in\/29678\/#primaryimage"},"image":{"@id":"https:\/\/baportal.sk\/podnajom\/in\/29678\/#primaryimage"},"thumbnailUrl":"https:\/\/baportal.sk\/podnajom\/wp-content\/uploads\/2022\/02\/Prenajom-3-izbovy-tichy-prijemny-byt-v-projekte-Viktoria-Kosicka.jpeg","datePublished":"2022-02-09T20:24:09+00:00","dateModified":"2022-02-09T20:24:09+00:00","author":{"@id":"https:\/\/baportal.sk\/podnajom\/#\/schema\/person\/1048c08c599b2e93379d6374549bd168"},"description":"Pon\u00fakame na pren\u00e1jom pr\u00edjemn\u00fd kompletne zariaden\u00fd tich\u00fd 3-izbov\u00fd byt v projekte Vikt\u00f3ria, Ko\u0161ick\u00e1 49, v \u0161ir\u0161om centre Bratislavy, \u010das\u0165 Ru\u017einov - Nivy.","breadcrumb":{"@id":"https:\/\/baportal.sk\/podnajom\/in\/29678\/#breadcrumb"},"inLanguage":"sk-SK","potentialAction":[{"@type":"ReadAction","target":["https:\/\/baportal.sk\/podnajom\/in\/29678\/"]}]},{"@type":"ImageObject","inLanguage":"sk-SK","@id":"https:\/\/baportal.sk\/podnajom\/in\/29678\/#primaryimage","url":"https:\/\/baportal.sk\/podnajom\/wp-content\/uploads\/2022\/02\/Prenajom-3-izbovy-tichy-prijemny-byt-v-projekte-Viktoria-Kosicka.jpeg","contentUrl":"https:\/\/baportal.sk\/podnajom\/wp-content\/uploads\/2022\/02\/Prenajom-3-izbovy-tichy-prijemny-byt-v-projekte-Viktoria-Kosicka.jpeg","width":600,"height":315},{"@type":"BreadcrumbList","@id":"https:\/\/baportal.sk\/podnajom\/in\/29678\/#breadcrumb","itemListElement":[{"@type":"ListItem","position":1,"name":"Domovsk\u00e1 str\u00e1nka","item":"https:\/\/baportal.sk\/podnajom\/"},{"@type":"ListItem","position":2,"name":"Pren\u00e1jom: 3 izbov\u00fd tich\u00fd pr\u00edjemn\u00fd byt v projekte Vikt\u00f3ria, Ko\u0161ick\u00e1 ul."}]},{"@type":"WebSite","@id":"https:\/\/baportal.sk\/podnajom\/#website","url":"https:\/\/baportal.sk\/podnajom\/","name":"Podn\u00e1jom - Baportal.sk - Bratislava","description":"","potentialAction":[{"@type":"SearchAction","target":{"@type":"EntryPoint","urlTemplate":"https:\/\/baportal.sk\/podnajom\/?s={search_term_string}"},"query-input":"required name=search_term_string"}],"inLanguage":"sk-SK"},{"@type":"Person","@id":"https:\/\/baportal.sk\/podnajom\/#\/schema\/person\/1048c08c599b2e93379d6374549bd168","name":"marek","image":{"@type":"ImageObject","inLanguage":"sk-SK","@id":"https:\/\/baportal.sk\/podnajom\/#\/schema\/person\/image\/","url":"https:\/\/secure.gravatar.com\/avatar\/cdf0fbd37411d455f1afd87f93b867f6?s=96&d=mm&r=g","contentUrl":"https:\/\/secure.gravatar.com\/avatar\/cdf0fbd37411d455f1afd87f93b867f6?s=96&d=mm&r=g","caption":"marek"},"sameAs":["https:\/\/www.baportal.sk\/podnajom"]}]}},"_links":{"self":[{"href":"https:\/\/baportal.sk\/podnajom\/wp-json\/wp\/v2\/posts\/29678"}],"collection":[{"href":"https:\/\/baportal.sk\/podnajom\/wp-json\/wp\/v2\/posts"}],"about":[{"href":"https:\/\/baportal.sk\/podnajom\/wp-json\/wp\/v2\/types\/post"}],"author":[{"embeddable":true,"href":"https:\/\/baportal.sk\/podnajom\/wp-json\/wp\/v2\/users\/1"}],"replies":[{"embeddable":true,"href":"https:\/\/baportal.sk\/podnajom\/wp-json\/wp\/v2\/comments?post=29678"}],"version-history":[{"count":0,"href":"https:\/\/baportal.sk\/podnajom\/wp-json\/wp\/v2\/posts\/29678\/revisions"}],"wp:featuredmedia":[{"embeddable":true,"href":"https:\/\/baportal.sk\/podnajom\/wp-json\/wp\/v2\/media\/29679"}],"wp:attachment":[{"href":"https:\/\/baportal.sk\/podnajom\/wp-json\/wp\/v2\/media?parent=29678"}],"wp:term":[{"taxonomy":"category","embeddable":true,"href":"https:\/\/baportal.sk\/podnajom\/wp-json\/wp\/v2\/categories?post=29678"},{"taxonomy":"post_tag","embeddable":true,"href":"https:\/\/baportal.sk\/podnajom\/wp-json\/wp\/v2\/tags?post=29678"}],"curies":[{"name":"wp","href":"https:\/\/api.w.org\/{rel}","templated":true}]}}