{"id":29829,"date":"2022-02-11T21:18:05","date_gmt":"2022-02-11T20:18:05","guid":{"rendered":"https:\/\/baportal.sk\/podnajom\/in\/29829\/"},"modified":"2022-02-11T21:18:05","modified_gmt":"2022-02-11T20:18:05","slug":"priestranny-a-zariadeny-2izbovy-byt","status":"publish","type":"post","link":"https:\/\/baportal.sk\/podnajom\/in\/29829\/","title":{"rendered":"** Priestrann\u00fd a zariaden\u00fd 2izbov\u00fd byt **"},"content":{"rendered":"<div class=\"text-inner\">\n                                Pon\u00fakame V\u00e1m byt, ktor\u00fd sa prenaj\u00edma so zariaden\u00edm a spotrebi\u010dmi tak, ako vid\u00edte na fotografi\u00e1ch. <br \/>\nS n\u00e1jomcami od\u00eddu osobn\u00e9 veci, detsk\u00e1 postie\u013eka, koberec a telev\u00edzor. <\/p>\n<p>K bytu prisl\u00facha parkovacie st\u00e1tie v uzavretom dvore. <\/p>\n<p>Dispoz\u00edcia:<br \/>\n- vstupn\u00e1 chodba 4,8m2<br \/>\n- k\u00fape\u013e\u0148a so sprchovac\u00edm k\u00fatom a toaletou 5,35m2<br \/>\n- kuchynsk\u00fd k\u00fat spojen\u00fd s ob\u00fdva\u010dkou a jed\u00e1l\u0148ou 28,5m2<br \/>\n- priestrann\u00e1 sp\u00e1l\u0148a 25,34m2<br \/>\n- \u0161atn\u00edk\/pracov\u0148a 6,27m2<\/p>\n<p>Lokalita:<br \/>\nVyh\u013ead\u00e1van\u00e1 lokalita s kompletnou ob\u010dianskou vybavenos\u0165ou pon\u00faka v\u00fdborn\u00fa dopravn\u00fa dostupnos\u0165 . V pe\u0161ej dostupnosti sa nach\u00e1dza \u0160trkoveck\u00e9 jazero, are\u00e1l Kuchajda, n\u00e1kupn\u00e1 vybavenos\u0165 \u2013 potraviny Yeme, Freshmarket, Kaufland. <br \/>\nN\u00e1kupn\u00e9 centr\u00e1 Vivo a Avion\/Ikea (do 10 min\u00fat MHD\/autom).<\/p>\n<p>Cena:<br \/>\nCena mesa\u010dn\u00e9ho n\u00e1jmu s gar\u00e1\u017eov\u00fdm parkovac\u00edm miestom: 800EUR vr\u00e1tane parkovacieho st\u00e1tia a energi\u00ed<br \/>\n(650EUR n\u00e1jom bytu a parkovacieho st\u00e1tia, 150 EUR energie). <br \/>\nPri podpise zmluvy sa plat\u00ed jeden mesa\u010dn\u00fd n\u00e1jom, depozi\u0165 a prov\u00edzia vo v\u00fd\u0161ke mesa\u010dn\u00e9ho n\u00e1jmu. <\/p>\n<p>Byt je vhodn\u00fd pre p\u00e1r, pr\u00edpadne s jedn\u00fdm die\u0165a\u0165om, nefaj\u010diarov a bez zvierat.<\/p>\n<p>Vo\u013en\u00fd od 1.4.2022, obhliadky s\u00fa mo\u017en\u00e9 kedyko\u013evek.                             <\/p><\/div>\n","protected":false},"excerpt":{"rendered":"<p>Pon\u00fakame V\u00e1m byt, ktor\u00fd sa prenaj\u00edma so zariaden\u00edm a spotrebi\u010dmi tak, ako vid\u00edte na fotografi\u00e1ch. S n\u00e1jomcami od\u00eddu osobn\u00e9 veci, detsk\u00e1 postie\u013eka, koberec a telev\u00edzor. K bytu prisl\u00facha parkovacie st\u00e1tie v uzavretom dvore. Dispoz\u00edcia: - vstupn\u00e1 chodba 4,8m2 - k\u00fape\u013e\u0148a so sprchovac\u00edm k\u00fatom a toaletou 5,35m2 - kuchynsk\u00fd k\u00fat spojen\u00fd s ob\u00fdva\u010dkou a jed\u00e1l\u0148ou 28,5m2 [&hellip;]<\/p>\n","protected":false},"author":1,"featured_media":29830,"comment_status":"open","ping_status":"open","sticky":false,"template":"","format":"standard","meta":{"footnotes":""},"categories":[4],"tags":[],"class_list":["post-29829","post","type-post","status-publish","format-standard","has-post-thumbnail","hentry","category-prenajom-bytu"],"yoast_head":"<!-- This site is optimized with the Yoast SEO plugin v23.1 - https:\/\/yoast.com\/wordpress\/plugins\/seo\/ -->\n<title>** Priestrann\u00fd a zariaden\u00fd 2izbov\u00fd byt ** | Podn\u00e1jom - Baportal.sk - Bratislava<\/title>\n<meta name=\"description\" content=\"Pon\u00fakame V\u00e1m byt, ktor\u00fd sa prenaj\u00edma so zariaden\u00edm a spotrebi\u010dmi tak, ako vid\u00edte na fotografi\u00e1ch. S n\u00e1jomcami od\u00eddu osobn\u00e9 veci, detsk\u00e1 postie\u013eka, koberec\" \/>\n<meta name=\"robots\" content=\"index, follow, max-snippet:-1, max-image-preview:large, max-video-preview:-1\" \/>\n<link rel=\"canonical\" href=\"https:\/\/baportal.sk\/podnajom\/in\/29829\/\" \/>\n<meta property=\"og:locale\" content=\"sk_SK\" \/>\n<meta property=\"og:type\" content=\"article\" \/>\n<meta property=\"og:title\" content=\"** Priestrann\u00fd a zariaden\u00fd 2izbov\u00fd byt ** | Podn\u00e1jom - Baportal.sk - Bratislava\" \/>\n<meta property=\"og:description\" content=\"Pon\u00fakame V\u00e1m byt, ktor\u00fd sa prenaj\u00edma so zariaden\u00edm a spotrebi\u010dmi tak, ako vid\u00edte na fotografi\u00e1ch. S n\u00e1jomcami od\u00eddu osobn\u00e9 veci, detsk\u00e1 postie\u013eka, koberec\" \/>\n<meta property=\"og:url\" content=\"https:\/\/baportal.sk\/podnajom\/in\/29829\/\" \/>\n<meta property=\"og:site_name\" content=\"Podn\u00e1jom - Baportal.sk - Bratislava\" \/>\n<meta property=\"article:published_time\" content=\"2022-02-11T20:18:05+00:00\" \/>\n<meta property=\"og:image\" content=\"https:\/\/baportal.sk\/podnajom\/wp-content\/uploads\/2022\/02\/Priestranny-a-zariadeny-2izbovy-byt.jpeg\" \/>\n\t<meta property=\"og:image:width\" content=\"600\" \/>\n\t<meta property=\"og:image:height\" content=\"315\" \/>\n\t<meta property=\"og:image:type\" content=\"image\/jpeg\" \/>\n<meta name=\"author\" content=\"marek\" \/>\n<meta name=\"twitter:card\" content=\"summary_large_image\" \/>\n<meta name=\"twitter:label1\" content=\"Autor\" \/>\n\t<meta name=\"twitter:data1\" content=\"marek\" \/>\n\t<meta name=\"twitter:label2\" content=\"Predpokladan\u00fd \u010das \u010d\u00edtania\" \/>\n\t<meta name=\"twitter:data2\" content=\"1 min\u00fata\" \/>\n<script type=\"application\/ld+json\" class=\"yoast-schema-graph\">{\"@context\":\"https:\/\/schema.org\",\"@graph\":[{\"@type\":\"WebPage\",\"@id\":\"https:\/\/baportal.sk\/podnajom\/in\/29829\/\",\"url\":\"https:\/\/baportal.sk\/podnajom\/in\/29829\/\",\"name\":\"** Priestrann\u00fd a zariaden\u00fd 2izbov\u00fd byt ** | Podn\u00e1jom - Baportal.sk - Bratislava\",\"isPartOf\":{\"@id\":\"https:\/\/baportal.sk\/podnajom\/#website\"},\"primaryImageOfPage\":{\"@id\":\"https:\/\/baportal.sk\/podnajom\/in\/29829\/#primaryimage\"},\"image\":{\"@id\":\"https:\/\/baportal.sk\/podnajom\/in\/29829\/#primaryimage\"},\"thumbnailUrl\":\"https:\/\/baportal.sk\/podnajom\/wp-content\/uploads\/2022\/02\/Priestranny-a-zariadeny-2izbovy-byt.jpeg\",\"datePublished\":\"2022-02-11T20:18:05+00:00\",\"dateModified\":\"2022-02-11T20:18:05+00:00\",\"author\":{\"@id\":\"https:\/\/baportal.sk\/podnajom\/#\/schema\/person\/1048c08c599b2e93379d6374549bd168\"},\"description\":\"Pon\u00fakame V\u00e1m byt, ktor\u00fd sa prenaj\u00edma so zariaden\u00edm a spotrebi\u010dmi tak, ako vid\u00edte na fotografi\u00e1ch. S n\u00e1jomcami od\u00eddu osobn\u00e9 veci, detsk\u00e1 postie\u013eka, koberec\",\"breadcrumb\":{\"@id\":\"https:\/\/baportal.sk\/podnajom\/in\/29829\/#breadcrumb\"},\"inLanguage\":\"sk-SK\",\"potentialAction\":[{\"@type\":\"ReadAction\",\"target\":[\"https:\/\/baportal.sk\/podnajom\/in\/29829\/\"]}]},{\"@type\":\"ImageObject\",\"inLanguage\":\"sk-SK\",\"@id\":\"https:\/\/baportal.sk\/podnajom\/in\/29829\/#primaryimage\",\"url\":\"https:\/\/baportal.sk\/podnajom\/wp-content\/uploads\/2022\/02\/Priestranny-a-zariadeny-2izbovy-byt.jpeg\",\"contentUrl\":\"https:\/\/baportal.sk\/podnajom\/wp-content\/uploads\/2022\/02\/Priestranny-a-zariadeny-2izbovy-byt.jpeg\",\"width\":600,\"height\":315},{\"@type\":\"BreadcrumbList\",\"@id\":\"https:\/\/baportal.sk\/podnajom\/in\/29829\/#breadcrumb\",\"itemListElement\":[{\"@type\":\"ListItem\",\"position\":1,\"name\":\"Domovsk\u00e1 str\u00e1nka\",\"item\":\"https:\/\/baportal.sk\/podnajom\/\"},{\"@type\":\"ListItem\",\"position\":2,\"name\":\"** Priestrann\u00fd a zariaden\u00fd 2izbov\u00fd byt **\"}]},{\"@type\":\"WebSite\",\"@id\":\"https:\/\/baportal.sk\/podnajom\/#website\",\"url\":\"https:\/\/baportal.sk\/podnajom\/\",\"name\":\"Podn\u00e1jom - Baportal.sk - Bratislava\",\"description\":\"\",\"potentialAction\":[{\"@type\":\"SearchAction\",\"target\":{\"@type\":\"EntryPoint\",\"urlTemplate\":\"https:\/\/baportal.sk\/podnajom\/?s={search_term_string}\"},\"query-input\":\"required name=search_term_string\"}],\"inLanguage\":\"sk-SK\"},{\"@type\":\"Person\",\"@id\":\"https:\/\/baportal.sk\/podnajom\/#\/schema\/person\/1048c08c599b2e93379d6374549bd168\",\"name\":\"marek\",\"image\":{\"@type\":\"ImageObject\",\"inLanguage\":\"sk-SK\",\"@id\":\"https:\/\/baportal.sk\/podnajom\/#\/schema\/person\/image\/\",\"url\":\"https:\/\/secure.gravatar.com\/avatar\/cdf0fbd37411d455f1afd87f93b867f6?s=96&d=mm&r=g\",\"contentUrl\":\"https:\/\/secure.gravatar.com\/avatar\/cdf0fbd37411d455f1afd87f93b867f6?s=96&d=mm&r=g\",\"caption\":\"marek\"},\"sameAs\":[\"https:\/\/www.baportal.sk\/podnajom\"]}]}<\/script>\n<!-- \/ Yoast SEO plugin. -->","yoast_head_json":{"title":"** Priestrann\u00fd a zariaden\u00fd 2izbov\u00fd byt ** | Podn\u00e1jom - Baportal.sk - Bratislava","description":"Pon\u00fakame V\u00e1m byt, ktor\u00fd sa prenaj\u00edma so zariaden\u00edm a spotrebi\u010dmi tak, ako vid\u00edte na fotografi\u00e1ch. S n\u00e1jomcami od\u00eddu osobn\u00e9 veci, detsk\u00e1 postie\u013eka, koberec","robots":{"index":"index","follow":"follow","max-snippet":"max-snippet:-1","max-image-preview":"max-image-preview:large","max-video-preview":"max-video-preview:-1"},"canonical":"https:\/\/baportal.sk\/podnajom\/in\/29829\/","og_locale":"sk_SK","og_type":"article","og_title":"** Priestrann\u00fd a zariaden\u00fd 2izbov\u00fd byt ** | Podn\u00e1jom - Baportal.sk - Bratislava","og_description":"Pon\u00fakame V\u00e1m byt, ktor\u00fd sa prenaj\u00edma so zariaden\u00edm a spotrebi\u010dmi tak, ako vid\u00edte na fotografi\u00e1ch. S n\u00e1jomcami od\u00eddu osobn\u00e9 veci, detsk\u00e1 postie\u013eka, koberec","og_url":"https:\/\/baportal.sk\/podnajom\/in\/29829\/","og_site_name":"Podn\u00e1jom - Baportal.sk - Bratislava","article_published_time":"2022-02-11T20:18:05+00:00","og_image":[{"width":600,"height":315,"url":"https:\/\/baportal.sk\/podnajom\/wp-content\/uploads\/2022\/02\/Priestranny-a-zariadeny-2izbovy-byt.jpeg","type":"image\/jpeg"}],"author":"marek","twitter_card":"summary_large_image","twitter_misc":{"Autor":"marek","Predpokladan\u00fd \u010das \u010d\u00edtania":"1 min\u00fata"},"schema":{"@context":"https:\/\/schema.org","@graph":[{"@type":"WebPage","@id":"https:\/\/baportal.sk\/podnajom\/in\/29829\/","url":"https:\/\/baportal.sk\/podnajom\/in\/29829\/","name":"** Priestrann\u00fd a zariaden\u00fd 2izbov\u00fd byt ** | Podn\u00e1jom - Baportal.sk - Bratislava","isPartOf":{"@id":"https:\/\/baportal.sk\/podnajom\/#website"},"primaryImageOfPage":{"@id":"https:\/\/baportal.sk\/podnajom\/in\/29829\/#primaryimage"},"image":{"@id":"https:\/\/baportal.sk\/podnajom\/in\/29829\/#primaryimage"},"thumbnailUrl":"https:\/\/baportal.sk\/podnajom\/wp-content\/uploads\/2022\/02\/Priestranny-a-zariadeny-2izbovy-byt.jpeg","datePublished":"2022-02-11T20:18:05+00:00","dateModified":"2022-02-11T20:18:05+00:00","author":{"@id":"https:\/\/baportal.sk\/podnajom\/#\/schema\/person\/1048c08c599b2e93379d6374549bd168"},"description":"Pon\u00fakame V\u00e1m byt, ktor\u00fd sa prenaj\u00edma so zariaden\u00edm a spotrebi\u010dmi tak, ako vid\u00edte na fotografi\u00e1ch. S n\u00e1jomcami od\u00eddu osobn\u00e9 veci, detsk\u00e1 postie\u013eka, koberec","breadcrumb":{"@id":"https:\/\/baportal.sk\/podnajom\/in\/29829\/#breadcrumb"},"inLanguage":"sk-SK","potentialAction":[{"@type":"ReadAction","target":["https:\/\/baportal.sk\/podnajom\/in\/29829\/"]}]},{"@type":"ImageObject","inLanguage":"sk-SK","@id":"https:\/\/baportal.sk\/podnajom\/in\/29829\/#primaryimage","url":"https:\/\/baportal.sk\/podnajom\/wp-content\/uploads\/2022\/02\/Priestranny-a-zariadeny-2izbovy-byt.jpeg","contentUrl":"https:\/\/baportal.sk\/podnajom\/wp-content\/uploads\/2022\/02\/Priestranny-a-zariadeny-2izbovy-byt.jpeg","width":600,"height":315},{"@type":"BreadcrumbList","@id":"https:\/\/baportal.sk\/podnajom\/in\/29829\/#breadcrumb","itemListElement":[{"@type":"ListItem","position":1,"name":"Domovsk\u00e1 str\u00e1nka","item":"https:\/\/baportal.sk\/podnajom\/"},{"@type":"ListItem","position":2,"name":"** Priestrann\u00fd a zariaden\u00fd 2izbov\u00fd byt **"}]},{"@type":"WebSite","@id":"https:\/\/baportal.sk\/podnajom\/#website","url":"https:\/\/baportal.sk\/podnajom\/","name":"Podn\u00e1jom - Baportal.sk - Bratislava","description":"","potentialAction":[{"@type":"SearchAction","target":{"@type":"EntryPoint","urlTemplate":"https:\/\/baportal.sk\/podnajom\/?s={search_term_string}"},"query-input":"required name=search_term_string"}],"inLanguage":"sk-SK"},{"@type":"Person","@id":"https:\/\/baportal.sk\/podnajom\/#\/schema\/person\/1048c08c599b2e93379d6374549bd168","name":"marek","image":{"@type":"ImageObject","inLanguage":"sk-SK","@id":"https:\/\/baportal.sk\/podnajom\/#\/schema\/person\/image\/","url":"https:\/\/secure.gravatar.com\/avatar\/cdf0fbd37411d455f1afd87f93b867f6?s=96&d=mm&r=g","contentUrl":"https:\/\/secure.gravatar.com\/avatar\/cdf0fbd37411d455f1afd87f93b867f6?s=96&d=mm&r=g","caption":"marek"},"sameAs":["https:\/\/www.baportal.sk\/podnajom"]}]}},"_links":{"self":[{"href":"https:\/\/baportal.sk\/podnajom\/wp-json\/wp\/v2\/posts\/29829"}],"collection":[{"href":"https:\/\/baportal.sk\/podnajom\/wp-json\/wp\/v2\/posts"}],"about":[{"href":"https:\/\/baportal.sk\/podnajom\/wp-json\/wp\/v2\/types\/post"}],"author":[{"embeddable":true,"href":"https:\/\/baportal.sk\/podnajom\/wp-json\/wp\/v2\/users\/1"}],"replies":[{"embeddable":true,"href":"https:\/\/baportal.sk\/podnajom\/wp-json\/wp\/v2\/comments?post=29829"}],"version-history":[{"count":0,"href":"https:\/\/baportal.sk\/podnajom\/wp-json\/wp\/v2\/posts\/29829\/revisions"}],"wp:featuredmedia":[{"embeddable":true,"href":"https:\/\/baportal.sk\/podnajom\/wp-json\/wp\/v2\/media\/29830"}],"wp:attachment":[{"href":"https:\/\/baportal.sk\/podnajom\/wp-json\/wp\/v2\/media?parent=29829"}],"wp:term":[{"taxonomy":"category","embeddable":true,"href":"https:\/\/baportal.sk\/podnajom\/wp-json\/wp\/v2\/categories?post=29829"},{"taxonomy":"post_tag","embeddable":true,"href":"https:\/\/baportal.sk\/podnajom\/wp-json\/wp\/v2\/tags?post=29829"}],"curies":[{"name":"wp","href":"https:\/\/api.w.org\/{rel}","templated":true}]}}