{"id":30459,"date":"2022-02-21T18:45:36","date_gmt":"2022-02-21T17:45:36","guid":{"rendered":"https:\/\/baportal.sk\/podnajom\/in\/30459\/"},"modified":"2022-02-21T18:45:36","modified_gmt":"2022-02-21T17:45:36","slug":"krasny-3-izbovy-byt-na-prenajom-v-centre-mesta-manderlak-komplet-zariadeny-balkon-klimatizacia","status":"publish","type":"post","link":"https:\/\/baportal.sk\/podnajom\/in\/30459\/","title":{"rendered":"Kr\u00e1sny 3 izbov\u00fd byt na PREN\u00c1JOM v centre mesta &#039;&#039;Manderl\u00e1k&#039;&#039; komplet zariaden\u00fd, balk\u00f3n, klimatiz\u00e1cia"},"content":{"rendered":"<div class=\"text-inner\">\n                                Exkluz\u00edvne v PASS REALITY v\u00e1m predstavujem PREN\u00c1JOM ve\u013ekometr\u00e1\u017eneho  3-izbov\u00e9ho bytu v srdci centra Star\u00e9ho Mesta pri Kamennom n\u00e1mest\u00ed v \u013eudovo naz\u00fdvanom obytnom dome \u201eManderl\u00e1k\u201c. M\u00e1te jedine\u010dn\u00fa pr\u00edle\u017eitos\u0165 b\u00fdva\u0165 v obytnom dome, ktor\u00fd bol pri v\u00fdstavbe ozna\u010dovan\u00fd za prv\u00fd bratislavsk\u00fd mrakodrap a v tej dobe patril k prvej ob\u00fdvate\u013enej v\u00fd\u0161kovej budove na Slovensku.  Ak h\u013ead\u00e1te pokojn\u00e9, modern\u00e9 b\u00fdvanie s okam\u017eitou dostupnos\u0165ou na jeden krok do historick\u00e9ho centra hlavn\u00e9ho mesta ur\u010dite budete na spr\u00e1vnej a vyh\u013ead\u00e1vanej adrese. <\/p>\n<p>LOKALITA:  <br \/>\nV\u00fdznamn\u00fdm benefitom je okam\u017eit\u00e1 dostupnos\u0165 do centra mesta, bezpe\u010dnos\u0165 a vysok\u00fd komfort b\u00fdvania. V bl\u00edzkosti je kompletn\u00e1 ob\u010dianska vybavenos\u0165: Obchodn\u00e9 centrum PRIOR, LIDL, mestsk\u00e9 trhovisko Star\u00e1 tr\u017enica, rozmanit\u00e9 re\u0161taur\u00e1cie, pr\u00edjemn\u00e9 kaviarne, vinot\u00e9ky, Univerzitn\u00e1 nemocnica Milosrdn\u00ed Bratia, \u0161koly, \u0161k\u00f4lky, divadl\u00e1 ...V\u00fdborn\u00e9 je aj dopravn\u00e9 napojenie kde hne\u010f pred domom s\u00fa z\u00e1stavky elektri\u010diek na ka\u017ed\u00fd smer. <\/p>\n<p>BYT: <br \/>\n3-izbov\u00fd byt s pr\u00edjemn\u00fdm balk\u00f3nom na vonkaj\u0161ie posedenie o celkovej v\u00fdmere 125 m2 prekvap\u00ed praktick\u00fdm ve\u013ekorys\u00fdm dispozi\u010dn\u00fdm rie\u0161en\u00edm a o\u010daruj\u00facou atmosf\u00e9rou. Nach\u00e1dza sa na 5.\/10 poschod\u00ed a m\u00e1 k dispoz\u00edcii dva modern\u00e9 v\u00fd\u0165ahy. Kr\u00e1sny v\u00fdh\u013ead na k\u013e\u00fa\u010dov\u00e9 dominanty Bratislavy umoc\u0148uje atmosf\u00e9ru b\u00fdvania. <\/p>\n<p>DISPOZ\u00cdCIA:<br \/>\nPo vstupe do bytu sa nach\u00e1dza priestrann\u00e1 vstupn\u00e1 chodba s dostato\u010dn\u00fdm \u00falo\u017en\u00fdm priestorom vo ve\u013ek\u00fdch \u0161atn\u00edkov\u00fdch skriniach. Po \u013eavej strane sa nach\u00e1dza samostatn\u00e9 WC s um\u00fdvadlom a \u010falej cez ve\u013ek\u00e9 dvojkr\u00eddlov\u00e9 dvere samostatn\u00e1 modern\u00e1 kuchy\u0148a s barov\u00fdm pultom, ktor\u00e1 je kompletne vybaven\u00e1 a zariaden\u00e1 (um\u00fdva\u010dka riadu, sklokeramick\u00e1 varn\u00e1 doska, digestor, chladni\u010dka s mrazni\u010dkou, teplovzdu\u0161n\u00e1 elektrick\u00e1 r\u00fara, hriankova\u010d, r\u00fdchlo varn\u00e1 kanvica...). Pri kuchyni sa nach\u00e1dza vetrate\u013en\u00e1 komora s plynov\u00fdm kotlom na individu\u00e1lnu regul\u00e1ciu tepla a pr\u00edpravu teplej \u00fa\u017eitkovej vody. Z kuchyne aj chodby sa vstupuje do priestrannej ob\u00fdvacej izby s v\u00fdstupom na zasklenen\u00fd balk\u00f3n. Ob\u00fdvacia izba je kompletne zariaden\u00e1: jed\u00e1lensk\u00e9 sedenia, gau\u010d, 2 x kreslo, konferen\u010dn\u00fd stol\u00edk, skrinky, telev\u00edzor SAMSUNG, mini hifi syst\u00e9m, klimatiz\u00e1cia v pr\u00edpade ve\u013emi hor\u00faceho leta. Z ob\u00fdvacej izby sa vstupuje do dvoch priestrann\u00fdch, samostatn\u00fdch a kompletne zariaden\u00fdch sp\u00e1ln\u00ed s klimatiz\u00e1ciou. Obe sp\u00e1lne maj\u00fa pr\u00edstup do ve\u013ekej k\u00fape\u013ene (sprchov\u00fd k\u00fat, va\u0148a, bidet, automatick\u00e1 pr\u00e1\u010dka)<br \/>\nByt je kompletne a plnohodnotne zariaden\u00fd, pripraven\u00fd k okam\u017eit\u00e9mu pohodln\u00e9mu u\u017e\u00edvaniu \u2013 sta\u010d\u00ed si prinies\u0165 osobn\u00e9 veci a mesto m\u00e1te ako na dlani.<\/p>\n<p>CENA: <br \/>\n1.000,- EUR\/mesiac (800+200)\u20ac <\/p>\n<p>V pr\u00edpade ak\u00fdchko\u013evek inform\u00e1ci\u00ed alebo z\u00e1ujmu o obhliadku ma nev\u00e1hajte kontaktova\u0165:<br \/>\nIng. Petra Orda-Oravcov\u00e1 0904\/505 360, petra.oravcova@pass.sk<\/p>\n<p>PASS Reality \u2013 reality, ktor\u00e9 V\u00e1m passuj\u00fa !                            <\/p><\/div>\n","protected":false},"excerpt":{"rendered":"<p>Exkluz\u00edvne v PASS REALITY v\u00e1m predstavujem PREN\u00c1JOM ve\u013ekometr\u00e1\u017eneho 3-izbov\u00e9ho bytu v srdci centra Star\u00e9ho Mesta pri Kamennom n\u00e1mest\u00ed v \u013eudovo naz\u00fdvanom obytnom dome \u201eManderl\u00e1k\u201c. M\u00e1te jedine\u010dn\u00fa pr\u00edle\u017eitos\u0165 b\u00fdva\u0165 v obytnom dome, ktor\u00fd bol pri v\u00fdstavbe ozna\u010dovan\u00fd za prv\u00fd bratislavsk\u00fd mrakodrap a v tej dobe patril k prvej ob\u00fdvate\u013enej v\u00fd\u0161kovej budove na Slovensku. Ak h\u013ead\u00e1te pokojn\u00e9, [&hellip;]<\/p>\n","protected":false},"author":1,"featured_media":30460,"comment_status":"open","ping_status":"open","sticky":false,"template":"","format":"standard","meta":{"footnotes":""},"categories":[4],"tags":[],"class_list":["post-30459","post","type-post","status-publish","format-standard","has-post-thumbnail","hentry","category-prenajom-bytu"],"yoast_head":"<!-- This site is optimized with the Yoast SEO plugin v23.1 - https:\/\/yoast.com\/wordpress\/plugins\/seo\/ -->\n<title>Kr\u00e1sny 3 izbov\u00fd byt na PREN\u00c1JOM v centre mesta &#039;&#039;Manderl\u00e1k&#039;&#039; komplet zariaden\u00fd, balk\u00f3n, klimatiz\u00e1cia | Podn\u00e1jom - Baportal.sk - Bratislava<\/title>\n<meta name=\"description\" content=\"Exkluz\u00edvne v PASS REALITY v\u00e1m predstavujem PREN\u00c1JOM ve\u013ekometr\u00e1\u017eneho 3-izbov\u00e9ho bytu v srdci centra Star\u00e9ho Mesta pri Kamennom n\u00e1mest\u00ed v \u013eudovo naz\u00fdvanom\" \/>\n<meta name=\"robots\" content=\"index, follow, max-snippet:-1, max-image-preview:large, max-video-preview:-1\" \/>\n<link rel=\"canonical\" href=\"https:\/\/baportal.sk\/podnajom\/in\/30459\/\" \/>\n<meta property=\"og:locale\" content=\"sk_SK\" \/>\n<meta property=\"og:type\" content=\"article\" \/>\n<meta property=\"og:title\" content=\"Kr\u00e1sny 3 izbov\u00fd byt na PREN\u00c1JOM v centre mesta &#039;&#039;Manderl\u00e1k&#039;&#039; komplet zariaden\u00fd, balk\u00f3n, klimatiz\u00e1cia | Podn\u00e1jom - Baportal.sk - Bratislava\" \/>\n<meta property=\"og:description\" content=\"Exkluz\u00edvne v PASS REALITY v\u00e1m predstavujem PREN\u00c1JOM ve\u013ekometr\u00e1\u017eneho 3-izbov\u00e9ho bytu v srdci centra Star\u00e9ho Mesta pri Kamennom n\u00e1mest\u00ed v \u013eudovo naz\u00fdvanom\" \/>\n<meta property=\"og:url\" content=\"https:\/\/baportal.sk\/podnajom\/in\/30459\/\" \/>\n<meta property=\"og:site_name\" content=\"Podn\u00e1jom - Baportal.sk - Bratislava\" \/>\n<meta property=\"article:published_time\" content=\"2022-02-21T17:45:36+00:00\" \/>\n<meta property=\"og:image\" content=\"https:\/\/baportal.sk\/podnajom\/wp-content\/uploads\/2022\/02\/Krasny-3-izbovy-byt-na-PRENAJOM-v-centre-mesta-039039Manderlak039039.jpeg\" \/>\n\t<meta property=\"og:image:width\" content=\"600\" \/>\n\t<meta property=\"og:image:height\" content=\"315\" \/>\n\t<meta property=\"og:image:type\" content=\"image\/jpeg\" \/>\n<meta name=\"author\" content=\"marek\" \/>\n<meta name=\"twitter:card\" content=\"summary_large_image\" \/>\n<meta name=\"twitter:label1\" content=\"Autor\" \/>\n\t<meta name=\"twitter:data1\" content=\"marek\" \/>\n\t<meta name=\"twitter:label2\" content=\"Predpokladan\u00fd \u010das \u010d\u00edtania\" \/>\n\t<meta name=\"twitter:data2\" content=\"3 min\u00faty\" \/>\n<script type=\"application\/ld+json\" class=\"yoast-schema-graph\">{\"@context\":\"https:\/\/schema.org\",\"@graph\":[{\"@type\":\"WebPage\",\"@id\":\"https:\/\/baportal.sk\/podnajom\/in\/30459\/\",\"url\":\"https:\/\/baportal.sk\/podnajom\/in\/30459\/\",\"name\":\"Kr\u00e1sny 3 izbov\u00fd byt na PREN\u00c1JOM v centre mesta &#039;&#039;Manderl\u00e1k&#039;&#039; komplet zariaden\u00fd, balk\u00f3n, klimatiz\u00e1cia | Podn\u00e1jom - Baportal.sk - Bratislava\",\"isPartOf\":{\"@id\":\"https:\/\/baportal.sk\/podnajom\/#website\"},\"primaryImageOfPage\":{\"@id\":\"https:\/\/baportal.sk\/podnajom\/in\/30459\/#primaryimage\"},\"image\":{\"@id\":\"https:\/\/baportal.sk\/podnajom\/in\/30459\/#primaryimage\"},\"thumbnailUrl\":\"https:\/\/baportal.sk\/podnajom\/wp-content\/uploads\/2022\/02\/Krasny-3-izbovy-byt-na-PRENAJOM-v-centre-mesta-039039Manderlak039039.jpeg\",\"datePublished\":\"2022-02-21T17:45:36+00:00\",\"dateModified\":\"2022-02-21T17:45:36+00:00\",\"author\":{\"@id\":\"https:\/\/baportal.sk\/podnajom\/#\/schema\/person\/1048c08c599b2e93379d6374549bd168\"},\"description\":\"Exkluz\u00edvne v PASS REALITY v\u00e1m predstavujem PREN\u00c1JOM ve\u013ekometr\u00e1\u017eneho 3-izbov\u00e9ho bytu v srdci centra Star\u00e9ho Mesta pri Kamennom n\u00e1mest\u00ed v \u013eudovo naz\u00fdvanom\",\"breadcrumb\":{\"@id\":\"https:\/\/baportal.sk\/podnajom\/in\/30459\/#breadcrumb\"},\"inLanguage\":\"sk-SK\",\"potentialAction\":[{\"@type\":\"ReadAction\",\"target\":[\"https:\/\/baportal.sk\/podnajom\/in\/30459\/\"]}]},{\"@type\":\"ImageObject\",\"inLanguage\":\"sk-SK\",\"@id\":\"https:\/\/baportal.sk\/podnajom\/in\/30459\/#primaryimage\",\"url\":\"https:\/\/baportal.sk\/podnajom\/wp-content\/uploads\/2022\/02\/Krasny-3-izbovy-byt-na-PRENAJOM-v-centre-mesta-039039Manderlak039039.jpeg\",\"contentUrl\":\"https:\/\/baportal.sk\/podnajom\/wp-content\/uploads\/2022\/02\/Krasny-3-izbovy-byt-na-PRENAJOM-v-centre-mesta-039039Manderlak039039.jpeg\",\"width\":600,\"height\":315},{\"@type\":\"BreadcrumbList\",\"@id\":\"https:\/\/baportal.sk\/podnajom\/in\/30459\/#breadcrumb\",\"itemListElement\":[{\"@type\":\"ListItem\",\"position\":1,\"name\":\"Domovsk\u00e1 str\u00e1nka\",\"item\":\"https:\/\/baportal.sk\/podnajom\/\"},{\"@type\":\"ListItem\",\"position\":2,\"name\":\"Kr\u00e1sny 3 izbov\u00fd byt na PREN\u00c1JOM v centre mesta &#039;&#039;Manderl\u00e1k&#039;&#039; komplet zariaden\u00fd, balk\u00f3n, klimatiz\u00e1cia\"}]},{\"@type\":\"WebSite\",\"@id\":\"https:\/\/baportal.sk\/podnajom\/#website\",\"url\":\"https:\/\/baportal.sk\/podnajom\/\",\"name\":\"Podn\u00e1jom - Baportal.sk - Bratislava\",\"description\":\"\",\"potentialAction\":[{\"@type\":\"SearchAction\",\"target\":{\"@type\":\"EntryPoint\",\"urlTemplate\":\"https:\/\/baportal.sk\/podnajom\/?s={search_term_string}\"},\"query-input\":\"required name=search_term_string\"}],\"inLanguage\":\"sk-SK\"},{\"@type\":\"Person\",\"@id\":\"https:\/\/baportal.sk\/podnajom\/#\/schema\/person\/1048c08c599b2e93379d6374549bd168\",\"name\":\"marek\",\"image\":{\"@type\":\"ImageObject\",\"inLanguage\":\"sk-SK\",\"@id\":\"https:\/\/baportal.sk\/podnajom\/#\/schema\/person\/image\/\",\"url\":\"https:\/\/secure.gravatar.com\/avatar\/cdf0fbd37411d455f1afd87f93b867f6?s=96&d=mm&r=g\",\"contentUrl\":\"https:\/\/secure.gravatar.com\/avatar\/cdf0fbd37411d455f1afd87f93b867f6?s=96&d=mm&r=g\",\"caption\":\"marek\"},\"sameAs\":[\"https:\/\/www.baportal.sk\/podnajom\"]}]}<\/script>\n<!-- \/ Yoast SEO plugin. -->","yoast_head_json":{"title":"Kr\u00e1sny 3 izbov\u00fd byt na PREN\u00c1JOM v centre mesta &#039;&#039;Manderl\u00e1k&#039;&#039; komplet zariaden\u00fd, balk\u00f3n, klimatiz\u00e1cia | Podn\u00e1jom - Baportal.sk - Bratislava","description":"Exkluz\u00edvne v PASS REALITY v\u00e1m predstavujem PREN\u00c1JOM ve\u013ekometr\u00e1\u017eneho 3-izbov\u00e9ho bytu v srdci centra Star\u00e9ho Mesta pri Kamennom n\u00e1mest\u00ed v \u013eudovo naz\u00fdvanom","robots":{"index":"index","follow":"follow","max-snippet":"max-snippet:-1","max-image-preview":"max-image-preview:large","max-video-preview":"max-video-preview:-1"},"canonical":"https:\/\/baportal.sk\/podnajom\/in\/30459\/","og_locale":"sk_SK","og_type":"article","og_title":"Kr\u00e1sny 3 izbov\u00fd byt na PREN\u00c1JOM v centre mesta &#039;&#039;Manderl\u00e1k&#039;&#039; komplet zariaden\u00fd, balk\u00f3n, klimatiz\u00e1cia | Podn\u00e1jom - Baportal.sk - Bratislava","og_description":"Exkluz\u00edvne v PASS REALITY v\u00e1m predstavujem PREN\u00c1JOM ve\u013ekometr\u00e1\u017eneho 3-izbov\u00e9ho bytu v srdci centra Star\u00e9ho Mesta pri Kamennom n\u00e1mest\u00ed v \u013eudovo naz\u00fdvanom","og_url":"https:\/\/baportal.sk\/podnajom\/in\/30459\/","og_site_name":"Podn\u00e1jom - Baportal.sk - Bratislava","article_published_time":"2022-02-21T17:45:36+00:00","og_image":[{"width":600,"height":315,"url":"https:\/\/baportal.sk\/podnajom\/wp-content\/uploads\/2022\/02\/Krasny-3-izbovy-byt-na-PRENAJOM-v-centre-mesta-039039Manderlak039039.jpeg","type":"image\/jpeg"}],"author":"marek","twitter_card":"summary_large_image","twitter_misc":{"Autor":"marek","Predpokladan\u00fd \u010das \u010d\u00edtania":"3 min\u00faty"},"schema":{"@context":"https:\/\/schema.org","@graph":[{"@type":"WebPage","@id":"https:\/\/baportal.sk\/podnajom\/in\/30459\/","url":"https:\/\/baportal.sk\/podnajom\/in\/30459\/","name":"Kr\u00e1sny 3 izbov\u00fd byt na PREN\u00c1JOM v centre mesta &#039;&#039;Manderl\u00e1k&#039;&#039; komplet zariaden\u00fd, balk\u00f3n, klimatiz\u00e1cia | Podn\u00e1jom - Baportal.sk - Bratislava","isPartOf":{"@id":"https:\/\/baportal.sk\/podnajom\/#website"},"primaryImageOfPage":{"@id":"https:\/\/baportal.sk\/podnajom\/in\/30459\/#primaryimage"},"image":{"@id":"https:\/\/baportal.sk\/podnajom\/in\/30459\/#primaryimage"},"thumbnailUrl":"https:\/\/baportal.sk\/podnajom\/wp-content\/uploads\/2022\/02\/Krasny-3-izbovy-byt-na-PRENAJOM-v-centre-mesta-039039Manderlak039039.jpeg","datePublished":"2022-02-21T17:45:36+00:00","dateModified":"2022-02-21T17:45:36+00:00","author":{"@id":"https:\/\/baportal.sk\/podnajom\/#\/schema\/person\/1048c08c599b2e93379d6374549bd168"},"description":"Exkluz\u00edvne v PASS REALITY v\u00e1m predstavujem PREN\u00c1JOM ve\u013ekometr\u00e1\u017eneho 3-izbov\u00e9ho bytu v srdci centra Star\u00e9ho Mesta pri Kamennom n\u00e1mest\u00ed v \u013eudovo naz\u00fdvanom","breadcrumb":{"@id":"https:\/\/baportal.sk\/podnajom\/in\/30459\/#breadcrumb"},"inLanguage":"sk-SK","potentialAction":[{"@type":"ReadAction","target":["https:\/\/baportal.sk\/podnajom\/in\/30459\/"]}]},{"@type":"ImageObject","inLanguage":"sk-SK","@id":"https:\/\/baportal.sk\/podnajom\/in\/30459\/#primaryimage","url":"https:\/\/baportal.sk\/podnajom\/wp-content\/uploads\/2022\/02\/Krasny-3-izbovy-byt-na-PRENAJOM-v-centre-mesta-039039Manderlak039039.jpeg","contentUrl":"https:\/\/baportal.sk\/podnajom\/wp-content\/uploads\/2022\/02\/Krasny-3-izbovy-byt-na-PRENAJOM-v-centre-mesta-039039Manderlak039039.jpeg","width":600,"height":315},{"@type":"BreadcrumbList","@id":"https:\/\/baportal.sk\/podnajom\/in\/30459\/#breadcrumb","itemListElement":[{"@type":"ListItem","position":1,"name":"Domovsk\u00e1 str\u00e1nka","item":"https:\/\/baportal.sk\/podnajom\/"},{"@type":"ListItem","position":2,"name":"Kr\u00e1sny 3 izbov\u00fd byt na PREN\u00c1JOM v centre mesta &#039;&#039;Manderl\u00e1k&#039;&#039; komplet zariaden\u00fd, balk\u00f3n, klimatiz\u00e1cia"}]},{"@type":"WebSite","@id":"https:\/\/baportal.sk\/podnajom\/#website","url":"https:\/\/baportal.sk\/podnajom\/","name":"Podn\u00e1jom - Baportal.sk - Bratislava","description":"","potentialAction":[{"@type":"SearchAction","target":{"@type":"EntryPoint","urlTemplate":"https:\/\/baportal.sk\/podnajom\/?s={search_term_string}"},"query-input":"required name=search_term_string"}],"inLanguage":"sk-SK"},{"@type":"Person","@id":"https:\/\/baportal.sk\/podnajom\/#\/schema\/person\/1048c08c599b2e93379d6374549bd168","name":"marek","image":{"@type":"ImageObject","inLanguage":"sk-SK","@id":"https:\/\/baportal.sk\/podnajom\/#\/schema\/person\/image\/","url":"https:\/\/secure.gravatar.com\/avatar\/cdf0fbd37411d455f1afd87f93b867f6?s=96&d=mm&r=g","contentUrl":"https:\/\/secure.gravatar.com\/avatar\/cdf0fbd37411d455f1afd87f93b867f6?s=96&d=mm&r=g","caption":"marek"},"sameAs":["https:\/\/www.baportal.sk\/podnajom"]}]}},"_links":{"self":[{"href":"https:\/\/baportal.sk\/podnajom\/wp-json\/wp\/v2\/posts\/30459"}],"collection":[{"href":"https:\/\/baportal.sk\/podnajom\/wp-json\/wp\/v2\/posts"}],"about":[{"href":"https:\/\/baportal.sk\/podnajom\/wp-json\/wp\/v2\/types\/post"}],"author":[{"embeddable":true,"href":"https:\/\/baportal.sk\/podnajom\/wp-json\/wp\/v2\/users\/1"}],"replies":[{"embeddable":true,"href":"https:\/\/baportal.sk\/podnajom\/wp-json\/wp\/v2\/comments?post=30459"}],"version-history":[{"count":0,"href":"https:\/\/baportal.sk\/podnajom\/wp-json\/wp\/v2\/posts\/30459\/revisions"}],"wp:featuredmedia":[{"embeddable":true,"href":"https:\/\/baportal.sk\/podnajom\/wp-json\/wp\/v2\/media\/30460"}],"wp:attachment":[{"href":"https:\/\/baportal.sk\/podnajom\/wp-json\/wp\/v2\/media?parent=30459"}],"wp:term":[{"taxonomy":"category","embeddable":true,"href":"https:\/\/baportal.sk\/podnajom\/wp-json\/wp\/v2\/categories?post=30459"},{"taxonomy":"post_tag","embeddable":true,"href":"https:\/\/baportal.sk\/podnajom\/wp-json\/wp\/v2\/tags?post=30459"}],"curies":[{"name":"wp","href":"https:\/\/api.w.org\/{rel}","templated":true}]}}