{"id":30662,"date":"2022-02-24T15:05:10","date_gmt":"2022-02-24T14:05:10","guid":{"rendered":"https:\/\/baportal.sk\/podnajom\/in\/30662\/"},"modified":"2022-02-24T15:05:10","modified_gmt":"2022-02-24T14:05:10","slug":"2i-byt-%ea%93%b2-71-m2-%ea%93%b2-pod-krasnou-horkou-%ea%93%b2-moderne-zariadeny-a-kompletne-vybaveny-byt-v-novostavbe","status":"publish","type":"post","link":"https:\/\/baportal.sk\/podnajom\/in\/30662\/","title":{"rendered":"2i byt \ua4f2 71 m2 \ua4f2 POD KR\u00c1SNOU H\u00d4RKOU \ua4f2 moderne zariaden\u00fd a kompletne vybaven\u00fd byt v novostavbe"},"content":{"rendered":"<div class=\"text-inner\">\n                                \u010do si o nehnute\u013enosti mysl\u00ed makl\u00e9r MILAN \u010cIER\u0164A\u017dSK\u00dd:<\/p>\n<p>\u201eM\u00f4j n\u00e1zor je, \u017ee tento byt je ako stvoren\u00fd pre modern\u00e9ho \u010dloveka, ide\u00e1lne p\u00e1r, ktor\u00fd h\u013ead\u00e1 naozaj komfortn\u00e9 b\u00fdvanie bez kompromisov. Pre niekoho, kto dok\u00e1\u017ee oceni\u0165 kvalitn\u00fa novostavbu, ktor\u00e1 pon\u00faka vysok\u00fd \u0161tandard pou\u017eit\u00fdch materi\u00e1lov a absol\u00fatne tich\u00e9 a pokojn\u00e9 prostredie. \u010co je pod\u013ea m\u0148a \u00faplne skvel\u00e9 je, \u017ee majitelia bytu ne\u0161etrili na vybaven\u00ed a byt prenaj\u00edmaj\u00fa kompletne zariaden\u00fd a vybaven\u00fd. Do bytu si sta\u010d\u00ed prinies\u0165 osobn\u00e9 veci a m\u00f4\u017ee sa spokojne b\u00fdva\u0165.\u201c<\/p>\n<p>charakteristika bytu:<\/p>\n<p>\ua4f2 po\u010det izieb: 2<br \/>\n\ua4f2 rozloha: 71,1 m2 [byt 53,82 m2 + terasa 12,87 m2 + pivnica 4,41 m2]<br \/>\n\ua4f2 mestsk\u00e1 \u010das\u0165: Bratislava III \u2013 Nov\u00e9 Mesto<br \/>\n\ua4f2 ulica: Pod Kr\u00e1snou h\u00f4rkou<br \/>\n\ua4f2 podla\u017eie: 5\/7<br \/>\n\ua4f2 orient\u00e1cia: juh<br \/>\n\ua4f2 vek stavby: novostavba z roku 2019<\/p>\n<p>\u201ePrv\u00e9, \u010do ma na tejto nehnute\u013enosti zaujalo je absol\u00fatne tich\u00e1 a pokojn\u00e1 lokalita. Bytov\u00fd dom je situovan\u00fd mimo ru\u0161n\u00fdch ul\u00edc, v\u010faka \u010domu si \u010dlovek po pr\u00e1ci dok\u00e1\u017ee u seba doma naozaj odd\u00fdchnu\u0165. Jedn\u00e1 sa o novostavbu, tak\u017ee v\u0161etko je kvalitn\u00e9, nov\u00e9 a \u010dist\u00e9. Parkovanie je komfortne zabezpe\u010den\u00e9 v podzemnej gar\u00e1\u017ei a ve\u013ek\u00e1 pivnica (zariaden\u00e1 ako \u0161atn\u00edk a z\u00e1rove\u0148 s priestorom pre bicykel) ur\u010dite pote\u0161\u00ed \u013eud\u00ed, ktor\u00ed maj\u00fa viacej vec\u00ed. No a samotn\u00fd byt? To je pod\u013ea m\u00f4jho n\u00e1zoru par\u00e1da. V\u00fdborne dispozi\u010dne navrhnut\u00fd, s obrovsk\u00fdmi oknami, v\u010faka ktor\u00fdm je kr\u00e1sne svetl\u00fd a kompletne zariaden\u00fd materi\u00e1lmi a vybaven\u00edm na ktor\u00fdch sa ne\u0161etrilo. \u010clovek m\u00e1 v byte \u00faplne v\u0161etko, \u010do pre svoj spokojn\u00fd \u017eivot potrebuje. Dostatok \u00falo\u017en\u00e9ho miesta, kvalitn\u00e9 spotrebi\u010de, modern\u00e9 zariadenie. A k tomu v\u0161etk\u00e9mu naozaj ve\u013ek\u00fa terasu s kr\u00e1snym v\u00fdh\u013eadom, kde si vie vychutna\u0165 rann\u00fa k\u00e1vu, alebo ve\u010dern\u00fd poh\u00e1r v\u00edna. Pre m\u0148a osobne ponuka, ktor\u00fa by bola ve\u013ek\u00e1 \u0161koda nevyu\u017ei\u0165.\u201c<\/p>\n<p>dopl\u0148uj\u00face \u00fadaje:<\/p>\n<p>\ua4f2 terasa s kr\u00e1snym v\u00fdh\u013eadom [pr\u00edstup z ob\u00fdvacej miestnosti aj izby]<br \/>\n\ua4f2 ve\u013ek\u00e1 murovan\u00e1 pivnica [hne\u010f ved\u013ea bytu a vybaven\u00e1 policov\u00fdm syst\u00e9mom na mieru]<br \/>\n\ua4f2 podlahov\u00e9 vykurovanie v celom byte<br \/>\n\ua4f2 elektricky ovl\u00e1dan\u00e9 exteri\u00e9rov\u00e9 \u017eal\u00fazie na v\u0161etk\u00fdch okn\u00e1ch<br \/>\n\ua4f2 klimatiz\u00e1cia<br \/>\n\ua4f2 parkovanie v podzemnej gar\u00e1\u017ei [zapo\u010d\u00edtan\u00e9 v cene pren\u00e1jmu]<br \/>\n\ua4f2 d\u00e1tov\u00e9 rozvody optick\u00e9ho internetu v izb\u00e1ch [Telekom]<\/p>\n<p>\ua4f2 stierky v celom byte<br \/>\n\ua4f2 pl\u00e1vaj\u00faca podlaha v ob\u00fdvacej miestnosti, izbe a kuchyni<br \/>\n\ua4f2 keramick\u00e1 dla\u017eba na chodbe a v k\u00fape\u013eni<br \/>\n\ua4f2 modern\u00fd, na mieru roben\u00fd kuchynsk\u00fd k\u00fat prepojen\u00fd s ob\u00fdvacou miestnos\u0165ou<br \/>\n\ua4f2 kuchynsk\u00e1 linka kompletne vybaven\u00e1 spotrebi\u010dmi Gorenje [sklokeramick\u00e1 varn\u00e1 doska, teplovzdu\u0161n\u00e1 r\u00fara, um\u00fdva\u010dka riadu, chladni\u010dka s mrazni\u010dkou, mikrovlnn\u00e1 r\u00fara, digestor s ods\u00e1van\u00edm] + z\u00e1kladn\u00e9 vybavenie kuchyne [sada tanierov a poh\u00e1rov, sada hrncov, sada kuchynsk\u00fdch no\u017eov a pr\u00edborov]<br \/>\n\ua4f2 ve\u013ekoform\u00e1tov\u00e9 plastov\u00e9 okn\u00e1 v ob\u00fdvacej miestnosti aj izbe [exteri\u00e9rov\u00e9 \u017eal\u00fazie]<br \/>\n\ua4f2 k\u00fape\u013e\u0148a [sprchov\u00fd k\u00fat, um\u00fdvadlo, rebr\u00edkov\u00fd radi\u00e1tor, WC, pr\u00e1\u010dka so su\u0161i\u010dkou AEG, ods\u00e1vanie]<br \/>\n\ua4f2 vstavan\u00e1 skri\u0148a na chodbe<br \/>\n\ua4f2 vstavan\u00e1 skri\u0148a v izbe<\/p>\n<p>charakteristika bytov\u00e9ho domu:<\/p>\n<p>\ua4f2 rezidencia POD KR\u00c1SNOU H\u00d4RKOU<br \/>\n\ua4f2 novostavba z roku 2019<br \/>\n\ua4f2 tehla<br \/>\n\ua4f2 v\u00fd\u0165ah<br \/>\n\ua4f2 zateplen\u00e1 fas\u00e1da<br \/>\n\ua4f2 zateplen\u00e1 strecha<br \/>\n\ua4f2 s\u00fakromn\u00fd pr\u00edjazd cez rampu<br \/>\n\ua4f2 parkovanie v podzemnej gar\u00e1\u017ei [zapo\u010d\u00edtan\u00e9 v cene pren\u00e1jmu]<\/p>\n<p>\u010do pon\u00faka dan\u00e1 lokalita:<\/p>\n<p>\u201eT\u00e1to lokalita je ako stvoren\u00e1 pre \u013eud\u00ed, ktor\u00ed miluj\u00fa ticho a pokoj. Jedn\u00e1 sa o jednu z najzelen\u0161\u00edch \u010dast\u00ed Bratislavy a mo\u017enost\u00ed pre tr\u00e1venie vo\u013en\u00e9ho \u010dasu v pr\u00edrode je tu hne\u010f nieko\u013eko. Vo v\u00fdbornej dostupnosti m\u00e1te Bratislavsk\u00fd lesopark, Kolibu ale aj Partiz\u00e1nsku l\u00faku. Z\u00e1rove\u0148 sa jedn\u00e1 o lokalitu s v\u00fdbornou vybavenos\u0165ou v pe\u0161ej dostupnosti. Obchody, zast\u00e1vky MHD, zdravotn\u00edcke zariadenia, no aj \u0161koly a \u0161k\u00f4lky. To v\u0161etko n\u00e1jde \u010dlovek v najbli\u017e\u0161om okol\u00ed. Okrem toho je \u010dlovek za 10 min\u00fat v centre mesta a za 3 min\u00faty jazdy autom na obchvate. Preto si mysl\u00edm, \u017ee t\u00e1to ponuka je ide\u00e1lna pre \u013eud\u00ed, ktor\u00ed neradi robia kompromisy.\u201c<\/p>\n<p>vo\u013en\u00fd \u010das \u2013 Bratislavsk\u00fd lesopark, ZOO, Koliba, Partiz\u00e1nska l\u00faka, Horsk\u00fd park, Slav\u00edn<br \/>\nn\u00e1kupy \u2013 Kaufland, Gal\u00e9ria Lama\u010d, Tesco expres, Terno<br \/>\nzdravie \u2013 viacero zdravotn\u00edckych zariaden\u00ed, lek\u00e1rne<br \/>\ndoprava \u2013 do 5 min\u00fat ch\u00f4dze vzdialen\u00e9 zast\u00e1vky MHD, obchvat autom 3 min\u00faty<br \/>\npr\u00e1ca \u2013 nemocnica Kram\u00e1re a ostatn\u00e9 zdravotn\u00edcke zariadenia, Westend Park na Patr\u00f3nke<\/p>\n<p>\u010do je d\u00f4le\u017eit\u00e9 vedie\u0165:<\/p>\n<p>\ua4f2 byt sa prenaj\u00edma kompletne zariaden\u00fd a vybaven\u00fd [okrem dekora\u010dn\u00fdch predmetov]  <br \/>\n\ua4f2 byt je VO\u013dN\u00dd od 01.04.2022<\/p>\n<p>cena bytu:<\/p>\n<p>600 EUR \/ mesiac [vr\u00e1tane gar\u00e1\u017eov\u00e9ho st\u00e1tia] + 150 EUR energie <\/p>\n<p>\u017dIADNE \u010eAL\u0160IE POPLATKY \u2013 t\u00e1to cena je kone\u010dn\u00e1, prov\u00edziu za pren\u00e1jom neplat\u00edte.<\/p>\n<p>BEZPE\u010cNOS\u0164 OBCHODU \u2013 v\u0161etky zmluvy a dokumenty vypracuj\u00fa advok\u00e1ti \u0161pecializovan\u00ed na realitn\u00e9 pr\u00e1vo.<\/p>\n<p>\nKONTAKTY pre pr\u00edpad z\u00e1ujmu o bli\u017e\u0161ie inform\u00e1cie:<br \/>\nmobil:\t+421 908 325 374<br \/>\nemail:\tinfo@ciertazsky.sk<\/p>\n<p>web:\twww.ciertazsky.sk<\/p>\n<p>T\u00edm \u010cIER\u0164A\u017dSK\u00dd pon\u00faka t\u00fato nehnute\u013enos\u0165 formou V\u00ddHRADN\u00c9HO ZAST\u00daPENIA.<\/p>\n<p>\u00a9 V\u0161etky fotografie a texty vyhotovil t\u00edm \u010cIER\u0164A\u017dSK\u00dd a s\u00fa na\u0161im autorsk\u00fdm dielom.                            <\/p><\/div>\n","protected":false},"excerpt":{"rendered":"<p>\u010do si o nehnute\u013enosti mysl\u00ed makl\u00e9r MILAN \u010cIER\u0164A\u017dSK\u00dd: \u201eM\u00f4j n\u00e1zor je, \u017ee tento byt je ako stvoren\u00fd pre modern\u00e9ho \u010dloveka, ide\u00e1lne p\u00e1r, ktor\u00fd h\u013ead\u00e1 naozaj komfortn\u00e9 b\u00fdvanie bez kompromisov. Pre niekoho, kto dok\u00e1\u017ee oceni\u0165 kvalitn\u00fa novostavbu, ktor\u00e1 pon\u00faka vysok\u00fd \u0161tandard pou\u017eit\u00fdch materi\u00e1lov a absol\u00fatne tich\u00e9 a pokojn\u00e9 prostredie. \u010co je pod\u013ea m\u0148a \u00faplne skvel\u00e9 je, [&hellip;]<\/p>\n","protected":false},"author":1,"featured_media":30663,"comment_status":"open","ping_status":"open","sticky":false,"template":"","format":"standard","meta":{"footnotes":""},"categories":[4],"tags":[],"class_list":["post-30662","post","type-post","status-publish","format-standard","has-post-thumbnail","hentry","category-prenajom-bytu"],"yoast_head":"<!-- This site is optimized with the Yoast SEO plugin v23.1 - https:\/\/yoast.com\/wordpress\/plugins\/seo\/ -->\n<title>2i byt \ua4f2 71 m2 \ua4f2 POD KR\u00c1SNOU H\u00d4RKOU \ua4f2 moderne zariaden\u00fd a kompletne vybaven\u00fd byt v novostavbe | Podn\u00e1jom - Baportal.sk - Bratislava<\/title>\n<meta name=\"description\" content=\"\u010do si o nehnute\u013enosti mysl\u00ed makl\u00e9r MILAN \u010cIER\u0164A\u017dSK\u00dd: \u201eM\u00f4j n\u00e1zor je, \u017ee tento byt je ako stvoren\u00fd pre modern\u00e9ho \u010dloveka, ide\u00e1lne p\u00e1r, ktor\u00fd h\u013ead\u00e1 naozaj\" \/>\n<meta name=\"robots\" content=\"index, follow, max-snippet:-1, max-image-preview:large, max-video-preview:-1\" \/>\n<link rel=\"canonical\" href=\"https:\/\/baportal.sk\/podnajom\/in\/30662\/\" \/>\n<meta property=\"og:locale\" content=\"sk_SK\" \/>\n<meta property=\"og:type\" content=\"article\" \/>\n<meta property=\"og:title\" content=\"2i byt \ua4f2 71 m2 \ua4f2 POD KR\u00c1SNOU H\u00d4RKOU \ua4f2 moderne zariaden\u00fd a kompletne vybaven\u00fd byt v novostavbe | Podn\u00e1jom - Baportal.sk - Bratislava\" \/>\n<meta property=\"og:description\" content=\"\u010do si o nehnute\u013enosti mysl\u00ed makl\u00e9r MILAN \u010cIER\u0164A\u017dSK\u00dd: \u201eM\u00f4j n\u00e1zor je, \u017ee tento byt je ako stvoren\u00fd pre modern\u00e9ho \u010dloveka, ide\u00e1lne p\u00e1r, ktor\u00fd h\u013ead\u00e1 naozaj\" \/>\n<meta property=\"og:url\" content=\"https:\/\/baportal.sk\/podnajom\/in\/30662\/\" \/>\n<meta property=\"og:site_name\" content=\"Podn\u00e1jom - Baportal.sk - Bratislava\" \/>\n<meta property=\"article:published_time\" content=\"2022-02-24T14:05:10+00:00\" \/>\n<meta property=\"og:image\" content=\"https:\/\/baportal.sk\/podnajom\/wp-content\/uploads\/2022\/02\/2i-byt-\ua4f2-71-m2-\ua4f2-POD-KRASNOU-HORKOU-\ua4f2.jpeg\" \/>\n\t<meta property=\"og:image:width\" content=\"600\" \/>\n\t<meta property=\"og:image:height\" content=\"315\" \/>\n\t<meta property=\"og:image:type\" content=\"image\/jpeg\" \/>\n<meta name=\"author\" content=\"marek\" \/>\n<meta name=\"twitter:card\" content=\"summary_large_image\" \/>\n<meta name=\"twitter:label1\" content=\"Autor\" \/>\n\t<meta name=\"twitter:data1\" content=\"marek\" \/>\n\t<meta name=\"twitter:label2\" content=\"Predpokladan\u00fd \u010das \u010d\u00edtania\" \/>\n\t<meta name=\"twitter:data2\" content=\"5 min\u00fat\" \/>\n<script type=\"application\/ld+json\" class=\"yoast-schema-graph\">{\"@context\":\"https:\/\/schema.org\",\"@graph\":[{\"@type\":\"WebPage\",\"@id\":\"https:\/\/baportal.sk\/podnajom\/in\/30662\/\",\"url\":\"https:\/\/baportal.sk\/podnajom\/in\/30662\/\",\"name\":\"2i byt \ua4f2 71 m2 \ua4f2 POD KR\u00c1SNOU H\u00d4RKOU \ua4f2 moderne zariaden\u00fd a kompletne vybaven\u00fd byt v novostavbe | Podn\u00e1jom - Baportal.sk - Bratislava\",\"isPartOf\":{\"@id\":\"https:\/\/baportal.sk\/podnajom\/#website\"},\"primaryImageOfPage\":{\"@id\":\"https:\/\/baportal.sk\/podnajom\/in\/30662\/#primaryimage\"},\"image\":{\"@id\":\"https:\/\/baportal.sk\/podnajom\/in\/30662\/#primaryimage\"},\"thumbnailUrl\":\"https:\/\/baportal.sk\/podnajom\/wp-content\/uploads\/2022\/02\/2i-byt-\ua4f2-71-m2-\ua4f2-POD-KRASNOU-HORKOU-\ua4f2.jpeg\",\"datePublished\":\"2022-02-24T14:05:10+00:00\",\"dateModified\":\"2022-02-24T14:05:10+00:00\",\"author\":{\"@id\":\"https:\/\/baportal.sk\/podnajom\/#\/schema\/person\/1048c08c599b2e93379d6374549bd168\"},\"description\":\"\u010do si o nehnute\u013enosti mysl\u00ed makl\u00e9r MILAN \u010cIER\u0164A\u017dSK\u00dd: \u201eM\u00f4j n\u00e1zor je, \u017ee tento byt je ako stvoren\u00fd pre modern\u00e9ho \u010dloveka, ide\u00e1lne p\u00e1r, ktor\u00fd h\u013ead\u00e1 naozaj\",\"breadcrumb\":{\"@id\":\"https:\/\/baportal.sk\/podnajom\/in\/30662\/#breadcrumb\"},\"inLanguage\":\"sk-SK\",\"potentialAction\":[{\"@type\":\"ReadAction\",\"target\":[\"https:\/\/baportal.sk\/podnajom\/in\/30662\/\"]}]},{\"@type\":\"ImageObject\",\"inLanguage\":\"sk-SK\",\"@id\":\"https:\/\/baportal.sk\/podnajom\/in\/30662\/#primaryimage\",\"url\":\"https:\/\/baportal.sk\/podnajom\/wp-content\/uploads\/2022\/02\/2i-byt-\ua4f2-71-m2-\ua4f2-POD-KRASNOU-HORKOU-\ua4f2.jpeg\",\"contentUrl\":\"https:\/\/baportal.sk\/podnajom\/wp-content\/uploads\/2022\/02\/2i-byt-\ua4f2-71-m2-\ua4f2-POD-KRASNOU-HORKOU-\ua4f2.jpeg\",\"width\":600,\"height\":315},{\"@type\":\"BreadcrumbList\",\"@id\":\"https:\/\/baportal.sk\/podnajom\/in\/30662\/#breadcrumb\",\"itemListElement\":[{\"@type\":\"ListItem\",\"position\":1,\"name\":\"Domovsk\u00e1 str\u00e1nka\",\"item\":\"https:\/\/baportal.sk\/podnajom\/\"},{\"@type\":\"ListItem\",\"position\":2,\"name\":\"2i byt \ua4f2 71 m2 \ua4f2 POD KR\u00c1SNOU H\u00d4RKOU \ua4f2 moderne zariaden\u00fd a kompletne vybaven\u00fd byt v novostavbe\"}]},{\"@type\":\"WebSite\",\"@id\":\"https:\/\/baportal.sk\/podnajom\/#website\",\"url\":\"https:\/\/baportal.sk\/podnajom\/\",\"name\":\"Podn\u00e1jom - Baportal.sk - Bratislava\",\"description\":\"\",\"potentialAction\":[{\"@type\":\"SearchAction\",\"target\":{\"@type\":\"EntryPoint\",\"urlTemplate\":\"https:\/\/baportal.sk\/podnajom\/?s={search_term_string}\"},\"query-input\":\"required name=search_term_string\"}],\"inLanguage\":\"sk-SK\"},{\"@type\":\"Person\",\"@id\":\"https:\/\/baportal.sk\/podnajom\/#\/schema\/person\/1048c08c599b2e93379d6374549bd168\",\"name\":\"marek\",\"image\":{\"@type\":\"ImageObject\",\"inLanguage\":\"sk-SK\",\"@id\":\"https:\/\/baportal.sk\/podnajom\/#\/schema\/person\/image\/\",\"url\":\"https:\/\/secure.gravatar.com\/avatar\/cdf0fbd37411d455f1afd87f93b867f6?s=96&d=mm&r=g\",\"contentUrl\":\"https:\/\/secure.gravatar.com\/avatar\/cdf0fbd37411d455f1afd87f93b867f6?s=96&d=mm&r=g\",\"caption\":\"marek\"},\"sameAs\":[\"https:\/\/www.baportal.sk\/podnajom\"]}]}<\/script>\n<!-- \/ Yoast SEO plugin. -->","yoast_head_json":{"title":"2i byt \ua4f2 71 m2 \ua4f2 POD KR\u00c1SNOU H\u00d4RKOU \ua4f2 moderne zariaden\u00fd a kompletne vybaven\u00fd byt v novostavbe | Podn\u00e1jom - Baportal.sk - Bratislava","description":"\u010do si o nehnute\u013enosti mysl\u00ed makl\u00e9r MILAN \u010cIER\u0164A\u017dSK\u00dd: \u201eM\u00f4j n\u00e1zor je, \u017ee tento byt je ako stvoren\u00fd pre modern\u00e9ho \u010dloveka, ide\u00e1lne p\u00e1r, ktor\u00fd h\u013ead\u00e1 naozaj","robots":{"index":"index","follow":"follow","max-snippet":"max-snippet:-1","max-image-preview":"max-image-preview:large","max-video-preview":"max-video-preview:-1"},"canonical":"https:\/\/baportal.sk\/podnajom\/in\/30662\/","og_locale":"sk_SK","og_type":"article","og_title":"2i byt \ua4f2 71 m2 \ua4f2 POD KR\u00c1SNOU H\u00d4RKOU \ua4f2 moderne zariaden\u00fd a kompletne vybaven\u00fd byt v novostavbe | Podn\u00e1jom - Baportal.sk - Bratislava","og_description":"\u010do si o nehnute\u013enosti mysl\u00ed makl\u00e9r MILAN \u010cIER\u0164A\u017dSK\u00dd: \u201eM\u00f4j n\u00e1zor je, \u017ee tento byt je ako stvoren\u00fd pre modern\u00e9ho \u010dloveka, ide\u00e1lne p\u00e1r, ktor\u00fd h\u013ead\u00e1 naozaj","og_url":"https:\/\/baportal.sk\/podnajom\/in\/30662\/","og_site_name":"Podn\u00e1jom - Baportal.sk - Bratislava","article_published_time":"2022-02-24T14:05:10+00:00","og_image":[{"width":600,"height":315,"url":"https:\/\/baportal.sk\/podnajom\/wp-content\/uploads\/2022\/02\/2i-byt-\ua4f2-71-m2-\ua4f2-POD-KRASNOU-HORKOU-\ua4f2.jpeg","type":"image\/jpeg"}],"author":"marek","twitter_card":"summary_large_image","twitter_misc":{"Autor":"marek","Predpokladan\u00fd \u010das \u010d\u00edtania":"5 min\u00fat"},"schema":{"@context":"https:\/\/schema.org","@graph":[{"@type":"WebPage","@id":"https:\/\/baportal.sk\/podnajom\/in\/30662\/","url":"https:\/\/baportal.sk\/podnajom\/in\/30662\/","name":"2i byt \ua4f2 71 m2 \ua4f2 POD KR\u00c1SNOU H\u00d4RKOU \ua4f2 moderne zariaden\u00fd a kompletne vybaven\u00fd byt v novostavbe | Podn\u00e1jom - Baportal.sk - Bratislava","isPartOf":{"@id":"https:\/\/baportal.sk\/podnajom\/#website"},"primaryImageOfPage":{"@id":"https:\/\/baportal.sk\/podnajom\/in\/30662\/#primaryimage"},"image":{"@id":"https:\/\/baportal.sk\/podnajom\/in\/30662\/#primaryimage"},"thumbnailUrl":"https:\/\/baportal.sk\/podnajom\/wp-content\/uploads\/2022\/02\/2i-byt-\ua4f2-71-m2-\ua4f2-POD-KRASNOU-HORKOU-\ua4f2.jpeg","datePublished":"2022-02-24T14:05:10+00:00","dateModified":"2022-02-24T14:05:10+00:00","author":{"@id":"https:\/\/baportal.sk\/podnajom\/#\/schema\/person\/1048c08c599b2e93379d6374549bd168"},"description":"\u010do si o nehnute\u013enosti mysl\u00ed makl\u00e9r MILAN \u010cIER\u0164A\u017dSK\u00dd: \u201eM\u00f4j n\u00e1zor je, \u017ee tento byt je ako stvoren\u00fd pre modern\u00e9ho \u010dloveka, ide\u00e1lne p\u00e1r, ktor\u00fd h\u013ead\u00e1 naozaj","breadcrumb":{"@id":"https:\/\/baportal.sk\/podnajom\/in\/30662\/#breadcrumb"},"inLanguage":"sk-SK","potentialAction":[{"@type":"ReadAction","target":["https:\/\/baportal.sk\/podnajom\/in\/30662\/"]}]},{"@type":"ImageObject","inLanguage":"sk-SK","@id":"https:\/\/baportal.sk\/podnajom\/in\/30662\/#primaryimage","url":"https:\/\/baportal.sk\/podnajom\/wp-content\/uploads\/2022\/02\/2i-byt-\ua4f2-71-m2-\ua4f2-POD-KRASNOU-HORKOU-\ua4f2.jpeg","contentUrl":"https:\/\/baportal.sk\/podnajom\/wp-content\/uploads\/2022\/02\/2i-byt-\ua4f2-71-m2-\ua4f2-POD-KRASNOU-HORKOU-\ua4f2.jpeg","width":600,"height":315},{"@type":"BreadcrumbList","@id":"https:\/\/baportal.sk\/podnajom\/in\/30662\/#breadcrumb","itemListElement":[{"@type":"ListItem","position":1,"name":"Domovsk\u00e1 str\u00e1nka","item":"https:\/\/baportal.sk\/podnajom\/"},{"@type":"ListItem","position":2,"name":"2i byt \ua4f2 71 m2 \ua4f2 POD KR\u00c1SNOU H\u00d4RKOU \ua4f2 moderne zariaden\u00fd a kompletne vybaven\u00fd byt v novostavbe"}]},{"@type":"WebSite","@id":"https:\/\/baportal.sk\/podnajom\/#website","url":"https:\/\/baportal.sk\/podnajom\/","name":"Podn\u00e1jom - Baportal.sk - Bratislava","description":"","potentialAction":[{"@type":"SearchAction","target":{"@type":"EntryPoint","urlTemplate":"https:\/\/baportal.sk\/podnajom\/?s={search_term_string}"},"query-input":"required name=search_term_string"}],"inLanguage":"sk-SK"},{"@type":"Person","@id":"https:\/\/baportal.sk\/podnajom\/#\/schema\/person\/1048c08c599b2e93379d6374549bd168","name":"marek","image":{"@type":"ImageObject","inLanguage":"sk-SK","@id":"https:\/\/baportal.sk\/podnajom\/#\/schema\/person\/image\/","url":"https:\/\/secure.gravatar.com\/avatar\/cdf0fbd37411d455f1afd87f93b867f6?s=96&d=mm&r=g","contentUrl":"https:\/\/secure.gravatar.com\/avatar\/cdf0fbd37411d455f1afd87f93b867f6?s=96&d=mm&r=g","caption":"marek"},"sameAs":["https:\/\/www.baportal.sk\/podnajom"]}]}},"_links":{"self":[{"href":"https:\/\/baportal.sk\/podnajom\/wp-json\/wp\/v2\/posts\/30662"}],"collection":[{"href":"https:\/\/baportal.sk\/podnajom\/wp-json\/wp\/v2\/posts"}],"about":[{"href":"https:\/\/baportal.sk\/podnajom\/wp-json\/wp\/v2\/types\/post"}],"author":[{"embeddable":true,"href":"https:\/\/baportal.sk\/podnajom\/wp-json\/wp\/v2\/users\/1"}],"replies":[{"embeddable":true,"href":"https:\/\/baportal.sk\/podnajom\/wp-json\/wp\/v2\/comments?post=30662"}],"version-history":[{"count":0,"href":"https:\/\/baportal.sk\/podnajom\/wp-json\/wp\/v2\/posts\/30662\/revisions"}],"wp:featuredmedia":[{"embeddable":true,"href":"https:\/\/baportal.sk\/podnajom\/wp-json\/wp\/v2\/media\/30663"}],"wp:attachment":[{"href":"https:\/\/baportal.sk\/podnajom\/wp-json\/wp\/v2\/media?parent=30662"}],"wp:term":[{"taxonomy":"category","embeddable":true,"href":"https:\/\/baportal.sk\/podnajom\/wp-json\/wp\/v2\/categories?post=30662"},{"taxonomy":"post_tag","embeddable":true,"href":"https:\/\/baportal.sk\/podnajom\/wp-json\/wp\/v2\/tags?post=30662"}],"curies":[{"name":"wp","href":"https:\/\/api.w.org\/{rel}","templated":true}]}}