{"id":31791,"date":"2022-03-14T13:37:42","date_gmt":"2022-03-14T12:37:42","guid":{"rendered":"https:\/\/baportal.sk\/podnajom\/in\/31791\/"},"modified":"2022-03-14T13:37:42","modified_gmt":"2022-03-14T12:37:42","slug":"pekny-2i-byt-2-x-nepriech-izba-rekonstrukcia-klima-balkon-spitalska-ulica","status":"publish","type":"post","link":"https:\/\/baportal.sk\/podnajom\/in\/31791\/","title":{"rendered":"Pekn\u00fd 2i byt, 2 X NEPRIECH. IZBA, REKON\u0160TRUKCIA, KL\u00cdMA, BALK\u00d3N, \u0160pit\u00e1lska ulica"},"content":{"rendered":"<div class=\"text-inner\">\n                                Pon\u00fakame V\u00e1m na pren\u00e1jom pekn\u00fd, slne\u010dn\u00fd, priestrann\u00fd, nanovo vyma\u013eovan\u00fd 2-izbov\u00fd byt, \u010diasto\u010dne zariaden\u00fd, po rekon\u0161trukcii s novou k\u00fape\u013enou a toaletou, so samostatnou kuchy\u0148ou a dvomi nepriechodn\u00fdmi izbami ( sp\u00e1l\u0148a orientovan\u00e1 do tich\u00e9ho dvoru ), balk\u00f3nom, klimatiz\u00e1ciou, a vlastn\u00fdm plynov\u00fdm kotlom vo vyh\u013ead\u00e1vanej a lukrat\u00edvnej lokalite v bl\u00edzkosti Medickej z\u00e1hrady na \u0160pit\u00e1lskej ulici v mestskej \u010dasti Star\u00e9 Mesto.<\/p>\n<p>Podlahov\u00e1 plocha bytu predstavuje 69 m2 + 5 m2 balk\u00f3n. Byt je v osobnom vlastn\u00edctve. Byt sa nach\u00e1dza na 4 poschod\u00ed v 5 \u2013 poschodovej tehlovej bytovej jednotke bez v\u00fd\u0165ahu.<\/p>\n<p>Byt sa prenaj\u00edma \u010diasto\u010dne zariaden\u00fd s kuchynskou linkou na mieru.<\/p>\n<p>Dispoz\u00edcia:<br \/>\nvstupn\u00e1 chodba, kuchy\u0148a s pr\u00edstupom na balk\u00f3n, 2 x nepriechodn\u00e1 izba, k\u00fape\u013e\u0148a a toaleta. <\/p>\n<p>Bytov\u00fd dom sa nach\u00e1dza vo vyh\u013ead\u00e1vanej a lukrat\u00edvnej lokalite v mestskej \u010dasti Star\u00e9 Mesto. \u0160pit\u00e1lska ulica je v\u00fdznamn\u00e1 ulica a komunik\u00e1cia v Bratislave v mestskej \u010dasti Star\u00e9 Mesto.<br \/>\nJe to dvojpruhov\u00e1 miestna komunik\u00e1cia, uprostred ktorej prech\u00e1dza elektri\u010dkov\u00e1 tra\u0165 od Kamenn\u00e9ho n\u00e1mestia a N\u00e1mestia SNP na Americk\u00e9 n\u00e1mestie. Ulicu od Kamenn\u00e9ho n\u00e1mestia postupne kri\u017euj\u00fa ulice: Holl\u00e9ho ulica, Rajsk\u00e1 ulica, Mari\u00e1nska, Dobrovsk\u00e9ho ulica, Lazaretsk\u00e1 ulica, 29. augusta. V bl\u00edzkosti bytov\u00e9ho domu sa nach\u00e1dza Medick\u00e1 z\u00e1hrada, re\u0161taur\u00e1cie, kaviarne, potraviny, obchody a slu\u017eby r\u00f4zneho zamerania a taktie\u017e z\u00e1stavky MHD \u2013 elektri\u010dky.<\/p>\n<p>Ve\u013emi pekn\u00e9 pr\u00edjemn\u00e9 b\u00fdvanie s historick\u00fdm n\u00e1dychom, treba vidie\u0165.<\/p>\n<p>Byt je vo\u013en\u00fd ihne\u010f.<\/p>\n<p>Mesa\u010dn\u00fd pren\u00e1jom predstavuje 550 \u20ac + 150 \u20ac energie.<\/p>\n<p>Byt je vhodn\u00fd pre dve osoby, dom\u00e1ci mil\u00e1\u010dik po dohode.<\/p>\n<p>Kontakt: 0948 902 505  <\/p>\n<p>Email: kiss@primereality.sk                            <\/p><\/div>\n","protected":false},"excerpt":{"rendered":"<p>Pon\u00fakame V\u00e1m na pren\u00e1jom pekn\u00fd, slne\u010dn\u00fd, priestrann\u00fd, nanovo vyma\u013eovan\u00fd 2-izbov\u00fd byt, \u010diasto\u010dne zariaden\u00fd, po rekon\u0161trukcii s novou k\u00fape\u013enou a toaletou, so samostatnou kuchy\u0148ou a dvomi nepriechodn\u00fdmi izbami ( sp\u00e1l\u0148a orientovan\u00e1 do tich\u00e9ho dvoru ), balk\u00f3nom, klimatiz\u00e1ciou, a vlastn\u00fdm plynov\u00fdm kotlom vo vyh\u013ead\u00e1vanej a lukrat\u00edvnej lokalite v bl\u00edzkosti Medickej z\u00e1hrady na \u0160pit\u00e1lskej ulici v mestskej \u010dasti [&hellip;]<\/p>\n","protected":false},"author":1,"featured_media":31792,"comment_status":"open","ping_status":"open","sticky":false,"template":"","format":"standard","meta":{"footnotes":""},"categories":[4],"tags":[],"class_list":["post-31791","post","type-post","status-publish","format-standard","has-post-thumbnail","hentry","category-prenajom-bytu"],"yoast_head":"<!-- This site is optimized with the Yoast SEO plugin v23.1 - https:\/\/yoast.com\/wordpress\/plugins\/seo\/ -->\n<title>Pekn\u00fd 2i byt, 2 X NEPRIECH. IZBA, REKON\u0160TRUKCIA, KL\u00cdMA, BALK\u00d3N, \u0160pit\u00e1lska ulica | Podn\u00e1jom - Baportal.sk - Bratislava<\/title>\n<meta name=\"description\" content=\"Pon\u00fakame V\u00e1m na pren\u00e1jom pekn\u00fd, slne\u010dn\u00fd, priestrann\u00fd, nanovo vyma\u013eovan\u00fd 2-izbov\u00fd byt, \u010diasto\u010dne zariaden\u00fd, po rekon\u0161trukcii s novou k\u00fape\u013enou a toaletou,\" \/>\n<meta name=\"robots\" content=\"index, follow, max-snippet:-1, max-image-preview:large, max-video-preview:-1\" \/>\n<link rel=\"canonical\" href=\"https:\/\/baportal.sk\/podnajom\/in\/31791\/\" \/>\n<meta property=\"og:locale\" content=\"sk_SK\" \/>\n<meta property=\"og:type\" content=\"article\" \/>\n<meta property=\"og:title\" content=\"Pekn\u00fd 2i byt, 2 X NEPRIECH. IZBA, REKON\u0160TRUKCIA, KL\u00cdMA, BALK\u00d3N, \u0160pit\u00e1lska ulica | Podn\u00e1jom - Baportal.sk - Bratislava\" \/>\n<meta property=\"og:description\" content=\"Pon\u00fakame V\u00e1m na pren\u00e1jom pekn\u00fd, slne\u010dn\u00fd, priestrann\u00fd, nanovo vyma\u013eovan\u00fd 2-izbov\u00fd byt, \u010diasto\u010dne zariaden\u00fd, po rekon\u0161trukcii s novou k\u00fape\u013enou a toaletou,\" \/>\n<meta property=\"og:url\" content=\"https:\/\/baportal.sk\/podnajom\/in\/31791\/\" \/>\n<meta property=\"og:site_name\" content=\"Podn\u00e1jom - Baportal.sk - Bratislava\" \/>\n<meta property=\"article:published_time\" content=\"2022-03-14T12:37:42+00:00\" \/>\n<meta property=\"og:image\" content=\"https:\/\/baportal.sk\/podnajom\/wp-content\/uploads\/2022\/03\/Pekny-2i-byt-2-X-NEPRIECH-IZBA-REKONSTRUKCIA-KLIMA-BALKON.jpeg\" \/>\n\t<meta property=\"og:image:width\" content=\"600\" \/>\n\t<meta property=\"og:image:height\" content=\"315\" \/>\n\t<meta property=\"og:image:type\" content=\"image\/jpeg\" \/>\n<meta name=\"author\" content=\"marek\" \/>\n<meta name=\"twitter:card\" content=\"summary_large_image\" \/>\n<meta name=\"twitter:label1\" content=\"Autor\" \/>\n\t<meta name=\"twitter:data1\" content=\"marek\" \/>\n\t<meta name=\"twitter:label2\" content=\"Predpokladan\u00fd \u010das \u010d\u00edtania\" \/>\n\t<meta name=\"twitter:data2\" content=\"1 min\u00fata\" \/>\n<script type=\"application\/ld+json\" class=\"yoast-schema-graph\">{\"@context\":\"https:\/\/schema.org\",\"@graph\":[{\"@type\":\"WebPage\",\"@id\":\"https:\/\/baportal.sk\/podnajom\/in\/31791\/\",\"url\":\"https:\/\/baportal.sk\/podnajom\/in\/31791\/\",\"name\":\"Pekn\u00fd 2i byt, 2 X NEPRIECH. IZBA, REKON\u0160TRUKCIA, KL\u00cdMA, BALK\u00d3N, \u0160pit\u00e1lska ulica | Podn\u00e1jom - Baportal.sk - Bratislava\",\"isPartOf\":{\"@id\":\"https:\/\/baportal.sk\/podnajom\/#website\"},\"primaryImageOfPage\":{\"@id\":\"https:\/\/baportal.sk\/podnajom\/in\/31791\/#primaryimage\"},\"image\":{\"@id\":\"https:\/\/baportal.sk\/podnajom\/in\/31791\/#primaryimage\"},\"thumbnailUrl\":\"https:\/\/baportal.sk\/podnajom\/wp-content\/uploads\/2022\/03\/Pekny-2i-byt-2-X-NEPRIECH-IZBA-REKONSTRUKCIA-KLIMA-BALKON.jpeg\",\"datePublished\":\"2022-03-14T12:37:42+00:00\",\"dateModified\":\"2022-03-14T12:37:42+00:00\",\"author\":{\"@id\":\"https:\/\/baportal.sk\/podnajom\/#\/schema\/person\/1048c08c599b2e93379d6374549bd168\"},\"description\":\"Pon\u00fakame V\u00e1m na pren\u00e1jom pekn\u00fd, slne\u010dn\u00fd, priestrann\u00fd, nanovo vyma\u013eovan\u00fd 2-izbov\u00fd byt, \u010diasto\u010dne zariaden\u00fd, po rekon\u0161trukcii s novou k\u00fape\u013enou a toaletou,\",\"breadcrumb\":{\"@id\":\"https:\/\/baportal.sk\/podnajom\/in\/31791\/#breadcrumb\"},\"inLanguage\":\"sk-SK\",\"potentialAction\":[{\"@type\":\"ReadAction\",\"target\":[\"https:\/\/baportal.sk\/podnajom\/in\/31791\/\"]}]},{\"@type\":\"ImageObject\",\"inLanguage\":\"sk-SK\",\"@id\":\"https:\/\/baportal.sk\/podnajom\/in\/31791\/#primaryimage\",\"url\":\"https:\/\/baportal.sk\/podnajom\/wp-content\/uploads\/2022\/03\/Pekny-2i-byt-2-X-NEPRIECH-IZBA-REKONSTRUKCIA-KLIMA-BALKON.jpeg\",\"contentUrl\":\"https:\/\/baportal.sk\/podnajom\/wp-content\/uploads\/2022\/03\/Pekny-2i-byt-2-X-NEPRIECH-IZBA-REKONSTRUKCIA-KLIMA-BALKON.jpeg\",\"width\":600,\"height\":315},{\"@type\":\"BreadcrumbList\",\"@id\":\"https:\/\/baportal.sk\/podnajom\/in\/31791\/#breadcrumb\",\"itemListElement\":[{\"@type\":\"ListItem\",\"position\":1,\"name\":\"Domovsk\u00e1 str\u00e1nka\",\"item\":\"https:\/\/baportal.sk\/podnajom\/\"},{\"@type\":\"ListItem\",\"position\":2,\"name\":\"Pekn\u00fd 2i byt, 2 X NEPRIECH. IZBA, REKON\u0160TRUKCIA, KL\u00cdMA, BALK\u00d3N, \u0160pit\u00e1lska ulica\"}]},{\"@type\":\"WebSite\",\"@id\":\"https:\/\/baportal.sk\/podnajom\/#website\",\"url\":\"https:\/\/baportal.sk\/podnajom\/\",\"name\":\"Podn\u00e1jom - Baportal.sk - Bratislava\",\"description\":\"\",\"potentialAction\":[{\"@type\":\"SearchAction\",\"target\":{\"@type\":\"EntryPoint\",\"urlTemplate\":\"https:\/\/baportal.sk\/podnajom\/?s={search_term_string}\"},\"query-input\":\"required name=search_term_string\"}],\"inLanguage\":\"sk-SK\"},{\"@type\":\"Person\",\"@id\":\"https:\/\/baportal.sk\/podnajom\/#\/schema\/person\/1048c08c599b2e93379d6374549bd168\",\"name\":\"marek\",\"image\":{\"@type\":\"ImageObject\",\"inLanguage\":\"sk-SK\",\"@id\":\"https:\/\/baportal.sk\/podnajom\/#\/schema\/person\/image\/\",\"url\":\"https:\/\/secure.gravatar.com\/avatar\/cdf0fbd37411d455f1afd87f93b867f6?s=96&d=mm&r=g\",\"contentUrl\":\"https:\/\/secure.gravatar.com\/avatar\/cdf0fbd37411d455f1afd87f93b867f6?s=96&d=mm&r=g\",\"caption\":\"marek\"},\"sameAs\":[\"https:\/\/www.baportal.sk\/podnajom\"]}]}<\/script>\n<!-- \/ Yoast SEO plugin. -->","yoast_head_json":{"title":"Pekn\u00fd 2i byt, 2 X NEPRIECH. IZBA, REKON\u0160TRUKCIA, KL\u00cdMA, BALK\u00d3N, \u0160pit\u00e1lska ulica | Podn\u00e1jom - Baportal.sk - Bratislava","description":"Pon\u00fakame V\u00e1m na pren\u00e1jom pekn\u00fd, slne\u010dn\u00fd, priestrann\u00fd, nanovo vyma\u013eovan\u00fd 2-izbov\u00fd byt, \u010diasto\u010dne zariaden\u00fd, po rekon\u0161trukcii s novou k\u00fape\u013enou a toaletou,","robots":{"index":"index","follow":"follow","max-snippet":"max-snippet:-1","max-image-preview":"max-image-preview:large","max-video-preview":"max-video-preview:-1"},"canonical":"https:\/\/baportal.sk\/podnajom\/in\/31791\/","og_locale":"sk_SK","og_type":"article","og_title":"Pekn\u00fd 2i byt, 2 X NEPRIECH. IZBA, REKON\u0160TRUKCIA, KL\u00cdMA, BALK\u00d3N, \u0160pit\u00e1lska ulica | Podn\u00e1jom - Baportal.sk - Bratislava","og_description":"Pon\u00fakame V\u00e1m na pren\u00e1jom pekn\u00fd, slne\u010dn\u00fd, priestrann\u00fd, nanovo vyma\u013eovan\u00fd 2-izbov\u00fd byt, \u010diasto\u010dne zariaden\u00fd, po rekon\u0161trukcii s novou k\u00fape\u013enou a toaletou,","og_url":"https:\/\/baportal.sk\/podnajom\/in\/31791\/","og_site_name":"Podn\u00e1jom - Baportal.sk - Bratislava","article_published_time":"2022-03-14T12:37:42+00:00","og_image":[{"width":600,"height":315,"url":"https:\/\/baportal.sk\/podnajom\/wp-content\/uploads\/2022\/03\/Pekny-2i-byt-2-X-NEPRIECH-IZBA-REKONSTRUKCIA-KLIMA-BALKON.jpeg","type":"image\/jpeg"}],"author":"marek","twitter_card":"summary_large_image","twitter_misc":{"Autor":"marek","Predpokladan\u00fd \u010das \u010d\u00edtania":"1 min\u00fata"},"schema":{"@context":"https:\/\/schema.org","@graph":[{"@type":"WebPage","@id":"https:\/\/baportal.sk\/podnajom\/in\/31791\/","url":"https:\/\/baportal.sk\/podnajom\/in\/31791\/","name":"Pekn\u00fd 2i byt, 2 X NEPRIECH. IZBA, REKON\u0160TRUKCIA, KL\u00cdMA, BALK\u00d3N, \u0160pit\u00e1lska ulica | Podn\u00e1jom - Baportal.sk - Bratislava","isPartOf":{"@id":"https:\/\/baportal.sk\/podnajom\/#website"},"primaryImageOfPage":{"@id":"https:\/\/baportal.sk\/podnajom\/in\/31791\/#primaryimage"},"image":{"@id":"https:\/\/baportal.sk\/podnajom\/in\/31791\/#primaryimage"},"thumbnailUrl":"https:\/\/baportal.sk\/podnajom\/wp-content\/uploads\/2022\/03\/Pekny-2i-byt-2-X-NEPRIECH-IZBA-REKONSTRUKCIA-KLIMA-BALKON.jpeg","datePublished":"2022-03-14T12:37:42+00:00","dateModified":"2022-03-14T12:37:42+00:00","author":{"@id":"https:\/\/baportal.sk\/podnajom\/#\/schema\/person\/1048c08c599b2e93379d6374549bd168"},"description":"Pon\u00fakame V\u00e1m na pren\u00e1jom pekn\u00fd, slne\u010dn\u00fd, priestrann\u00fd, nanovo vyma\u013eovan\u00fd 2-izbov\u00fd byt, \u010diasto\u010dne zariaden\u00fd, po rekon\u0161trukcii s novou k\u00fape\u013enou a toaletou,","breadcrumb":{"@id":"https:\/\/baportal.sk\/podnajom\/in\/31791\/#breadcrumb"},"inLanguage":"sk-SK","potentialAction":[{"@type":"ReadAction","target":["https:\/\/baportal.sk\/podnajom\/in\/31791\/"]}]},{"@type":"ImageObject","inLanguage":"sk-SK","@id":"https:\/\/baportal.sk\/podnajom\/in\/31791\/#primaryimage","url":"https:\/\/baportal.sk\/podnajom\/wp-content\/uploads\/2022\/03\/Pekny-2i-byt-2-X-NEPRIECH-IZBA-REKONSTRUKCIA-KLIMA-BALKON.jpeg","contentUrl":"https:\/\/baportal.sk\/podnajom\/wp-content\/uploads\/2022\/03\/Pekny-2i-byt-2-X-NEPRIECH-IZBA-REKONSTRUKCIA-KLIMA-BALKON.jpeg","width":600,"height":315},{"@type":"BreadcrumbList","@id":"https:\/\/baportal.sk\/podnajom\/in\/31791\/#breadcrumb","itemListElement":[{"@type":"ListItem","position":1,"name":"Domovsk\u00e1 str\u00e1nka","item":"https:\/\/baportal.sk\/podnajom\/"},{"@type":"ListItem","position":2,"name":"Pekn\u00fd 2i byt, 2 X NEPRIECH. IZBA, REKON\u0160TRUKCIA, KL\u00cdMA, BALK\u00d3N, \u0160pit\u00e1lska ulica"}]},{"@type":"WebSite","@id":"https:\/\/baportal.sk\/podnajom\/#website","url":"https:\/\/baportal.sk\/podnajom\/","name":"Podn\u00e1jom - Baportal.sk - Bratislava","description":"","potentialAction":[{"@type":"SearchAction","target":{"@type":"EntryPoint","urlTemplate":"https:\/\/baportal.sk\/podnajom\/?s={search_term_string}"},"query-input":"required name=search_term_string"}],"inLanguage":"sk-SK"},{"@type":"Person","@id":"https:\/\/baportal.sk\/podnajom\/#\/schema\/person\/1048c08c599b2e93379d6374549bd168","name":"marek","image":{"@type":"ImageObject","inLanguage":"sk-SK","@id":"https:\/\/baportal.sk\/podnajom\/#\/schema\/person\/image\/","url":"https:\/\/secure.gravatar.com\/avatar\/cdf0fbd37411d455f1afd87f93b867f6?s=96&d=mm&r=g","contentUrl":"https:\/\/secure.gravatar.com\/avatar\/cdf0fbd37411d455f1afd87f93b867f6?s=96&d=mm&r=g","caption":"marek"},"sameAs":["https:\/\/www.baportal.sk\/podnajom"]}]}},"_links":{"self":[{"href":"https:\/\/baportal.sk\/podnajom\/wp-json\/wp\/v2\/posts\/31791"}],"collection":[{"href":"https:\/\/baportal.sk\/podnajom\/wp-json\/wp\/v2\/posts"}],"about":[{"href":"https:\/\/baportal.sk\/podnajom\/wp-json\/wp\/v2\/types\/post"}],"author":[{"embeddable":true,"href":"https:\/\/baportal.sk\/podnajom\/wp-json\/wp\/v2\/users\/1"}],"replies":[{"embeddable":true,"href":"https:\/\/baportal.sk\/podnajom\/wp-json\/wp\/v2\/comments?post=31791"}],"version-history":[{"count":0,"href":"https:\/\/baportal.sk\/podnajom\/wp-json\/wp\/v2\/posts\/31791\/revisions"}],"wp:featuredmedia":[{"embeddable":true,"href":"https:\/\/baportal.sk\/podnajom\/wp-json\/wp\/v2\/media\/31792"}],"wp:attachment":[{"href":"https:\/\/baportal.sk\/podnajom\/wp-json\/wp\/v2\/media?parent=31791"}],"wp:term":[{"taxonomy":"category","embeddable":true,"href":"https:\/\/baportal.sk\/podnajom\/wp-json\/wp\/v2\/categories?post=31791"},{"taxonomy":"post_tag","embeddable":true,"href":"https:\/\/baportal.sk\/podnajom\/wp-json\/wp\/v2\/tags?post=31791"}],"curies":[{"name":"wp","href":"https:\/\/api.w.org\/{rel}","templated":true}]}}