{"id":31922,"date":"2022-03-16T10:54:51","date_gmt":"2022-03-16T09:54:51","guid":{"rendered":"https:\/\/baportal.sk\/podnajom\/in\/31922\/"},"modified":"2022-03-16T10:54:51","modified_gmt":"2022-03-16T09:54:51","slug":"byt-3-izbovy-bratislava-i-stare-mesto","status":"publish","type":"post","link":"https:\/\/baportal.sk\/podnajom\/in\/31922\/","title":{"rendered":"Byt 3 izbov\u00fd Bratislava I Star\u00e9 Mesto"},"content":{"rendered":"<div class=\"text-inner\">\n                                Dizajnovo zariaden\u00fd ve\u013ekorys\u00fd 3-izbov\u00fd byt v \u0161t\u00fdle art deco so zachovan\u00fdmi historick\u00fdmi prvkami v tichom prostred\u00ed na Palis\u00e1dach.<\/p>\n<p>Dispoz\u00edcia bytu na 1. poschod\u00ed (nie pr\u00edzemie) za\u010d\u00edna vstupnou halou, na ktor\u00fa plynulo nadv\u00e4zuje ob\u00fdvacia izba s presvetlen\u00fdm v\u00fdklenkom do z\u00e1hrady. Po \u013eavej strane chodby n\u00e1jdeme jednu men\u0161iu sp\u00e1l\u0148u s v\u00fdchodom na balk\u00f3n a hlavn\u00fa sp\u00e1l\u0148u, ktor\u00e1 m\u00e1 v\u00fdh\u013ead na dve svetov\u00e9 strany. Pravou stranou chodby so zabudovanou klimatiz\u00e1ciou sa tiahne sklenen\u00e1 stena, ktor\u00e1 za dverami ukr\u00fdva \u0161atn\u00edk a technick\u00fa miestnos\u0165 s botn\u00edkom. Na chodbe je k dispoz\u00edcii pre host\u00ed aj samostatn\u00e1 toaleta s um\u00fdvadlom. Na konci chodby sa nach\u00e1dza kuchy\u0148a spojen\u00e1 s jed\u00e1l\u0148ou, cez ktor\u00fa sa d\u00e1 dvojkr\u00eddlov\u00fdmi dverami dosta\u0165 do slne\u010dnej k\u00fape\u013ene s walk-in sprchov\u00fdm k\u00fatom, solit\u00e9rnou va\u0148ou, skrinkou s dizajnov\u00fdm um\u00fdvadlom, bidetom a toaletou.<\/p>\n<p>\nInteri\u00e9r vznikol pod\u013ea n\u00e1vrhu architekta Erika Pastuchu z ateli\u00e9ru Studio e. V celom byte boli pou\u017eit\u00e9 kvalitn\u00e9 dreven\u00e9 parkety, kazetov\u00e9 dvere, hodv\u00e1bne tapety, ozdobn\u00e9 \u0161tukov\u00e9 steny, na stropoch boli zre\u0161taurovan\u00e9 p\u00f4vodn\u00e9 dobov\u00e9 \u0161tuky. S\u00fa\u010das\u0165ou vybavenia s\u00fa ru\u010dne tkan\u00e9 hodv\u00e1bne koberce, origin\u00e1lne dizajnov\u00e9 svietidl\u00e1 a doplnky.<\/p>\n<p>\nHlavnej sp\u00e1lni dominuje \u010dal\u00fanen\u00e1 poste\u013e, pozd\u013a\u017e celej jednej steny s\u00fa \u00falo\u017en\u00e9 priestory. V ob\u00fdvacej izbe je pohodln\u00e1 zamatov\u00e1 sedacia s\u00faprava, v kuchyni elegantn\u00e1 kuchynsk\u00e1 linka so zabudovan\u00fdmi spotrebi\u010dmi vo v\u00fdraznej modro-zlatej farebnej kombin\u00e1cii a okr\u00fahlym jed\u00e1lensk\u00fdm stolom. V k\u00fape\u013eni je vybavenie od zna\u010diek Cielo, Fantini, Azurra, pod ve\u013ekorozmern\u00fdmi dla\u017edicami je podlahov\u00e9 k\u00farenie.<\/p>\n<p>\n20-bodov\u00e9 bezpe\u010dnostn\u00e9 vchodov\u00e9 dvere s hr\u00fabkou 10 cm poskytuj\u00fa pocit bezpe\u010dia aj n\u00e1ro\u010dn\u00e9mu klientovi. Pod bytom sa nach\u00e1dza priestrann\u00e1 tehlov\u00e1 pivnica. K bytu je mo\u017en\u00e9 prenaja\u0165 si parkovacie st\u00e1tie v gar\u00e1\u017ei.<\/p>\n<p>\nLokalita:<\/p>\n<p>Byt sa nach\u00e1dza v kompletne zrekon\u0161truovanom tehlovom dome postavenom v roku 1946. \u017diadan\u00e1 lokalita Palis\u00e1d v bezprostrednej bl\u00edzkosti Bratislavsk\u00e9ho hradu pon\u00faka tich\u00e9 a pokojn\u00e9 prostredie (okolo domu sa rozprestiera udr\u017eiavan\u00e1 z\u00e1hrada), no z\u00e1rove\u0148 vynikaj\u00facu dopravn\u00fa dostupnos\u0165 a bl\u00edzkos\u0165 obchodov. Na ulici n\u00e1jdeme zast\u00e1vky MHD, kaviarne a slu\u017eby. Centrum mesta je len na skok.<\/p>\n<p>\nInteri\u00e9r 110 m2, balk\u00f3n 1 m2, pivnica 23 m2<\/p>\n<p>Mesa\u010dn\u00fd n\u00e1jom 1990 Eur + 200 Eur energie a slu\u017eby<\/p>\n<p>https:\/\/svoboda-williams.sk\/prenajom\/byty\/detail\/32284-palisady<\/p>\n<p>ID: 32284<\/p>\n<p>----------------------------------<\/p>\n<p>Furnished, designer, generously apportioned 2-bedroom apartment in an Art Deco style with preserved historical features in a quiet part of the Palisades.<\/p>\n<p>\nThe layout of this apartment on the first floor begins with an entrance hall, followed by a living room with a lit alcove overlooking the garden. On the left side of the corridor, there is a smaller bedroom with access to the balcony and the main bedroom, which faces two different directions. On the right side of the corridor with built-in air conditioning, there is a glass wall that hides a wardrobe and a utility space with a shoe cabinet. There is also a separate toilet with a sink for guests in the hallway. At the end of the corridor, there is a kitchen connected to the dining room and double-wing doors that lead to a sunny bathroom with a walk-in shower, a freestanding bath, a cabinet with a designer sink, a bidet, and a toilet.<\/p>\n<p>\nThe interior was designed by architect Erik Pastucha from Studio e. High quality wooden parquet floors, cassette doors, silk wallpaper, and decorative stucco walls throughout; the original period ceiling stucco was restored. Features include hand-woven silk carpets, original designer lamps, and accessories.<\/p>\n<p>\nThe main bedroom boasts a fabulous upholstered bed, with storage space along the entire wall. There is a comfortable velvet sofa in the living room, The elegant kitchen is fully equipped with built-in appliances in a distinctive blue-gold color scheme and a round dining table. The bathroom boasts Cielo, Fantini, and Azurra sanitary ware and heated large-scale floor tiles.<\/p>\n<p>\nOther facilities include 10-point security entrance doors with a thickness of 10 cm that provide a feeling of security that will satisfy even the most demanding clients. There is also a spacious brick cellar and it is possible to rent a parking space in the garage.<\/p>\n<p>\nLocation:<\/p>\n<p>The apartment is located in a completely renovated brick building built in 1946. The sought-after neighborhood of Palis\u00e1dy in the immediate vicinity of Bratislava Castle offers a quiet and peaceful environment (a maintained garden surrounds the building), but also has excellent transport accessibility and is close to many shops. Bus stops, cafes, and all services are close-by. The city center is just a few minutes away.<\/p>\n<p>\nInterior 110 m2, balcony 1 m2, cellar 23 m2<\/p>\n<p>Rent 1990 Eur monthly + 200 Eur utilities<\/p>\n<p>https:\/\/en.svoboda-williams.sk\/rent\/apartments\/detail\/32284-palisady<\/p>\n<p>ID: 32284                            <\/p><\/div>\n","protected":false},"excerpt":{"rendered":"<p>Dizajnovo zariaden\u00fd ve\u013ekorys\u00fd 3-izbov\u00fd byt v \u0161t\u00fdle art deco so zachovan\u00fdmi historick\u00fdmi prvkami v tichom prostred\u00ed na Palis\u00e1dach. Dispoz\u00edcia bytu na 1. poschod\u00ed (nie pr\u00edzemie) za\u010d\u00edna vstupnou halou, na ktor\u00fa plynulo nadv\u00e4zuje ob\u00fdvacia izba s presvetlen\u00fdm v\u00fdklenkom do z\u00e1hrady. Po \u013eavej strane chodby n\u00e1jdeme jednu men\u0161iu sp\u00e1l\u0148u s v\u00fdchodom na balk\u00f3n a hlavn\u00fa sp\u00e1l\u0148u, ktor\u00e1 [&hellip;]<\/p>\n","protected":false},"author":1,"featured_media":31923,"comment_status":"open","ping_status":"open","sticky":false,"template":"","format":"standard","meta":{"footnotes":""},"categories":[4],"tags":[],"class_list":["post-31922","post","type-post","status-publish","format-standard","has-post-thumbnail","hentry","category-prenajom-bytu"],"yoast_head":"<!-- This site is optimized with the Yoast SEO plugin v23.1 - https:\/\/yoast.com\/wordpress\/plugins\/seo\/ -->\n<title>Byt 3 izbov\u00fd Bratislava I Star\u00e9 Mesto | Podn\u00e1jom - Baportal.sk - Bratislava<\/title>\n<meta name=\"description\" content=\"Dizajnovo zariaden\u00fd ve\u013ekorys\u00fd 3-izbov\u00fd byt v \u0161t\u00fdle art deco so zachovan\u00fdmi historick\u00fdmi prvkami v tichom prostred\u00ed na Palis\u00e1dach. Dispoz\u00edcia bytu na 1.\" \/>\n<meta name=\"robots\" content=\"index, follow, max-snippet:-1, max-image-preview:large, max-video-preview:-1\" \/>\n<link rel=\"canonical\" href=\"https:\/\/baportal.sk\/podnajom\/in\/31922\/\" \/>\n<meta property=\"og:locale\" content=\"sk_SK\" \/>\n<meta property=\"og:type\" content=\"article\" \/>\n<meta property=\"og:title\" content=\"Byt 3 izbov\u00fd Bratislava I Star\u00e9 Mesto | Podn\u00e1jom - Baportal.sk - Bratislava\" \/>\n<meta property=\"og:description\" content=\"Dizajnovo zariaden\u00fd ve\u013ekorys\u00fd 3-izbov\u00fd byt v \u0161t\u00fdle art deco so zachovan\u00fdmi historick\u00fdmi prvkami v tichom prostred\u00ed na Palis\u00e1dach. Dispoz\u00edcia bytu na 1.\" \/>\n<meta property=\"og:url\" content=\"https:\/\/baportal.sk\/podnajom\/in\/31922\/\" \/>\n<meta property=\"og:site_name\" content=\"Podn\u00e1jom - Baportal.sk - Bratislava\" \/>\n<meta property=\"article:published_time\" content=\"2022-03-16T09:54:51+00:00\" \/>\n<meta property=\"og:image\" content=\"https:\/\/baportal.sk\/podnajom\/wp-content\/uploads\/2022\/03\/Byt-3-izbovy-Bratislava-I-Stare-Mesto.jpeg\" \/>\n\t<meta property=\"og:image:width\" content=\"600\" \/>\n\t<meta property=\"og:image:height\" content=\"315\" \/>\n\t<meta property=\"og:image:type\" content=\"image\/jpeg\" \/>\n<meta name=\"author\" content=\"marek\" \/>\n<meta name=\"twitter:card\" content=\"summary_large_image\" \/>\n<meta name=\"twitter:label1\" content=\"Autor\" \/>\n\t<meta name=\"twitter:data1\" content=\"marek\" \/>\n\t<meta name=\"twitter:label2\" content=\"Predpokladan\u00fd \u010das \u010d\u00edtania\" \/>\n\t<meta name=\"twitter:data2\" content=\"4 min\u00faty\" \/>\n<script type=\"application\/ld+json\" class=\"yoast-schema-graph\">{\"@context\":\"https:\/\/schema.org\",\"@graph\":[{\"@type\":\"WebPage\",\"@id\":\"https:\/\/baportal.sk\/podnajom\/in\/31922\/\",\"url\":\"https:\/\/baportal.sk\/podnajom\/in\/31922\/\",\"name\":\"Byt 3 izbov\u00fd Bratislava I Star\u00e9 Mesto | Podn\u00e1jom - Baportal.sk - Bratislava\",\"isPartOf\":{\"@id\":\"https:\/\/baportal.sk\/podnajom\/#website\"},\"primaryImageOfPage\":{\"@id\":\"https:\/\/baportal.sk\/podnajom\/in\/31922\/#primaryimage\"},\"image\":{\"@id\":\"https:\/\/baportal.sk\/podnajom\/in\/31922\/#primaryimage\"},\"thumbnailUrl\":\"https:\/\/baportal.sk\/podnajom\/wp-content\/uploads\/2022\/03\/Byt-3-izbovy-Bratislava-I-Stare-Mesto.jpeg\",\"datePublished\":\"2022-03-16T09:54:51+00:00\",\"dateModified\":\"2022-03-16T09:54:51+00:00\",\"author\":{\"@id\":\"https:\/\/baportal.sk\/podnajom\/#\/schema\/person\/1048c08c599b2e93379d6374549bd168\"},\"description\":\"Dizajnovo zariaden\u00fd ve\u013ekorys\u00fd 3-izbov\u00fd byt v \u0161t\u00fdle art deco so zachovan\u00fdmi historick\u00fdmi prvkami v tichom prostred\u00ed na Palis\u00e1dach. Dispoz\u00edcia bytu na 1.\",\"breadcrumb\":{\"@id\":\"https:\/\/baportal.sk\/podnajom\/in\/31922\/#breadcrumb\"},\"inLanguage\":\"sk-SK\",\"potentialAction\":[{\"@type\":\"ReadAction\",\"target\":[\"https:\/\/baportal.sk\/podnajom\/in\/31922\/\"]}]},{\"@type\":\"ImageObject\",\"inLanguage\":\"sk-SK\",\"@id\":\"https:\/\/baportal.sk\/podnajom\/in\/31922\/#primaryimage\",\"url\":\"https:\/\/baportal.sk\/podnajom\/wp-content\/uploads\/2022\/03\/Byt-3-izbovy-Bratislava-I-Stare-Mesto.jpeg\",\"contentUrl\":\"https:\/\/baportal.sk\/podnajom\/wp-content\/uploads\/2022\/03\/Byt-3-izbovy-Bratislava-I-Stare-Mesto.jpeg\",\"width\":600,\"height\":315},{\"@type\":\"BreadcrumbList\",\"@id\":\"https:\/\/baportal.sk\/podnajom\/in\/31922\/#breadcrumb\",\"itemListElement\":[{\"@type\":\"ListItem\",\"position\":1,\"name\":\"Domovsk\u00e1 str\u00e1nka\",\"item\":\"https:\/\/baportal.sk\/podnajom\/\"},{\"@type\":\"ListItem\",\"position\":2,\"name\":\"Byt 3 izbov\u00fd Bratislava I Star\u00e9 Mesto\"}]},{\"@type\":\"WebSite\",\"@id\":\"https:\/\/baportal.sk\/podnajom\/#website\",\"url\":\"https:\/\/baportal.sk\/podnajom\/\",\"name\":\"Podn\u00e1jom - Baportal.sk - Bratislava\",\"description\":\"\",\"potentialAction\":[{\"@type\":\"SearchAction\",\"target\":{\"@type\":\"EntryPoint\",\"urlTemplate\":\"https:\/\/baportal.sk\/podnajom\/?s={search_term_string}\"},\"query-input\":\"required name=search_term_string\"}],\"inLanguage\":\"sk-SK\"},{\"@type\":\"Person\",\"@id\":\"https:\/\/baportal.sk\/podnajom\/#\/schema\/person\/1048c08c599b2e93379d6374549bd168\",\"name\":\"marek\",\"image\":{\"@type\":\"ImageObject\",\"inLanguage\":\"sk-SK\",\"@id\":\"https:\/\/baportal.sk\/podnajom\/#\/schema\/person\/image\/\",\"url\":\"https:\/\/secure.gravatar.com\/avatar\/cdf0fbd37411d455f1afd87f93b867f6?s=96&d=mm&r=g\",\"contentUrl\":\"https:\/\/secure.gravatar.com\/avatar\/cdf0fbd37411d455f1afd87f93b867f6?s=96&d=mm&r=g\",\"caption\":\"marek\"},\"sameAs\":[\"https:\/\/www.baportal.sk\/podnajom\"]}]}<\/script>\n<!-- \/ Yoast SEO plugin. -->","yoast_head_json":{"title":"Byt 3 izbov\u00fd Bratislava I Star\u00e9 Mesto | Podn\u00e1jom - Baportal.sk - Bratislava","description":"Dizajnovo zariaden\u00fd ve\u013ekorys\u00fd 3-izbov\u00fd byt v \u0161t\u00fdle art deco so zachovan\u00fdmi historick\u00fdmi prvkami v tichom prostred\u00ed na Palis\u00e1dach. Dispoz\u00edcia bytu na 1.","robots":{"index":"index","follow":"follow","max-snippet":"max-snippet:-1","max-image-preview":"max-image-preview:large","max-video-preview":"max-video-preview:-1"},"canonical":"https:\/\/baportal.sk\/podnajom\/in\/31922\/","og_locale":"sk_SK","og_type":"article","og_title":"Byt 3 izbov\u00fd Bratislava I Star\u00e9 Mesto | Podn\u00e1jom - Baportal.sk - Bratislava","og_description":"Dizajnovo zariaden\u00fd ve\u013ekorys\u00fd 3-izbov\u00fd byt v \u0161t\u00fdle art deco so zachovan\u00fdmi historick\u00fdmi prvkami v tichom prostred\u00ed na Palis\u00e1dach. Dispoz\u00edcia bytu na 1.","og_url":"https:\/\/baportal.sk\/podnajom\/in\/31922\/","og_site_name":"Podn\u00e1jom - Baportal.sk - Bratislava","article_published_time":"2022-03-16T09:54:51+00:00","og_image":[{"width":600,"height":315,"url":"https:\/\/baportal.sk\/podnajom\/wp-content\/uploads\/2022\/03\/Byt-3-izbovy-Bratislava-I-Stare-Mesto.jpeg","type":"image\/jpeg"}],"author":"marek","twitter_card":"summary_large_image","twitter_misc":{"Autor":"marek","Predpokladan\u00fd \u010das \u010d\u00edtania":"4 min\u00faty"},"schema":{"@context":"https:\/\/schema.org","@graph":[{"@type":"WebPage","@id":"https:\/\/baportal.sk\/podnajom\/in\/31922\/","url":"https:\/\/baportal.sk\/podnajom\/in\/31922\/","name":"Byt 3 izbov\u00fd Bratislava I Star\u00e9 Mesto | Podn\u00e1jom - Baportal.sk - Bratislava","isPartOf":{"@id":"https:\/\/baportal.sk\/podnajom\/#website"},"primaryImageOfPage":{"@id":"https:\/\/baportal.sk\/podnajom\/in\/31922\/#primaryimage"},"image":{"@id":"https:\/\/baportal.sk\/podnajom\/in\/31922\/#primaryimage"},"thumbnailUrl":"https:\/\/baportal.sk\/podnajom\/wp-content\/uploads\/2022\/03\/Byt-3-izbovy-Bratislava-I-Stare-Mesto.jpeg","datePublished":"2022-03-16T09:54:51+00:00","dateModified":"2022-03-16T09:54:51+00:00","author":{"@id":"https:\/\/baportal.sk\/podnajom\/#\/schema\/person\/1048c08c599b2e93379d6374549bd168"},"description":"Dizajnovo zariaden\u00fd ve\u013ekorys\u00fd 3-izbov\u00fd byt v \u0161t\u00fdle art deco so zachovan\u00fdmi historick\u00fdmi prvkami v tichom prostred\u00ed na Palis\u00e1dach. Dispoz\u00edcia bytu na 1.","breadcrumb":{"@id":"https:\/\/baportal.sk\/podnajom\/in\/31922\/#breadcrumb"},"inLanguage":"sk-SK","potentialAction":[{"@type":"ReadAction","target":["https:\/\/baportal.sk\/podnajom\/in\/31922\/"]}]},{"@type":"ImageObject","inLanguage":"sk-SK","@id":"https:\/\/baportal.sk\/podnajom\/in\/31922\/#primaryimage","url":"https:\/\/baportal.sk\/podnajom\/wp-content\/uploads\/2022\/03\/Byt-3-izbovy-Bratislava-I-Stare-Mesto.jpeg","contentUrl":"https:\/\/baportal.sk\/podnajom\/wp-content\/uploads\/2022\/03\/Byt-3-izbovy-Bratislava-I-Stare-Mesto.jpeg","width":600,"height":315},{"@type":"BreadcrumbList","@id":"https:\/\/baportal.sk\/podnajom\/in\/31922\/#breadcrumb","itemListElement":[{"@type":"ListItem","position":1,"name":"Domovsk\u00e1 str\u00e1nka","item":"https:\/\/baportal.sk\/podnajom\/"},{"@type":"ListItem","position":2,"name":"Byt 3 izbov\u00fd Bratislava I Star\u00e9 Mesto"}]},{"@type":"WebSite","@id":"https:\/\/baportal.sk\/podnajom\/#website","url":"https:\/\/baportal.sk\/podnajom\/","name":"Podn\u00e1jom - Baportal.sk - Bratislava","description":"","potentialAction":[{"@type":"SearchAction","target":{"@type":"EntryPoint","urlTemplate":"https:\/\/baportal.sk\/podnajom\/?s={search_term_string}"},"query-input":"required name=search_term_string"}],"inLanguage":"sk-SK"},{"@type":"Person","@id":"https:\/\/baportal.sk\/podnajom\/#\/schema\/person\/1048c08c599b2e93379d6374549bd168","name":"marek","image":{"@type":"ImageObject","inLanguage":"sk-SK","@id":"https:\/\/baportal.sk\/podnajom\/#\/schema\/person\/image\/","url":"https:\/\/secure.gravatar.com\/avatar\/cdf0fbd37411d455f1afd87f93b867f6?s=96&d=mm&r=g","contentUrl":"https:\/\/secure.gravatar.com\/avatar\/cdf0fbd37411d455f1afd87f93b867f6?s=96&d=mm&r=g","caption":"marek"},"sameAs":["https:\/\/www.baportal.sk\/podnajom"]}]}},"_links":{"self":[{"href":"https:\/\/baportal.sk\/podnajom\/wp-json\/wp\/v2\/posts\/31922"}],"collection":[{"href":"https:\/\/baportal.sk\/podnajom\/wp-json\/wp\/v2\/posts"}],"about":[{"href":"https:\/\/baportal.sk\/podnajom\/wp-json\/wp\/v2\/types\/post"}],"author":[{"embeddable":true,"href":"https:\/\/baportal.sk\/podnajom\/wp-json\/wp\/v2\/users\/1"}],"replies":[{"embeddable":true,"href":"https:\/\/baportal.sk\/podnajom\/wp-json\/wp\/v2\/comments?post=31922"}],"version-history":[{"count":0,"href":"https:\/\/baportal.sk\/podnajom\/wp-json\/wp\/v2\/posts\/31922\/revisions"}],"wp:featuredmedia":[{"embeddable":true,"href":"https:\/\/baportal.sk\/podnajom\/wp-json\/wp\/v2\/media\/31923"}],"wp:attachment":[{"href":"https:\/\/baportal.sk\/podnajom\/wp-json\/wp\/v2\/media?parent=31922"}],"wp:term":[{"taxonomy":"category","embeddable":true,"href":"https:\/\/baportal.sk\/podnajom\/wp-json\/wp\/v2\/categories?post=31922"},{"taxonomy":"post_tag","embeddable":true,"href":"https:\/\/baportal.sk\/podnajom\/wp-json\/wp\/v2\/tags?post=31922"}],"curies":[{"name":"wp","href":"https:\/\/api.w.org\/{rel}","templated":true}]}}