{"id":32213,"date":"2022-03-19T15:11:42","date_gmt":"2022-03-19T14:11:42","guid":{"rendered":"https:\/\/baportal.sk\/podnajom\/in\/32213\/"},"modified":"2022-03-19T15:11:42","modified_gmt":"2022-03-19T14:11:42","slug":"2-izbovy-byt-3","status":"publish","type":"post","link":"https:\/\/baportal.sk\/podnajom\/in\/32213\/","title":{"rendered":"2 izbov\u00fd byt"},"content":{"rendered":"<p>Pren\u00e1jom 2 izb. bytu - Trebi\u0161ovsk\u00e1, Ru\u017einov, 61m2<br \/> Pon\u00fakame na pren\u00e1jom ve\u013ek\u00fd, \u00fatuln\u00fd, svetl\u00fd 2 izb. byt po \u010diast. rekon\u0161trukcii na ul.Trebi\u0161ovsk\u00e1.<\/p>\n<p><\/p>\n<p> Orient\u00e1cia bytu na v\u00fdchod a z\u00e1pad + balk\u00f3n na sever.<br \/> s v\u00fdh\u013eadom na parky .<br \/> Dispoz\u00edcia: vstupn\u00e1 chodba, kuchy\u0148a spojen\u00e1 s ob\u00fdva\u010dkou, sp\u00e1lna, ve\u013ek\u00e1 k\u00fape\u013ena s WC, z ob\u00fdva\u010dky v\u00fdchod na balk\u00f3nik.<br \/> Vybavenie: vstavan\u00e9 spotrebi\u010de v kuchyni vr\u00e1tane um\u00fdva\u010dky riadu, k\u00e1vovar , ve\u013ek\u00e1 chladni\u010dka s mrazni\u010dkou, mikrovln\u00e1 r\u00fara, pra\u010dka, klimatiz\u00e1cia, dreven\u00e9 parkety,...<\/p>\n<p><img loading=\"lazy\" decoding=\"async\" src=\"https:\/\/scontent.fbts3-1.fna.fbcdn.net\/v\/t39.30808-6\/276142752_7172889899418900_4252128208841043552_n.jpg?stp=c0.28.110.110a_cp0_dst-jpg_e15_p110x80_q65&_nc_cat=101&ccb=1-5&_nc_sid=5bac3a&_nc_ohc=Zdl_NhtKxCwAX9il9yW&_nc_ht=scontent.fbts3-1.fna&oh=00_AT-aWVbi2JPUoMGc_oCkKIFBe5Y7oCmhOiKKExvJpZgwMw&oe=623B9D56\" width=\"102\" height=\"102\" class=\"cy l\"><img loading=\"lazy\" decoding=\"async\" src=\"https:\/\/scontent.fbts3-1.fna.fbcdn.net\/v\/t39.30808-6\/275925985_7172889016085655_8261476961182436293_n.jpg?stp=c0.4.110.111a_cp0_dst-jpg_e15_p110x80_q65&_nc_cat=103&ccb=1-5&_nc_sid=5bac3a&_nc_ohc=zm3V-R9rST4AX_rAXF6&_nc_ht=scontent.fbts3-1.fna&oh=00_AT-2gg3IsVFEM0bzuVx14Z2HWsrKJXABMmqjmb4y4M5bjQ&oe=623B9B94\" width=\"101\" height=\"102\" class=\"cy l\"><img loading=\"lazy\" decoding=\"async\" src=\"https:\/\/scontent.fbts3-1.fna.fbcdn.net\/v\/t39.30808-6\/276118226_7172889229418967_8430691918321418816_n.jpg?stp=cp0_dst-jpg_e15_q65_s75x225&_nc_cat=108&ccb=1-5&_nc_sid=5bac3a&_nc_ohc=XbZs-vT8aBwAX-BuZuk&_nc_ht=scontent.fbts3-1.fna&oh=00_AT_hUC_51JaXkJg94BcGkb5NY1SbXp5Up56elAUj74nEYQ&oe=623A7C95\" width=\"68\" height=\"67\" class=\"cy l\"><img loading=\"lazy\" decoding=\"async\" src=\"https:\/\/scontent.fbts3-1.fna.fbcdn.net\/v\/t39.30808-6\/276153696_7172890059418884_181478369089856840_n.jpg?stp=c0.141.750.750a_cp0_dst-jpg_e15_q65_s75x225&_nc_cat=104&ccb=1-5&_nc_sid=5bac3a&_nc_ohc=bev7JvEs6_YAX98SvMJ&_nc_ht=scontent.fbts3-1.fna&oh=00_AT9pugjWjh8uIcqNnpni3Ac-Ot6jAoxuciBsULxj-XDGQQ&oe=623AA68B\" width=\"67\" height=\"67\" class=\"cy l\"><img loading=\"lazy\" decoding=\"async\" src=\"https:\/\/scontent.fbts3-1.fna.fbcdn.net\/v\/t39.30808-6\/275232941_7172889036085653_6106993463811479894_n.jpg?stp=c0.8.750.750a_cp0_dst-jpg_e15_q65_s75x225&_nc_cat=109&ccb=1-5&_nc_sid=5bac3a&_nc_ohc=oKxofvUaLY4AX85XELo&_nc_ht=scontent.fbts3-1.fna&oh=00_AT85Dy2xHvjhDGSVIhZE_MfnbF-zz18HrAfzui1nTCSQkg&oe=623AAF94\" width=\"67\" height=\"67\" class=\"cy l\"><\/p>\n<div id=\"fb-root\"><\/div>\n<p><script>\n(function(d, s, id) {\n    var js, fjs = d.getElementsByTagName(s)[0];\n    if (d.getElementById(id))\n        return;\n    js = d.createElement(s);\n    js.id = id;\n    js.src = \"\/\/connect.facebook.net\/en_US\/all.js#xfbml=1\";\n    fjs.parentNode.insertBefore(js, fjs);\n}(document, 'script', 'facebook-jssdk'));\n<\/script><\/p>\n<div class=\"fb-post\" data-href=\"https:\/\/www.facebook.com\/123700788304715\/posts\/979471186061000\"><\/div>\n","protected":false},"excerpt":{"rendered":"<p>Pren\u00e1jom 2 izb. bytu - Trebi\u0161ovsk\u00e1, Ru\u017einov, 61m2 Pon\u00fakame na pren\u00e1jom ve\u013ek\u00fd, \u00fatuln\u00fd, svetl\u00fd 2 izb. byt po \u010diast. rekon\u0161trukcii na ul.Trebi\u0161ovsk\u00e1. Orient\u00e1cia bytu na v\u00fdchod a z\u00e1pad + balk\u00f3n na sever. s v\u00fdh\u013eadom na parky . Dispoz\u00edcia: vstupn\u00e1 chodba, kuchy\u0148a spojen\u00e1 s ob\u00fdva\u010dkou, sp\u00e1lna, ve\u013ek\u00e1 k\u00fape\u013ena s WC, z ob\u00fdva\u010dky v\u00fdchod na balk\u00f3nik. Vybavenie: [&hellip;]<\/p>\n","protected":false},"author":1,"featured_media":0,"comment_status":"open","ping_status":"open","sticky":false,"template":"","format":"standard","meta":{"footnotes":""},"categories":[1],"tags":[],"class_list":["post-32213","post","type-post","status-publish","format-standard","hentry","category-nezaradene"],"yoast_head":"<!-- This site is optimized with the Yoast SEO plugin v23.1 - https:\/\/yoast.com\/wordpress\/plugins\/seo\/ -->\n<title>2 izbov\u00fd byt | Podn\u00e1jom - Baportal.sk - Bratislava<\/title>\n<meta name=\"description\" content=\"Pren\u00e1jom 2 izb. bytu - Trebi\u0161ovsk\u00e1, Ru\u017einov, 61m2 Pon\u00fakame na pren\u00e1jom ve\u013ek\u00fd, \u00fatuln\u00fd, svetl\u00fd 2 izb. byt po \u010diast. rekon\u0161trukcii na ul.Trebi\u0161ovsk\u00e1.\" \/>\n<meta name=\"robots\" content=\"index, follow, max-snippet:-1, max-image-preview:large, max-video-preview:-1\" \/>\n<link rel=\"canonical\" href=\"https:\/\/baportal.sk\/podnajom\/in\/32213\/\" \/>\n<meta property=\"og:locale\" content=\"sk_SK\" \/>\n<meta property=\"og:type\" content=\"article\" \/>\n<meta property=\"og:title\" content=\"2 izbov\u00fd byt | Podn\u00e1jom - Baportal.sk - Bratislava\" \/>\n<meta property=\"og:description\" content=\"Pren\u00e1jom 2 izb. bytu - Trebi\u0161ovsk\u00e1, Ru\u017einov, 61m2 Pon\u00fakame na pren\u00e1jom ve\u013ek\u00fd, \u00fatuln\u00fd, svetl\u00fd 2 izb. byt po \u010diast. rekon\u0161trukcii na ul.Trebi\u0161ovsk\u00e1.\" \/>\n<meta property=\"og:url\" content=\"https:\/\/baportal.sk\/podnajom\/in\/32213\/\" \/>\n<meta property=\"og:site_name\" content=\"Podn\u00e1jom - Baportal.sk - Bratislava\" \/>\n<meta property=\"article:published_time\" content=\"2022-03-19T14:11:42+00:00\" \/>\n<meta property=\"og:image\" content=\"https:\/\/scontent.fbts3-1.fna.fbcdn.net\/v\/t39.30808-6\/276142752_7172889899418900_4252128208841043552_n.jpg?stp=c0.28.110.110a_cp0_dst-jpg_e15_p110x80_q65&_nc_cat=101&ccb=1-5&_nc_sid=5bac3a&_nc_ohc=Zdl_NhtKxCwAX9il9yW&_nc_ht=scontent.fbts3-1.fna&oh=00_AT-aWVbi2JPUoMGc_oCkKIFBe5Y7oCmhOiKKExvJpZgwMw&oe=623B9D56\" \/>\n<meta name=\"author\" content=\"marek\" \/>\n<meta name=\"twitter:card\" content=\"summary_large_image\" \/>\n<meta name=\"twitter:label1\" content=\"Autor\" \/>\n\t<meta name=\"twitter:data1\" content=\"marek\" \/>\n\t<meta name=\"twitter:label2\" content=\"Predpokladan\u00fd \u010das \u010d\u00edtania\" \/>\n\t<meta name=\"twitter:data2\" content=\"1 min\u00fata\" \/>\n<script type=\"application\/ld+json\" class=\"yoast-schema-graph\">{\"@context\":\"https:\/\/schema.org\",\"@graph\":[{\"@type\":\"WebPage\",\"@id\":\"https:\/\/baportal.sk\/podnajom\/in\/32213\/\",\"url\":\"https:\/\/baportal.sk\/podnajom\/in\/32213\/\",\"name\":\"2 izbov\u00fd byt | Podn\u00e1jom - Baportal.sk - Bratislava\",\"isPartOf\":{\"@id\":\"https:\/\/baportal.sk\/podnajom\/#website\"},\"primaryImageOfPage\":{\"@id\":\"https:\/\/baportal.sk\/podnajom\/in\/32213\/#primaryimage\"},\"image\":{\"@id\":\"https:\/\/baportal.sk\/podnajom\/in\/32213\/#primaryimage\"},\"thumbnailUrl\":\"https:\/\/scontent.fbts3-1.fna.fbcdn.net\/v\/t39.30808-6\/276142752_7172889899418900_4252128208841043552_n.jpg?stp=c0.28.110.110a_cp0_dst-jpg_e15_p110x80_q65&_nc_cat=101&ccb=1-5&_nc_sid=5bac3a&_nc_ohc=Zdl_NhtKxCwAX9il9yW&_nc_ht=scontent.fbts3-1.fna&oh=00_AT-aWVbi2JPUoMGc_oCkKIFBe5Y7oCmhOiKKExvJpZgwMw&oe=623B9D56\",\"datePublished\":\"2022-03-19T14:11:42+00:00\",\"dateModified\":\"2022-03-19T14:11:42+00:00\",\"author\":{\"@id\":\"https:\/\/baportal.sk\/podnajom\/#\/schema\/person\/1048c08c599b2e93379d6374549bd168\"},\"description\":\"Pren\u00e1jom 2 izb. bytu - Trebi\u0161ovsk\u00e1, Ru\u017einov, 61m2 Pon\u00fakame na pren\u00e1jom ve\u013ek\u00fd, \u00fatuln\u00fd, svetl\u00fd 2 izb. byt po \u010diast. rekon\u0161trukcii na ul.Trebi\u0161ovsk\u00e1.\",\"breadcrumb\":{\"@id\":\"https:\/\/baportal.sk\/podnajom\/in\/32213\/#breadcrumb\"},\"inLanguage\":\"sk-SK\",\"potentialAction\":[{\"@type\":\"ReadAction\",\"target\":[\"https:\/\/baportal.sk\/podnajom\/in\/32213\/\"]}]},{\"@type\":\"ImageObject\",\"inLanguage\":\"sk-SK\",\"@id\":\"https:\/\/baportal.sk\/podnajom\/in\/32213\/#primaryimage\",\"url\":\"https:\/\/scontent.fbts3-1.fna.fbcdn.net\/v\/t39.30808-6\/276142752_7172889899418900_4252128208841043552_n.jpg?stp=c0.28.110.110a_cp0_dst-jpg_e15_p110x80_q65&_nc_cat=101&ccb=1-5&_nc_sid=5bac3a&_nc_ohc=Zdl_NhtKxCwAX9il9yW&_nc_ht=scontent.fbts3-1.fna&oh=00_AT-aWVbi2JPUoMGc_oCkKIFBe5Y7oCmhOiKKExvJpZgwMw&oe=623B9D56\",\"contentUrl\":\"https:\/\/scontent.fbts3-1.fna.fbcdn.net\/v\/t39.30808-6\/276142752_7172889899418900_4252128208841043552_n.jpg?stp=c0.28.110.110a_cp0_dst-jpg_e15_p110x80_q65&_nc_cat=101&ccb=1-5&_nc_sid=5bac3a&_nc_ohc=Zdl_NhtKxCwAX9il9yW&_nc_ht=scontent.fbts3-1.fna&oh=00_AT-aWVbi2JPUoMGc_oCkKIFBe5Y7oCmhOiKKExvJpZgwMw&oe=623B9D56\"},{\"@type\":\"BreadcrumbList\",\"@id\":\"https:\/\/baportal.sk\/podnajom\/in\/32213\/#breadcrumb\",\"itemListElement\":[{\"@type\":\"ListItem\",\"position\":1,\"name\":\"Domovsk\u00e1 str\u00e1nka\",\"item\":\"https:\/\/baportal.sk\/podnajom\/\"},{\"@type\":\"ListItem\",\"position\":2,\"name\":\"2 izbov\u00fd byt\"}]},{\"@type\":\"WebSite\",\"@id\":\"https:\/\/baportal.sk\/podnajom\/#website\",\"url\":\"https:\/\/baportal.sk\/podnajom\/\",\"name\":\"Podn\u00e1jom - Baportal.sk - Bratislava\",\"description\":\"\",\"potentialAction\":[{\"@type\":\"SearchAction\",\"target\":{\"@type\":\"EntryPoint\",\"urlTemplate\":\"https:\/\/baportal.sk\/podnajom\/?s={search_term_string}\"},\"query-input\":\"required name=search_term_string\"}],\"inLanguage\":\"sk-SK\"},{\"@type\":\"Person\",\"@id\":\"https:\/\/baportal.sk\/podnajom\/#\/schema\/person\/1048c08c599b2e93379d6374549bd168\",\"name\":\"marek\",\"image\":{\"@type\":\"ImageObject\",\"inLanguage\":\"sk-SK\",\"@id\":\"https:\/\/baportal.sk\/podnajom\/#\/schema\/person\/image\/\",\"url\":\"https:\/\/secure.gravatar.com\/avatar\/cdf0fbd37411d455f1afd87f93b867f6?s=96&d=mm&r=g\",\"contentUrl\":\"https:\/\/secure.gravatar.com\/avatar\/cdf0fbd37411d455f1afd87f93b867f6?s=96&d=mm&r=g\",\"caption\":\"marek\"},\"sameAs\":[\"https:\/\/www.baportal.sk\/podnajom\"]}]}<\/script>\n<!-- \/ Yoast SEO plugin. -->","yoast_head_json":{"title":"2 izbov\u00fd byt | Podn\u00e1jom - Baportal.sk - Bratislava","description":"Pren\u00e1jom 2 izb. bytu - Trebi\u0161ovsk\u00e1, Ru\u017einov, 61m2 Pon\u00fakame na pren\u00e1jom ve\u013ek\u00fd, \u00fatuln\u00fd, svetl\u00fd 2 izb. byt po \u010diast. rekon\u0161trukcii na ul.Trebi\u0161ovsk\u00e1.","robots":{"index":"index","follow":"follow","max-snippet":"max-snippet:-1","max-image-preview":"max-image-preview:large","max-video-preview":"max-video-preview:-1"},"canonical":"https:\/\/baportal.sk\/podnajom\/in\/32213\/","og_locale":"sk_SK","og_type":"article","og_title":"2 izbov\u00fd byt | Podn\u00e1jom - Baportal.sk - Bratislava","og_description":"Pren\u00e1jom 2 izb. bytu - Trebi\u0161ovsk\u00e1, Ru\u017einov, 61m2 Pon\u00fakame na pren\u00e1jom ve\u013ek\u00fd, \u00fatuln\u00fd, svetl\u00fd 2 izb. byt po \u010diast. rekon\u0161trukcii na ul.Trebi\u0161ovsk\u00e1.","og_url":"https:\/\/baportal.sk\/podnajom\/in\/32213\/","og_site_name":"Podn\u00e1jom - Baportal.sk - Bratislava","article_published_time":"2022-03-19T14:11:42+00:00","og_image":[{"url":"https:\/\/scontent.fbts3-1.fna.fbcdn.net\/v\/t39.30808-6\/276142752_7172889899418900_4252128208841043552_n.jpg?stp=c0.28.110.110a_cp0_dst-jpg_e15_p110x80_q65&_nc_cat=101&ccb=1-5&_nc_sid=5bac3a&_nc_ohc=Zdl_NhtKxCwAX9il9yW&_nc_ht=scontent.fbts3-1.fna&oh=00_AT-aWVbi2JPUoMGc_oCkKIFBe5Y7oCmhOiKKExvJpZgwMw&oe=623B9D56"}],"author":"marek","twitter_card":"summary_large_image","twitter_misc":{"Autor":"marek","Predpokladan\u00fd \u010das \u010d\u00edtania":"1 min\u00fata"},"schema":{"@context":"https:\/\/schema.org","@graph":[{"@type":"WebPage","@id":"https:\/\/baportal.sk\/podnajom\/in\/32213\/","url":"https:\/\/baportal.sk\/podnajom\/in\/32213\/","name":"2 izbov\u00fd byt | Podn\u00e1jom - Baportal.sk - Bratislava","isPartOf":{"@id":"https:\/\/baportal.sk\/podnajom\/#website"},"primaryImageOfPage":{"@id":"https:\/\/baportal.sk\/podnajom\/in\/32213\/#primaryimage"},"image":{"@id":"https:\/\/baportal.sk\/podnajom\/in\/32213\/#primaryimage"},"thumbnailUrl":"https:\/\/scontent.fbts3-1.fna.fbcdn.net\/v\/t39.30808-6\/276142752_7172889899418900_4252128208841043552_n.jpg?stp=c0.28.110.110a_cp0_dst-jpg_e15_p110x80_q65&_nc_cat=101&ccb=1-5&_nc_sid=5bac3a&_nc_ohc=Zdl_NhtKxCwAX9il9yW&_nc_ht=scontent.fbts3-1.fna&oh=00_AT-aWVbi2JPUoMGc_oCkKIFBe5Y7oCmhOiKKExvJpZgwMw&oe=623B9D56","datePublished":"2022-03-19T14:11:42+00:00","dateModified":"2022-03-19T14:11:42+00:00","author":{"@id":"https:\/\/baportal.sk\/podnajom\/#\/schema\/person\/1048c08c599b2e93379d6374549bd168"},"description":"Pren\u00e1jom 2 izb. bytu - Trebi\u0161ovsk\u00e1, Ru\u017einov, 61m2 Pon\u00fakame na pren\u00e1jom ve\u013ek\u00fd, \u00fatuln\u00fd, svetl\u00fd 2 izb. byt po \u010diast. rekon\u0161trukcii na ul.Trebi\u0161ovsk\u00e1.","breadcrumb":{"@id":"https:\/\/baportal.sk\/podnajom\/in\/32213\/#breadcrumb"},"inLanguage":"sk-SK","potentialAction":[{"@type":"ReadAction","target":["https:\/\/baportal.sk\/podnajom\/in\/32213\/"]}]},{"@type":"ImageObject","inLanguage":"sk-SK","@id":"https:\/\/baportal.sk\/podnajom\/in\/32213\/#primaryimage","url":"https:\/\/scontent.fbts3-1.fna.fbcdn.net\/v\/t39.30808-6\/276142752_7172889899418900_4252128208841043552_n.jpg?stp=c0.28.110.110a_cp0_dst-jpg_e15_p110x80_q65&_nc_cat=101&ccb=1-5&_nc_sid=5bac3a&_nc_ohc=Zdl_NhtKxCwAX9il9yW&_nc_ht=scontent.fbts3-1.fna&oh=00_AT-aWVbi2JPUoMGc_oCkKIFBe5Y7oCmhOiKKExvJpZgwMw&oe=623B9D56","contentUrl":"https:\/\/scontent.fbts3-1.fna.fbcdn.net\/v\/t39.30808-6\/276142752_7172889899418900_4252128208841043552_n.jpg?stp=c0.28.110.110a_cp0_dst-jpg_e15_p110x80_q65&_nc_cat=101&ccb=1-5&_nc_sid=5bac3a&_nc_ohc=Zdl_NhtKxCwAX9il9yW&_nc_ht=scontent.fbts3-1.fna&oh=00_AT-aWVbi2JPUoMGc_oCkKIFBe5Y7oCmhOiKKExvJpZgwMw&oe=623B9D56"},{"@type":"BreadcrumbList","@id":"https:\/\/baportal.sk\/podnajom\/in\/32213\/#breadcrumb","itemListElement":[{"@type":"ListItem","position":1,"name":"Domovsk\u00e1 str\u00e1nka","item":"https:\/\/baportal.sk\/podnajom\/"},{"@type":"ListItem","position":2,"name":"2 izbov\u00fd byt"}]},{"@type":"WebSite","@id":"https:\/\/baportal.sk\/podnajom\/#website","url":"https:\/\/baportal.sk\/podnajom\/","name":"Podn\u00e1jom - Baportal.sk - Bratislava","description":"","potentialAction":[{"@type":"SearchAction","target":{"@type":"EntryPoint","urlTemplate":"https:\/\/baportal.sk\/podnajom\/?s={search_term_string}"},"query-input":"required name=search_term_string"}],"inLanguage":"sk-SK"},{"@type":"Person","@id":"https:\/\/baportal.sk\/podnajom\/#\/schema\/person\/1048c08c599b2e93379d6374549bd168","name":"marek","image":{"@type":"ImageObject","inLanguage":"sk-SK","@id":"https:\/\/baportal.sk\/podnajom\/#\/schema\/person\/image\/","url":"https:\/\/secure.gravatar.com\/avatar\/cdf0fbd37411d455f1afd87f93b867f6?s=96&d=mm&r=g","contentUrl":"https:\/\/secure.gravatar.com\/avatar\/cdf0fbd37411d455f1afd87f93b867f6?s=96&d=mm&r=g","caption":"marek"},"sameAs":["https:\/\/www.baportal.sk\/podnajom"]}]}},"_links":{"self":[{"href":"https:\/\/baportal.sk\/podnajom\/wp-json\/wp\/v2\/posts\/32213"}],"collection":[{"href":"https:\/\/baportal.sk\/podnajom\/wp-json\/wp\/v2\/posts"}],"about":[{"href":"https:\/\/baportal.sk\/podnajom\/wp-json\/wp\/v2\/types\/post"}],"author":[{"embeddable":true,"href":"https:\/\/baportal.sk\/podnajom\/wp-json\/wp\/v2\/users\/1"}],"replies":[{"embeddable":true,"href":"https:\/\/baportal.sk\/podnajom\/wp-json\/wp\/v2\/comments?post=32213"}],"version-history":[{"count":0,"href":"https:\/\/baportal.sk\/podnajom\/wp-json\/wp\/v2\/posts\/32213\/revisions"}],"wp:attachment":[{"href":"https:\/\/baportal.sk\/podnajom\/wp-json\/wp\/v2\/media?parent=32213"}],"wp:term":[{"taxonomy":"category","embeddable":true,"href":"https:\/\/baportal.sk\/podnajom\/wp-json\/wp\/v2\/categories?post=32213"},{"taxonomy":"post_tag","embeddable":true,"href":"https:\/\/baportal.sk\/podnajom\/wp-json\/wp\/v2\/tags?post=32213"}],"curies":[{"name":"wp","href":"https:\/\/api.w.org\/{rel}","templated":true}]}}