{"id":32334,"date":"2022-03-20T17:36:56","date_gmt":"2022-03-20T16:36:56","guid":{"rendered":"https:\/\/baportal.sk\/podnajom\/in\/32334\/"},"modified":"2022-03-20T17:36:56","modified_gmt":"2022-03-20T16:36:56","slug":"stylovy-2i-byt-rekonstrukcia-balkon-medicka-zahrada-janackova-ulica-2","status":"publish","type":"post","link":"https:\/\/baportal.sk\/podnajom\/in\/32334\/","title":{"rendered":"\u0160t\u00fdlov\u00fd 2i byt, REKON\u0160TRUKCIA, BALK\u00d3N, MEDICK\u00c1 Z\u00c1HRADA, Jan\u00e1\u010dkova ulica"},"content":{"rendered":"<div class=\"text-inner\">\n                                Pon\u00fakame V\u00e1m na pren\u00e1jom pekn\u00fd, slne\u010dn\u00fd 2-izbov\u00fd, byt orientovan\u00fd na 2 svetov\u00e9 strany, kompletne \u0161t\u00fdlovo zariaden\u00fd, po kompletnej novej rekon\u0161trukcii (2021) e\u0161te neob\u00fdvan\u00fd, s priestrann\u00fdm balk\u00f3nom a pivni\u010dnou kobkou vo vyh\u013ead\u00e1vanej a lukrat\u00edvnej lokalite priamo v centre  hne\u010f pri Medickej z\u00e1hrade na Jan\u00e1\u010dkovej ulici v tichej mestskej \u010dasti Star\u00e9 Mesto.<\/p>\n<p>Podlahov\u00e1 plocha bytu predstavuje 48 m2. Byt je v osobnom vlastn\u00edctve. Byt sa nach\u00e1dza na zv\u00fd\u0161enom pr\u00edzem\u00ed v 4 \u2013 poschodovej tehlovej bytovej jednotke.<\/p>\n<p>Kompletn\u00e1 rekon\u0161trukcia pozost\u00e1vala: nov\u00e9 elektrick\u00e9 rozvody, rozvody vody a odpadu, stierky a ma\u013eovky, exkluz\u00edvne obklady a dla\u017eby, nov\u00e9 plastov\u00e9 okna, bezpe\u010dnostn\u00e9 vchodov\u00e9 dvere, kuchynsk\u00e1 linka na mieru, nad\u0161tandardn\u00e9 vybavenie a prevedenie, kvalitne dreven\u00e9 podlahy, LED osvetlenie. Jedine\u010dn\u00fd dizajn a prec\u00edzne spracovanie interi\u00e9ru vytv\u00e1ra nad\u0161tandardn\u00fd dojem s pozit\u00edvnou atmosf\u00e9rou.<br \/>\nDispozi\u010dn\u00e9 rie\u0161enie bytu: vstupn\u00e1 hala, kuchy\u0148a spojen\u00e1 s ob\u00fdva\u010dkou, sp\u00e1l\u0148a, k\u00fape\u013e\u0148a so sprchov\u00fdm k\u00fatom s toaletou.<\/p>\n<p>Bytov\u00fd dom sa nach\u00e1dza vo ve\u013emi tichej a vyh\u013ead\u00e1vanej mestskej \u010dasti v centre na Jan\u00e1\u010dkovej ulici v Bratislave, v mestskej \u010dasti Star\u00e9 Mesto s bohatou hist\u00f3riou. Je kolm\u00e1 na Francisciho ulicu. V bl\u00edzkosti bytovej jednotky sa nach\u00e1dzaj\u00fa potraviny, lek\u00e1re\u0148, nemocnica Sv. Michala, Medick\u00e1 z\u00e1hrada, \u0161koly, \u0161k\u00f4lky, re\u0161taur\u00e1cie, kaviarne a obchody a slu\u017eby r\u00f4zneho zamerania a taktie\u017e z\u00e1stavky MHD \u2013 autobusy a trolejbusy.<\/p>\n<p>Ve\u013emi pekn\u00e9 pr\u00edjemn\u00e9 b\u00fdvanie s historick\u00fdm n\u00e1dychom, treba vidie\u0165.<\/p>\n<p>Byt je vo\u013en\u00fd ihne\u010f.<\/p>\n<p>Mesa\u010dn\u00fd pren\u00e1jom predstavuje 500 \u20ac + 140 \u20ac energie + 20 \u20ac TV a internet. <\/p>\n<p>Kontakt: 0948 902 505  <\/p>\n<p>Email: kiss@primereality.sk                            <\/p><\/div>\n","protected":false},"excerpt":{"rendered":"<p>Pon\u00fakame V\u00e1m na pren\u00e1jom pekn\u00fd, slne\u010dn\u00fd 2-izbov\u00fd, byt orientovan\u00fd na 2 svetov\u00e9 strany, kompletne \u0161t\u00fdlovo zariaden\u00fd, po kompletnej novej rekon\u0161trukcii (2021) e\u0161te neob\u00fdvan\u00fd, s priestrann\u00fdm balk\u00f3nom a pivni\u010dnou kobkou vo vyh\u013ead\u00e1vanej a lukrat\u00edvnej lokalite priamo v centre hne\u010f pri Medickej z\u00e1hrade na Jan\u00e1\u010dkovej ulici v tichej mestskej \u010dasti Star\u00e9 Mesto. Podlahov\u00e1 plocha bytu predstavuje 48 [&hellip;]<\/p>\n","protected":false},"author":1,"featured_media":32335,"comment_status":"open","ping_status":"open","sticky":false,"template":"","format":"standard","meta":{"footnotes":""},"categories":[4],"tags":[],"class_list":["post-32334","post","type-post","status-publish","format-standard","has-post-thumbnail","hentry","category-prenajom-bytu"],"yoast_head":"<!-- This site is optimized with the Yoast SEO plugin v23.1 - https:\/\/yoast.com\/wordpress\/plugins\/seo\/ -->\n<title>\u0160t\u00fdlov\u00fd 2i byt, REKON\u0160TRUKCIA, BALK\u00d3N, MEDICK\u00c1 Z\u00c1HRADA, Jan\u00e1\u010dkova ulica | Podn\u00e1jom - Baportal.sk - Bratislava<\/title>\n<meta name=\"description\" content=\"Pon\u00fakame V\u00e1m na pren\u00e1jom pekn\u00fd, slne\u010dn\u00fd 2-izbov\u00fd, byt orientovan\u00fd na 2 svetov\u00e9 strany, kompletne \u0161t\u00fdlovo zariaden\u00fd, po kompletnej novej rekon\u0161trukcii\" \/>\n<meta name=\"robots\" content=\"index, follow, max-snippet:-1, max-image-preview:large, max-video-preview:-1\" \/>\n<link rel=\"canonical\" href=\"https:\/\/baportal.sk\/podnajom\/in\/32334\/\" \/>\n<meta property=\"og:locale\" content=\"sk_SK\" \/>\n<meta property=\"og:type\" content=\"article\" \/>\n<meta property=\"og:title\" content=\"\u0160t\u00fdlov\u00fd 2i byt, REKON\u0160TRUKCIA, BALK\u00d3N, MEDICK\u00c1 Z\u00c1HRADA, Jan\u00e1\u010dkova ulica | Podn\u00e1jom - Baportal.sk - Bratislava\" \/>\n<meta property=\"og:description\" content=\"Pon\u00fakame V\u00e1m na pren\u00e1jom pekn\u00fd, slne\u010dn\u00fd 2-izbov\u00fd, byt orientovan\u00fd na 2 svetov\u00e9 strany, kompletne \u0161t\u00fdlovo zariaden\u00fd, po kompletnej novej rekon\u0161trukcii\" \/>\n<meta property=\"og:url\" content=\"https:\/\/baportal.sk\/podnajom\/in\/32334\/\" \/>\n<meta property=\"og:site_name\" content=\"Podn\u00e1jom - Baportal.sk - Bratislava\" \/>\n<meta property=\"article:published_time\" content=\"2022-03-20T16:36:56+00:00\" \/>\n<meta property=\"og:image\" content=\"https:\/\/baportal.sk\/podnajom\/wp-content\/uploads\/2022\/03\/Stylovy-2i-byt-REKONSTRUKCIA-BALKON-MEDICKA-ZAHRADA-Janackova-ulica.jpeg\" \/>\n\t<meta property=\"og:image:width\" content=\"600\" \/>\n\t<meta property=\"og:image:height\" content=\"315\" \/>\n\t<meta property=\"og:image:type\" content=\"image\/jpeg\" \/>\n<meta name=\"author\" content=\"marek\" \/>\n<meta name=\"twitter:card\" content=\"summary_large_image\" \/>\n<meta name=\"twitter:label1\" content=\"Autor\" \/>\n\t<meta name=\"twitter:data1\" content=\"marek\" \/>\n\t<meta name=\"twitter:label2\" content=\"Predpokladan\u00fd \u010das \u010d\u00edtania\" \/>\n\t<meta name=\"twitter:data2\" content=\"1 min\u00fata\" \/>\n<script type=\"application\/ld+json\" class=\"yoast-schema-graph\">{\"@context\":\"https:\/\/schema.org\",\"@graph\":[{\"@type\":\"WebPage\",\"@id\":\"https:\/\/baportal.sk\/podnajom\/in\/32334\/\",\"url\":\"https:\/\/baportal.sk\/podnajom\/in\/32334\/\",\"name\":\"\u0160t\u00fdlov\u00fd 2i byt, REKON\u0160TRUKCIA, BALK\u00d3N, MEDICK\u00c1 Z\u00c1HRADA, Jan\u00e1\u010dkova ulica | Podn\u00e1jom - Baportal.sk - Bratislava\",\"isPartOf\":{\"@id\":\"https:\/\/baportal.sk\/podnajom\/#website\"},\"primaryImageOfPage\":{\"@id\":\"https:\/\/baportal.sk\/podnajom\/in\/32334\/#primaryimage\"},\"image\":{\"@id\":\"https:\/\/baportal.sk\/podnajom\/in\/32334\/#primaryimage\"},\"thumbnailUrl\":\"https:\/\/baportal.sk\/podnajom\/wp-content\/uploads\/2022\/03\/Stylovy-2i-byt-REKONSTRUKCIA-BALKON-MEDICKA-ZAHRADA-Janackova-ulica.jpeg\",\"datePublished\":\"2022-03-20T16:36:56+00:00\",\"dateModified\":\"2022-03-20T16:36:56+00:00\",\"author\":{\"@id\":\"https:\/\/baportal.sk\/podnajom\/#\/schema\/person\/1048c08c599b2e93379d6374549bd168\"},\"description\":\"Pon\u00fakame V\u00e1m na pren\u00e1jom pekn\u00fd, slne\u010dn\u00fd 2-izbov\u00fd, byt orientovan\u00fd na 2 svetov\u00e9 strany, kompletne \u0161t\u00fdlovo zariaden\u00fd, po kompletnej novej rekon\u0161trukcii\",\"breadcrumb\":{\"@id\":\"https:\/\/baportal.sk\/podnajom\/in\/32334\/#breadcrumb\"},\"inLanguage\":\"sk-SK\",\"potentialAction\":[{\"@type\":\"ReadAction\",\"target\":[\"https:\/\/baportal.sk\/podnajom\/in\/32334\/\"]}]},{\"@type\":\"ImageObject\",\"inLanguage\":\"sk-SK\",\"@id\":\"https:\/\/baportal.sk\/podnajom\/in\/32334\/#primaryimage\",\"url\":\"https:\/\/baportal.sk\/podnajom\/wp-content\/uploads\/2022\/03\/Stylovy-2i-byt-REKONSTRUKCIA-BALKON-MEDICKA-ZAHRADA-Janackova-ulica.jpeg\",\"contentUrl\":\"https:\/\/baportal.sk\/podnajom\/wp-content\/uploads\/2022\/03\/Stylovy-2i-byt-REKONSTRUKCIA-BALKON-MEDICKA-ZAHRADA-Janackova-ulica.jpeg\",\"width\":600,\"height\":315},{\"@type\":\"BreadcrumbList\",\"@id\":\"https:\/\/baportal.sk\/podnajom\/in\/32334\/#breadcrumb\",\"itemListElement\":[{\"@type\":\"ListItem\",\"position\":1,\"name\":\"Domovsk\u00e1 str\u00e1nka\",\"item\":\"https:\/\/baportal.sk\/podnajom\/\"},{\"@type\":\"ListItem\",\"position\":2,\"name\":\"\u0160t\u00fdlov\u00fd 2i byt, REKON\u0160TRUKCIA, BALK\u00d3N, MEDICK\u00c1 Z\u00c1HRADA, Jan\u00e1\u010dkova ulica\"}]},{\"@type\":\"WebSite\",\"@id\":\"https:\/\/baportal.sk\/podnajom\/#website\",\"url\":\"https:\/\/baportal.sk\/podnajom\/\",\"name\":\"Podn\u00e1jom - Baportal.sk - Bratislava\",\"description\":\"\",\"potentialAction\":[{\"@type\":\"SearchAction\",\"target\":{\"@type\":\"EntryPoint\",\"urlTemplate\":\"https:\/\/baportal.sk\/podnajom\/?s={search_term_string}\"},\"query-input\":\"required name=search_term_string\"}],\"inLanguage\":\"sk-SK\"},{\"@type\":\"Person\",\"@id\":\"https:\/\/baportal.sk\/podnajom\/#\/schema\/person\/1048c08c599b2e93379d6374549bd168\",\"name\":\"marek\",\"image\":{\"@type\":\"ImageObject\",\"inLanguage\":\"sk-SK\",\"@id\":\"https:\/\/baportal.sk\/podnajom\/#\/schema\/person\/image\/\",\"url\":\"https:\/\/secure.gravatar.com\/avatar\/cdf0fbd37411d455f1afd87f93b867f6?s=96&d=mm&r=g\",\"contentUrl\":\"https:\/\/secure.gravatar.com\/avatar\/cdf0fbd37411d455f1afd87f93b867f6?s=96&d=mm&r=g\",\"caption\":\"marek\"},\"sameAs\":[\"https:\/\/www.baportal.sk\/podnajom\"]}]}<\/script>\n<!-- \/ Yoast SEO plugin. -->","yoast_head_json":{"title":"\u0160t\u00fdlov\u00fd 2i byt, REKON\u0160TRUKCIA, BALK\u00d3N, MEDICK\u00c1 Z\u00c1HRADA, Jan\u00e1\u010dkova ulica | Podn\u00e1jom - Baportal.sk - Bratislava","description":"Pon\u00fakame V\u00e1m na pren\u00e1jom pekn\u00fd, slne\u010dn\u00fd 2-izbov\u00fd, byt orientovan\u00fd na 2 svetov\u00e9 strany, kompletne \u0161t\u00fdlovo zariaden\u00fd, po kompletnej novej rekon\u0161trukcii","robots":{"index":"index","follow":"follow","max-snippet":"max-snippet:-1","max-image-preview":"max-image-preview:large","max-video-preview":"max-video-preview:-1"},"canonical":"https:\/\/baportal.sk\/podnajom\/in\/32334\/","og_locale":"sk_SK","og_type":"article","og_title":"\u0160t\u00fdlov\u00fd 2i byt, REKON\u0160TRUKCIA, BALK\u00d3N, MEDICK\u00c1 Z\u00c1HRADA, Jan\u00e1\u010dkova ulica | Podn\u00e1jom - Baportal.sk - Bratislava","og_description":"Pon\u00fakame V\u00e1m na pren\u00e1jom pekn\u00fd, slne\u010dn\u00fd 2-izbov\u00fd, byt orientovan\u00fd na 2 svetov\u00e9 strany, kompletne \u0161t\u00fdlovo zariaden\u00fd, po kompletnej novej rekon\u0161trukcii","og_url":"https:\/\/baportal.sk\/podnajom\/in\/32334\/","og_site_name":"Podn\u00e1jom - Baportal.sk - Bratislava","article_published_time":"2022-03-20T16:36:56+00:00","og_image":[{"width":600,"height":315,"url":"https:\/\/baportal.sk\/podnajom\/wp-content\/uploads\/2022\/03\/Stylovy-2i-byt-REKONSTRUKCIA-BALKON-MEDICKA-ZAHRADA-Janackova-ulica.jpeg","type":"image\/jpeg"}],"author":"marek","twitter_card":"summary_large_image","twitter_misc":{"Autor":"marek","Predpokladan\u00fd \u010das \u010d\u00edtania":"1 min\u00fata"},"schema":{"@context":"https:\/\/schema.org","@graph":[{"@type":"WebPage","@id":"https:\/\/baportal.sk\/podnajom\/in\/32334\/","url":"https:\/\/baportal.sk\/podnajom\/in\/32334\/","name":"\u0160t\u00fdlov\u00fd 2i byt, REKON\u0160TRUKCIA, BALK\u00d3N, MEDICK\u00c1 Z\u00c1HRADA, Jan\u00e1\u010dkova ulica | Podn\u00e1jom - Baportal.sk - Bratislava","isPartOf":{"@id":"https:\/\/baportal.sk\/podnajom\/#website"},"primaryImageOfPage":{"@id":"https:\/\/baportal.sk\/podnajom\/in\/32334\/#primaryimage"},"image":{"@id":"https:\/\/baportal.sk\/podnajom\/in\/32334\/#primaryimage"},"thumbnailUrl":"https:\/\/baportal.sk\/podnajom\/wp-content\/uploads\/2022\/03\/Stylovy-2i-byt-REKONSTRUKCIA-BALKON-MEDICKA-ZAHRADA-Janackova-ulica.jpeg","datePublished":"2022-03-20T16:36:56+00:00","dateModified":"2022-03-20T16:36:56+00:00","author":{"@id":"https:\/\/baportal.sk\/podnajom\/#\/schema\/person\/1048c08c599b2e93379d6374549bd168"},"description":"Pon\u00fakame V\u00e1m na pren\u00e1jom pekn\u00fd, slne\u010dn\u00fd 2-izbov\u00fd, byt orientovan\u00fd na 2 svetov\u00e9 strany, kompletne \u0161t\u00fdlovo zariaden\u00fd, po kompletnej novej rekon\u0161trukcii","breadcrumb":{"@id":"https:\/\/baportal.sk\/podnajom\/in\/32334\/#breadcrumb"},"inLanguage":"sk-SK","potentialAction":[{"@type":"ReadAction","target":["https:\/\/baportal.sk\/podnajom\/in\/32334\/"]}]},{"@type":"ImageObject","inLanguage":"sk-SK","@id":"https:\/\/baportal.sk\/podnajom\/in\/32334\/#primaryimage","url":"https:\/\/baportal.sk\/podnajom\/wp-content\/uploads\/2022\/03\/Stylovy-2i-byt-REKONSTRUKCIA-BALKON-MEDICKA-ZAHRADA-Janackova-ulica.jpeg","contentUrl":"https:\/\/baportal.sk\/podnajom\/wp-content\/uploads\/2022\/03\/Stylovy-2i-byt-REKONSTRUKCIA-BALKON-MEDICKA-ZAHRADA-Janackova-ulica.jpeg","width":600,"height":315},{"@type":"BreadcrumbList","@id":"https:\/\/baportal.sk\/podnajom\/in\/32334\/#breadcrumb","itemListElement":[{"@type":"ListItem","position":1,"name":"Domovsk\u00e1 str\u00e1nka","item":"https:\/\/baportal.sk\/podnajom\/"},{"@type":"ListItem","position":2,"name":"\u0160t\u00fdlov\u00fd 2i byt, REKON\u0160TRUKCIA, BALK\u00d3N, MEDICK\u00c1 Z\u00c1HRADA, Jan\u00e1\u010dkova ulica"}]},{"@type":"WebSite","@id":"https:\/\/baportal.sk\/podnajom\/#website","url":"https:\/\/baportal.sk\/podnajom\/","name":"Podn\u00e1jom - Baportal.sk - Bratislava","description":"","potentialAction":[{"@type":"SearchAction","target":{"@type":"EntryPoint","urlTemplate":"https:\/\/baportal.sk\/podnajom\/?s={search_term_string}"},"query-input":"required name=search_term_string"}],"inLanguage":"sk-SK"},{"@type":"Person","@id":"https:\/\/baportal.sk\/podnajom\/#\/schema\/person\/1048c08c599b2e93379d6374549bd168","name":"marek","image":{"@type":"ImageObject","inLanguage":"sk-SK","@id":"https:\/\/baportal.sk\/podnajom\/#\/schema\/person\/image\/","url":"https:\/\/secure.gravatar.com\/avatar\/cdf0fbd37411d455f1afd87f93b867f6?s=96&d=mm&r=g","contentUrl":"https:\/\/secure.gravatar.com\/avatar\/cdf0fbd37411d455f1afd87f93b867f6?s=96&d=mm&r=g","caption":"marek"},"sameAs":["https:\/\/www.baportal.sk\/podnajom"]}]}},"_links":{"self":[{"href":"https:\/\/baportal.sk\/podnajom\/wp-json\/wp\/v2\/posts\/32334"}],"collection":[{"href":"https:\/\/baportal.sk\/podnajom\/wp-json\/wp\/v2\/posts"}],"about":[{"href":"https:\/\/baportal.sk\/podnajom\/wp-json\/wp\/v2\/types\/post"}],"author":[{"embeddable":true,"href":"https:\/\/baportal.sk\/podnajom\/wp-json\/wp\/v2\/users\/1"}],"replies":[{"embeddable":true,"href":"https:\/\/baportal.sk\/podnajom\/wp-json\/wp\/v2\/comments?post=32334"}],"version-history":[{"count":0,"href":"https:\/\/baportal.sk\/podnajom\/wp-json\/wp\/v2\/posts\/32334\/revisions"}],"wp:featuredmedia":[{"embeddable":true,"href":"https:\/\/baportal.sk\/podnajom\/wp-json\/wp\/v2\/media\/32335"}],"wp:attachment":[{"href":"https:\/\/baportal.sk\/podnajom\/wp-json\/wp\/v2\/media?parent=32334"}],"wp:term":[{"taxonomy":"category","embeddable":true,"href":"https:\/\/baportal.sk\/podnajom\/wp-json\/wp\/v2\/categories?post=32334"},{"taxonomy":"post_tag","embeddable":true,"href":"https:\/\/baportal.sk\/podnajom\/wp-json\/wp\/v2\/tags?post=32334"}],"curies":[{"name":"wp","href":"https:\/\/api.w.org\/{rel}","templated":true}]}}