{"id":32367,"date":"2022-03-20T23:18:50","date_gmt":"2022-03-20T22:18:50","guid":{"rendered":"https:\/\/baportal.sk\/podnajom\/in\/32367\/"},"modified":"2022-03-20T23:18:50","modified_gmt":"2022-03-20T22:18:50","slug":"so-suhlasom-majitela-hladam-1-alebo-2-osoby-do-podnajmu-v-rodinnom-dome-na-ulici","status":"publish","type":"post","link":"https:\/\/baportal.sk\/podnajom\/in\/32367\/","title":{"rendered":"So s\u00fahlasom majite\u013ea h\u013ead\u00e1m 1 alebo 2 osoby do podn\u00e1jmu v rodinnom dome na ulici..."},"content":{"rendered":"<p><div><span id=\"u_0_f_VN\"><\/p>\n<p>So s\u00fahlasom majite\u013ea h\u013ead\u00e1m 1 alebo 2 osoby do podn\u00e1jmu v rodinnom dome na ulici Jaskov\u00fd rad (pri hlavnej vlakovej stanici) od 01.04.2022.<br \/> Pon\u00fakam do podn\u00e1jmu nepriechodn\u00fa izbu na pr\u00edzem\u00ed s vlastn\u00fdm \u0161atn\u00edkom, na pr\u00edzem\u00ed je v r\u00e1mci podn\u00e1jmu k\u00fape\u013e\u0148a bez sprchy a spolo\u010dn\u00e1 pr\u00e1\u010dov\u0148a. Na prvom poschod\u00ed je...<\/p>\n<p> <a rel=\"nofollow\" href=\"https:\/\/mbasic.facebook.com\/groups\/724349171023932\/permalink\/4745966675528808\/?refid=18&amp;_ft_=qid.-6666870541638196253%3Amf_story_key.4745966675528808%3Atop_level_post_id.4745966675528808%3Atl_objid.4745966675528808%3Acontent_owner_id_new.100000230400667%3Apage_id.724349171023932%3Asrc.22%3Aphoto_attachments_list.%5B7709862882364649%2C7709862995697971%2C7709863152364622%2C7709863255697945%2C7709863422364595%5D%3Astory_location.6%3Astory_attachment_style.album%3Afilter.GroupStoriesByActivityEntQuery%3Aott.AX-MH2wzf3cWklzG%3Atds_flgs.3%3Apage_insights.%7B%22724349171023932%22%3A%7B%22page_id%22%3A724349171023932%2C%22page_id_type%22%3A%22group%22%2C%22actor_id%22%3A100000230400667%2C%22dm%22%3A%7B%22isShare%22%3A0%2C%22originalPostOwnerID%22%3A0%7D%2C%22psn%22%3A%22EntGroupMallPostCreationStory%22%2C%22post_context%22%3A%7B%22object_fbtype%22%3A657%2C%22publish_time%22%3A1647811454%2C%22story_name%22%3A%22EntGroupMallPostCreationStory%22%2C%22story_fbid%22%3A%5B4745966675528808%5D%7D%2C%22role%22%3A1%2C%22sl%22%3A6%7D%7D&amp;__tn__=%2As-R\">Viac<\/a><\/span><\/div>\n<p><span style=\"display:none\" id=\"u_0_g_G8\"><\/span>\n<\/p>\n<p> <img loading=\"lazy\" decoding=\"async\" src=\"https:\/\/scontent.fbts3-1.fna.fbcdn.net\/v\/t39.30808-6\/276990871_7709862879031316_142184757070960599_n.jpg?stp=c20.0.118.118a_cp0_dst-jpg_e15_p118x118_q65&_nc_cat=108&ccb=1-5&_nc_sid=5bac3a&_nc_ohc=xVIpOijsXbQAX-aLpl_&_nc_ht=scontent.fbts3-1.fna&oh=00_AT_U4QP006mxDwJQ_S5_Du9yI7Jcg7Wc5CPS9po8d8KmiQ&oe=623BA7CC\" width=\"102\" height=\"102\" class=\"cv l\"><img loading=\"lazy\" decoding=\"async\" src=\"https:\/\/scontent.fbts3-1.fna.fbcdn.net\/v\/t39.30808-6\/276995288_7709862989031305_6676917307833743280_n.jpg?stp=c116.0.728.721a_cp0_dst-jpg_e15_q65_s118x118&_nc_cat=109&ccb=1-5&_nc_sid=5bac3a&_nc_ohc=MFefLir8NtoAX88c1BM&_nc_ht=scontent.fbts3-1.fna&oh=00_AT_p2sov3F_qNz7iFM9gfjgyfQcrNnnC8cnG8EMnMkW2SA&oe=623D4FC6\" width=\"102\" height=\"101\" class=\"cv l\"><img loading=\"lazy\" decoding=\"async\" src=\"https:\/\/scontent.fbts3-1.fna.fbcdn.net\/v\/t39.30808-6\/277105815_7709863145697956_7478468860277449515_n.jpg?stp=c0.3.110.74a_cp0_dst-jpg_e15_p110x80_q65&_nc_cat=103&ccb=1-5&_nc_sid=5bac3a&_nc_ohc=5G1JIDjmZhsAX-FSedQ&_nc_ht=scontent.fbts3-1.fna&oh=00_AT_WqU5bQSZhNWpX_4PBYQMQ4U218IlwRru0mlhDscBzrA&oe=623BBE0A\" width=\"101\" height=\"68\" class=\"cv l\"><img loading=\"lazy\" decoding=\"async\" src=\"https:\/\/scontent.fbts3-1.fna.fbcdn.net\/v\/t39.30808-6\/277076100_7709863252364612_9203936242521224427_n.jpg?stp=c0.3.110.73a_cp0_dst-jpg_e15_p110x80_q65&_nc_cat=108&ccb=1-5&_nc_sid=5bac3a&_nc_ohc=yC7GiHXWFd4AX8GuJAX&_nc_ht=scontent.fbts3-1.fna&oh=00_AT_Pv9d6K2ZQ3Ss8a5PSHR6yic6mLkbcdPv1BvHa_64kgQ&oe=623D1860\" width=\"101\" height=\"67\" class=\"cv l\"><img loading=\"lazy\" decoding=\"async\" src=\"https:\/\/scontent.fbts3-1.fna.fbcdn.net\/v\/t39.30808-6\/276996005_7709863419031262_6688990869036908085_n.jpg?stp=c0.3.110.73a_cp0_dst-jpg_e15_p110x80_q65&_nc_cat=102&ccb=1-5&_nc_sid=5bac3a&_nc_ohc=6yUDoYf76I8AX8erkmC&_nc_ht=scontent.fbts3-1.fna&oh=00_AT-cspufzQEXI7LcJoofOI6hF66Gke8tNmiLFw9GUejr-A&oe=623BF824\" width=\"101\" height=\"67\" class=\"cv l\"><\/p>\n<div id=\"fb-root\"><\/div>\n<p><script>\n(function(d, s, id) {\n    var js, fjs = d.getElementsByTagName(s)[0];\n    if (d.getElementById(id))\n        return;\n    js = d.createElement(s);\n    js.id = id;\n    js.src = \"\/\/connect.facebook.net\/en_US\/all.js#xfbml=1\";\n    fjs.parentNode.insertBefore(js, fjs);\n}(document, 'script', 'facebook-jssdk'));\n<\/script><\/p>\n<div class=\"fb-post\" data-href=\"https:\/\/www.facebook.com\/724349171023932\/posts\/4745966675528808\"><\/div>\n","protected":false},"excerpt":{"rendered":"<p>So s\u00fahlasom majite\u013ea h\u013ead\u00e1m 1 alebo 2 osoby do podn\u00e1jmu v rodinnom dome na ulici Jaskov\u00fd rad (pri hlavnej vlakovej stanici) od 01.04.2022. Pon\u00fakam do podn\u00e1jmu nepriechodn\u00fa izbu na pr\u00edzem\u00ed s vlastn\u00fdm \u0161atn\u00edkom, na pr\u00edzem\u00ed je v r\u00e1mci podn\u00e1jmu k\u00fape\u013e\u0148a bez sprchy a spolo\u010dn\u00e1 pr\u00e1\u010dov\u0148a. Na prvom poschod\u00ed je... Viac<\/p>\n","protected":false},"author":1,"featured_media":0,"comment_status":"open","ping_status":"open","sticky":false,"template":"","format":"standard","meta":{"footnotes":""},"categories":[1],"tags":[],"class_list":["post-32367","post","type-post","status-publish","format-standard","hentry","category-nezaradene"],"yoast_head":"<!-- This site is optimized with the Yoast SEO plugin v23.1 - https:\/\/yoast.com\/wordpress\/plugins\/seo\/ -->\n<title>So s\u00fahlasom majite\u013ea h\u013ead\u00e1m 1 alebo 2 osoby do podn\u00e1jmu v rodinnom dome na ulici... | Podn\u00e1jom - Baportal.sk - Bratislava<\/title>\n<meta name=\"description\" content=\"So s\u00fahlasom majite\u013ea h\u013ead\u00e1m 1 alebo 2 osoby do podn\u00e1jmu v rodinnom dome na ulici Jaskov\u00fd rad (pri hlavnej vlakovej stanici) od 01.04.2022. Pon\u00fakam do\" \/>\n<meta name=\"robots\" content=\"index, follow, max-snippet:-1, max-image-preview:large, max-video-preview:-1\" \/>\n<link rel=\"canonical\" href=\"https:\/\/baportal.sk\/podnajom\/in\/32367\/\" \/>\n<meta property=\"og:locale\" content=\"sk_SK\" \/>\n<meta property=\"og:type\" content=\"article\" \/>\n<meta property=\"og:title\" content=\"So s\u00fahlasom majite\u013ea h\u013ead\u00e1m 1 alebo 2 osoby do podn\u00e1jmu v rodinnom dome na ulici... | Podn\u00e1jom - Baportal.sk - Bratislava\" \/>\n<meta property=\"og:description\" content=\"So s\u00fahlasom majite\u013ea h\u013ead\u00e1m 1 alebo 2 osoby do podn\u00e1jmu v rodinnom dome na ulici Jaskov\u00fd rad (pri hlavnej vlakovej stanici) od 01.04.2022. Pon\u00fakam do\" \/>\n<meta property=\"og:url\" content=\"https:\/\/baportal.sk\/podnajom\/in\/32367\/\" \/>\n<meta property=\"og:site_name\" content=\"Podn\u00e1jom - Baportal.sk - Bratislava\" \/>\n<meta property=\"article:published_time\" content=\"2022-03-20T22:18:50+00:00\" \/>\n<meta property=\"og:image\" content=\"https:\/\/scontent.fbts3-1.fna.fbcdn.net\/v\/t39.30808-6\/276990871_7709862879031316_142184757070960599_n.jpg?stp=c20.0.118.118a_cp0_dst-jpg_e15_p118x118_q65&_nc_cat=108&ccb=1-5&_nc_sid=5bac3a&_nc_ohc=xVIpOijsXbQAX-aLpl_&_nc_ht=scontent.fbts3-1.fna&oh=00_AT_U4QP006mxDwJQ_S5_Du9yI7Jcg7Wc5CPS9po8d8KmiQ&oe=623BA7CC\" \/>\n<meta name=\"author\" content=\"marek\" \/>\n<meta name=\"twitter:card\" content=\"summary_large_image\" \/>\n<meta name=\"twitter:label1\" content=\"Autor\" \/>\n\t<meta name=\"twitter:data1\" content=\"marek\" \/>\n<script type=\"application\/ld+json\" class=\"yoast-schema-graph\">{\"@context\":\"https:\/\/schema.org\",\"@graph\":[{\"@type\":\"WebPage\",\"@id\":\"https:\/\/baportal.sk\/podnajom\/in\/32367\/\",\"url\":\"https:\/\/baportal.sk\/podnajom\/in\/32367\/\",\"name\":\"So s\u00fahlasom majite\u013ea h\u013ead\u00e1m 1 alebo 2 osoby do podn\u00e1jmu v rodinnom dome na ulici... | Podn\u00e1jom - Baportal.sk - Bratislava\",\"isPartOf\":{\"@id\":\"https:\/\/baportal.sk\/podnajom\/#website\"},\"primaryImageOfPage\":{\"@id\":\"https:\/\/baportal.sk\/podnajom\/in\/32367\/#primaryimage\"},\"image\":{\"@id\":\"https:\/\/baportal.sk\/podnajom\/in\/32367\/#primaryimage\"},\"thumbnailUrl\":\"https:\/\/scontent.fbts3-1.fna.fbcdn.net\/v\/t39.30808-6\/276990871_7709862879031316_142184757070960599_n.jpg?stp=c20.0.118.118a_cp0_dst-jpg_e15_p118x118_q65&_nc_cat=108&ccb=1-5&_nc_sid=5bac3a&_nc_ohc=xVIpOijsXbQAX-aLpl_&_nc_ht=scontent.fbts3-1.fna&oh=00_AT_U4QP006mxDwJQ_S5_Du9yI7Jcg7Wc5CPS9po8d8KmiQ&oe=623BA7CC\",\"datePublished\":\"2022-03-20T22:18:50+00:00\",\"dateModified\":\"2022-03-20T22:18:50+00:00\",\"author\":{\"@id\":\"https:\/\/baportal.sk\/podnajom\/#\/schema\/person\/1048c08c599b2e93379d6374549bd168\"},\"description\":\"So s\u00fahlasom majite\u013ea h\u013ead\u00e1m 1 alebo 2 osoby do podn\u00e1jmu v rodinnom dome na ulici Jaskov\u00fd rad (pri hlavnej vlakovej stanici) od 01.04.2022. Pon\u00fakam do\",\"breadcrumb\":{\"@id\":\"https:\/\/baportal.sk\/podnajom\/in\/32367\/#breadcrumb\"},\"inLanguage\":\"sk-SK\",\"potentialAction\":[{\"@type\":\"ReadAction\",\"target\":[\"https:\/\/baportal.sk\/podnajom\/in\/32367\/\"]}]},{\"@type\":\"ImageObject\",\"inLanguage\":\"sk-SK\",\"@id\":\"https:\/\/baportal.sk\/podnajom\/in\/32367\/#primaryimage\",\"url\":\"https:\/\/scontent.fbts3-1.fna.fbcdn.net\/v\/t39.30808-6\/276990871_7709862879031316_142184757070960599_n.jpg?stp=c20.0.118.118a_cp0_dst-jpg_e15_p118x118_q65&_nc_cat=108&ccb=1-5&_nc_sid=5bac3a&_nc_ohc=xVIpOijsXbQAX-aLpl_&_nc_ht=scontent.fbts3-1.fna&oh=00_AT_U4QP006mxDwJQ_S5_Du9yI7Jcg7Wc5CPS9po8d8KmiQ&oe=623BA7CC\",\"contentUrl\":\"https:\/\/scontent.fbts3-1.fna.fbcdn.net\/v\/t39.30808-6\/276990871_7709862879031316_142184757070960599_n.jpg?stp=c20.0.118.118a_cp0_dst-jpg_e15_p118x118_q65&_nc_cat=108&ccb=1-5&_nc_sid=5bac3a&_nc_ohc=xVIpOijsXbQAX-aLpl_&_nc_ht=scontent.fbts3-1.fna&oh=00_AT_U4QP006mxDwJQ_S5_Du9yI7Jcg7Wc5CPS9po8d8KmiQ&oe=623BA7CC\"},{\"@type\":\"BreadcrumbList\",\"@id\":\"https:\/\/baportal.sk\/podnajom\/in\/32367\/#breadcrumb\",\"itemListElement\":[{\"@type\":\"ListItem\",\"position\":1,\"name\":\"Domovsk\u00e1 str\u00e1nka\",\"item\":\"https:\/\/baportal.sk\/podnajom\/\"},{\"@type\":\"ListItem\",\"position\":2,\"name\":\"So s\u00fahlasom majite\u013ea h\u013ead\u00e1m 1 alebo 2 osoby do podn\u00e1jmu v rodinnom dome na ulici...\"}]},{\"@type\":\"WebSite\",\"@id\":\"https:\/\/baportal.sk\/podnajom\/#website\",\"url\":\"https:\/\/baportal.sk\/podnajom\/\",\"name\":\"Podn\u00e1jom - Baportal.sk - Bratislava\",\"description\":\"\",\"potentialAction\":[{\"@type\":\"SearchAction\",\"target\":{\"@type\":\"EntryPoint\",\"urlTemplate\":\"https:\/\/baportal.sk\/podnajom\/?s={search_term_string}\"},\"query-input\":\"required name=search_term_string\"}],\"inLanguage\":\"sk-SK\"},{\"@type\":\"Person\",\"@id\":\"https:\/\/baportal.sk\/podnajom\/#\/schema\/person\/1048c08c599b2e93379d6374549bd168\",\"name\":\"marek\",\"image\":{\"@type\":\"ImageObject\",\"inLanguage\":\"sk-SK\",\"@id\":\"https:\/\/baportal.sk\/podnajom\/#\/schema\/person\/image\/\",\"url\":\"https:\/\/secure.gravatar.com\/avatar\/cdf0fbd37411d455f1afd87f93b867f6?s=96&d=mm&r=g\",\"contentUrl\":\"https:\/\/secure.gravatar.com\/avatar\/cdf0fbd37411d455f1afd87f93b867f6?s=96&d=mm&r=g\",\"caption\":\"marek\"},\"sameAs\":[\"https:\/\/www.baportal.sk\/podnajom\"]}]}<\/script>\n<!-- \/ Yoast SEO plugin. -->","yoast_head_json":{"title":"So s\u00fahlasom majite\u013ea h\u013ead\u00e1m 1 alebo 2 osoby do podn\u00e1jmu v rodinnom dome na ulici... | Podn\u00e1jom - Baportal.sk - Bratislava","description":"So s\u00fahlasom majite\u013ea h\u013ead\u00e1m 1 alebo 2 osoby do podn\u00e1jmu v rodinnom dome na ulici Jaskov\u00fd rad (pri hlavnej vlakovej stanici) od 01.04.2022. Pon\u00fakam do","robots":{"index":"index","follow":"follow","max-snippet":"max-snippet:-1","max-image-preview":"max-image-preview:large","max-video-preview":"max-video-preview:-1"},"canonical":"https:\/\/baportal.sk\/podnajom\/in\/32367\/","og_locale":"sk_SK","og_type":"article","og_title":"So s\u00fahlasom majite\u013ea h\u013ead\u00e1m 1 alebo 2 osoby do podn\u00e1jmu v rodinnom dome na ulici... | Podn\u00e1jom - Baportal.sk - Bratislava","og_description":"So s\u00fahlasom majite\u013ea h\u013ead\u00e1m 1 alebo 2 osoby do podn\u00e1jmu v rodinnom dome na ulici Jaskov\u00fd rad (pri hlavnej vlakovej stanici) od 01.04.2022. Pon\u00fakam do","og_url":"https:\/\/baportal.sk\/podnajom\/in\/32367\/","og_site_name":"Podn\u00e1jom - Baportal.sk - Bratislava","article_published_time":"2022-03-20T22:18:50+00:00","og_image":[{"url":"https:\/\/scontent.fbts3-1.fna.fbcdn.net\/v\/t39.30808-6\/276990871_7709862879031316_142184757070960599_n.jpg?stp=c20.0.118.118a_cp0_dst-jpg_e15_p118x118_q65&_nc_cat=108&ccb=1-5&_nc_sid=5bac3a&_nc_ohc=xVIpOijsXbQAX-aLpl_&_nc_ht=scontent.fbts3-1.fna&oh=00_AT_U4QP006mxDwJQ_S5_Du9yI7Jcg7Wc5CPS9po8d8KmiQ&oe=623BA7CC"}],"author":"marek","twitter_card":"summary_large_image","twitter_misc":{"Autor":"marek"},"schema":{"@context":"https:\/\/schema.org","@graph":[{"@type":"WebPage","@id":"https:\/\/baportal.sk\/podnajom\/in\/32367\/","url":"https:\/\/baportal.sk\/podnajom\/in\/32367\/","name":"So s\u00fahlasom majite\u013ea h\u013ead\u00e1m 1 alebo 2 osoby do podn\u00e1jmu v rodinnom dome na ulici... | Podn\u00e1jom - Baportal.sk - Bratislava","isPartOf":{"@id":"https:\/\/baportal.sk\/podnajom\/#website"},"primaryImageOfPage":{"@id":"https:\/\/baportal.sk\/podnajom\/in\/32367\/#primaryimage"},"image":{"@id":"https:\/\/baportal.sk\/podnajom\/in\/32367\/#primaryimage"},"thumbnailUrl":"https:\/\/scontent.fbts3-1.fna.fbcdn.net\/v\/t39.30808-6\/276990871_7709862879031316_142184757070960599_n.jpg?stp=c20.0.118.118a_cp0_dst-jpg_e15_p118x118_q65&_nc_cat=108&ccb=1-5&_nc_sid=5bac3a&_nc_ohc=xVIpOijsXbQAX-aLpl_&_nc_ht=scontent.fbts3-1.fna&oh=00_AT_U4QP006mxDwJQ_S5_Du9yI7Jcg7Wc5CPS9po8d8KmiQ&oe=623BA7CC","datePublished":"2022-03-20T22:18:50+00:00","dateModified":"2022-03-20T22:18:50+00:00","author":{"@id":"https:\/\/baportal.sk\/podnajom\/#\/schema\/person\/1048c08c599b2e93379d6374549bd168"},"description":"So s\u00fahlasom majite\u013ea h\u013ead\u00e1m 1 alebo 2 osoby do podn\u00e1jmu v rodinnom dome na ulici Jaskov\u00fd rad (pri hlavnej vlakovej stanici) od 01.04.2022. Pon\u00fakam do","breadcrumb":{"@id":"https:\/\/baportal.sk\/podnajom\/in\/32367\/#breadcrumb"},"inLanguage":"sk-SK","potentialAction":[{"@type":"ReadAction","target":["https:\/\/baportal.sk\/podnajom\/in\/32367\/"]}]},{"@type":"ImageObject","inLanguage":"sk-SK","@id":"https:\/\/baportal.sk\/podnajom\/in\/32367\/#primaryimage","url":"https:\/\/scontent.fbts3-1.fna.fbcdn.net\/v\/t39.30808-6\/276990871_7709862879031316_142184757070960599_n.jpg?stp=c20.0.118.118a_cp0_dst-jpg_e15_p118x118_q65&_nc_cat=108&ccb=1-5&_nc_sid=5bac3a&_nc_ohc=xVIpOijsXbQAX-aLpl_&_nc_ht=scontent.fbts3-1.fna&oh=00_AT_U4QP006mxDwJQ_S5_Du9yI7Jcg7Wc5CPS9po8d8KmiQ&oe=623BA7CC","contentUrl":"https:\/\/scontent.fbts3-1.fna.fbcdn.net\/v\/t39.30808-6\/276990871_7709862879031316_142184757070960599_n.jpg?stp=c20.0.118.118a_cp0_dst-jpg_e15_p118x118_q65&_nc_cat=108&ccb=1-5&_nc_sid=5bac3a&_nc_ohc=xVIpOijsXbQAX-aLpl_&_nc_ht=scontent.fbts3-1.fna&oh=00_AT_U4QP006mxDwJQ_S5_Du9yI7Jcg7Wc5CPS9po8d8KmiQ&oe=623BA7CC"},{"@type":"BreadcrumbList","@id":"https:\/\/baportal.sk\/podnajom\/in\/32367\/#breadcrumb","itemListElement":[{"@type":"ListItem","position":1,"name":"Domovsk\u00e1 str\u00e1nka","item":"https:\/\/baportal.sk\/podnajom\/"},{"@type":"ListItem","position":2,"name":"So s\u00fahlasom majite\u013ea h\u013ead\u00e1m 1 alebo 2 osoby do podn\u00e1jmu v rodinnom dome na ulici..."}]},{"@type":"WebSite","@id":"https:\/\/baportal.sk\/podnajom\/#website","url":"https:\/\/baportal.sk\/podnajom\/","name":"Podn\u00e1jom - Baportal.sk - Bratislava","description":"","potentialAction":[{"@type":"SearchAction","target":{"@type":"EntryPoint","urlTemplate":"https:\/\/baportal.sk\/podnajom\/?s={search_term_string}"},"query-input":"required name=search_term_string"}],"inLanguage":"sk-SK"},{"@type":"Person","@id":"https:\/\/baportal.sk\/podnajom\/#\/schema\/person\/1048c08c599b2e93379d6374549bd168","name":"marek","image":{"@type":"ImageObject","inLanguage":"sk-SK","@id":"https:\/\/baportal.sk\/podnajom\/#\/schema\/person\/image\/","url":"https:\/\/secure.gravatar.com\/avatar\/cdf0fbd37411d455f1afd87f93b867f6?s=96&d=mm&r=g","contentUrl":"https:\/\/secure.gravatar.com\/avatar\/cdf0fbd37411d455f1afd87f93b867f6?s=96&d=mm&r=g","caption":"marek"},"sameAs":["https:\/\/www.baportal.sk\/podnajom"]}]}},"_links":{"self":[{"href":"https:\/\/baportal.sk\/podnajom\/wp-json\/wp\/v2\/posts\/32367"}],"collection":[{"href":"https:\/\/baportal.sk\/podnajom\/wp-json\/wp\/v2\/posts"}],"about":[{"href":"https:\/\/baportal.sk\/podnajom\/wp-json\/wp\/v2\/types\/post"}],"author":[{"embeddable":true,"href":"https:\/\/baportal.sk\/podnajom\/wp-json\/wp\/v2\/users\/1"}],"replies":[{"embeddable":true,"href":"https:\/\/baportal.sk\/podnajom\/wp-json\/wp\/v2\/comments?post=32367"}],"version-history":[{"count":0,"href":"https:\/\/baportal.sk\/podnajom\/wp-json\/wp\/v2\/posts\/32367\/revisions"}],"wp:attachment":[{"href":"https:\/\/baportal.sk\/podnajom\/wp-json\/wp\/v2\/media?parent=32367"}],"wp:term":[{"taxonomy":"category","embeddable":true,"href":"https:\/\/baportal.sk\/podnajom\/wp-json\/wp\/v2\/categories?post=32367"},{"taxonomy":"post_tag","embeddable":true,"href":"https:\/\/baportal.sk\/podnajom\/wp-json\/wp\/v2\/tags?post=32367"}],"curies":[{"name":"wp","href":"https:\/\/api.w.org\/{rel}","templated":true}]}}