{"id":32398,"date":"2022-03-21T09:01:56","date_gmt":"2022-03-21T08:01:56","guid":{"rendered":"https:\/\/baportal.sk\/podnajom\/in\/32398\/"},"modified":"2022-03-21T09:01:56","modified_gmt":"2022-03-21T08:01:56","slug":"1-spalna-1-kupelna-byt-obytny-dom-50","status":"publish","type":"post","link":"https:\/\/baportal.sk\/podnajom\/in\/32398\/","title":{"rendered":"1 sp\u00e1l\u0148a 1 k\u00fape\u013e\u0148a Byt\/obytn\u00fd dom"},"content":{"rendered":"<p><span>COLLDEEDs rental - pren\u00e1jom \u010derstvo zrekon\u0161truovane<\/span><wbr><\/wbr><span class=\"word_break\"><\/span>j gars\u00f3nky priamo v centre s balk\u00f3nom<\/p>\n<p><\/p>\n<p> Pon\u00fakame na pren\u00e1jom gars\u0144ku v centre mesta na K\u00fape\u013enej ulici. <br \/> 3.posch s v\u00fd\u0165ahom<\/p>\n<p><\/p>\n<p><span> Byt pre\u0161iel \u010derstvo kompletnou rekon\u0161trukciou,<\/span><wbr><\/wbr><span class=\"word_break\"><\/span> e\u0161te nebol ob\u00fdvan\u00fd \u017eiadnym n\u00e1jomcom.<\/p>\n<p><\/p>\n<p> Kompletne vybaven\u00fd - kuchynsk\u00fd k\u00fat so spotrebi\u010dmi - dvojplatni\u010dka, chladni\u010dka s mrazni\u010dkou, r\u00fara, mikrovlnn\u00e1 r\u00fara. Pr\u00e1\u010dka v k\u00fape\u013eni, TV.<br \/> Poste\u013e, vstavan\u00e1 skri\u0148a, komoda, st\u00f4l jed\u00e1lensk\u00fd, na chodbe botn\u00edk, policov\u00fd reg\u00e1l. <br \/> Samostatn\u00e1 toaleta...<\/p>\n<p><img loading=\"lazy\" decoding=\"async\" src=\"https:\/\/scontent.fbts3-1.fna.fbcdn.net\/v\/t39.30808-6\/276229704_10222652132840055_5644864546436187084_n.jpg?stp=c46.0.118.118a_cp0_dst-jpg_e15_p118x118_q65&_nc_cat=102&ccb=1-5&_nc_sid=5bac3a&_nc_ohc=wYklRZpv798AX-xrhCv&_nc_ht=scontent.fbts3-1.fna&oh=00_AT_HlJlM14cGUintTeORUPsvNBVAhg6u8Ib_LX4KTIEBjA&oe=623E18BE\" width=\"102\" height=\"102\" class=\"cy l\"><img loading=\"lazy\" decoding=\"async\" src=\"https:\/\/scontent.fbts3-1.fna.fbcdn.net\/v\/t39.30808-6\/276293081_10222652133360068_966048038174602325_n.jpg?stp=c0.29.110.109a_cp0_dst-jpg_e15_p110x80_q65&_nc_cat=110&ccb=1-5&_nc_sid=5bac3a&_nc_ohc=FgpTc-vMHOwAX-VmFuJ&_nc_ht=scontent.fbts3-1.fna&oh=00_AT8p7rmFcTv-nTpl0r4y8cveu9usHWo56J2t89mvx52m9A&oe=623CF4AE\" width=\"102\" height=\"101\" class=\"cy l\"><img loading=\"lazy\" decoding=\"async\" src=\"https:\/\/scontent.fbts3-1.fna.fbcdn.net\/v\/t39.30808-6\/276027652_10222652133720077_3837240093713291973_n.jpg?stp=c168.0.1712.1152a_cp0_dst-jpg_e15_q65_s100x100&_nc_cat=109&ccb=1-5&_nc_sid=5bac3a&_nc_ohc=re4ZGkZWTuMAX_eYvX-&_nc_ht=scontent.fbts3-1.fna&oh=00_AT8HhSKQHK8SHWwHvShx92CekS1xPvGd2Rof6B26D377RA&oe=623DBDA4\" width=\"101\" height=\"68\" class=\"cy l\"><img loading=\"lazy\" decoding=\"async\" src=\"https:\/\/scontent.fbts3-1.fna.fbcdn.net\/v\/t39.30808-6\/276075368_10222652134280091_4134906416805158925_n.jpg?stp=c0.40.110.73a_cp0_dst-jpg_e15_p110x80_q65&_nc_cat=101&ccb=1-5&_nc_sid=5bac3a&_nc_ohc=QQDMpsjZirIAX-O8GEu&_nc_ht=scontent.fbts3-1.fna&oh=00_AT_gn2STB8nKLNI9NBYf4MNLa2l6sJq_gLZkqSLFY4_ULA&oe=623DDC1C\" width=\"101\" height=\"67\" class=\"cy l\"><img loading=\"lazy\" decoding=\"async\" src=\"https:\/\/scontent.fbts3-1.fna.fbcdn.net\/v\/t39.30808-6\/276006080_10222652135200114_7620920698034978958_n.jpg?stp=c156.0.1736.1152a_cp0_dst-jpg_e15_q65_s100x100&_nc_cat=103&ccb=1-5&_nc_sid=5bac3a&_nc_ohc=4L_FatUjFUIAX-cK306&_nc_ht=scontent.fbts3-1.fna&oh=00_AT9T3h7hZDYaDLqm4JbFZwcp_0r9nXeNTYHYwIiv0ItXxQ&oe=623D4629\" width=\"101\" height=\"67\" class=\"cy l\"><\/p>\n<div id=\"fb-root\"><\/div>\n<p><script>\n(function(d, s, id) {\n    var js, fjs = d.getElementsByTagName(s)[0];\n    if (d.getElementById(id))\n        return;\n    js = d.createElement(s);\n    js.id = id;\n    js.src = \"\/\/connect.facebook.net\/en_US\/all.js#xfbml=1\";\n    fjs.parentNode.insertBefore(js, fjs);\n}(document, 'script', 'facebook-jssdk'));\n<\/script><\/p>\n<div class=\"fb-post\" data-href=\"https:\/\/www.facebook.com\/123700788304715\/posts\/980504492624336\"><\/div>\n","protected":false},"excerpt":{"rendered":"<p>COLLDEEDs rental - pren\u00e1jom \u010derstvo zrekon\u0161truovanej gars\u00f3nky priamo v centre s balk\u00f3nom Pon\u00fakame na pren\u00e1jom gars\u0144ku v centre mesta na K\u00fape\u013enej ulici. 3.posch s v\u00fd\u0165ahom Byt pre\u0161iel \u010derstvo kompletnou rekon\u0161trukciou, e\u0161te nebol ob\u00fdvan\u00fd \u017eiadnym n\u00e1jomcom. Kompletne vybaven\u00fd - kuchynsk\u00fd k\u00fat so spotrebi\u010dmi - dvojplatni\u010dka, chladni\u010dka s mrazni\u010dkou, r\u00fara, mikrovlnn\u00e1 r\u00fara. Pr\u00e1\u010dka v k\u00fape\u013eni, TV. Poste\u013e, [&hellip;]<\/p>\n","protected":false},"author":1,"featured_media":0,"comment_status":"open","ping_status":"open","sticky":false,"template":"","format":"standard","meta":{"footnotes":""},"categories":[1],"tags":[],"class_list":["post-32398","post","type-post","status-publish","format-standard","hentry","category-nezaradene"],"yoast_head":"<!-- This site is optimized with the Yoast SEO plugin v23.1 - https:\/\/yoast.com\/wordpress\/plugins\/seo\/ -->\n<title>1 sp\u00e1l\u0148a 1 k\u00fape\u013e\u0148a Byt\/obytn\u00fd dom | Podn\u00e1jom - Baportal.sk - Bratislava<\/title>\n<meta name=\"description\" content=\"COLLDEEDs rental - pren\u00e1jom \u010derstvo zrekon\u0161truovanej gars\u00f3nky priamo v centre s balk\u00f3nom Pon\u00fakame na pren\u00e1jom gars\u0144ku v centre mesta na K\u00fape\u013enej ulici.\" \/>\n<meta name=\"robots\" content=\"index, follow, max-snippet:-1, max-image-preview:large, max-video-preview:-1\" \/>\n<link rel=\"canonical\" href=\"https:\/\/baportal.sk\/podnajom\/in\/32398\/\" \/>\n<meta property=\"og:locale\" content=\"sk_SK\" \/>\n<meta property=\"og:type\" content=\"article\" \/>\n<meta property=\"og:title\" content=\"1 sp\u00e1l\u0148a 1 k\u00fape\u013e\u0148a Byt\/obytn\u00fd dom | Podn\u00e1jom - Baportal.sk - Bratislava\" \/>\n<meta property=\"og:description\" content=\"COLLDEEDs rental - pren\u00e1jom \u010derstvo zrekon\u0161truovanej gars\u00f3nky priamo v centre s balk\u00f3nom Pon\u00fakame na pren\u00e1jom gars\u0144ku v centre mesta na K\u00fape\u013enej ulici.\" \/>\n<meta property=\"og:url\" content=\"https:\/\/baportal.sk\/podnajom\/in\/32398\/\" \/>\n<meta property=\"og:site_name\" content=\"Podn\u00e1jom - Baportal.sk - Bratislava\" \/>\n<meta property=\"article:published_time\" content=\"2022-03-21T08:01:56+00:00\" \/>\n<meta property=\"og:image\" content=\"https:\/\/scontent.fbts3-1.fna.fbcdn.net\/v\/t39.30808-6\/276229704_10222652132840055_5644864546436187084_n.jpg?stp=c46.0.118.118a_cp0_dst-jpg_e15_p118x118_q65&_nc_cat=102&ccb=1-5&_nc_sid=5bac3a&_nc_ohc=wYklRZpv798AX-xrhCv&_nc_ht=scontent.fbts3-1.fna&oh=00_AT_HlJlM14cGUintTeORUPsvNBVAhg6u8Ib_LX4KTIEBjA&oe=623E18BE\" \/>\n<meta name=\"author\" content=\"marek\" \/>\n<meta name=\"twitter:card\" content=\"summary_large_image\" \/>\n<meta name=\"twitter:label1\" content=\"Autor\" \/>\n\t<meta name=\"twitter:data1\" content=\"marek\" \/>\n<script type=\"application\/ld+json\" class=\"yoast-schema-graph\">{\"@context\":\"https:\/\/schema.org\",\"@graph\":[{\"@type\":\"WebPage\",\"@id\":\"https:\/\/baportal.sk\/podnajom\/in\/32398\/\",\"url\":\"https:\/\/baportal.sk\/podnajom\/in\/32398\/\",\"name\":\"1 sp\u00e1l\u0148a 1 k\u00fape\u013e\u0148a Byt\/obytn\u00fd dom | Podn\u00e1jom - Baportal.sk - Bratislava\",\"isPartOf\":{\"@id\":\"https:\/\/baportal.sk\/podnajom\/#website\"},\"primaryImageOfPage\":{\"@id\":\"https:\/\/baportal.sk\/podnajom\/in\/32398\/#primaryimage\"},\"image\":{\"@id\":\"https:\/\/baportal.sk\/podnajom\/in\/32398\/#primaryimage\"},\"thumbnailUrl\":\"https:\/\/scontent.fbts3-1.fna.fbcdn.net\/v\/t39.30808-6\/276229704_10222652132840055_5644864546436187084_n.jpg?stp=c46.0.118.118a_cp0_dst-jpg_e15_p118x118_q65&_nc_cat=102&ccb=1-5&_nc_sid=5bac3a&_nc_ohc=wYklRZpv798AX-xrhCv&_nc_ht=scontent.fbts3-1.fna&oh=00_AT_HlJlM14cGUintTeORUPsvNBVAhg6u8Ib_LX4KTIEBjA&oe=623E18BE\",\"datePublished\":\"2022-03-21T08:01:56+00:00\",\"dateModified\":\"2022-03-21T08:01:56+00:00\",\"author\":{\"@id\":\"https:\/\/baportal.sk\/podnajom\/#\/schema\/person\/1048c08c599b2e93379d6374549bd168\"},\"description\":\"COLLDEEDs rental - pren\u00e1jom \u010derstvo zrekon\u0161truovanej gars\u00f3nky priamo v centre s balk\u00f3nom Pon\u00fakame na pren\u00e1jom gars\u0144ku v centre mesta na K\u00fape\u013enej ulici.\",\"breadcrumb\":{\"@id\":\"https:\/\/baportal.sk\/podnajom\/in\/32398\/#breadcrumb\"},\"inLanguage\":\"sk-SK\",\"potentialAction\":[{\"@type\":\"ReadAction\",\"target\":[\"https:\/\/baportal.sk\/podnajom\/in\/32398\/\"]}]},{\"@type\":\"ImageObject\",\"inLanguage\":\"sk-SK\",\"@id\":\"https:\/\/baportal.sk\/podnajom\/in\/32398\/#primaryimage\",\"url\":\"https:\/\/scontent.fbts3-1.fna.fbcdn.net\/v\/t39.30808-6\/276229704_10222652132840055_5644864546436187084_n.jpg?stp=c46.0.118.118a_cp0_dst-jpg_e15_p118x118_q65&_nc_cat=102&ccb=1-5&_nc_sid=5bac3a&_nc_ohc=wYklRZpv798AX-xrhCv&_nc_ht=scontent.fbts3-1.fna&oh=00_AT_HlJlM14cGUintTeORUPsvNBVAhg6u8Ib_LX4KTIEBjA&oe=623E18BE\",\"contentUrl\":\"https:\/\/scontent.fbts3-1.fna.fbcdn.net\/v\/t39.30808-6\/276229704_10222652132840055_5644864546436187084_n.jpg?stp=c46.0.118.118a_cp0_dst-jpg_e15_p118x118_q65&_nc_cat=102&ccb=1-5&_nc_sid=5bac3a&_nc_ohc=wYklRZpv798AX-xrhCv&_nc_ht=scontent.fbts3-1.fna&oh=00_AT_HlJlM14cGUintTeORUPsvNBVAhg6u8Ib_LX4KTIEBjA&oe=623E18BE\"},{\"@type\":\"BreadcrumbList\",\"@id\":\"https:\/\/baportal.sk\/podnajom\/in\/32398\/#breadcrumb\",\"itemListElement\":[{\"@type\":\"ListItem\",\"position\":1,\"name\":\"Domovsk\u00e1 str\u00e1nka\",\"item\":\"https:\/\/baportal.sk\/podnajom\/\"},{\"@type\":\"ListItem\",\"position\":2,\"name\":\"1 sp\u00e1l\u0148a 1 k\u00fape\u013e\u0148a Byt\/obytn\u00fd dom\"}]},{\"@type\":\"WebSite\",\"@id\":\"https:\/\/baportal.sk\/podnajom\/#website\",\"url\":\"https:\/\/baportal.sk\/podnajom\/\",\"name\":\"Podn\u00e1jom - Baportal.sk - Bratislava\",\"description\":\"\",\"potentialAction\":[{\"@type\":\"SearchAction\",\"target\":{\"@type\":\"EntryPoint\",\"urlTemplate\":\"https:\/\/baportal.sk\/podnajom\/?s={search_term_string}\"},\"query-input\":\"required name=search_term_string\"}],\"inLanguage\":\"sk-SK\"},{\"@type\":\"Person\",\"@id\":\"https:\/\/baportal.sk\/podnajom\/#\/schema\/person\/1048c08c599b2e93379d6374549bd168\",\"name\":\"marek\",\"image\":{\"@type\":\"ImageObject\",\"inLanguage\":\"sk-SK\",\"@id\":\"https:\/\/baportal.sk\/podnajom\/#\/schema\/person\/image\/\",\"url\":\"https:\/\/secure.gravatar.com\/avatar\/cdf0fbd37411d455f1afd87f93b867f6?s=96&d=mm&r=g\",\"contentUrl\":\"https:\/\/secure.gravatar.com\/avatar\/cdf0fbd37411d455f1afd87f93b867f6?s=96&d=mm&r=g\",\"caption\":\"marek\"},\"sameAs\":[\"https:\/\/www.baportal.sk\/podnajom\"]}]}<\/script>\n<!-- \/ Yoast SEO plugin. -->","yoast_head_json":{"title":"1 sp\u00e1l\u0148a 1 k\u00fape\u013e\u0148a Byt\/obytn\u00fd dom | Podn\u00e1jom - Baportal.sk - Bratislava","description":"COLLDEEDs rental - pren\u00e1jom \u010derstvo zrekon\u0161truovanej gars\u00f3nky priamo v centre s balk\u00f3nom Pon\u00fakame na pren\u00e1jom gars\u0144ku v centre mesta na K\u00fape\u013enej ulici.","robots":{"index":"index","follow":"follow","max-snippet":"max-snippet:-1","max-image-preview":"max-image-preview:large","max-video-preview":"max-video-preview:-1"},"canonical":"https:\/\/baportal.sk\/podnajom\/in\/32398\/","og_locale":"sk_SK","og_type":"article","og_title":"1 sp\u00e1l\u0148a 1 k\u00fape\u013e\u0148a Byt\/obytn\u00fd dom | Podn\u00e1jom - Baportal.sk - Bratislava","og_description":"COLLDEEDs rental - pren\u00e1jom \u010derstvo zrekon\u0161truovanej gars\u00f3nky priamo v centre s balk\u00f3nom Pon\u00fakame na pren\u00e1jom gars\u0144ku v centre mesta na K\u00fape\u013enej ulici.","og_url":"https:\/\/baportal.sk\/podnajom\/in\/32398\/","og_site_name":"Podn\u00e1jom - Baportal.sk - Bratislava","article_published_time":"2022-03-21T08:01:56+00:00","og_image":[{"url":"https:\/\/scontent.fbts3-1.fna.fbcdn.net\/v\/t39.30808-6\/276229704_10222652132840055_5644864546436187084_n.jpg?stp=c46.0.118.118a_cp0_dst-jpg_e15_p118x118_q65&_nc_cat=102&ccb=1-5&_nc_sid=5bac3a&_nc_ohc=wYklRZpv798AX-xrhCv&_nc_ht=scontent.fbts3-1.fna&oh=00_AT_HlJlM14cGUintTeORUPsvNBVAhg6u8Ib_LX4KTIEBjA&oe=623E18BE"}],"author":"marek","twitter_card":"summary_large_image","twitter_misc":{"Autor":"marek"},"schema":{"@context":"https:\/\/schema.org","@graph":[{"@type":"WebPage","@id":"https:\/\/baportal.sk\/podnajom\/in\/32398\/","url":"https:\/\/baportal.sk\/podnajom\/in\/32398\/","name":"1 sp\u00e1l\u0148a 1 k\u00fape\u013e\u0148a Byt\/obytn\u00fd dom | Podn\u00e1jom - Baportal.sk - Bratislava","isPartOf":{"@id":"https:\/\/baportal.sk\/podnajom\/#website"},"primaryImageOfPage":{"@id":"https:\/\/baportal.sk\/podnajom\/in\/32398\/#primaryimage"},"image":{"@id":"https:\/\/baportal.sk\/podnajom\/in\/32398\/#primaryimage"},"thumbnailUrl":"https:\/\/scontent.fbts3-1.fna.fbcdn.net\/v\/t39.30808-6\/276229704_10222652132840055_5644864546436187084_n.jpg?stp=c46.0.118.118a_cp0_dst-jpg_e15_p118x118_q65&_nc_cat=102&ccb=1-5&_nc_sid=5bac3a&_nc_ohc=wYklRZpv798AX-xrhCv&_nc_ht=scontent.fbts3-1.fna&oh=00_AT_HlJlM14cGUintTeORUPsvNBVAhg6u8Ib_LX4KTIEBjA&oe=623E18BE","datePublished":"2022-03-21T08:01:56+00:00","dateModified":"2022-03-21T08:01:56+00:00","author":{"@id":"https:\/\/baportal.sk\/podnajom\/#\/schema\/person\/1048c08c599b2e93379d6374549bd168"},"description":"COLLDEEDs rental - pren\u00e1jom \u010derstvo zrekon\u0161truovanej gars\u00f3nky priamo v centre s balk\u00f3nom Pon\u00fakame na pren\u00e1jom gars\u0144ku v centre mesta na K\u00fape\u013enej ulici.","breadcrumb":{"@id":"https:\/\/baportal.sk\/podnajom\/in\/32398\/#breadcrumb"},"inLanguage":"sk-SK","potentialAction":[{"@type":"ReadAction","target":["https:\/\/baportal.sk\/podnajom\/in\/32398\/"]}]},{"@type":"ImageObject","inLanguage":"sk-SK","@id":"https:\/\/baportal.sk\/podnajom\/in\/32398\/#primaryimage","url":"https:\/\/scontent.fbts3-1.fna.fbcdn.net\/v\/t39.30808-6\/276229704_10222652132840055_5644864546436187084_n.jpg?stp=c46.0.118.118a_cp0_dst-jpg_e15_p118x118_q65&_nc_cat=102&ccb=1-5&_nc_sid=5bac3a&_nc_ohc=wYklRZpv798AX-xrhCv&_nc_ht=scontent.fbts3-1.fna&oh=00_AT_HlJlM14cGUintTeORUPsvNBVAhg6u8Ib_LX4KTIEBjA&oe=623E18BE","contentUrl":"https:\/\/scontent.fbts3-1.fna.fbcdn.net\/v\/t39.30808-6\/276229704_10222652132840055_5644864546436187084_n.jpg?stp=c46.0.118.118a_cp0_dst-jpg_e15_p118x118_q65&_nc_cat=102&ccb=1-5&_nc_sid=5bac3a&_nc_ohc=wYklRZpv798AX-xrhCv&_nc_ht=scontent.fbts3-1.fna&oh=00_AT_HlJlM14cGUintTeORUPsvNBVAhg6u8Ib_LX4KTIEBjA&oe=623E18BE"},{"@type":"BreadcrumbList","@id":"https:\/\/baportal.sk\/podnajom\/in\/32398\/#breadcrumb","itemListElement":[{"@type":"ListItem","position":1,"name":"Domovsk\u00e1 str\u00e1nka","item":"https:\/\/baportal.sk\/podnajom\/"},{"@type":"ListItem","position":2,"name":"1 sp\u00e1l\u0148a 1 k\u00fape\u013e\u0148a Byt\/obytn\u00fd dom"}]},{"@type":"WebSite","@id":"https:\/\/baportal.sk\/podnajom\/#website","url":"https:\/\/baportal.sk\/podnajom\/","name":"Podn\u00e1jom - Baportal.sk - Bratislava","description":"","potentialAction":[{"@type":"SearchAction","target":{"@type":"EntryPoint","urlTemplate":"https:\/\/baportal.sk\/podnajom\/?s={search_term_string}"},"query-input":"required name=search_term_string"}],"inLanguage":"sk-SK"},{"@type":"Person","@id":"https:\/\/baportal.sk\/podnajom\/#\/schema\/person\/1048c08c599b2e93379d6374549bd168","name":"marek","image":{"@type":"ImageObject","inLanguage":"sk-SK","@id":"https:\/\/baportal.sk\/podnajom\/#\/schema\/person\/image\/","url":"https:\/\/secure.gravatar.com\/avatar\/cdf0fbd37411d455f1afd87f93b867f6?s=96&d=mm&r=g","contentUrl":"https:\/\/secure.gravatar.com\/avatar\/cdf0fbd37411d455f1afd87f93b867f6?s=96&d=mm&r=g","caption":"marek"},"sameAs":["https:\/\/www.baportal.sk\/podnajom"]}]}},"_links":{"self":[{"href":"https:\/\/baportal.sk\/podnajom\/wp-json\/wp\/v2\/posts\/32398"}],"collection":[{"href":"https:\/\/baportal.sk\/podnajom\/wp-json\/wp\/v2\/posts"}],"about":[{"href":"https:\/\/baportal.sk\/podnajom\/wp-json\/wp\/v2\/types\/post"}],"author":[{"embeddable":true,"href":"https:\/\/baportal.sk\/podnajom\/wp-json\/wp\/v2\/users\/1"}],"replies":[{"embeddable":true,"href":"https:\/\/baportal.sk\/podnajom\/wp-json\/wp\/v2\/comments?post=32398"}],"version-history":[{"count":0,"href":"https:\/\/baportal.sk\/podnajom\/wp-json\/wp\/v2\/posts\/32398\/revisions"}],"wp:attachment":[{"href":"https:\/\/baportal.sk\/podnajom\/wp-json\/wp\/v2\/media?parent=32398"}],"wp:term":[{"taxonomy":"category","embeddable":true,"href":"https:\/\/baportal.sk\/podnajom\/wp-json\/wp\/v2\/categories?post=32398"},{"taxonomy":"post_tag","embeddable":true,"href":"https:\/\/baportal.sk\/podnajom\/wp-json\/wp\/v2\/tags?post=32398"}],"curies":[{"name":"wp","href":"https:\/\/api.w.org\/{rel}","templated":true}]}}