{"id":33516,"date":"2022-04-05T16:42:06","date_gmt":"2022-04-05T14:42:06","guid":{"rendered":"https:\/\/baportal.sk\/podnajom\/in\/33516\/"},"modified":"2022-04-05T16:42:06","modified_gmt":"2022-04-05T14:42:06","slug":"u-nas-pekny-3i-byt-vyhlad-novostavba-parking-terasa-klima-sky-park","status":"publish","type":"post","link":"https:\/\/baportal.sk\/podnajom\/in\/33516\/","title":{"rendered":"U N\u00c1S !!! PEKN\u00dd 3i byt, V\u00ddH\u013dAD, NOVOSTAVBA, PARKING, TERASA, KL\u00cdMA, SKY PARK"},"content":{"rendered":"<div class=\"text-inner\">\n                                Pon\u00fakame  na pren\u00e1jom ve\u013emi pekn\u00fd, modern\u00fd, ve\u013ekometr\u00e1\u017eny, slne\u010dn\u00fd a hlavne \u00faplne nov\u00fd 3i \u2013 izbov\u00fd byt orientovan\u00fd na JV, \u010diasto\u010dne \u0161t\u00fdlovo zariaden\u00fd s \u00faplne nov\u00fdm n\u00e1bytkom na mieru, s centr\u00e1lnou klimatiz\u00e1ciou, k\u00faren\u00edm a rekuper\u00e1ciou, dvomi gar\u00e1\u017eov\u00fdmi parkovac\u00edmi miestami, pivni\u010dnou kobkou, s priestrannou terasou s dreven\u00fdm podkladom v novostavbe v projekte Sky PARK by Zaha Hadid na Tov\u00e1renskej ulici vo vyh\u013ead\u00e1vanej a tichej mestskej \u010dasti Star\u00e9 Mesto.<\/p>\n<p>Podlahov\u00e1 plocha bytu predstavuje 86,26 m2 + 5,87 m2 terasa. Byt sa nach\u00e1dza na 11. poschod\u00ed v 30 \u2013 poschodovej novostavbe so 4 v\u00fd\u0165ahmi, vo\u013ene dostupnou panoramatickou vyhliadkou na streche ve\u017ee a 24 hodinovou recepciou. Byt je v osobnom vlastn\u00edctve. V okol\u00ed kompletn\u00e1 ob\u010dianska vybavenos\u0165 s bezprobl\u00e9mov\u00fdm pr\u00edstupom do centra.<\/p>\n<p>Mo\u017enos\u0165 dozariadi\u0165 n\u00e1bytkom po dohode.<\/p>\n<p>K bytu je mo\u017en\u00e9 prenaja\u0165 si 2 parkovacie miesta za poplatok 100 euro\/1 miesto<\/p>\n<p>Byt sa prenaj\u00edma \u010diasto\u010dne moderne zariaden\u00fd s kuchynskou linkou na mieru s nov\u00fdmi spotrebi\u010dmi: induk\u010dnou varnou doskou a elektrickou r\u00farou na pe\u010denie, s digestorom, so zabudovanou chladni\u010dkou s mrazni\u010dkou, um\u00fdva\u010dkou riadu, centr\u00e1lnou klimatiz\u00e1ciou a so \u0161atn\u00edkov\u00fdmi skri\u0148ami na mieru na chodbe a v sp\u00e1lni. V k\u00fape\u013eni sa nach\u00e1dza va\u0148a, zrkadlo, um\u00fdvadlo a pr\u00e1\u010dka. Ob\u00fdva\u010dka je vybaven\u00e1 skrinkou pod TV. <\/p>\n<p>Dispozi\u010dn\u00e9 rie\u0161enie bytu: vstupn\u00e1 chodba, \u0161atn\u00edk, ob\u00fdvacia izba s kuchy\u0148ou s pr\u00edstupom na terasu, 2 x sp\u00e1l\u0148a, k\u00fape\u013e\u0148a  a toaleta.   <\/p>\n<p>Bytov\u00fd dom SKY PARK sa nach\u00e1dza v mestskej \u010dasti Star\u00e9 Mesto s kompletnou ob\u010dianskou vybavenos\u0165ou. SKY Park sa nach\u00e1dza v tesnej bl\u00edzkosti Nov\u00e9ho SND, ako aj Hviezdoslavovho n\u00e1mestia, zn\u00e1meho mno\u017estvom kult\u00farnych podujat\u00ed po\u010das cel\u00e9ho roka, sused\u00ed s n\u00e1bre\u017e\u00edm Dunaja, ktor\u00fd poskytuje mno\u017estvo pr\u00edle\u017eitost\u00ed na akt\u00edvny odpo\u010dinok. Mno\u017estvo re\u0161taur\u00e1ci\u00ed a kaviarn\u00ed lemuj\u00facich n\u00e1bre\u017eie Dunaja s\u00fa v\u00e1m plne k dispoz\u00edcii.  Jedno z najexkluz\u00edvnej\u0161\u00edch n\u00e1kupn\u00fdch centier 990 \u20ac\/mesiac sa nach\u00e1dza len p\u00e1r metrov od v\u00e1\u0161ho nov\u00e9ho b\u00fdvania. Skvel\u00e9 napojenie na verejn\u00fa dopravu je \u010fal\u0161ou v\u00fdhodou, ktor\u00e1 prisl\u00facha k b\u00fdvaniu v komplexe SKY PARK.<\/p>\n<p>Ve\u013emi pekn\u00e9, tich\u00e9 a pr\u00edjemn\u00e9 b\u00fdvanie vo vysokom \u0161tandarde.<\/p>\n<p>Byt je vo\u013en\u00fd od 15.5.2022 s mo\u017enos\u0165ou obhliadky  ihne\u010f.<\/p>\n<p>Mesa\u010dn\u00fd pren\u00e1jom predstavuje 990 \u20ac + 250 \u20ac energie.<\/p>\n<p>\nKontakt: 0948 902 505  <br \/>\nEmail: kiss@primereality.sk                            <\/div>\n","protected":false},"excerpt":{"rendered":"<p>Pon\u00fakame na pren\u00e1jom ve\u013emi pekn\u00fd, modern\u00fd, ve\u013ekometr\u00e1\u017eny, slne\u010dn\u00fd a hlavne \u00faplne nov\u00fd 3i \u2013 izbov\u00fd byt orientovan\u00fd na JV, \u010diasto\u010dne \u0161t\u00fdlovo zariaden\u00fd s \u00faplne nov\u00fdm n\u00e1bytkom na mieru, s centr\u00e1lnou klimatiz\u00e1ciou, k\u00faren\u00edm a rekuper\u00e1ciou, dvomi gar\u00e1\u017eov\u00fdmi parkovac\u00edmi miestami, pivni\u010dnou kobkou, s priestrannou terasou s dreven\u00fdm podkladom v novostavbe v projekte Sky PARK by Zaha Hadid [&hellip;]<\/p>\n","protected":false},"author":1,"featured_media":33517,"comment_status":"open","ping_status":"open","sticky":false,"template":"","format":"standard","meta":{"footnotes":""},"categories":[4],"tags":[],"class_list":["post-33516","post","type-post","status-publish","format-standard","has-post-thumbnail","hentry","category-prenajom-bytu"],"yoast_head":"<!-- This site is optimized with the Yoast SEO plugin v23.1 - https:\/\/yoast.com\/wordpress\/plugins\/seo\/ -->\n<title>U N\u00c1S !!! PEKN\u00dd 3i byt, V\u00ddH\u013dAD, NOVOSTAVBA, PARKING, TERASA, KL\u00cdMA, SKY PARK | Podn\u00e1jom - Baportal.sk - Bratislava<\/title>\n<meta name=\"description\" content=\"Pon\u00fakame na pren\u00e1jom ve\u013emi pekn\u00fd, modern\u00fd, ve\u013ekometr\u00e1\u017eny, slne\u010dn\u00fd a hlavne \u00faplne nov\u00fd 3i \u2013 izbov\u00fd byt orientovan\u00fd na JV, \u010diasto\u010dne \u0161t\u00fdlovo zariaden\u00fd s\" \/>\n<meta name=\"robots\" content=\"index, follow, max-snippet:-1, max-image-preview:large, max-video-preview:-1\" \/>\n<link rel=\"canonical\" href=\"https:\/\/baportal.sk\/podnajom\/in\/33516\/\" \/>\n<meta property=\"og:locale\" content=\"sk_SK\" \/>\n<meta property=\"og:type\" content=\"article\" \/>\n<meta property=\"og:title\" content=\"U N\u00c1S !!! PEKN\u00dd 3i byt, V\u00ddH\u013dAD, NOVOSTAVBA, PARKING, TERASA, KL\u00cdMA, SKY PARK | Podn\u00e1jom - Baportal.sk - Bratislava\" \/>\n<meta property=\"og:description\" content=\"Pon\u00fakame na pren\u00e1jom ve\u013emi pekn\u00fd, modern\u00fd, ve\u013ekometr\u00e1\u017eny, slne\u010dn\u00fd a hlavne \u00faplne nov\u00fd 3i \u2013 izbov\u00fd byt orientovan\u00fd na JV, \u010diasto\u010dne \u0161t\u00fdlovo zariaden\u00fd s\" \/>\n<meta property=\"og:url\" content=\"https:\/\/baportal.sk\/podnajom\/in\/33516\/\" \/>\n<meta property=\"og:site_name\" content=\"Podn\u00e1jom - Baportal.sk - Bratislava\" \/>\n<meta property=\"article:published_time\" content=\"2022-04-05T14:42:06+00:00\" \/>\n<meta property=\"og:image\" content=\"https:\/\/baportal.sk\/podnajom\/wp-content\/uploads\/2022\/04\/U-NAS-PEKNY-3i-byt-VYHLAD-NOVOSTAVBA-PARKING-TERASA.jpeg\" \/>\n\t<meta property=\"og:image:width\" content=\"600\" \/>\n\t<meta property=\"og:image:height\" content=\"315\" \/>\n\t<meta property=\"og:image:type\" content=\"image\/jpeg\" \/>\n<meta name=\"author\" content=\"marek\" \/>\n<meta name=\"twitter:card\" content=\"summary_large_image\" \/>\n<meta name=\"twitter:label1\" content=\"Autor\" \/>\n\t<meta name=\"twitter:data1\" content=\"marek\" \/>\n\t<meta name=\"twitter:label2\" content=\"Predpokladan\u00fd \u010das \u010d\u00edtania\" \/>\n\t<meta name=\"twitter:data2\" content=\"2 min\u00faty\" \/>\n<script type=\"application\/ld+json\" class=\"yoast-schema-graph\">{\"@context\":\"https:\/\/schema.org\",\"@graph\":[{\"@type\":\"WebPage\",\"@id\":\"https:\/\/baportal.sk\/podnajom\/in\/33516\/\",\"url\":\"https:\/\/baportal.sk\/podnajom\/in\/33516\/\",\"name\":\"U N\u00c1S !!! PEKN\u00dd 3i byt, V\u00ddH\u013dAD, NOVOSTAVBA, PARKING, TERASA, KL\u00cdMA, SKY PARK | Podn\u00e1jom - Baportal.sk - Bratislava\",\"isPartOf\":{\"@id\":\"https:\/\/baportal.sk\/podnajom\/#website\"},\"primaryImageOfPage\":{\"@id\":\"https:\/\/baportal.sk\/podnajom\/in\/33516\/#primaryimage\"},\"image\":{\"@id\":\"https:\/\/baportal.sk\/podnajom\/in\/33516\/#primaryimage\"},\"thumbnailUrl\":\"https:\/\/baportal.sk\/podnajom\/wp-content\/uploads\/2022\/04\/U-NAS-PEKNY-3i-byt-VYHLAD-NOVOSTAVBA-PARKING-TERASA.jpeg\",\"datePublished\":\"2022-04-05T14:42:06+00:00\",\"dateModified\":\"2022-04-05T14:42:06+00:00\",\"author\":{\"@id\":\"https:\/\/baportal.sk\/podnajom\/#\/schema\/person\/1048c08c599b2e93379d6374549bd168\"},\"description\":\"Pon\u00fakame na pren\u00e1jom ve\u013emi pekn\u00fd, modern\u00fd, ve\u013ekometr\u00e1\u017eny, slne\u010dn\u00fd a hlavne \u00faplne nov\u00fd 3i \u2013 izbov\u00fd byt orientovan\u00fd na JV, \u010diasto\u010dne \u0161t\u00fdlovo zariaden\u00fd s\",\"breadcrumb\":{\"@id\":\"https:\/\/baportal.sk\/podnajom\/in\/33516\/#breadcrumb\"},\"inLanguage\":\"sk-SK\",\"potentialAction\":[{\"@type\":\"ReadAction\",\"target\":[\"https:\/\/baportal.sk\/podnajom\/in\/33516\/\"]}]},{\"@type\":\"ImageObject\",\"inLanguage\":\"sk-SK\",\"@id\":\"https:\/\/baportal.sk\/podnajom\/in\/33516\/#primaryimage\",\"url\":\"https:\/\/baportal.sk\/podnajom\/wp-content\/uploads\/2022\/04\/U-NAS-PEKNY-3i-byt-VYHLAD-NOVOSTAVBA-PARKING-TERASA.jpeg\",\"contentUrl\":\"https:\/\/baportal.sk\/podnajom\/wp-content\/uploads\/2022\/04\/U-NAS-PEKNY-3i-byt-VYHLAD-NOVOSTAVBA-PARKING-TERASA.jpeg\",\"width\":600,\"height\":315},{\"@type\":\"BreadcrumbList\",\"@id\":\"https:\/\/baportal.sk\/podnajom\/in\/33516\/#breadcrumb\",\"itemListElement\":[{\"@type\":\"ListItem\",\"position\":1,\"name\":\"Domovsk\u00e1 str\u00e1nka\",\"item\":\"https:\/\/baportal.sk\/podnajom\/\"},{\"@type\":\"ListItem\",\"position\":2,\"name\":\"U N\u00c1S !!! PEKN\u00dd 3i byt, V\u00ddH\u013dAD, NOVOSTAVBA, PARKING, TERASA, KL\u00cdMA, SKY PARK\"}]},{\"@type\":\"WebSite\",\"@id\":\"https:\/\/baportal.sk\/podnajom\/#website\",\"url\":\"https:\/\/baportal.sk\/podnajom\/\",\"name\":\"Podn\u00e1jom - Baportal.sk - Bratislava\",\"description\":\"\",\"potentialAction\":[{\"@type\":\"SearchAction\",\"target\":{\"@type\":\"EntryPoint\",\"urlTemplate\":\"https:\/\/baportal.sk\/podnajom\/?s={search_term_string}\"},\"query-input\":\"required name=search_term_string\"}],\"inLanguage\":\"sk-SK\"},{\"@type\":\"Person\",\"@id\":\"https:\/\/baportal.sk\/podnajom\/#\/schema\/person\/1048c08c599b2e93379d6374549bd168\",\"name\":\"marek\",\"image\":{\"@type\":\"ImageObject\",\"inLanguage\":\"sk-SK\",\"@id\":\"https:\/\/baportal.sk\/podnajom\/#\/schema\/person\/image\/\",\"url\":\"https:\/\/secure.gravatar.com\/avatar\/cdf0fbd37411d455f1afd87f93b867f6?s=96&d=mm&r=g\",\"contentUrl\":\"https:\/\/secure.gravatar.com\/avatar\/cdf0fbd37411d455f1afd87f93b867f6?s=96&d=mm&r=g\",\"caption\":\"marek\"},\"sameAs\":[\"https:\/\/www.baportal.sk\/podnajom\"]}]}<\/script>\n<!-- \/ Yoast SEO plugin. -->","yoast_head_json":{"title":"U N\u00c1S !!! PEKN\u00dd 3i byt, V\u00ddH\u013dAD, NOVOSTAVBA, PARKING, TERASA, KL\u00cdMA, SKY PARK | Podn\u00e1jom - Baportal.sk - Bratislava","description":"Pon\u00fakame na pren\u00e1jom ve\u013emi pekn\u00fd, modern\u00fd, ve\u013ekometr\u00e1\u017eny, slne\u010dn\u00fd a hlavne \u00faplne nov\u00fd 3i \u2013 izbov\u00fd byt orientovan\u00fd na JV, \u010diasto\u010dne \u0161t\u00fdlovo zariaden\u00fd s","robots":{"index":"index","follow":"follow","max-snippet":"max-snippet:-1","max-image-preview":"max-image-preview:large","max-video-preview":"max-video-preview:-1"},"canonical":"https:\/\/baportal.sk\/podnajom\/in\/33516\/","og_locale":"sk_SK","og_type":"article","og_title":"U N\u00c1S !!! PEKN\u00dd 3i byt, V\u00ddH\u013dAD, NOVOSTAVBA, PARKING, TERASA, KL\u00cdMA, SKY PARK | Podn\u00e1jom - Baportal.sk - Bratislava","og_description":"Pon\u00fakame na pren\u00e1jom ve\u013emi pekn\u00fd, modern\u00fd, ve\u013ekometr\u00e1\u017eny, slne\u010dn\u00fd a hlavne \u00faplne nov\u00fd 3i \u2013 izbov\u00fd byt orientovan\u00fd na JV, \u010diasto\u010dne \u0161t\u00fdlovo zariaden\u00fd s","og_url":"https:\/\/baportal.sk\/podnajom\/in\/33516\/","og_site_name":"Podn\u00e1jom - Baportal.sk - Bratislava","article_published_time":"2022-04-05T14:42:06+00:00","og_image":[{"width":600,"height":315,"url":"https:\/\/baportal.sk\/podnajom\/wp-content\/uploads\/2022\/04\/U-NAS-PEKNY-3i-byt-VYHLAD-NOVOSTAVBA-PARKING-TERASA.jpeg","type":"image\/jpeg"}],"author":"marek","twitter_card":"summary_large_image","twitter_misc":{"Autor":"marek","Predpokladan\u00fd \u010das \u010d\u00edtania":"2 min\u00faty"},"schema":{"@context":"https:\/\/schema.org","@graph":[{"@type":"WebPage","@id":"https:\/\/baportal.sk\/podnajom\/in\/33516\/","url":"https:\/\/baportal.sk\/podnajom\/in\/33516\/","name":"U N\u00c1S !!! PEKN\u00dd 3i byt, V\u00ddH\u013dAD, NOVOSTAVBA, PARKING, TERASA, KL\u00cdMA, SKY PARK | Podn\u00e1jom - Baportal.sk - Bratislava","isPartOf":{"@id":"https:\/\/baportal.sk\/podnajom\/#website"},"primaryImageOfPage":{"@id":"https:\/\/baportal.sk\/podnajom\/in\/33516\/#primaryimage"},"image":{"@id":"https:\/\/baportal.sk\/podnajom\/in\/33516\/#primaryimage"},"thumbnailUrl":"https:\/\/baportal.sk\/podnajom\/wp-content\/uploads\/2022\/04\/U-NAS-PEKNY-3i-byt-VYHLAD-NOVOSTAVBA-PARKING-TERASA.jpeg","datePublished":"2022-04-05T14:42:06+00:00","dateModified":"2022-04-05T14:42:06+00:00","author":{"@id":"https:\/\/baportal.sk\/podnajom\/#\/schema\/person\/1048c08c599b2e93379d6374549bd168"},"description":"Pon\u00fakame na pren\u00e1jom ve\u013emi pekn\u00fd, modern\u00fd, ve\u013ekometr\u00e1\u017eny, slne\u010dn\u00fd a hlavne \u00faplne nov\u00fd 3i \u2013 izbov\u00fd byt orientovan\u00fd na JV, \u010diasto\u010dne \u0161t\u00fdlovo zariaden\u00fd s","breadcrumb":{"@id":"https:\/\/baportal.sk\/podnajom\/in\/33516\/#breadcrumb"},"inLanguage":"sk-SK","potentialAction":[{"@type":"ReadAction","target":["https:\/\/baportal.sk\/podnajom\/in\/33516\/"]}]},{"@type":"ImageObject","inLanguage":"sk-SK","@id":"https:\/\/baportal.sk\/podnajom\/in\/33516\/#primaryimage","url":"https:\/\/baportal.sk\/podnajom\/wp-content\/uploads\/2022\/04\/U-NAS-PEKNY-3i-byt-VYHLAD-NOVOSTAVBA-PARKING-TERASA.jpeg","contentUrl":"https:\/\/baportal.sk\/podnajom\/wp-content\/uploads\/2022\/04\/U-NAS-PEKNY-3i-byt-VYHLAD-NOVOSTAVBA-PARKING-TERASA.jpeg","width":600,"height":315},{"@type":"BreadcrumbList","@id":"https:\/\/baportal.sk\/podnajom\/in\/33516\/#breadcrumb","itemListElement":[{"@type":"ListItem","position":1,"name":"Domovsk\u00e1 str\u00e1nka","item":"https:\/\/baportal.sk\/podnajom\/"},{"@type":"ListItem","position":2,"name":"U N\u00c1S !!! PEKN\u00dd 3i byt, V\u00ddH\u013dAD, NOVOSTAVBA, PARKING, TERASA, KL\u00cdMA, SKY PARK"}]},{"@type":"WebSite","@id":"https:\/\/baportal.sk\/podnajom\/#website","url":"https:\/\/baportal.sk\/podnajom\/","name":"Podn\u00e1jom - Baportal.sk - Bratislava","description":"","potentialAction":[{"@type":"SearchAction","target":{"@type":"EntryPoint","urlTemplate":"https:\/\/baportal.sk\/podnajom\/?s={search_term_string}"},"query-input":"required name=search_term_string"}],"inLanguage":"sk-SK"},{"@type":"Person","@id":"https:\/\/baportal.sk\/podnajom\/#\/schema\/person\/1048c08c599b2e93379d6374549bd168","name":"marek","image":{"@type":"ImageObject","inLanguage":"sk-SK","@id":"https:\/\/baportal.sk\/podnajom\/#\/schema\/person\/image\/","url":"https:\/\/secure.gravatar.com\/avatar\/cdf0fbd37411d455f1afd87f93b867f6?s=96&d=mm&r=g","contentUrl":"https:\/\/secure.gravatar.com\/avatar\/cdf0fbd37411d455f1afd87f93b867f6?s=96&d=mm&r=g","caption":"marek"},"sameAs":["https:\/\/www.baportal.sk\/podnajom"]}]}},"_links":{"self":[{"href":"https:\/\/baportal.sk\/podnajom\/wp-json\/wp\/v2\/posts\/33516"}],"collection":[{"href":"https:\/\/baportal.sk\/podnajom\/wp-json\/wp\/v2\/posts"}],"about":[{"href":"https:\/\/baportal.sk\/podnajom\/wp-json\/wp\/v2\/types\/post"}],"author":[{"embeddable":true,"href":"https:\/\/baportal.sk\/podnajom\/wp-json\/wp\/v2\/users\/1"}],"replies":[{"embeddable":true,"href":"https:\/\/baportal.sk\/podnajom\/wp-json\/wp\/v2\/comments?post=33516"}],"version-history":[{"count":0,"href":"https:\/\/baportal.sk\/podnajom\/wp-json\/wp\/v2\/posts\/33516\/revisions"}],"wp:featuredmedia":[{"embeddable":true,"href":"https:\/\/baportal.sk\/podnajom\/wp-json\/wp\/v2\/media\/33517"}],"wp:attachment":[{"href":"https:\/\/baportal.sk\/podnajom\/wp-json\/wp\/v2\/media?parent=33516"}],"wp:term":[{"taxonomy":"category","embeddable":true,"href":"https:\/\/baportal.sk\/podnajom\/wp-json\/wp\/v2\/categories?post=33516"},{"taxonomy":"post_tag","embeddable":true,"href":"https:\/\/baportal.sk\/podnajom\/wp-json\/wp\/v2\/tags?post=33516"}],"curies":[{"name":"wp","href":"https:\/\/api.w.org\/{rel}","templated":true}]}}