{"id":34275,"date":"2022-04-19T08:21:26","date_gmt":"2022-04-19T06:21:26","guid":{"rendered":"https:\/\/baportal.sk\/podnajom\/in\/34275\/"},"modified":"2022-04-19T08:21:26","modified_gmt":"2022-04-19T06:21:26","slug":"bosen-slnecny-2i-byt-na-zahradnickej-ulici-stare-mesto","status":"publish","type":"post","link":"https:\/\/baportal.sk\/podnajom\/in\/34275\/","title":{"rendered":"BOSEN | Slne\u010dn\u00fd 2i byt na Z\u00e1hradn\u00edckej ulici, Star\u00e9 Mesto"},"content":{"rendered":"<div class=\"text-inner\">\n                                Bosen Group V\u00e1m pon\u00faka na pren\u00e1jom priestrann\u00fd 2 izbov\u00fd byt na ulici Z\u00e1hradn\u00edcka, Bratislava \u2013 mestsk\u00e1 \u010das\u0165 Star\u00e9 mesto.<\/p>\n<p>\nBYT: Byt m\u00e1 v\u00fdmeru 39 m2. Nach\u00e1dza sa v zrekon\u0161truovanom bytovom dome s v\u00fd\u0165ahom na 5 zv\u00fd\u0161enom poschod\u00ed zo 6. Byt je v\u00fdborne dispozi\u010dne rie\u0161en\u00fd, presvetlen\u00fd orientovan\u00fd do tichej \u010dasti vn\u00fatrobloku. <\/p>\n<p>\nDISPOZ\u00cdCIA: Vstupn\u00e1 chodba so \u0161atn\u00edkou zostavou, priestrann\u00e1 ob\u00fdvacia izba je spojen\u00e1 s kuchy\u0148ou a jed\u00e1lensk\u00fdm pultom. V sp\u00e1lni je pracovn\u00fd stol\u00edk a skrine, ktor\u00e9 zabezpe\u010duj\u00fa dostatok \u00falo\u017en\u00fdch priestorov, k\u00fape\u013e\u0148a so sprchovac\u00edm k\u00fatom.<\/p>\n<p>\nZARIADNIE: Byt sa prenaj\u00edma kompletne zariaden\u00fd \u2013 vstavan\u00e9 skrine v vstupnej hale, sedacia s\u00faprava, skrinka pod TV,  jed\u00e1lensk\u00fd pult so stoli\u010dkami, kompletne vybaven\u00e1 kuchy\u0148a spotrebi\u010dmi \u2013 vstavan\u00e1 r\u00fara, mikrovlnka, elektrick\u00e1 varn\u00e1 doska, chladni\u010dka s mrazni\u010dkou, pr\u00e1\u010dka, man\u017eelsk\u00e1 poste\u013e, pracovn\u00fd st\u00f4l. <\/p>\n<p>\nPARKOVANIE: Parkovanie je mo\u017en\u00e9 vo dvore bytov\u00e9ho domu. <\/p>\n<p>\nLOKALITA: Byt sa nach\u00e1dza v zrenovovanom obytnom dome v\u00fdznamn\u00e9ho \u010desko-slovensk\u00e9ho architekta Prof. Karf\u00edka na Z\u00e1hradn\u00edckej ulici s v\u00fdbornou dopravnou dostupnos\u0165ou (Z\u00e1hradn\u00edcka, Karad\u017ei\u010dov\u00e1 a Kr\u00ed\u017ena) a MHD (zast\u00e1vka Karad\u017ei\u010dova). Lokalita pon\u00faka dobr\u00fa ob\u010diansku vybavenos\u0165 - potraviny Lidl, Billa, trhovisko Mileti\u010dova, v bl\u00edzkosti OC Centr\u00e1l. Mo\u017enos\u0165 relaxu a rekre\u00e1cie pon\u00faka bl\u00edzke \u0160trkoveck\u00e9 jazero, k\u00fapalisko Delf\u00edn v Ru\u017eovej doline, 2 zimn\u00e9 \u0161tadi\u00f3ny.<\/p>\n<p>\nCENA:  550 EUR n\u00e1jom + 150 EUR energie \/ mesiac<\/p>\n<p>\nBYT JE VO\u013dN\u00dd IHNE\u010e. <\/p>\n<p>\nRealitn\u00e1 kancel\u00e1ria Bosen Group  je \u010dlenom Realitnej \u00fanie SR a riadi sa jej Realitn\u00fdm k\u00f3dexom. Uveden\u00e1 cena bol kone\u010dn\u00e1, zah\u0155\u0148ala prov\u00edziu realitnej kancel\u00e1rie a pr\u00e1vny servis zabezpe\u010dovan\u00fd advok\u00e1tskou kancel\u00e1riou a poradenstvo pri pren\u00e1jme nehnute\u013enosti.                            <\/div>\n","protected":false},"excerpt":{"rendered":"<p>Bosen Group V\u00e1m pon\u00faka na pren\u00e1jom priestrann\u00fd 2 izbov\u00fd byt na ulici Z\u00e1hradn\u00edcka, Bratislava \u2013 mestsk\u00e1 \u010das\u0165 Star\u00e9 mesto. BYT: Byt m\u00e1 v\u00fdmeru 39 m2. Nach\u00e1dza sa v zrekon\u0161truovanom bytovom dome s v\u00fd\u0165ahom na 5 zv\u00fd\u0161enom poschod\u00ed zo 6. Byt je v\u00fdborne dispozi\u010dne rie\u0161en\u00fd, presvetlen\u00fd orientovan\u00fd do tichej \u010dasti vn\u00fatrobloku. DISPOZ\u00cdCIA: Vstupn\u00e1 chodba so \u0161atn\u00edkou [&hellip;]<\/p>\n","protected":false},"author":1,"featured_media":34276,"comment_status":"open","ping_status":"open","sticky":false,"template":"","format":"standard","meta":{"footnotes":""},"categories":[4],"tags":[],"class_list":["post-34275","post","type-post","status-publish","format-standard","has-post-thumbnail","hentry","category-prenajom-bytu"],"yoast_head":"<!-- This site is optimized with the Yoast SEO plugin v23.1 - https:\/\/yoast.com\/wordpress\/plugins\/seo\/ -->\n<title>BOSEN | Slne\u010dn\u00fd 2i byt na Z\u00e1hradn\u00edckej ulici, Star\u00e9 Mesto | Podn\u00e1jom - Baportal.sk - Bratislava<\/title>\n<meta name=\"description\" content=\"Bosen Group V\u00e1m pon\u00faka na pren\u00e1jom priestrann\u00fd 2 izbov\u00fd byt na ulici Z\u00e1hradn\u00edcka, Bratislava \u2013 mestsk\u00e1 \u010das\u0165 Star\u00e9 mesto. BYT: Byt m\u00e1 v\u00fdmeru 39 m2.\" \/>\n<meta name=\"robots\" content=\"index, follow, max-snippet:-1, max-image-preview:large, max-video-preview:-1\" \/>\n<link rel=\"canonical\" href=\"https:\/\/baportal.sk\/podnajom\/in\/34275\/\" \/>\n<meta property=\"og:locale\" content=\"sk_SK\" \/>\n<meta property=\"og:type\" content=\"article\" \/>\n<meta property=\"og:title\" content=\"BOSEN | Slne\u010dn\u00fd 2i byt na Z\u00e1hradn\u00edckej ulici, Star\u00e9 Mesto | Podn\u00e1jom - Baportal.sk - Bratislava\" \/>\n<meta property=\"og:description\" content=\"Bosen Group V\u00e1m pon\u00faka na pren\u00e1jom priestrann\u00fd 2 izbov\u00fd byt na ulici Z\u00e1hradn\u00edcka, Bratislava \u2013 mestsk\u00e1 \u010das\u0165 Star\u00e9 mesto. BYT: Byt m\u00e1 v\u00fdmeru 39 m2.\" \/>\n<meta property=\"og:url\" content=\"https:\/\/baportal.sk\/podnajom\/in\/34275\/\" \/>\n<meta property=\"og:site_name\" content=\"Podn\u00e1jom - Baportal.sk - Bratislava\" \/>\n<meta property=\"article:published_time\" content=\"2022-04-19T06:21:26+00:00\" \/>\n<meta property=\"og:image\" content=\"https:\/\/baportal.sk\/podnajom\/wp-content\/uploads\/2022\/04\/BOSEN-Slnecny-2i-byt-na-Zahradnickej-ulici-Stare-Mesto.jpeg\" \/>\n\t<meta property=\"og:image:width\" content=\"600\" \/>\n\t<meta property=\"og:image:height\" content=\"315\" \/>\n\t<meta property=\"og:image:type\" content=\"image\/jpeg\" \/>\n<meta name=\"author\" content=\"marek\" \/>\n<meta name=\"twitter:card\" content=\"summary_large_image\" \/>\n<meta name=\"twitter:label1\" content=\"Autor\" \/>\n\t<meta name=\"twitter:data1\" content=\"marek\" \/>\n\t<meta name=\"twitter:label2\" content=\"Predpokladan\u00fd \u010das \u010d\u00edtania\" \/>\n\t<meta name=\"twitter:data2\" content=\"2 min\u00faty\" \/>\n<script type=\"application\/ld+json\" class=\"yoast-schema-graph\">{\"@context\":\"https:\/\/schema.org\",\"@graph\":[{\"@type\":\"WebPage\",\"@id\":\"https:\/\/baportal.sk\/podnajom\/in\/34275\/\",\"url\":\"https:\/\/baportal.sk\/podnajom\/in\/34275\/\",\"name\":\"BOSEN | Slne\u010dn\u00fd 2i byt na Z\u00e1hradn\u00edckej ulici, Star\u00e9 Mesto | Podn\u00e1jom - Baportal.sk - Bratislava\",\"isPartOf\":{\"@id\":\"https:\/\/baportal.sk\/podnajom\/#website\"},\"primaryImageOfPage\":{\"@id\":\"https:\/\/baportal.sk\/podnajom\/in\/34275\/#primaryimage\"},\"image\":{\"@id\":\"https:\/\/baportal.sk\/podnajom\/in\/34275\/#primaryimage\"},\"thumbnailUrl\":\"https:\/\/baportal.sk\/podnajom\/wp-content\/uploads\/2022\/04\/BOSEN-Slnecny-2i-byt-na-Zahradnickej-ulici-Stare-Mesto.jpeg\",\"datePublished\":\"2022-04-19T06:21:26+00:00\",\"dateModified\":\"2022-04-19T06:21:26+00:00\",\"author\":{\"@id\":\"https:\/\/baportal.sk\/podnajom\/#\/schema\/person\/1048c08c599b2e93379d6374549bd168\"},\"description\":\"Bosen Group V\u00e1m pon\u00faka na pren\u00e1jom priestrann\u00fd 2 izbov\u00fd byt na ulici Z\u00e1hradn\u00edcka, Bratislava \u2013 mestsk\u00e1 \u010das\u0165 Star\u00e9 mesto. BYT: Byt m\u00e1 v\u00fdmeru 39 m2.\",\"breadcrumb\":{\"@id\":\"https:\/\/baportal.sk\/podnajom\/in\/34275\/#breadcrumb\"},\"inLanguage\":\"sk-SK\",\"potentialAction\":[{\"@type\":\"ReadAction\",\"target\":[\"https:\/\/baportal.sk\/podnajom\/in\/34275\/\"]}]},{\"@type\":\"ImageObject\",\"inLanguage\":\"sk-SK\",\"@id\":\"https:\/\/baportal.sk\/podnajom\/in\/34275\/#primaryimage\",\"url\":\"https:\/\/baportal.sk\/podnajom\/wp-content\/uploads\/2022\/04\/BOSEN-Slnecny-2i-byt-na-Zahradnickej-ulici-Stare-Mesto.jpeg\",\"contentUrl\":\"https:\/\/baportal.sk\/podnajom\/wp-content\/uploads\/2022\/04\/BOSEN-Slnecny-2i-byt-na-Zahradnickej-ulici-Stare-Mesto.jpeg\",\"width\":600,\"height\":315},{\"@type\":\"BreadcrumbList\",\"@id\":\"https:\/\/baportal.sk\/podnajom\/in\/34275\/#breadcrumb\",\"itemListElement\":[{\"@type\":\"ListItem\",\"position\":1,\"name\":\"Domovsk\u00e1 str\u00e1nka\",\"item\":\"https:\/\/baportal.sk\/podnajom\/\"},{\"@type\":\"ListItem\",\"position\":2,\"name\":\"BOSEN | Slne\u010dn\u00fd 2i byt na Z\u00e1hradn\u00edckej ulici, Star\u00e9 Mesto\"}]},{\"@type\":\"WebSite\",\"@id\":\"https:\/\/baportal.sk\/podnajom\/#website\",\"url\":\"https:\/\/baportal.sk\/podnajom\/\",\"name\":\"Podn\u00e1jom - Baportal.sk - Bratislava\",\"description\":\"\",\"potentialAction\":[{\"@type\":\"SearchAction\",\"target\":{\"@type\":\"EntryPoint\",\"urlTemplate\":\"https:\/\/baportal.sk\/podnajom\/?s={search_term_string}\"},\"query-input\":\"required name=search_term_string\"}],\"inLanguage\":\"sk-SK\"},{\"@type\":\"Person\",\"@id\":\"https:\/\/baportal.sk\/podnajom\/#\/schema\/person\/1048c08c599b2e93379d6374549bd168\",\"name\":\"marek\",\"image\":{\"@type\":\"ImageObject\",\"inLanguage\":\"sk-SK\",\"@id\":\"https:\/\/baportal.sk\/podnajom\/#\/schema\/person\/image\/\",\"url\":\"https:\/\/secure.gravatar.com\/avatar\/cdf0fbd37411d455f1afd87f93b867f6?s=96&d=mm&r=g\",\"contentUrl\":\"https:\/\/secure.gravatar.com\/avatar\/cdf0fbd37411d455f1afd87f93b867f6?s=96&d=mm&r=g\",\"caption\":\"marek\"},\"sameAs\":[\"https:\/\/www.baportal.sk\/podnajom\"]}]}<\/script>\n<!-- \/ Yoast SEO plugin. -->","yoast_head_json":{"title":"BOSEN | Slne\u010dn\u00fd 2i byt na Z\u00e1hradn\u00edckej ulici, Star\u00e9 Mesto | Podn\u00e1jom - Baportal.sk - Bratislava","description":"Bosen Group V\u00e1m pon\u00faka na pren\u00e1jom priestrann\u00fd 2 izbov\u00fd byt na ulici Z\u00e1hradn\u00edcka, Bratislava \u2013 mestsk\u00e1 \u010das\u0165 Star\u00e9 mesto. BYT: Byt m\u00e1 v\u00fdmeru 39 m2.","robots":{"index":"index","follow":"follow","max-snippet":"max-snippet:-1","max-image-preview":"max-image-preview:large","max-video-preview":"max-video-preview:-1"},"canonical":"https:\/\/baportal.sk\/podnajom\/in\/34275\/","og_locale":"sk_SK","og_type":"article","og_title":"BOSEN | Slne\u010dn\u00fd 2i byt na Z\u00e1hradn\u00edckej ulici, Star\u00e9 Mesto | Podn\u00e1jom - Baportal.sk - Bratislava","og_description":"Bosen Group V\u00e1m pon\u00faka na pren\u00e1jom priestrann\u00fd 2 izbov\u00fd byt na ulici Z\u00e1hradn\u00edcka, Bratislava \u2013 mestsk\u00e1 \u010das\u0165 Star\u00e9 mesto. BYT: Byt m\u00e1 v\u00fdmeru 39 m2.","og_url":"https:\/\/baportal.sk\/podnajom\/in\/34275\/","og_site_name":"Podn\u00e1jom - Baportal.sk - Bratislava","article_published_time":"2022-04-19T06:21:26+00:00","og_image":[{"width":600,"height":315,"url":"https:\/\/baportal.sk\/podnajom\/wp-content\/uploads\/2022\/04\/BOSEN-Slnecny-2i-byt-na-Zahradnickej-ulici-Stare-Mesto.jpeg","type":"image\/jpeg"}],"author":"marek","twitter_card":"summary_large_image","twitter_misc":{"Autor":"marek","Predpokladan\u00fd \u010das \u010d\u00edtania":"2 min\u00faty"},"schema":{"@context":"https:\/\/schema.org","@graph":[{"@type":"WebPage","@id":"https:\/\/baportal.sk\/podnajom\/in\/34275\/","url":"https:\/\/baportal.sk\/podnajom\/in\/34275\/","name":"BOSEN | Slne\u010dn\u00fd 2i byt na Z\u00e1hradn\u00edckej ulici, Star\u00e9 Mesto | Podn\u00e1jom - Baportal.sk - Bratislava","isPartOf":{"@id":"https:\/\/baportal.sk\/podnajom\/#website"},"primaryImageOfPage":{"@id":"https:\/\/baportal.sk\/podnajom\/in\/34275\/#primaryimage"},"image":{"@id":"https:\/\/baportal.sk\/podnajom\/in\/34275\/#primaryimage"},"thumbnailUrl":"https:\/\/baportal.sk\/podnajom\/wp-content\/uploads\/2022\/04\/BOSEN-Slnecny-2i-byt-na-Zahradnickej-ulici-Stare-Mesto.jpeg","datePublished":"2022-04-19T06:21:26+00:00","dateModified":"2022-04-19T06:21:26+00:00","author":{"@id":"https:\/\/baportal.sk\/podnajom\/#\/schema\/person\/1048c08c599b2e93379d6374549bd168"},"description":"Bosen Group V\u00e1m pon\u00faka na pren\u00e1jom priestrann\u00fd 2 izbov\u00fd byt na ulici Z\u00e1hradn\u00edcka, Bratislava \u2013 mestsk\u00e1 \u010das\u0165 Star\u00e9 mesto. BYT: Byt m\u00e1 v\u00fdmeru 39 m2.","breadcrumb":{"@id":"https:\/\/baportal.sk\/podnajom\/in\/34275\/#breadcrumb"},"inLanguage":"sk-SK","potentialAction":[{"@type":"ReadAction","target":["https:\/\/baportal.sk\/podnajom\/in\/34275\/"]}]},{"@type":"ImageObject","inLanguage":"sk-SK","@id":"https:\/\/baportal.sk\/podnajom\/in\/34275\/#primaryimage","url":"https:\/\/baportal.sk\/podnajom\/wp-content\/uploads\/2022\/04\/BOSEN-Slnecny-2i-byt-na-Zahradnickej-ulici-Stare-Mesto.jpeg","contentUrl":"https:\/\/baportal.sk\/podnajom\/wp-content\/uploads\/2022\/04\/BOSEN-Slnecny-2i-byt-na-Zahradnickej-ulici-Stare-Mesto.jpeg","width":600,"height":315},{"@type":"BreadcrumbList","@id":"https:\/\/baportal.sk\/podnajom\/in\/34275\/#breadcrumb","itemListElement":[{"@type":"ListItem","position":1,"name":"Domovsk\u00e1 str\u00e1nka","item":"https:\/\/baportal.sk\/podnajom\/"},{"@type":"ListItem","position":2,"name":"BOSEN | Slne\u010dn\u00fd 2i byt na Z\u00e1hradn\u00edckej ulici, Star\u00e9 Mesto"}]},{"@type":"WebSite","@id":"https:\/\/baportal.sk\/podnajom\/#website","url":"https:\/\/baportal.sk\/podnajom\/","name":"Podn\u00e1jom - Baportal.sk - Bratislava","description":"","potentialAction":[{"@type":"SearchAction","target":{"@type":"EntryPoint","urlTemplate":"https:\/\/baportal.sk\/podnajom\/?s={search_term_string}"},"query-input":"required name=search_term_string"}],"inLanguage":"sk-SK"},{"@type":"Person","@id":"https:\/\/baportal.sk\/podnajom\/#\/schema\/person\/1048c08c599b2e93379d6374549bd168","name":"marek","image":{"@type":"ImageObject","inLanguage":"sk-SK","@id":"https:\/\/baportal.sk\/podnajom\/#\/schema\/person\/image\/","url":"https:\/\/secure.gravatar.com\/avatar\/cdf0fbd37411d455f1afd87f93b867f6?s=96&d=mm&r=g","contentUrl":"https:\/\/secure.gravatar.com\/avatar\/cdf0fbd37411d455f1afd87f93b867f6?s=96&d=mm&r=g","caption":"marek"},"sameAs":["https:\/\/www.baportal.sk\/podnajom"]}]}},"_links":{"self":[{"href":"https:\/\/baportal.sk\/podnajom\/wp-json\/wp\/v2\/posts\/34275"}],"collection":[{"href":"https:\/\/baportal.sk\/podnajom\/wp-json\/wp\/v2\/posts"}],"about":[{"href":"https:\/\/baportal.sk\/podnajom\/wp-json\/wp\/v2\/types\/post"}],"author":[{"embeddable":true,"href":"https:\/\/baportal.sk\/podnajom\/wp-json\/wp\/v2\/users\/1"}],"replies":[{"embeddable":true,"href":"https:\/\/baportal.sk\/podnajom\/wp-json\/wp\/v2\/comments?post=34275"}],"version-history":[{"count":0,"href":"https:\/\/baportal.sk\/podnajom\/wp-json\/wp\/v2\/posts\/34275\/revisions"}],"wp:featuredmedia":[{"embeddable":true,"href":"https:\/\/baportal.sk\/podnajom\/wp-json\/wp\/v2\/media\/34276"}],"wp:attachment":[{"href":"https:\/\/baportal.sk\/podnajom\/wp-json\/wp\/v2\/media?parent=34275"}],"wp:term":[{"taxonomy":"category","embeddable":true,"href":"https:\/\/baportal.sk\/podnajom\/wp-json\/wp\/v2\/categories?post=34275"},{"taxonomy":"post_tag","embeddable":true,"href":"https:\/\/baportal.sk\/podnajom\/wp-json\/wp\/v2\/tags?post=34275"}],"curies":[{"name":"wp","href":"https:\/\/api.w.org\/{rel}","templated":true}]}}