{"id":34618,"date":"2022-04-24T10:04:44","date_gmt":"2022-04-24T08:04:44","guid":{"rendered":"https:\/\/baportal.sk\/podnajom\/in\/34618\/"},"modified":"2022-04-24T10:04:44","modified_gmt":"2022-04-24T08:04:44","slug":"na-prenajom-jedinecny-2-izbovy-byt-s-terasou-v-eurovea-s-vyhladom-na-dunaj","status":"publish","type":"post","link":"https:\/\/baportal.sk\/podnajom\/in\/34618\/","title":{"rendered":"Na pren\u00e1jom jedine\u010dn\u00fd 2 izbov\u00fd byt s terasou v EUROVEA s v\u00fdh\u013eadom na Dunaj"},"content":{"rendered":"<div class=\"text-inner\">\n                                Realitn\u00e1 kancel\u00e1ria MIKELSSEN pon\u00faka na pren\u00e1jom 2 izbov\u00fd byt s terasou s n\u00e1dhern\u00fdm v\u00fdh\u013eadom na Dunaj v ob\u013e\u00fabenom projekte Eurovea. Byt sa nach\u00e1dza na vrchnom 5. poschod\u00ed, prenaj\u00edma sa kompletne zariaden\u00fd s nad\u0161tandardn\u00fdm vybaven\u00edm a disponuje vstavanou klimatiz\u00e1ciou v oboch izb\u00e1ch. K bytu prin\u00e1le\u017e\u00ed jedno gar\u00e1\u017eov\u00e9 st\u00e1tie a pivni\u010dn\u00e1 kobka.<\/p>\n<p>BYT<br \/>\n- podlahov\u00e1 plocha bytu 60 m2 + 15 m2 terasa + 10 m2 pivnica<br \/>\n- priestrann\u00e1 ob\u00fdva\u010dka je spojen\u00e1 s kuchy\u0148ou<br \/>\n- sp\u00e1l\u0148a je vybaven\u00e1 vstavanou <br \/>\n- obidve izby maj\u00fa vstup na ve\u013ek\u00fa terasu<br \/>\n- v chodbe je komora, kde sa nach\u00e1dza pr\u00e1\u010dka a su\u0161i\u010dka<br \/>\n- orient\u00e1cia bytu je juhoz\u00e1padn\u00e1<\/p>\n<p>ZARIADENIE<br \/>\n- kuchynsk\u00e1 linka so zabudovan\u00fdmi spotrebi\u010dmi (sklokeramick\u00e1 varn\u00e1 doska, um\u00fdva\u010dka riadu, chladni\u010dka, elektrick\u00e1 a mikrovlnn\u00e1 r\u00fara)<br \/>\n- kompletn\u00e9 vybavenie n\u00e1bytkom a kuchynsk\u00fdm riadom<br \/>\n- pr\u00e1\u010dka a su\u0161i\u010dka<br \/>\n- klimatiz\u00e1cia<br \/>\n- vstavan\u00e1 skri\u0148a v chodbe a v sp\u00e1lni<\/p>\n<p>V\u00ddHODY<br \/>\n- nad\u0161tandardn\u00fd kompletne zariaden\u00fd byt<br \/>\n- terasa s n\u00e1dhern\u00fdm v\u00fdh\u013eadom<br \/>\n- vstavan\u00e1 klimatiz\u00e1cia<br \/>\n- gar\u00e1\u017eov\u00e9 st\u00e1tie<br \/>\n- atrakt\u00edvna lokalita na promen\u00e1de Dunaja s kompletnou ob\u010dianskou vybavenos\u0165ou priamo v obytnom dome<\/p>\n<p>LOKALITA<br \/>\nPolyfunk\u010dn\u00fd komplex pon\u00faka nad\u0161tandardn\u00e9 slu\u017eby a mo\u017enosti pre obyvate\u013eov tejto \u0161tvrte. V r\u00e1mci komplexu sa nach\u00e1dza obchodn\u00e9 centrum, fitness, baz\u00e9n a sauna, kin\u00e1, re\u0161taur\u00e1cie a kaviarne. V\u00fdhodou je aj pe\u0161ie prepojenie peknou promen\u00e1dou pri Dunaji a\u017e do historick\u00e9ho centra mesta.<\/p>\n<p>V pr\u00edpade z\u00e1ujmu n\u00e1s nev\u00e1hajte kontaktova\u0165 na \u010d\u00edsle 0948 377 690 alebo emailom na jablonka@mikelssen.sk radi pre V\u00e1s zorganizujeme obhliadku.<\/p>\n<p>CENA<br \/>\n1 650 EUR\/mes. + 100 EUR\/mes. gar\u00e1\u017eov\u00e9 st\u00e1tie + 250 EUR\/mes. energie<\/p>\n<p>\u00a9 Text a fotografie s\u00fa autorsk\u00fdm dielom a majetkom realitnej kancel\u00e1rie MIKELSSEN.                            <\/p><\/div>\n","protected":false},"excerpt":{"rendered":"<p>Realitn\u00e1 kancel\u00e1ria MIKELSSEN pon\u00faka na pren\u00e1jom 2 izbov\u00fd byt s terasou s n\u00e1dhern\u00fdm v\u00fdh\u013eadom na Dunaj v ob\u013e\u00fabenom projekte Eurovea. Byt sa nach\u00e1dza na vrchnom 5. poschod\u00ed, prenaj\u00edma sa kompletne zariaden\u00fd s nad\u0161tandardn\u00fdm vybaven\u00edm a disponuje vstavanou klimatiz\u00e1ciou v oboch izb\u00e1ch. K bytu prin\u00e1le\u017e\u00ed jedno gar\u00e1\u017eov\u00e9 st\u00e1tie a pivni\u010dn\u00e1 kobka. BYT - podlahov\u00e1 plocha bytu [&hellip;]<\/p>\n","protected":false},"author":1,"featured_media":34619,"comment_status":"open","ping_status":"open","sticky":false,"template":"","format":"standard","meta":{"footnotes":""},"categories":[4],"tags":[],"class_list":["post-34618","post","type-post","status-publish","format-standard","has-post-thumbnail","hentry","category-prenajom-bytu"],"yoast_head":"<!-- This site is optimized with the Yoast SEO plugin v23.1 - https:\/\/yoast.com\/wordpress\/plugins\/seo\/ -->\n<title>Na pren\u00e1jom jedine\u010dn\u00fd 2 izbov\u00fd byt s terasou v EUROVEA s v\u00fdh\u013eadom na Dunaj | Podn\u00e1jom - Baportal.sk - Bratislava<\/title>\n<meta name=\"description\" content=\"Realitn\u00e1 kancel\u00e1ria MIKELSSEN pon\u00faka na pren\u00e1jom 2 izbov\u00fd byt s terasou s n\u00e1dhern\u00fdm v\u00fdh\u013eadom na Dunaj v ob\u013e\u00fabenom projekte Eurovea. Byt sa nach\u00e1dza na\" \/>\n<meta name=\"robots\" content=\"index, follow, max-snippet:-1, max-image-preview:large, max-video-preview:-1\" \/>\n<link rel=\"canonical\" href=\"https:\/\/baportal.sk\/podnajom\/in\/34618\/\" \/>\n<meta property=\"og:locale\" content=\"sk_SK\" \/>\n<meta property=\"og:type\" content=\"article\" \/>\n<meta property=\"og:title\" content=\"Na pren\u00e1jom jedine\u010dn\u00fd 2 izbov\u00fd byt s terasou v EUROVEA s v\u00fdh\u013eadom na Dunaj | Podn\u00e1jom - Baportal.sk - Bratislava\" \/>\n<meta property=\"og:description\" content=\"Realitn\u00e1 kancel\u00e1ria MIKELSSEN pon\u00faka na pren\u00e1jom 2 izbov\u00fd byt s terasou s n\u00e1dhern\u00fdm v\u00fdh\u013eadom na Dunaj v ob\u013e\u00fabenom projekte Eurovea. Byt sa nach\u00e1dza na\" \/>\n<meta property=\"og:url\" content=\"https:\/\/baportal.sk\/podnajom\/in\/34618\/\" \/>\n<meta property=\"og:site_name\" content=\"Podn\u00e1jom - Baportal.sk - Bratislava\" \/>\n<meta property=\"article:published_time\" content=\"2022-04-24T08:04:44+00:00\" \/>\n<meta property=\"og:image\" content=\"https:\/\/baportal.sk\/podnajom\/wp-content\/uploads\/2022\/04\/Na-prenajom-jedinecny-2-izbovy-byt-s-terasou-v-EUROVEA.jpeg\" \/>\n\t<meta property=\"og:image:width\" content=\"600\" \/>\n\t<meta property=\"og:image:height\" content=\"315\" \/>\n\t<meta property=\"og:image:type\" content=\"image\/jpeg\" \/>\n<meta name=\"author\" content=\"marek\" \/>\n<meta name=\"twitter:card\" content=\"summary_large_image\" \/>\n<meta name=\"twitter:label1\" content=\"Autor\" \/>\n\t<meta name=\"twitter:data1\" content=\"marek\" \/>\n\t<meta name=\"twitter:label2\" content=\"Predpokladan\u00fd \u010das \u010d\u00edtania\" \/>\n\t<meta name=\"twitter:data2\" content=\"2 min\u00faty\" \/>\n<script type=\"application\/ld+json\" class=\"yoast-schema-graph\">{\"@context\":\"https:\/\/schema.org\",\"@graph\":[{\"@type\":\"WebPage\",\"@id\":\"https:\/\/baportal.sk\/podnajom\/in\/34618\/\",\"url\":\"https:\/\/baportal.sk\/podnajom\/in\/34618\/\",\"name\":\"Na pren\u00e1jom jedine\u010dn\u00fd 2 izbov\u00fd byt s terasou v EUROVEA s v\u00fdh\u013eadom na Dunaj | Podn\u00e1jom - Baportal.sk - Bratislava\",\"isPartOf\":{\"@id\":\"https:\/\/baportal.sk\/podnajom\/#website\"},\"primaryImageOfPage\":{\"@id\":\"https:\/\/baportal.sk\/podnajom\/in\/34618\/#primaryimage\"},\"image\":{\"@id\":\"https:\/\/baportal.sk\/podnajom\/in\/34618\/#primaryimage\"},\"thumbnailUrl\":\"https:\/\/baportal.sk\/podnajom\/wp-content\/uploads\/2022\/04\/Na-prenajom-jedinecny-2-izbovy-byt-s-terasou-v-EUROVEA.jpeg\",\"datePublished\":\"2022-04-24T08:04:44+00:00\",\"dateModified\":\"2022-04-24T08:04:44+00:00\",\"author\":{\"@id\":\"https:\/\/baportal.sk\/podnajom\/#\/schema\/person\/1048c08c599b2e93379d6374549bd168\"},\"description\":\"Realitn\u00e1 kancel\u00e1ria MIKELSSEN pon\u00faka na pren\u00e1jom 2 izbov\u00fd byt s terasou s n\u00e1dhern\u00fdm v\u00fdh\u013eadom na Dunaj v ob\u013e\u00fabenom projekte Eurovea. Byt sa nach\u00e1dza na\",\"breadcrumb\":{\"@id\":\"https:\/\/baportal.sk\/podnajom\/in\/34618\/#breadcrumb\"},\"inLanguage\":\"sk-SK\",\"potentialAction\":[{\"@type\":\"ReadAction\",\"target\":[\"https:\/\/baportal.sk\/podnajom\/in\/34618\/\"]}]},{\"@type\":\"ImageObject\",\"inLanguage\":\"sk-SK\",\"@id\":\"https:\/\/baportal.sk\/podnajom\/in\/34618\/#primaryimage\",\"url\":\"https:\/\/baportal.sk\/podnajom\/wp-content\/uploads\/2022\/04\/Na-prenajom-jedinecny-2-izbovy-byt-s-terasou-v-EUROVEA.jpeg\",\"contentUrl\":\"https:\/\/baportal.sk\/podnajom\/wp-content\/uploads\/2022\/04\/Na-prenajom-jedinecny-2-izbovy-byt-s-terasou-v-EUROVEA.jpeg\",\"width\":600,\"height\":315},{\"@type\":\"BreadcrumbList\",\"@id\":\"https:\/\/baportal.sk\/podnajom\/in\/34618\/#breadcrumb\",\"itemListElement\":[{\"@type\":\"ListItem\",\"position\":1,\"name\":\"Domovsk\u00e1 str\u00e1nka\",\"item\":\"https:\/\/baportal.sk\/podnajom\/\"},{\"@type\":\"ListItem\",\"position\":2,\"name\":\"Na pren\u00e1jom jedine\u010dn\u00fd 2 izbov\u00fd byt s terasou v EUROVEA s v\u00fdh\u013eadom na Dunaj\"}]},{\"@type\":\"WebSite\",\"@id\":\"https:\/\/baportal.sk\/podnajom\/#website\",\"url\":\"https:\/\/baportal.sk\/podnajom\/\",\"name\":\"Podn\u00e1jom - Baportal.sk - Bratislava\",\"description\":\"\",\"potentialAction\":[{\"@type\":\"SearchAction\",\"target\":{\"@type\":\"EntryPoint\",\"urlTemplate\":\"https:\/\/baportal.sk\/podnajom\/?s={search_term_string}\"},\"query-input\":\"required name=search_term_string\"}],\"inLanguage\":\"sk-SK\"},{\"@type\":\"Person\",\"@id\":\"https:\/\/baportal.sk\/podnajom\/#\/schema\/person\/1048c08c599b2e93379d6374549bd168\",\"name\":\"marek\",\"image\":{\"@type\":\"ImageObject\",\"inLanguage\":\"sk-SK\",\"@id\":\"https:\/\/baportal.sk\/podnajom\/#\/schema\/person\/image\/\",\"url\":\"https:\/\/secure.gravatar.com\/avatar\/cdf0fbd37411d455f1afd87f93b867f6?s=96&d=mm&r=g\",\"contentUrl\":\"https:\/\/secure.gravatar.com\/avatar\/cdf0fbd37411d455f1afd87f93b867f6?s=96&d=mm&r=g\",\"caption\":\"marek\"},\"sameAs\":[\"https:\/\/www.baportal.sk\/podnajom\"]}]}<\/script>\n<!-- \/ Yoast SEO plugin. -->","yoast_head_json":{"title":"Na pren\u00e1jom jedine\u010dn\u00fd 2 izbov\u00fd byt s terasou v EUROVEA s v\u00fdh\u013eadom na Dunaj | Podn\u00e1jom - Baportal.sk - Bratislava","description":"Realitn\u00e1 kancel\u00e1ria MIKELSSEN pon\u00faka na pren\u00e1jom 2 izbov\u00fd byt s terasou s n\u00e1dhern\u00fdm v\u00fdh\u013eadom na Dunaj v ob\u013e\u00fabenom projekte Eurovea. Byt sa nach\u00e1dza na","robots":{"index":"index","follow":"follow","max-snippet":"max-snippet:-1","max-image-preview":"max-image-preview:large","max-video-preview":"max-video-preview:-1"},"canonical":"https:\/\/baportal.sk\/podnajom\/in\/34618\/","og_locale":"sk_SK","og_type":"article","og_title":"Na pren\u00e1jom jedine\u010dn\u00fd 2 izbov\u00fd byt s terasou v EUROVEA s v\u00fdh\u013eadom na Dunaj | Podn\u00e1jom - Baportal.sk - Bratislava","og_description":"Realitn\u00e1 kancel\u00e1ria MIKELSSEN pon\u00faka na pren\u00e1jom 2 izbov\u00fd byt s terasou s n\u00e1dhern\u00fdm v\u00fdh\u013eadom na Dunaj v ob\u013e\u00fabenom projekte Eurovea. Byt sa nach\u00e1dza na","og_url":"https:\/\/baportal.sk\/podnajom\/in\/34618\/","og_site_name":"Podn\u00e1jom - Baportal.sk - Bratislava","article_published_time":"2022-04-24T08:04:44+00:00","og_image":[{"width":600,"height":315,"url":"https:\/\/baportal.sk\/podnajom\/wp-content\/uploads\/2022\/04\/Na-prenajom-jedinecny-2-izbovy-byt-s-terasou-v-EUROVEA.jpeg","type":"image\/jpeg"}],"author":"marek","twitter_card":"summary_large_image","twitter_misc":{"Autor":"marek","Predpokladan\u00fd \u010das \u010d\u00edtania":"2 min\u00faty"},"schema":{"@context":"https:\/\/schema.org","@graph":[{"@type":"WebPage","@id":"https:\/\/baportal.sk\/podnajom\/in\/34618\/","url":"https:\/\/baportal.sk\/podnajom\/in\/34618\/","name":"Na pren\u00e1jom jedine\u010dn\u00fd 2 izbov\u00fd byt s terasou v EUROVEA s v\u00fdh\u013eadom na Dunaj | Podn\u00e1jom - Baportal.sk - Bratislava","isPartOf":{"@id":"https:\/\/baportal.sk\/podnajom\/#website"},"primaryImageOfPage":{"@id":"https:\/\/baportal.sk\/podnajom\/in\/34618\/#primaryimage"},"image":{"@id":"https:\/\/baportal.sk\/podnajom\/in\/34618\/#primaryimage"},"thumbnailUrl":"https:\/\/baportal.sk\/podnajom\/wp-content\/uploads\/2022\/04\/Na-prenajom-jedinecny-2-izbovy-byt-s-terasou-v-EUROVEA.jpeg","datePublished":"2022-04-24T08:04:44+00:00","dateModified":"2022-04-24T08:04:44+00:00","author":{"@id":"https:\/\/baportal.sk\/podnajom\/#\/schema\/person\/1048c08c599b2e93379d6374549bd168"},"description":"Realitn\u00e1 kancel\u00e1ria MIKELSSEN pon\u00faka na pren\u00e1jom 2 izbov\u00fd byt s terasou s n\u00e1dhern\u00fdm v\u00fdh\u013eadom na Dunaj v ob\u013e\u00fabenom projekte Eurovea. Byt sa nach\u00e1dza na","breadcrumb":{"@id":"https:\/\/baportal.sk\/podnajom\/in\/34618\/#breadcrumb"},"inLanguage":"sk-SK","potentialAction":[{"@type":"ReadAction","target":["https:\/\/baportal.sk\/podnajom\/in\/34618\/"]}]},{"@type":"ImageObject","inLanguage":"sk-SK","@id":"https:\/\/baportal.sk\/podnajom\/in\/34618\/#primaryimage","url":"https:\/\/baportal.sk\/podnajom\/wp-content\/uploads\/2022\/04\/Na-prenajom-jedinecny-2-izbovy-byt-s-terasou-v-EUROVEA.jpeg","contentUrl":"https:\/\/baportal.sk\/podnajom\/wp-content\/uploads\/2022\/04\/Na-prenajom-jedinecny-2-izbovy-byt-s-terasou-v-EUROVEA.jpeg","width":600,"height":315},{"@type":"BreadcrumbList","@id":"https:\/\/baportal.sk\/podnajom\/in\/34618\/#breadcrumb","itemListElement":[{"@type":"ListItem","position":1,"name":"Domovsk\u00e1 str\u00e1nka","item":"https:\/\/baportal.sk\/podnajom\/"},{"@type":"ListItem","position":2,"name":"Na pren\u00e1jom jedine\u010dn\u00fd 2 izbov\u00fd byt s terasou v EUROVEA s v\u00fdh\u013eadom na Dunaj"}]},{"@type":"WebSite","@id":"https:\/\/baportal.sk\/podnajom\/#website","url":"https:\/\/baportal.sk\/podnajom\/","name":"Podn\u00e1jom - Baportal.sk - Bratislava","description":"","potentialAction":[{"@type":"SearchAction","target":{"@type":"EntryPoint","urlTemplate":"https:\/\/baportal.sk\/podnajom\/?s={search_term_string}"},"query-input":"required name=search_term_string"}],"inLanguage":"sk-SK"},{"@type":"Person","@id":"https:\/\/baportal.sk\/podnajom\/#\/schema\/person\/1048c08c599b2e93379d6374549bd168","name":"marek","image":{"@type":"ImageObject","inLanguage":"sk-SK","@id":"https:\/\/baportal.sk\/podnajom\/#\/schema\/person\/image\/","url":"https:\/\/secure.gravatar.com\/avatar\/cdf0fbd37411d455f1afd87f93b867f6?s=96&d=mm&r=g","contentUrl":"https:\/\/secure.gravatar.com\/avatar\/cdf0fbd37411d455f1afd87f93b867f6?s=96&d=mm&r=g","caption":"marek"},"sameAs":["https:\/\/www.baportal.sk\/podnajom"]}]}},"_links":{"self":[{"href":"https:\/\/baportal.sk\/podnajom\/wp-json\/wp\/v2\/posts\/34618"}],"collection":[{"href":"https:\/\/baportal.sk\/podnajom\/wp-json\/wp\/v2\/posts"}],"about":[{"href":"https:\/\/baportal.sk\/podnajom\/wp-json\/wp\/v2\/types\/post"}],"author":[{"embeddable":true,"href":"https:\/\/baportal.sk\/podnajom\/wp-json\/wp\/v2\/users\/1"}],"replies":[{"embeddable":true,"href":"https:\/\/baportal.sk\/podnajom\/wp-json\/wp\/v2\/comments?post=34618"}],"version-history":[{"count":0,"href":"https:\/\/baportal.sk\/podnajom\/wp-json\/wp\/v2\/posts\/34618\/revisions"}],"wp:featuredmedia":[{"embeddable":true,"href":"https:\/\/baportal.sk\/podnajom\/wp-json\/wp\/v2\/media\/34619"}],"wp:attachment":[{"href":"https:\/\/baportal.sk\/podnajom\/wp-json\/wp\/v2\/media?parent=34618"}],"wp:term":[{"taxonomy":"category","embeddable":true,"href":"https:\/\/baportal.sk\/podnajom\/wp-json\/wp\/v2\/categories?post=34618"},{"taxonomy":"post_tag","embeddable":true,"href":"https:\/\/baportal.sk\/podnajom\/wp-json\/wp\/v2\/tags?post=34618"}],"curies":[{"name":"wp","href":"https:\/\/api.w.org\/{rel}","templated":true}]}}