{"id":36793,"date":"2022-05-26T13:20:02","date_gmt":"2022-05-26T11:20:02","guid":{"rendered":"https:\/\/baportal.sk\/podnajom\/in\/36793\/"},"modified":"2022-05-26T13:20:02","modified_gmt":"2022-05-26T11:20:02","slug":"arvin-benet-velkorysy-moderny-2izbovy-byt-s-terasou","status":"publish","type":"post","link":"https:\/\/baportal.sk\/podnajom\/in\/36793\/","title":{"rendered":"Arvin &amp; Benet | Ve\u013ekorys\u00fd, modern\u00fd 2izbov\u00fd byt s terasou"},"content":{"rendered":"<div class=\"text-inner\">\n                                Arvin &amp; Benet pon\u00faka na pren\u00e1jom ve\u013ekorys\u00fd 2i byt s\u00a0priestrannou terasou,\u00a0\u0161atn\u00edkom, parkovac\u00edm miestom a\u00a0pivnicou v\u00a0Ru\u017einove.<br \/>\nAk ste niekto, kto potrebuje k\u00a0svojmu \u017eivotu priestor, dobr\u00fa ob\u010diansku vybavenos\u0165, \u013eahk\u00fa dostupnos\u0165 do mesta, \u010di mo\u017enosti \u0161portov\u00e9ho vy\u017eitia, t\u00e1to nehnute\u013enos\u0165 je ur\u010den\u00e1 pr\u00e1ve pre V\u00e1s. <br \/>\nPridanou hodnotou je mo\u017enos\u0165 oddychova\u0165 \u010di pohosti\u0165 Va\u0161ich zn\u00e1mych na ve\u013ekej terase, \u010di odparkova\u0165 bicykel do murovanej pivnice na rovnakom poschod\u00ed. Pre t\u00fdch, ktor\u00ed st\u00e1le z\u00e1pasia s\u00a0mno\u017estvom \u00falo\u017en\u00e9ho priestoru m\u00e1me dobr\u00fa spr\u00e1vu. Byt disponuje ve\u013ekou vstavanou skri\u0148ou a\u00a0samostatn\u00fdm \u0161atn\u00edkom.<\/p>\n<p>Byt:\u2028\u2028Nehnute\u013enos\u0165 sa nach\u00e1dza na 3. poschod\u00ed nov\u00e9ho, ve\u013emi pekne udr\u017eiavan\u00e9ho bytov\u00e9ho domu. Hne\u010f po vstupe V\u00e1s pozit\u00edvne prekvap\u00ed vzdu\u0161nos\u0165 priestoru. <br \/>\nPredsie\u0148 je vybaven\u00e1 ve\u013ek\u00fdmi vstavan\u00fdmi skri\u0148ami so zrkadlov\u00fdmi dverami, ktor\u00e9 pocit vzdu\u0161nosti e\u0161te umoc\u0148uj\u00fa. V\u013eavo vstupujete do pr\u00edjemne zariadenej k\u00fape\u013ene. Okrem vane v\u00a0nej n\u00e1jdete aj pr\u00e1\u010dku.<br \/>\nPriamo pred Vami je vstup do ve\u013ekej sp\u00e1lne. Okrem kvalitnej postele V\u00e1s prekvap\u00ed aj samostatn\u00fdm \u0161atn\u00edkom.<br \/>\n\u010ealej z\u00a0chodby pokra\u010dujeme do centr\u00e1lnej \u010dasti pozost\u00e1vaj\u00facej z\u00a0kuchyne v\u00a0nad\u010dasovej bielej farbe a\u00a0ob\u00fdva\u010dky. Kuchy\u0148a disponuje v\u0161etk\u00fdmi \u0161tandardn\u00fdmi spotrebi\u010dmi a\u00a0jej vybavenie a\u00a0ve\u013ekos\u0165 d\u00e1va v\u0161etky predpoklady  na kvalitn\u00e9 varenie.\t<br \/>\nOb\u00fdva\u010dka je tie\u017e plne zariaden\u00e1, nech\u00fdba pohodln\u00e1 seda\u010dka, telev\u00edzor a\u00a0tie\u017e police na ulo\u017eenie Va\u0161ich ob\u013e\u00faben\u00fdch kn\u00edh. <br \/>\nOb\u00fdva\u010dka aj sp\u00e1l\u0148a disponuj\u00fa ve\u013ekoform\u00e1tov\u00fdmi oknami, cez ktor\u00e9 sa vstupuje na spolo\u010dn\u00fa priestrann\u00fa terasu orientovan\u00fa do vn\u00fatrobloku. <br \/>\nK\u00a0bytu prisl\u00facha parkovacie miesto priamo pred bytov\u00fdm domom a\u00a0murovan\u00e1 pivnica na rovnakom poschod\u00ed.<\/p>\n<p>Po\u010det izieb: 2<br \/>\nLokalita: Ru\u017einov<br \/>\nUlica: Ru\u017einovsk\u00e1<br \/>\nCelkov\u00e1 plocha: 77 m2<br \/>\nInteri\u00e9r: 63 m2<br \/>\nTerasa: 12 m2<br \/>\nPivnica: 2 m2<br \/>\nStav: Novostavba<\/p>\n<p>\u2028Lokalita:\u2028\u2028Lokalita m\u00e1 dobr\u00fa ob\u010diansk\u00fa vybavenos\u0165ou vr\u00e1tane potrav\u00edn, lek\u00e1rne, zdravotn\u00e9ho strediska, re\u0161taur\u00e1cii. Zast\u00e1vka MHD je v tesnej bl\u00edzkosti bytov\u00e9ho domu. Ne\u010faleko bytov\u00e9ho domu je mo\u017enos\u0165 napoji\u0165 sa na cyklotrasu ved\u00facu k\u00a0Mal\u00e9mu Dunaju. Pre v\u00e4\u010d\u0161ie n\u00e1kupy je mo\u017en\u00e9 vyu\u017ei\u0165 ne\u010falek\u00e9 OC Retro.<br \/>\n\u2028Cena: 750 eur \/ mesiac (580 eur byt + 120 eur energie vr\u00e1tane internetu + 50 eur parkovacie miesto)\u2028<br \/>\nV\u00fdmera: 77 m\u00b2 (interi\u00e9r 63 m\u00b2, terasa 12 m\u00b2, pivnica 2 m\u00b2)\u2028\u2028<\/p>\n<p>Fotografie a text s\u00fa autorsk\u00fdm dielom a majetkom spolo\u010dnosti Arvin &amp; Benet.<br \/>\n\u2028\u2028Nehnute\u013enos\u0165 bola naaran\u017eovan\u00e1 a nafoten\u00e1 Homestaging oddelen\u00edm na\u0161ej spolo\u010dnosti, ve\u013emi radi V\u00e1m pom\u00f4\u017eeme pri efekt\u00edvnom a d\u00f4stojnom predaji \u010di pren\u00e1jme aj Va\u0161ej nehnute\u013enosti. Budeme sa te\u0161i\u0165, ke\u010f n\u00e1s budete nez\u00e1v\u00e4zne kontaktova\u0165.                            <\/div>\n","protected":false},"excerpt":{"rendered":"<p>Arvin &amp; Benet pon\u00faka na pren\u00e1jom ve\u013ekorys\u00fd 2i byt s\u00a0priestrannou terasou,\u00a0\u0161atn\u00edkom, parkovac\u00edm miestom a\u00a0pivnicou v\u00a0Ru\u017einove. Ak ste niekto, kto potrebuje k\u00a0svojmu \u017eivotu priestor, dobr\u00fa ob\u010diansku vybavenos\u0165, \u013eahk\u00fa dostupnos\u0165 do mesta, \u010di mo\u017enosti \u0161portov\u00e9ho vy\u017eitia, t\u00e1to nehnute\u013enos\u0165 je ur\u010den\u00e1 pr\u00e1ve pre V\u00e1s. Pridanou hodnotou je mo\u017enos\u0165 oddychova\u0165 \u010di pohosti\u0165 Va\u0161ich zn\u00e1mych na ve\u013ekej terase, \u010di odparkova\u0165 [&hellip;]<\/p>\n","protected":false},"author":1,"featured_media":36794,"comment_status":"open","ping_status":"open","sticky":false,"template":"","format":"standard","meta":{"footnotes":""},"categories":[4],"tags":[],"class_list":["post-36793","post","type-post","status-publish","format-standard","has-post-thumbnail","hentry","category-prenajom-bytu"],"yoast_head":"<!-- This site is optimized with the Yoast SEO plugin v23.1 - https:\/\/yoast.com\/wordpress\/plugins\/seo\/ -->\n<title>Arvin &amp; Benet | Ve\u013ekorys\u00fd, modern\u00fd 2izbov\u00fd byt s terasou | Podn\u00e1jom - Baportal.sk - Bratislava<\/title>\n<meta name=\"description\" content=\"Arvin &amp; Benet pon\u00faka na pren\u00e1jom ve\u013ekorys\u00fd 2i byt s\u00a0priestrannou terasou,\u00a0\u0161atn\u00edkom, parkovac\u00edm miestom a\u00a0pivnicou v\u00a0Ru\u017einove. Ak ste niekto, kto\" \/>\n<meta name=\"robots\" content=\"index, follow, max-snippet:-1, max-image-preview:large, max-video-preview:-1\" \/>\n<link rel=\"canonical\" href=\"https:\/\/baportal.sk\/podnajom\/in\/36793\/\" \/>\n<meta property=\"og:locale\" content=\"sk_SK\" \/>\n<meta property=\"og:type\" content=\"article\" \/>\n<meta property=\"og:title\" content=\"Arvin &amp; Benet | Ve\u013ekorys\u00fd, modern\u00fd 2izbov\u00fd byt s terasou | Podn\u00e1jom - Baportal.sk - Bratislava\" \/>\n<meta property=\"og:description\" content=\"Arvin &amp; Benet pon\u00faka na pren\u00e1jom ve\u013ekorys\u00fd 2i byt s\u00a0priestrannou terasou,\u00a0\u0161atn\u00edkom, parkovac\u00edm miestom a\u00a0pivnicou v\u00a0Ru\u017einove. Ak ste niekto, kto\" \/>\n<meta property=\"og:url\" content=\"https:\/\/baportal.sk\/podnajom\/in\/36793\/\" \/>\n<meta property=\"og:site_name\" content=\"Podn\u00e1jom - Baportal.sk - Bratislava\" \/>\n<meta property=\"article:published_time\" content=\"2022-05-26T11:20:02+00:00\" \/>\n<meta property=\"og:image\" content=\"https:\/\/baportal.sk\/podnajom\/wp-content\/uploads\/2022\/05\/Arvin-amp-Benet-Velkorysy-moderny-2izbovy-byt-s-terasou.jpeg\" \/>\n\t<meta property=\"og:image:width\" content=\"600\" \/>\n\t<meta property=\"og:image:height\" content=\"315\" \/>\n\t<meta property=\"og:image:type\" content=\"image\/jpeg\" \/>\n<meta name=\"author\" content=\"marek\" \/>\n<meta name=\"twitter:card\" content=\"summary_large_image\" \/>\n<meta name=\"twitter:label1\" content=\"Autor\" \/>\n\t<meta name=\"twitter:data1\" content=\"marek\" \/>\n\t<meta name=\"twitter:label2\" content=\"Predpokladan\u00fd \u010das \u010d\u00edtania\" \/>\n\t<meta name=\"twitter:data2\" content=\"2 min\u00faty\" \/>\n<script type=\"application\/ld+json\" class=\"yoast-schema-graph\">{\"@context\":\"https:\/\/schema.org\",\"@graph\":[{\"@type\":\"WebPage\",\"@id\":\"https:\/\/baportal.sk\/podnajom\/in\/36793\/\",\"url\":\"https:\/\/baportal.sk\/podnajom\/in\/36793\/\",\"name\":\"Arvin &amp; Benet | Ve\u013ekorys\u00fd, modern\u00fd 2izbov\u00fd byt s terasou | Podn\u00e1jom - Baportal.sk - Bratislava\",\"isPartOf\":{\"@id\":\"https:\/\/baportal.sk\/podnajom\/#website\"},\"primaryImageOfPage\":{\"@id\":\"https:\/\/baportal.sk\/podnajom\/in\/36793\/#primaryimage\"},\"image\":{\"@id\":\"https:\/\/baportal.sk\/podnajom\/in\/36793\/#primaryimage\"},\"thumbnailUrl\":\"https:\/\/baportal.sk\/podnajom\/wp-content\/uploads\/2022\/05\/Arvin-amp-Benet-Velkorysy-moderny-2izbovy-byt-s-terasou.jpeg\",\"datePublished\":\"2022-05-26T11:20:02+00:00\",\"dateModified\":\"2022-05-26T11:20:02+00:00\",\"author\":{\"@id\":\"https:\/\/baportal.sk\/podnajom\/#\/schema\/person\/1048c08c599b2e93379d6374549bd168\"},\"description\":\"Arvin &amp; Benet pon\u00faka na pren\u00e1jom ve\u013ekorys\u00fd 2i byt s\u00a0priestrannou terasou,\u00a0\u0161atn\u00edkom, parkovac\u00edm miestom a\u00a0pivnicou v\u00a0Ru\u017einove. Ak ste niekto, kto\",\"breadcrumb\":{\"@id\":\"https:\/\/baportal.sk\/podnajom\/in\/36793\/#breadcrumb\"},\"inLanguage\":\"sk-SK\",\"potentialAction\":[{\"@type\":\"ReadAction\",\"target\":[\"https:\/\/baportal.sk\/podnajom\/in\/36793\/\"]}]},{\"@type\":\"ImageObject\",\"inLanguage\":\"sk-SK\",\"@id\":\"https:\/\/baportal.sk\/podnajom\/in\/36793\/#primaryimage\",\"url\":\"https:\/\/baportal.sk\/podnajom\/wp-content\/uploads\/2022\/05\/Arvin-amp-Benet-Velkorysy-moderny-2izbovy-byt-s-terasou.jpeg\",\"contentUrl\":\"https:\/\/baportal.sk\/podnajom\/wp-content\/uploads\/2022\/05\/Arvin-amp-Benet-Velkorysy-moderny-2izbovy-byt-s-terasou.jpeg\",\"width\":600,\"height\":315},{\"@type\":\"BreadcrumbList\",\"@id\":\"https:\/\/baportal.sk\/podnajom\/in\/36793\/#breadcrumb\",\"itemListElement\":[{\"@type\":\"ListItem\",\"position\":1,\"name\":\"Domovsk\u00e1 str\u00e1nka\",\"item\":\"https:\/\/baportal.sk\/podnajom\/\"},{\"@type\":\"ListItem\",\"position\":2,\"name\":\"Arvin &amp; Benet | Ve\u013ekorys\u00fd, modern\u00fd 2izbov\u00fd byt s terasou\"}]},{\"@type\":\"WebSite\",\"@id\":\"https:\/\/baportal.sk\/podnajom\/#website\",\"url\":\"https:\/\/baportal.sk\/podnajom\/\",\"name\":\"Podn\u00e1jom - Baportal.sk - Bratislava\",\"description\":\"\",\"potentialAction\":[{\"@type\":\"SearchAction\",\"target\":{\"@type\":\"EntryPoint\",\"urlTemplate\":\"https:\/\/baportal.sk\/podnajom\/?s={search_term_string}\"},\"query-input\":\"required name=search_term_string\"}],\"inLanguage\":\"sk-SK\"},{\"@type\":\"Person\",\"@id\":\"https:\/\/baportal.sk\/podnajom\/#\/schema\/person\/1048c08c599b2e93379d6374549bd168\",\"name\":\"marek\",\"image\":{\"@type\":\"ImageObject\",\"inLanguage\":\"sk-SK\",\"@id\":\"https:\/\/baportal.sk\/podnajom\/#\/schema\/person\/image\/\",\"url\":\"https:\/\/secure.gravatar.com\/avatar\/cdf0fbd37411d455f1afd87f93b867f6?s=96&d=mm&r=g\",\"contentUrl\":\"https:\/\/secure.gravatar.com\/avatar\/cdf0fbd37411d455f1afd87f93b867f6?s=96&d=mm&r=g\",\"caption\":\"marek\"},\"sameAs\":[\"https:\/\/www.baportal.sk\/podnajom\"]}]}<\/script>\n<!-- \/ Yoast SEO plugin. -->","yoast_head_json":{"title":"Arvin &amp; Benet | Ve\u013ekorys\u00fd, modern\u00fd 2izbov\u00fd byt s terasou | Podn\u00e1jom - Baportal.sk - Bratislava","description":"Arvin &amp; Benet pon\u00faka na pren\u00e1jom ve\u013ekorys\u00fd 2i byt s\u00a0priestrannou terasou,\u00a0\u0161atn\u00edkom, parkovac\u00edm miestom a\u00a0pivnicou v\u00a0Ru\u017einove. Ak ste niekto, kto","robots":{"index":"index","follow":"follow","max-snippet":"max-snippet:-1","max-image-preview":"max-image-preview:large","max-video-preview":"max-video-preview:-1"},"canonical":"https:\/\/baportal.sk\/podnajom\/in\/36793\/","og_locale":"sk_SK","og_type":"article","og_title":"Arvin &amp; Benet | Ve\u013ekorys\u00fd, modern\u00fd 2izbov\u00fd byt s terasou | Podn\u00e1jom - Baportal.sk - Bratislava","og_description":"Arvin &amp; Benet pon\u00faka na pren\u00e1jom ve\u013ekorys\u00fd 2i byt s\u00a0priestrannou terasou,\u00a0\u0161atn\u00edkom, parkovac\u00edm miestom a\u00a0pivnicou v\u00a0Ru\u017einove. Ak ste niekto, kto","og_url":"https:\/\/baportal.sk\/podnajom\/in\/36793\/","og_site_name":"Podn\u00e1jom - Baportal.sk - Bratislava","article_published_time":"2022-05-26T11:20:02+00:00","og_image":[{"width":600,"height":315,"url":"https:\/\/baportal.sk\/podnajom\/wp-content\/uploads\/2022\/05\/Arvin-amp-Benet-Velkorysy-moderny-2izbovy-byt-s-terasou.jpeg","type":"image\/jpeg"}],"author":"marek","twitter_card":"summary_large_image","twitter_misc":{"Autor":"marek","Predpokladan\u00fd \u010das \u010d\u00edtania":"2 min\u00faty"},"schema":{"@context":"https:\/\/schema.org","@graph":[{"@type":"WebPage","@id":"https:\/\/baportal.sk\/podnajom\/in\/36793\/","url":"https:\/\/baportal.sk\/podnajom\/in\/36793\/","name":"Arvin &amp; Benet | Ve\u013ekorys\u00fd, modern\u00fd 2izbov\u00fd byt s terasou | Podn\u00e1jom - Baportal.sk - Bratislava","isPartOf":{"@id":"https:\/\/baportal.sk\/podnajom\/#website"},"primaryImageOfPage":{"@id":"https:\/\/baportal.sk\/podnajom\/in\/36793\/#primaryimage"},"image":{"@id":"https:\/\/baportal.sk\/podnajom\/in\/36793\/#primaryimage"},"thumbnailUrl":"https:\/\/baportal.sk\/podnajom\/wp-content\/uploads\/2022\/05\/Arvin-amp-Benet-Velkorysy-moderny-2izbovy-byt-s-terasou.jpeg","datePublished":"2022-05-26T11:20:02+00:00","dateModified":"2022-05-26T11:20:02+00:00","author":{"@id":"https:\/\/baportal.sk\/podnajom\/#\/schema\/person\/1048c08c599b2e93379d6374549bd168"},"description":"Arvin &amp; Benet pon\u00faka na pren\u00e1jom ve\u013ekorys\u00fd 2i byt s\u00a0priestrannou terasou,\u00a0\u0161atn\u00edkom, parkovac\u00edm miestom a\u00a0pivnicou v\u00a0Ru\u017einove. Ak ste niekto, kto","breadcrumb":{"@id":"https:\/\/baportal.sk\/podnajom\/in\/36793\/#breadcrumb"},"inLanguage":"sk-SK","potentialAction":[{"@type":"ReadAction","target":["https:\/\/baportal.sk\/podnajom\/in\/36793\/"]}]},{"@type":"ImageObject","inLanguage":"sk-SK","@id":"https:\/\/baportal.sk\/podnajom\/in\/36793\/#primaryimage","url":"https:\/\/baportal.sk\/podnajom\/wp-content\/uploads\/2022\/05\/Arvin-amp-Benet-Velkorysy-moderny-2izbovy-byt-s-terasou.jpeg","contentUrl":"https:\/\/baportal.sk\/podnajom\/wp-content\/uploads\/2022\/05\/Arvin-amp-Benet-Velkorysy-moderny-2izbovy-byt-s-terasou.jpeg","width":600,"height":315},{"@type":"BreadcrumbList","@id":"https:\/\/baportal.sk\/podnajom\/in\/36793\/#breadcrumb","itemListElement":[{"@type":"ListItem","position":1,"name":"Domovsk\u00e1 str\u00e1nka","item":"https:\/\/baportal.sk\/podnajom\/"},{"@type":"ListItem","position":2,"name":"Arvin &amp; Benet | Ve\u013ekorys\u00fd, modern\u00fd 2izbov\u00fd byt s terasou"}]},{"@type":"WebSite","@id":"https:\/\/baportal.sk\/podnajom\/#website","url":"https:\/\/baportal.sk\/podnajom\/","name":"Podn\u00e1jom - Baportal.sk - Bratislava","description":"","potentialAction":[{"@type":"SearchAction","target":{"@type":"EntryPoint","urlTemplate":"https:\/\/baportal.sk\/podnajom\/?s={search_term_string}"},"query-input":"required name=search_term_string"}],"inLanguage":"sk-SK"},{"@type":"Person","@id":"https:\/\/baportal.sk\/podnajom\/#\/schema\/person\/1048c08c599b2e93379d6374549bd168","name":"marek","image":{"@type":"ImageObject","inLanguage":"sk-SK","@id":"https:\/\/baportal.sk\/podnajom\/#\/schema\/person\/image\/","url":"https:\/\/secure.gravatar.com\/avatar\/cdf0fbd37411d455f1afd87f93b867f6?s=96&d=mm&r=g","contentUrl":"https:\/\/secure.gravatar.com\/avatar\/cdf0fbd37411d455f1afd87f93b867f6?s=96&d=mm&r=g","caption":"marek"},"sameAs":["https:\/\/www.baportal.sk\/podnajom"]}]}},"_links":{"self":[{"href":"https:\/\/baportal.sk\/podnajom\/wp-json\/wp\/v2\/posts\/36793"}],"collection":[{"href":"https:\/\/baportal.sk\/podnajom\/wp-json\/wp\/v2\/posts"}],"about":[{"href":"https:\/\/baportal.sk\/podnajom\/wp-json\/wp\/v2\/types\/post"}],"author":[{"embeddable":true,"href":"https:\/\/baportal.sk\/podnajom\/wp-json\/wp\/v2\/users\/1"}],"replies":[{"embeddable":true,"href":"https:\/\/baportal.sk\/podnajom\/wp-json\/wp\/v2\/comments?post=36793"}],"version-history":[{"count":0,"href":"https:\/\/baportal.sk\/podnajom\/wp-json\/wp\/v2\/posts\/36793\/revisions"}],"wp:featuredmedia":[{"embeddable":true,"href":"https:\/\/baportal.sk\/podnajom\/wp-json\/wp\/v2\/media\/36794"}],"wp:attachment":[{"href":"https:\/\/baportal.sk\/podnajom\/wp-json\/wp\/v2\/media?parent=36793"}],"wp:term":[{"taxonomy":"category","embeddable":true,"href":"https:\/\/baportal.sk\/podnajom\/wp-json\/wp\/v2\/categories?post=36793"},{"taxonomy":"post_tag","embeddable":true,"href":"https:\/\/baportal.sk\/podnajom\/wp-json\/wp\/v2\/tags?post=36793"}],"curies":[{"name":"wp","href":"https:\/\/api.w.org\/{rel}","templated":true}]}}