{"id":37740,"date":"2022-06-07T17:19:21","date_gmt":"2022-06-07T15:19:21","guid":{"rendered":"https:\/\/baportal.sk\/podnajom\/in\/37740\/"},"modified":"2022-06-07T17:19:21","modified_gmt":"2022-06-07T15:19:21","slug":"arvin-benet-slnecny-a-vkusne-zariadeny-2i-byt-v-novostavbe","status":"publish","type":"post","link":"https:\/\/baportal.sk\/podnajom\/in\/37740\/","title":{"rendered":"Arvin &amp; Benet | Slne\u010dn\u00fd a vkusne zariaden\u00fd 2i byt v novostavbe"},"content":{"rendered":"<div class=\"text-inner\">\n                                Arvin &amp; Benet pon\u00faka na pren\u00e1jom nad\u0161tandardne ve\u013ek\u00fd, slne\u010dn\u00fd 2i byt v novostavbe.<\/p>\n<p>Tento byt v\u00e1s o\u010dar\u00ed svojou priestrannos\u0165ou a \u00falo\u017en\u00fdm priestorom. Svetl\u00fd, slne\u010dn\u00fd byt, ktor\u00fd je vybaven\u00fd modern\u00fdm n\u00e1bytkom a navy\u0161e disponuje priestrannou loggiou je len na p\u00e1r min\u00fat do centra Bratislavy. Ob\u013e\u00faben\u00e1 mestsk\u00e1 \u010das\u0165 Ru\u017einov je v\u0161eobecne zn\u00e1ma ako skvel\u00e1 lokalita na b\u00fdvanie a pri tomto byte tomu nebude inak. <\/p>\n<p>Byt:<\/p>\n<p>Byt n\u00e1s priv\u00edta ve\u013ekorysou vstupnou chodbou, ktorej s\u00fa\u010das\u0165ou je pozd\u013a\u017e celej chodby vstavan\u00e1 skri\u0148a, ktor\u00e1 pon\u00faka nad\u0161tandardn\u00fd \u00falo\u017en\u00fd priestor.<\/p>\n<p>Po pravej strane sa nach\u00e1dza vstup do pr\u00edjemne ve\u013ekej k\u00fape\u013ene, kde n\u00e1jdeme  komfortn\u00fa ve\u013ek\u00fa va\u0148u. V r\u00e1mci k\u00fape\u013ene je vstup do samostatnej toalety, kde n\u00e1jdeme taktie\u017e miesto aj pre pr\u00e1\u010dku.<\/p>\n<p>Vstupnou chodbou sa \u010falej dost\u00e1vame do dennej \u010dasti bytu, ktor\u00e1 pozost\u00e1va zo spojenej ob\u00fdva\u010dky a kuchyne. Kuchy\u0148a je plne vybaven\u00e1 n\u00e1bytkom na mieru a kvalitn\u00fdmi spotrebi\u010dmi zna\u010dky Bosch.<\/p>\n<p>Jed\u00e1lensk\u00e1 \u010das\u0165 pozost\u00e1va z kuchynsk\u00e9ho stola a stoli\u010diek na ktor\u00e9 nadv\u00e4zuje plynule ob\u00fdva\u010dka. Modern\u00e1 rohov\u00e1 sedacia s\u00faprava a ob\u00fdvacia stena s\u00fa pr\u00edjemn\u00fdm dizajnov\u00fdm ale hlavne komfortn\u00fdm doplnkom cel\u00e9ho priestoru. Z dennej \u010dasti je v\u00fdstup na priestrann\u00fa loggiu, ktor\u00e1 je pripraven\u00e1 na pr\u00edjemne str\u00e1ven\u00e9 chv\u00edle a obohaten\u00e1 o z\u00e1hradn\u00fd n\u00e1bytok.<\/p>\n<p>No\u010dn\u00e1 \u010das\u0165 bytu a teda sp\u00e1l\u0148a pozost\u00e1va z man\u017eelskej postele a n\u00faka priestor pre vytvorenie si bud\u00faceho pracovn\u00e9ho k\u00fatika.<\/p>\n<p>Komfort b\u00fdvania v tomto byte dop\u013a\u0148a klimatiz\u00e1cia, pivni\u010dn\u00e1 kobka ale aj gar\u00e1\u017eov\u00e9 parkovacie st\u00e1tie.<\/p>\n<p>\nLokalita:<\/p>\n<p>Byt sa nach\u00e1dza v mestskej \u010dasti Ru\u017einov \u2013 Prievoz a cel\u00fd projekt<br \/>\nCena: 750 eur mesa\u010dne (550 eur n\u00e1jom + 150 eur energie + 50 eur parking)<br \/>\nV\u00fdmera: 73,44 m\u00b2 (interi\u00e9r 65 m\u00b2 + loggia 6,5m\u00b2 + pivni\u010dn\u00e1 kobka 1,94m2)<\/p>\n<p>Fotografie a text s\u00fa autorsk\u00fdm dielom a majetkom spolo\u010dnosti Arvin &amp; Benet.<\/p>\n<p>Nehnute\u013enos\u0165 bola naaran\u017eovan\u00e1 a nafoten\u00e1 Homestaging oddelen\u00edm na\u0161ej spolo\u010dnosti, ve\u013emi radi V\u00e1m pom\u00f4\u017eeme pri efekt\u00edvnom a d\u00f4stojnom predaji \u010di pren\u00e1jme aj Va\u0161ej nehnute\u013enosti. Budeme sa te\u0161i\u0165, ke\u010f n\u00e1s budete nez\u00e1v\u00e4zne kontaktova\u0165.                            <\/p><\/div>\n","protected":false},"excerpt":{"rendered":"<p>Arvin &amp; Benet pon\u00faka na pren\u00e1jom nad\u0161tandardne ve\u013ek\u00fd, slne\u010dn\u00fd 2i byt v novostavbe. Tento byt v\u00e1s o\u010dar\u00ed svojou priestrannos\u0165ou a \u00falo\u017en\u00fdm priestorom. Svetl\u00fd, slne\u010dn\u00fd byt, ktor\u00fd je vybaven\u00fd modern\u00fdm n\u00e1bytkom a navy\u0161e disponuje priestrannou loggiou je len na p\u00e1r min\u00fat do centra Bratislavy. Ob\u013e\u00faben\u00e1 mestsk\u00e1 \u010das\u0165 Ru\u017einov je v\u0161eobecne zn\u00e1ma ako skvel\u00e1 lokalita na b\u00fdvanie [&hellip;]<\/p>\n","protected":false},"author":1,"featured_media":37741,"comment_status":"open","ping_status":"open","sticky":false,"template":"","format":"standard","meta":{"footnotes":""},"categories":[4],"tags":[],"class_list":["post-37740","post","type-post","status-publish","format-standard","has-post-thumbnail","hentry","category-prenajom-bytu"],"yoast_head":"<!-- This site is optimized with the Yoast SEO plugin v23.1 - https:\/\/yoast.com\/wordpress\/plugins\/seo\/ -->\n<title>Arvin &amp; Benet | Slne\u010dn\u00fd a vkusne zariaden\u00fd 2i byt v novostavbe | Podn\u00e1jom - Baportal.sk - Bratislava<\/title>\n<meta name=\"description\" content=\"Arvin &amp; Benet pon\u00faka na pren\u00e1jom nad\u0161tandardne ve\u013ek\u00fd, slne\u010dn\u00fd 2i byt v novostavbe. Tento byt v\u00e1s o\u010dar\u00ed svojou priestrannos\u0165ou a \u00falo\u017en\u00fdm priestorom.\" \/>\n<meta name=\"robots\" content=\"index, follow, max-snippet:-1, max-image-preview:large, max-video-preview:-1\" \/>\n<link rel=\"canonical\" href=\"https:\/\/baportal.sk\/podnajom\/in\/37740\/\" \/>\n<meta property=\"og:locale\" content=\"sk_SK\" \/>\n<meta property=\"og:type\" content=\"article\" \/>\n<meta property=\"og:title\" content=\"Arvin &amp; Benet | Slne\u010dn\u00fd a vkusne zariaden\u00fd 2i byt v novostavbe | Podn\u00e1jom - Baportal.sk - Bratislava\" \/>\n<meta property=\"og:description\" content=\"Arvin &amp; Benet pon\u00faka na pren\u00e1jom nad\u0161tandardne ve\u013ek\u00fd, slne\u010dn\u00fd 2i byt v novostavbe. Tento byt v\u00e1s o\u010dar\u00ed svojou priestrannos\u0165ou a \u00falo\u017en\u00fdm priestorom.\" \/>\n<meta property=\"og:url\" content=\"https:\/\/baportal.sk\/podnajom\/in\/37740\/\" \/>\n<meta property=\"og:site_name\" content=\"Podn\u00e1jom - Baportal.sk - Bratislava\" \/>\n<meta property=\"article:published_time\" content=\"2022-06-07T15:19:21+00:00\" \/>\n<meta property=\"og:image\" content=\"https:\/\/baportal.sk\/podnajom\/wp-content\/uploads\/2022\/06\/Arvin-amp-Benet-Slnecny-a-vkusne-zariadeny-2i-byt.jpeg\" \/>\n\t<meta property=\"og:image:width\" content=\"600\" \/>\n\t<meta property=\"og:image:height\" content=\"315\" \/>\n\t<meta property=\"og:image:type\" content=\"image\/jpeg\" \/>\n<meta name=\"author\" content=\"marek\" \/>\n<meta name=\"twitter:card\" content=\"summary_large_image\" \/>\n<meta name=\"twitter:label1\" content=\"Autor\" \/>\n\t<meta name=\"twitter:data1\" content=\"marek\" \/>\n\t<meta name=\"twitter:label2\" content=\"Predpokladan\u00fd \u010das \u010d\u00edtania\" \/>\n\t<meta name=\"twitter:data2\" content=\"2 min\u00faty\" \/>\n<script type=\"application\/ld+json\" class=\"yoast-schema-graph\">{\"@context\":\"https:\/\/schema.org\",\"@graph\":[{\"@type\":\"WebPage\",\"@id\":\"https:\/\/baportal.sk\/podnajom\/in\/37740\/\",\"url\":\"https:\/\/baportal.sk\/podnajom\/in\/37740\/\",\"name\":\"Arvin &amp; Benet | Slne\u010dn\u00fd a vkusne zariaden\u00fd 2i byt v novostavbe | Podn\u00e1jom - Baportal.sk - Bratislava\",\"isPartOf\":{\"@id\":\"https:\/\/baportal.sk\/podnajom\/#website\"},\"primaryImageOfPage\":{\"@id\":\"https:\/\/baportal.sk\/podnajom\/in\/37740\/#primaryimage\"},\"image\":{\"@id\":\"https:\/\/baportal.sk\/podnajom\/in\/37740\/#primaryimage\"},\"thumbnailUrl\":\"https:\/\/baportal.sk\/podnajom\/wp-content\/uploads\/2022\/06\/Arvin-amp-Benet-Slnecny-a-vkusne-zariadeny-2i-byt.jpeg\",\"datePublished\":\"2022-06-07T15:19:21+00:00\",\"dateModified\":\"2022-06-07T15:19:21+00:00\",\"author\":{\"@id\":\"https:\/\/baportal.sk\/podnajom\/#\/schema\/person\/1048c08c599b2e93379d6374549bd168\"},\"description\":\"Arvin &amp; Benet pon\u00faka na pren\u00e1jom nad\u0161tandardne ve\u013ek\u00fd, slne\u010dn\u00fd 2i byt v novostavbe. Tento byt v\u00e1s o\u010dar\u00ed svojou priestrannos\u0165ou a \u00falo\u017en\u00fdm priestorom.\",\"breadcrumb\":{\"@id\":\"https:\/\/baportal.sk\/podnajom\/in\/37740\/#breadcrumb\"},\"inLanguage\":\"sk-SK\",\"potentialAction\":[{\"@type\":\"ReadAction\",\"target\":[\"https:\/\/baportal.sk\/podnajom\/in\/37740\/\"]}]},{\"@type\":\"ImageObject\",\"inLanguage\":\"sk-SK\",\"@id\":\"https:\/\/baportal.sk\/podnajom\/in\/37740\/#primaryimage\",\"url\":\"https:\/\/baportal.sk\/podnajom\/wp-content\/uploads\/2022\/06\/Arvin-amp-Benet-Slnecny-a-vkusne-zariadeny-2i-byt.jpeg\",\"contentUrl\":\"https:\/\/baportal.sk\/podnajom\/wp-content\/uploads\/2022\/06\/Arvin-amp-Benet-Slnecny-a-vkusne-zariadeny-2i-byt.jpeg\",\"width\":600,\"height\":315},{\"@type\":\"BreadcrumbList\",\"@id\":\"https:\/\/baportal.sk\/podnajom\/in\/37740\/#breadcrumb\",\"itemListElement\":[{\"@type\":\"ListItem\",\"position\":1,\"name\":\"Domovsk\u00e1 str\u00e1nka\",\"item\":\"https:\/\/baportal.sk\/podnajom\/\"},{\"@type\":\"ListItem\",\"position\":2,\"name\":\"Arvin &amp; Benet | Slne\u010dn\u00fd a vkusne zariaden\u00fd 2i byt v novostavbe\"}]},{\"@type\":\"WebSite\",\"@id\":\"https:\/\/baportal.sk\/podnajom\/#website\",\"url\":\"https:\/\/baportal.sk\/podnajom\/\",\"name\":\"Podn\u00e1jom - Baportal.sk - Bratislava\",\"description\":\"\",\"potentialAction\":[{\"@type\":\"SearchAction\",\"target\":{\"@type\":\"EntryPoint\",\"urlTemplate\":\"https:\/\/baportal.sk\/podnajom\/?s={search_term_string}\"},\"query-input\":\"required name=search_term_string\"}],\"inLanguage\":\"sk-SK\"},{\"@type\":\"Person\",\"@id\":\"https:\/\/baportal.sk\/podnajom\/#\/schema\/person\/1048c08c599b2e93379d6374549bd168\",\"name\":\"marek\",\"image\":{\"@type\":\"ImageObject\",\"inLanguage\":\"sk-SK\",\"@id\":\"https:\/\/baportal.sk\/podnajom\/#\/schema\/person\/image\/\",\"url\":\"https:\/\/secure.gravatar.com\/avatar\/cdf0fbd37411d455f1afd87f93b867f6?s=96&d=mm&r=g\",\"contentUrl\":\"https:\/\/secure.gravatar.com\/avatar\/cdf0fbd37411d455f1afd87f93b867f6?s=96&d=mm&r=g\",\"caption\":\"marek\"},\"sameAs\":[\"https:\/\/www.baportal.sk\/podnajom\"]}]}<\/script>\n<!-- \/ Yoast SEO plugin. -->","yoast_head_json":{"title":"Arvin &amp; Benet | Slne\u010dn\u00fd a vkusne zariaden\u00fd 2i byt v novostavbe | Podn\u00e1jom - Baportal.sk - Bratislava","description":"Arvin &amp; Benet pon\u00faka na pren\u00e1jom nad\u0161tandardne ve\u013ek\u00fd, slne\u010dn\u00fd 2i byt v novostavbe. Tento byt v\u00e1s o\u010dar\u00ed svojou priestrannos\u0165ou a \u00falo\u017en\u00fdm priestorom.","robots":{"index":"index","follow":"follow","max-snippet":"max-snippet:-1","max-image-preview":"max-image-preview:large","max-video-preview":"max-video-preview:-1"},"canonical":"https:\/\/baportal.sk\/podnajom\/in\/37740\/","og_locale":"sk_SK","og_type":"article","og_title":"Arvin &amp; Benet | Slne\u010dn\u00fd a vkusne zariaden\u00fd 2i byt v novostavbe | Podn\u00e1jom - Baportal.sk - Bratislava","og_description":"Arvin &amp; Benet pon\u00faka na pren\u00e1jom nad\u0161tandardne ve\u013ek\u00fd, slne\u010dn\u00fd 2i byt v novostavbe. Tento byt v\u00e1s o\u010dar\u00ed svojou priestrannos\u0165ou a \u00falo\u017en\u00fdm priestorom.","og_url":"https:\/\/baportal.sk\/podnajom\/in\/37740\/","og_site_name":"Podn\u00e1jom - Baportal.sk - Bratislava","article_published_time":"2022-06-07T15:19:21+00:00","og_image":[{"width":600,"height":315,"url":"https:\/\/baportal.sk\/podnajom\/wp-content\/uploads\/2022\/06\/Arvin-amp-Benet-Slnecny-a-vkusne-zariadeny-2i-byt.jpeg","type":"image\/jpeg"}],"author":"marek","twitter_card":"summary_large_image","twitter_misc":{"Autor":"marek","Predpokladan\u00fd \u010das \u010d\u00edtania":"2 min\u00faty"},"schema":{"@context":"https:\/\/schema.org","@graph":[{"@type":"WebPage","@id":"https:\/\/baportal.sk\/podnajom\/in\/37740\/","url":"https:\/\/baportal.sk\/podnajom\/in\/37740\/","name":"Arvin &amp; Benet | Slne\u010dn\u00fd a vkusne zariaden\u00fd 2i byt v novostavbe | Podn\u00e1jom - Baportal.sk - Bratislava","isPartOf":{"@id":"https:\/\/baportal.sk\/podnajom\/#website"},"primaryImageOfPage":{"@id":"https:\/\/baportal.sk\/podnajom\/in\/37740\/#primaryimage"},"image":{"@id":"https:\/\/baportal.sk\/podnajom\/in\/37740\/#primaryimage"},"thumbnailUrl":"https:\/\/baportal.sk\/podnajom\/wp-content\/uploads\/2022\/06\/Arvin-amp-Benet-Slnecny-a-vkusne-zariadeny-2i-byt.jpeg","datePublished":"2022-06-07T15:19:21+00:00","dateModified":"2022-06-07T15:19:21+00:00","author":{"@id":"https:\/\/baportal.sk\/podnajom\/#\/schema\/person\/1048c08c599b2e93379d6374549bd168"},"description":"Arvin &amp; Benet pon\u00faka na pren\u00e1jom nad\u0161tandardne ve\u013ek\u00fd, slne\u010dn\u00fd 2i byt v novostavbe. Tento byt v\u00e1s o\u010dar\u00ed svojou priestrannos\u0165ou a \u00falo\u017en\u00fdm priestorom.","breadcrumb":{"@id":"https:\/\/baportal.sk\/podnajom\/in\/37740\/#breadcrumb"},"inLanguage":"sk-SK","potentialAction":[{"@type":"ReadAction","target":["https:\/\/baportal.sk\/podnajom\/in\/37740\/"]}]},{"@type":"ImageObject","inLanguage":"sk-SK","@id":"https:\/\/baportal.sk\/podnajom\/in\/37740\/#primaryimage","url":"https:\/\/baportal.sk\/podnajom\/wp-content\/uploads\/2022\/06\/Arvin-amp-Benet-Slnecny-a-vkusne-zariadeny-2i-byt.jpeg","contentUrl":"https:\/\/baportal.sk\/podnajom\/wp-content\/uploads\/2022\/06\/Arvin-amp-Benet-Slnecny-a-vkusne-zariadeny-2i-byt.jpeg","width":600,"height":315},{"@type":"BreadcrumbList","@id":"https:\/\/baportal.sk\/podnajom\/in\/37740\/#breadcrumb","itemListElement":[{"@type":"ListItem","position":1,"name":"Domovsk\u00e1 str\u00e1nka","item":"https:\/\/baportal.sk\/podnajom\/"},{"@type":"ListItem","position":2,"name":"Arvin &amp; Benet | Slne\u010dn\u00fd a vkusne zariaden\u00fd 2i byt v novostavbe"}]},{"@type":"WebSite","@id":"https:\/\/baportal.sk\/podnajom\/#website","url":"https:\/\/baportal.sk\/podnajom\/","name":"Podn\u00e1jom - Baportal.sk - Bratislava","description":"","potentialAction":[{"@type":"SearchAction","target":{"@type":"EntryPoint","urlTemplate":"https:\/\/baportal.sk\/podnajom\/?s={search_term_string}"},"query-input":"required name=search_term_string"}],"inLanguage":"sk-SK"},{"@type":"Person","@id":"https:\/\/baportal.sk\/podnajom\/#\/schema\/person\/1048c08c599b2e93379d6374549bd168","name":"marek","image":{"@type":"ImageObject","inLanguage":"sk-SK","@id":"https:\/\/baportal.sk\/podnajom\/#\/schema\/person\/image\/","url":"https:\/\/secure.gravatar.com\/avatar\/cdf0fbd37411d455f1afd87f93b867f6?s=96&d=mm&r=g","contentUrl":"https:\/\/secure.gravatar.com\/avatar\/cdf0fbd37411d455f1afd87f93b867f6?s=96&d=mm&r=g","caption":"marek"},"sameAs":["https:\/\/www.baportal.sk\/podnajom"]}]}},"_links":{"self":[{"href":"https:\/\/baportal.sk\/podnajom\/wp-json\/wp\/v2\/posts\/37740"}],"collection":[{"href":"https:\/\/baportal.sk\/podnajom\/wp-json\/wp\/v2\/posts"}],"about":[{"href":"https:\/\/baportal.sk\/podnajom\/wp-json\/wp\/v2\/types\/post"}],"author":[{"embeddable":true,"href":"https:\/\/baportal.sk\/podnajom\/wp-json\/wp\/v2\/users\/1"}],"replies":[{"embeddable":true,"href":"https:\/\/baportal.sk\/podnajom\/wp-json\/wp\/v2\/comments?post=37740"}],"version-history":[{"count":0,"href":"https:\/\/baportal.sk\/podnajom\/wp-json\/wp\/v2\/posts\/37740\/revisions"}],"wp:featuredmedia":[{"embeddable":true,"href":"https:\/\/baportal.sk\/podnajom\/wp-json\/wp\/v2\/media\/37741"}],"wp:attachment":[{"href":"https:\/\/baportal.sk\/podnajom\/wp-json\/wp\/v2\/media?parent=37740"}],"wp:term":[{"taxonomy":"category","embeddable":true,"href":"https:\/\/baportal.sk\/podnajom\/wp-json\/wp\/v2\/categories?post=37740"},{"taxonomy":"post_tag","embeddable":true,"href":"https:\/\/baportal.sk\/podnajom\/wp-json\/wp\/v2\/tags?post=37740"}],"curies":[{"name":"wp","href":"https:\/\/api.w.org\/{rel}","templated":true}]}}