{"id":40070,"date":"2022-05-05T03:01:49","date_gmt":"2022-05-05T01:01:49","guid":{"rendered":"https:\/\/baportal.sk\/podnajom\/in\/40070\/"},"modified":"2022-05-05T03:01:49","modified_gmt":"2022-05-05T01:01:49","slug":"arvin-benet-utulny-a-stylovo-zariadeny-3i-byt","status":"publish","type":"post","link":"https:\/\/baportal.sk\/podnajom\/in\/40070\/","title":{"rendered":"Arvin &amp; Benet | \u00datuln\u00fd a \u0161t\u00fdlovo zariaden\u00fd 3i byt"},"content":{"rendered":"<div class=\"text-inner\">\n                                Arvin &amp; Benet pon\u00faka na pren\u00e1jom \u00fatuln\u00fd a z\u00e1rove\u0148 \u0161t\u00fdlovo zariaden\u00fd byt v pr\u00edjemnom ni\u017e\u0161om bytovom dome v pokojnom prostred\u00ed <\/p>\n<p>Ako jeden z m\u00e1la bytov, ktor\u00e9 s\u00fa ur\u010den\u00e9 na pren\u00e1jom, je\u00a0roben\u00fd na kvalitu a v\u00fdborn\u00fd dizajn.<\/p>\n<p>Siln\u00fdmi str\u00e1nkami tohto bytu s\u00fa najm\u00e4:\u00a0<br \/>\n\u00a0<br \/>\n\u2022\tvysok\u00fd kvalitat\u00edvny \u0161tandard\u00a0bytu\u00a0<br \/>\n\u2022\toku lahodiaci dizajn\u00a0(zariaden\u00fd s citom a vkusom)<br \/>\n\u2022\tv\u00fdborn\u00e1 poloha<br \/>\n\u2022\tdostatok \u00falo\u017en\u00e9ho priestoru<\/p>\n<p>Byt:<\/p>\n<p>\u00dastredn\u00fdm dizajnov\u00fdm mot\u00edvom bytu je vzdu\u0161nos\u0165, \u010dist\u00e9 l\u00ednie, jednoduchos\u0165 vo vysokej kvalite materi\u00e1lov a pr\u00edjemn\u00e9 neru\u0161iv\u00e9 kombin\u00e1cie farieb. Teplo domova mu dod\u00e1vaj\u00fa dreven\u00e9 prvky. <\/p>\n<p>Byt pozost\u00e1va zo vstupnej chodby, samostatnej ob\u00fdvacej izby spojenej s modernou zariadenou kuchy\u0148ou, v ktorej nech\u00fdba ani um\u00fdva\u010dka riadu a\u00a0vyjdete z\u00a0nej na jeden z\u00a0balk\u00f3nov.<\/p>\n<p>V sp\u00e1lni nech\u00fdba ani pracovn\u00fd k\u00fat, \u010do ur\u010dite \u010dlovek ocen\u00ed hlavne v tejto dobe homeofficov.<\/p>\n<p>Na sp\u00e1l\u0148u nadv\u00e4zuje balk\u00f3n, na ktorom si vychutn\u00e1te pr\u00edjemn\u00e9 ve\u010dern\u00e9 posedenie. Majite\u013e si zaria\u010foval byt pre seba, aj preto v sp\u00e1lni n\u00e1jdete komfortn\u00fa poste\u013e a dostato\u010dn\u00fd \u00falo\u017en\u00fd priestor v\u00a0podobe otvoren\u00e9ho \u0161atn\u00edka.<\/p>\n<p>K\u00fape\u013e\u0148a je rovnako vybaven\u00e1 kvalitn\u00fdmi materi\u00e1lmi, ktor\u00e9 s\u00fa ve\u013emi vkusne zladen\u00e9 aj farebne a tvarovo. V k\u00fape\u013eni sa nach\u00e1dza pr\u00e1\u010dka a ve\u013ek\u00e1 va\u0148a, v ktorej si po celom dni doprajete relax.<\/p>\n<p>Lokalita:<\/p>\n<p>Byt sa nach\u00e1dza vo vyh\u013ead\u00e1vanej \u010dasti Ru\u017einova s\u00a0v\u00fdbornou ob\u010dianskou vybavenos\u0165ou v\u00a0pr\u00edjemnom pokojnom prostred\u00ed plnom zelene. V pe\u0161ej vzdialenosti sa nach\u00e1dzaj\u00fa potraviny, re\u0161taur\u00e1cie, kaviarne, n\u00e1kupn\u00e9 centrum. V\u00a0bl\u00edzkosti sa nach\u00e1dzaj\u00fa z\u00e1stavky MHD. <\/p>\n<p>Cena: 870 eur \/ mesiac (670 eur \/ mesiac n\u00e1jom, 200 eur \/ mesiac energie)<br \/>\nV\u00fdmera: 70 m\u00b2 (65 m\u00b2 interi\u00e9r, 5 m\u00b2 balk\u00f3n) <\/p>\n<p>Fotografie a text s\u00fa autorsk\u00fdm dielom a majetkom spolo\u010dnosti Arvin &amp; Benet.<\/p>\n<p>Nehnute\u013enos\u0165 bola naaran\u017eovan\u00e1 a nafoten\u00e1 Homestaging oddelen\u00edm na\u0161ej spolo\u010dnosti, ve\u013emi radi V\u00e1m pom\u00f4\u017eeme pri efekt\u00edvnom a d\u00f4stojnom predaji \u010di pren\u00e1jme aj Va\u0161ej nehnute\u013enosti. Budeme sa te\u0161i\u0165, ke\u010f n\u00e1s budete nez\u00e1v\u00e4zne kontaktova\u0165.                            <\/p><\/div>\n","protected":false},"excerpt":{"rendered":"<p>Arvin &amp; Benet pon\u00faka na pren\u00e1jom \u00fatuln\u00fd a z\u00e1rove\u0148 \u0161t\u00fdlovo zariaden\u00fd byt v pr\u00edjemnom ni\u017e\u0161om bytovom dome v pokojnom prostred\u00ed Ako jeden z m\u00e1la bytov, ktor\u00e9 s\u00fa ur\u010den\u00e9 na pren\u00e1jom, je\u00a0roben\u00fd na kvalitu a v\u00fdborn\u00fd dizajn. Siln\u00fdmi str\u00e1nkami tohto bytu s\u00fa najm\u00e4:\u00a0 \u00a0 \u2022 vysok\u00fd kvalitat\u00edvny \u0161tandard\u00a0bytu\u00a0 \u2022 oku lahodiaci dizajn\u00a0(zariaden\u00fd s citom a vkusom) [&hellip;]<\/p>\n","protected":false},"author":1,"featured_media":40071,"comment_status":"open","ping_status":"open","sticky":false,"template":"","format":"standard","meta":{"footnotes":""},"categories":[4],"tags":[],"class_list":["post-40070","post","type-post","status-publish","format-standard","has-post-thumbnail","hentry","category-prenajom-bytu"],"yoast_head":"<!-- This site is optimized with the Yoast SEO plugin v23.1 - https:\/\/yoast.com\/wordpress\/plugins\/seo\/ -->\n<title>Arvin &amp; Benet | \u00datuln\u00fd a \u0161t\u00fdlovo zariaden\u00fd 3i byt | Podn\u00e1jom - Baportal.sk - Bratislava<\/title>\n<meta name=\"description\" content=\"Arvin &amp; Benet pon\u00faka na pren\u00e1jom \u00fatuln\u00fd a z\u00e1rove\u0148 \u0161t\u00fdlovo zariaden\u00fd byt v pr\u00edjemnom ni\u017e\u0161om bytovom dome v pokojnom prostred\u00ed Ako jeden z m\u00e1la bytov,\" \/>\n<meta name=\"robots\" content=\"index, follow, max-snippet:-1, max-image-preview:large, max-video-preview:-1\" \/>\n<link rel=\"canonical\" href=\"https:\/\/baportal.sk\/podnajom\/in\/40070\/\" \/>\n<meta property=\"og:locale\" content=\"sk_SK\" \/>\n<meta property=\"og:type\" content=\"article\" \/>\n<meta property=\"og:title\" content=\"Arvin &amp; Benet | \u00datuln\u00fd a \u0161t\u00fdlovo zariaden\u00fd 3i byt | Podn\u00e1jom - Baportal.sk - Bratislava\" \/>\n<meta property=\"og:description\" content=\"Arvin &amp; Benet pon\u00faka na pren\u00e1jom \u00fatuln\u00fd a z\u00e1rove\u0148 \u0161t\u00fdlovo zariaden\u00fd byt v pr\u00edjemnom ni\u017e\u0161om bytovom dome v pokojnom prostred\u00ed Ako jeden z m\u00e1la bytov,\" \/>\n<meta property=\"og:url\" content=\"https:\/\/baportal.sk\/podnajom\/in\/40070\/\" \/>\n<meta property=\"og:site_name\" content=\"Podn\u00e1jom - Baportal.sk - Bratislava\" \/>\n<meta property=\"article:published_time\" content=\"2022-05-05T01:01:49+00:00\" \/>\n<meta property=\"og:image\" content=\"https:\/\/baportal.sk\/podnajom\/wp-content\/uploads\/2022\/07\/Arvin-amp-Benet-Utulny-a-stylovo-zariadeny-3i-byt.jpeg\" \/>\n\t<meta property=\"og:image:width\" content=\"600\" \/>\n\t<meta property=\"og:image:height\" content=\"315\" \/>\n\t<meta property=\"og:image:type\" content=\"image\/jpeg\" \/>\n<meta name=\"author\" content=\"marek\" \/>\n<meta name=\"twitter:card\" content=\"summary_large_image\" \/>\n<meta name=\"twitter:label1\" content=\"Autor\" \/>\n\t<meta name=\"twitter:data1\" content=\"marek\" \/>\n\t<meta name=\"twitter:label2\" content=\"Predpokladan\u00fd \u010das \u010d\u00edtania\" \/>\n\t<meta name=\"twitter:data2\" content=\"2 min\u00faty\" \/>\n<script type=\"application\/ld+json\" class=\"yoast-schema-graph\">{\"@context\":\"https:\/\/schema.org\",\"@graph\":[{\"@type\":\"WebPage\",\"@id\":\"https:\/\/baportal.sk\/podnajom\/in\/40070\/\",\"url\":\"https:\/\/baportal.sk\/podnajom\/in\/40070\/\",\"name\":\"Arvin &amp; Benet | \u00datuln\u00fd a \u0161t\u00fdlovo zariaden\u00fd 3i byt | Podn\u00e1jom - Baportal.sk - Bratislava\",\"isPartOf\":{\"@id\":\"https:\/\/baportal.sk\/podnajom\/#website\"},\"primaryImageOfPage\":{\"@id\":\"https:\/\/baportal.sk\/podnajom\/in\/40070\/#primaryimage\"},\"image\":{\"@id\":\"https:\/\/baportal.sk\/podnajom\/in\/40070\/#primaryimage\"},\"thumbnailUrl\":\"https:\/\/baportal.sk\/podnajom\/wp-content\/uploads\/2022\/07\/Arvin-amp-Benet-Utulny-a-stylovo-zariadeny-3i-byt.jpeg\",\"datePublished\":\"2022-05-05T01:01:49+00:00\",\"dateModified\":\"2022-05-05T01:01:49+00:00\",\"author\":{\"@id\":\"https:\/\/baportal.sk\/podnajom\/#\/schema\/person\/1048c08c599b2e93379d6374549bd168\"},\"description\":\"Arvin &amp; Benet pon\u00faka na pren\u00e1jom \u00fatuln\u00fd a z\u00e1rove\u0148 \u0161t\u00fdlovo zariaden\u00fd byt v pr\u00edjemnom ni\u017e\u0161om bytovom dome v pokojnom prostred\u00ed Ako jeden z m\u00e1la bytov,\",\"breadcrumb\":{\"@id\":\"https:\/\/baportal.sk\/podnajom\/in\/40070\/#breadcrumb\"},\"inLanguage\":\"sk-SK\",\"potentialAction\":[{\"@type\":\"ReadAction\",\"target\":[\"https:\/\/baportal.sk\/podnajom\/in\/40070\/\"]}]},{\"@type\":\"ImageObject\",\"inLanguage\":\"sk-SK\",\"@id\":\"https:\/\/baportal.sk\/podnajom\/in\/40070\/#primaryimage\",\"url\":\"https:\/\/baportal.sk\/podnajom\/wp-content\/uploads\/2022\/07\/Arvin-amp-Benet-Utulny-a-stylovo-zariadeny-3i-byt.jpeg\",\"contentUrl\":\"https:\/\/baportal.sk\/podnajom\/wp-content\/uploads\/2022\/07\/Arvin-amp-Benet-Utulny-a-stylovo-zariadeny-3i-byt.jpeg\",\"width\":600,\"height\":315},{\"@type\":\"BreadcrumbList\",\"@id\":\"https:\/\/baportal.sk\/podnajom\/in\/40070\/#breadcrumb\",\"itemListElement\":[{\"@type\":\"ListItem\",\"position\":1,\"name\":\"Domovsk\u00e1 str\u00e1nka\",\"item\":\"https:\/\/baportal.sk\/podnajom\/\"},{\"@type\":\"ListItem\",\"position\":2,\"name\":\"Arvin &amp; Benet | \u00datuln\u00fd a \u0161t\u00fdlovo zariaden\u00fd 3i byt\"}]},{\"@type\":\"WebSite\",\"@id\":\"https:\/\/baportal.sk\/podnajom\/#website\",\"url\":\"https:\/\/baportal.sk\/podnajom\/\",\"name\":\"Podn\u00e1jom - Baportal.sk - Bratislava\",\"description\":\"\",\"potentialAction\":[{\"@type\":\"SearchAction\",\"target\":{\"@type\":\"EntryPoint\",\"urlTemplate\":\"https:\/\/baportal.sk\/podnajom\/?s={search_term_string}\"},\"query-input\":\"required name=search_term_string\"}],\"inLanguage\":\"sk-SK\"},{\"@type\":\"Person\",\"@id\":\"https:\/\/baportal.sk\/podnajom\/#\/schema\/person\/1048c08c599b2e93379d6374549bd168\",\"name\":\"marek\",\"image\":{\"@type\":\"ImageObject\",\"inLanguage\":\"sk-SK\",\"@id\":\"https:\/\/baportal.sk\/podnajom\/#\/schema\/person\/image\/\",\"url\":\"https:\/\/secure.gravatar.com\/avatar\/cdf0fbd37411d455f1afd87f93b867f6?s=96&d=mm&r=g\",\"contentUrl\":\"https:\/\/secure.gravatar.com\/avatar\/cdf0fbd37411d455f1afd87f93b867f6?s=96&d=mm&r=g\",\"caption\":\"marek\"},\"sameAs\":[\"https:\/\/www.baportal.sk\/podnajom\"]}]}<\/script>\n<!-- \/ Yoast SEO plugin. -->","yoast_head_json":{"title":"Arvin &amp; Benet | \u00datuln\u00fd a \u0161t\u00fdlovo zariaden\u00fd 3i byt | Podn\u00e1jom - Baportal.sk - Bratislava","description":"Arvin &amp; Benet pon\u00faka na pren\u00e1jom \u00fatuln\u00fd a z\u00e1rove\u0148 \u0161t\u00fdlovo zariaden\u00fd byt v pr\u00edjemnom ni\u017e\u0161om bytovom dome v pokojnom prostred\u00ed Ako jeden z m\u00e1la bytov,","robots":{"index":"index","follow":"follow","max-snippet":"max-snippet:-1","max-image-preview":"max-image-preview:large","max-video-preview":"max-video-preview:-1"},"canonical":"https:\/\/baportal.sk\/podnajom\/in\/40070\/","og_locale":"sk_SK","og_type":"article","og_title":"Arvin &amp; Benet | \u00datuln\u00fd a \u0161t\u00fdlovo zariaden\u00fd 3i byt | Podn\u00e1jom - Baportal.sk - Bratislava","og_description":"Arvin &amp; Benet pon\u00faka na pren\u00e1jom \u00fatuln\u00fd a z\u00e1rove\u0148 \u0161t\u00fdlovo zariaden\u00fd byt v pr\u00edjemnom ni\u017e\u0161om bytovom dome v pokojnom prostred\u00ed Ako jeden z m\u00e1la bytov,","og_url":"https:\/\/baportal.sk\/podnajom\/in\/40070\/","og_site_name":"Podn\u00e1jom - Baportal.sk - Bratislava","article_published_time":"2022-05-05T01:01:49+00:00","og_image":[{"width":600,"height":315,"url":"https:\/\/baportal.sk\/podnajom\/wp-content\/uploads\/2022\/07\/Arvin-amp-Benet-Utulny-a-stylovo-zariadeny-3i-byt.jpeg","type":"image\/jpeg"}],"author":"marek","twitter_card":"summary_large_image","twitter_misc":{"Autor":"marek","Predpokladan\u00fd \u010das \u010d\u00edtania":"2 min\u00faty"},"schema":{"@context":"https:\/\/schema.org","@graph":[{"@type":"WebPage","@id":"https:\/\/baportal.sk\/podnajom\/in\/40070\/","url":"https:\/\/baportal.sk\/podnajom\/in\/40070\/","name":"Arvin &amp; Benet | \u00datuln\u00fd a \u0161t\u00fdlovo zariaden\u00fd 3i byt | Podn\u00e1jom - Baportal.sk - Bratislava","isPartOf":{"@id":"https:\/\/baportal.sk\/podnajom\/#website"},"primaryImageOfPage":{"@id":"https:\/\/baportal.sk\/podnajom\/in\/40070\/#primaryimage"},"image":{"@id":"https:\/\/baportal.sk\/podnajom\/in\/40070\/#primaryimage"},"thumbnailUrl":"https:\/\/baportal.sk\/podnajom\/wp-content\/uploads\/2022\/07\/Arvin-amp-Benet-Utulny-a-stylovo-zariadeny-3i-byt.jpeg","datePublished":"2022-05-05T01:01:49+00:00","dateModified":"2022-05-05T01:01:49+00:00","author":{"@id":"https:\/\/baportal.sk\/podnajom\/#\/schema\/person\/1048c08c599b2e93379d6374549bd168"},"description":"Arvin &amp; Benet pon\u00faka na pren\u00e1jom \u00fatuln\u00fd a z\u00e1rove\u0148 \u0161t\u00fdlovo zariaden\u00fd byt v pr\u00edjemnom ni\u017e\u0161om bytovom dome v pokojnom prostred\u00ed Ako jeden z m\u00e1la bytov,","breadcrumb":{"@id":"https:\/\/baportal.sk\/podnajom\/in\/40070\/#breadcrumb"},"inLanguage":"sk-SK","potentialAction":[{"@type":"ReadAction","target":["https:\/\/baportal.sk\/podnajom\/in\/40070\/"]}]},{"@type":"ImageObject","inLanguage":"sk-SK","@id":"https:\/\/baportal.sk\/podnajom\/in\/40070\/#primaryimage","url":"https:\/\/baportal.sk\/podnajom\/wp-content\/uploads\/2022\/07\/Arvin-amp-Benet-Utulny-a-stylovo-zariadeny-3i-byt.jpeg","contentUrl":"https:\/\/baportal.sk\/podnajom\/wp-content\/uploads\/2022\/07\/Arvin-amp-Benet-Utulny-a-stylovo-zariadeny-3i-byt.jpeg","width":600,"height":315},{"@type":"BreadcrumbList","@id":"https:\/\/baportal.sk\/podnajom\/in\/40070\/#breadcrumb","itemListElement":[{"@type":"ListItem","position":1,"name":"Domovsk\u00e1 str\u00e1nka","item":"https:\/\/baportal.sk\/podnajom\/"},{"@type":"ListItem","position":2,"name":"Arvin &amp; Benet | \u00datuln\u00fd a \u0161t\u00fdlovo zariaden\u00fd 3i byt"}]},{"@type":"WebSite","@id":"https:\/\/baportal.sk\/podnajom\/#website","url":"https:\/\/baportal.sk\/podnajom\/","name":"Podn\u00e1jom - Baportal.sk - Bratislava","description":"","potentialAction":[{"@type":"SearchAction","target":{"@type":"EntryPoint","urlTemplate":"https:\/\/baportal.sk\/podnajom\/?s={search_term_string}"},"query-input":"required name=search_term_string"}],"inLanguage":"sk-SK"},{"@type":"Person","@id":"https:\/\/baportal.sk\/podnajom\/#\/schema\/person\/1048c08c599b2e93379d6374549bd168","name":"marek","image":{"@type":"ImageObject","inLanguage":"sk-SK","@id":"https:\/\/baportal.sk\/podnajom\/#\/schema\/person\/image\/","url":"https:\/\/secure.gravatar.com\/avatar\/cdf0fbd37411d455f1afd87f93b867f6?s=96&d=mm&r=g","contentUrl":"https:\/\/secure.gravatar.com\/avatar\/cdf0fbd37411d455f1afd87f93b867f6?s=96&d=mm&r=g","caption":"marek"},"sameAs":["https:\/\/www.baportal.sk\/podnajom"]}]}},"_links":{"self":[{"href":"https:\/\/baportal.sk\/podnajom\/wp-json\/wp\/v2\/posts\/40070"}],"collection":[{"href":"https:\/\/baportal.sk\/podnajom\/wp-json\/wp\/v2\/posts"}],"about":[{"href":"https:\/\/baportal.sk\/podnajom\/wp-json\/wp\/v2\/types\/post"}],"author":[{"embeddable":true,"href":"https:\/\/baportal.sk\/podnajom\/wp-json\/wp\/v2\/users\/1"}],"replies":[{"embeddable":true,"href":"https:\/\/baportal.sk\/podnajom\/wp-json\/wp\/v2\/comments?post=40070"}],"version-history":[{"count":0,"href":"https:\/\/baportal.sk\/podnajom\/wp-json\/wp\/v2\/posts\/40070\/revisions"}],"wp:featuredmedia":[{"embeddable":true,"href":"https:\/\/baportal.sk\/podnajom\/wp-json\/wp\/v2\/media\/40071"}],"wp:attachment":[{"href":"https:\/\/baportal.sk\/podnajom\/wp-json\/wp\/v2\/media?parent=40070"}],"wp:term":[{"taxonomy":"category","embeddable":true,"href":"https:\/\/baportal.sk\/podnajom\/wp-json\/wp\/v2\/categories?post=40070"},{"taxonomy":"post_tag","embeddable":true,"href":"https:\/\/baportal.sk\/podnajom\/wp-json\/wp\/v2\/tags?post=40070"}],"curies":[{"name":"wp","href":"https:\/\/api.w.org\/{rel}","templated":true}]}}