{"id":40519,"date":"2022-05-05T03:01:49","date_gmt":"2022-05-05T01:01:49","guid":{"rendered":"https:\/\/baportal.sk\/podnajom\/in\/40519\/"},"modified":"2022-05-05T03:01:49","modified_gmt":"2022-05-05T01:01:49","slug":"arvin-benet-premiovy-2i-byt-v-novostavbe-rezidencia-koliba","status":"publish","type":"post","link":"https:\/\/baportal.sk\/podnajom\/in\/40519\/","title":{"rendered":"Arvin &amp; Benet | Pr\u00e9miov\u00fd 2i byt v\u00a0novostavbe Rezidencia Koliba"},"content":{"rendered":"<div class=\"text-inner\">\n                                Arvin &amp; Benet pon\u00faka na pren\u00e1jom pr\u00e9miov\u00fd 2i byt v ob\u013e\u00fabenom projekte Rezidencia Koliba na ulici Pod Vachmajstrom.<\/p>\n<p>Vkusne zariaden\u00e9 byty na pren\u00e1jom v pr\u00e9miov\u00fdch projektoch s\u00fa zv\u00e4\u010d\u0161a ponuky, ktor\u00e9 sa na trhu neohrej\u00fa dlho. Pri tomto byte tomu nebude inak a to najm\u00e4 v\u010faka jeho siln\u00fdm str\u00e1nkam a to :<br \/>\n\u00a0<br \/>\n\u2022\tnov\u00e9 na\u0161tandardn\u00e9 vybavenie<br \/>\n\u2022\tvysok\u00fd kvalitat\u00edvny \u0161tandard\u00a0bytu<br \/>\n\u2022\ts\u00fakromie a vysok\u00e1 miera priv\u00e1tnosti<br \/>\n\u2022\tdve parkovacie st\u00e1tia<br \/>\n\u2022\tdostatok \u00falo\u017en\u00e9ho priestoru<br \/>\n\u2022\tpodlahov\u00e9 k\u00farenie \u010di stropn\u00e9 chladenie<\/p>\n<p>Byt:<\/p>\n<p>\u00dastredn\u00fdm dizajnov\u00fdm mot\u00edvom bytu je vzdu\u0161nos\u0165, \u010dist\u00e9 l\u00ednie, jednoduchos\u0165 vo vysokej kvalite materi\u00e1lov a elegantn\u00e9 kombin\u00e1cie farieb.<\/p>\n<p>Byt pozost\u00e1va zo vstupnej chodby, samostatn\u00e9ho \u0161atn\u00edka, vzdu\u0161nej ob\u00fdvacej izby spojenej s modernou plne zariadenou kuchy\u0148ou. Jed\u00e1lensk\u00e1 \u010das\u0165 v podobe jed\u00e1lensk\u00e9ho stola so stoli\u010dkami plynule prech\u00e1dza do ob\u00fdvacej \u010dasti, ktorej dominuje \u010dierna rohov\u00e1 ko\u017eenn\u00e1 seda\u010dka. Kombin\u00e1cia \u010diernej a dreva v\u00fdborne komunikuje s vkusn\u00fdmi svetl\u00fdmi podlahami.<\/p>\n<p>Na ob\u00fdvaciu miestnos\u0165 nadv\u00e4zuje loggia, ktor\u00e1 je pr\u00edjemne ve\u013ek\u00e1 a z\u00e1hrsdn\u00fd n\u00e1bytok v nej komfortne posl\u00fa\u017ei ako miesto na rann\u00fa k\u00e1vu \u010di ve\u010dern\u00fd poh\u00e1r kvalitn\u00e9ho v\u00edna. <\/p>\n<p>V sp\u00e1lni sa nach\u00e1dza komfortn\u00e1 poste\u013e a dostato\u010dn\u00fd \u00falo\u017en\u00fd priestor v stavanej skrini rolldoor.<\/p>\n<p>K\u00fape\u013e\u0148a  je rovnako vybaven\u00e1 kvalitn\u00fdmi materi\u00e1lmi, ktor\u00e9 s\u00fa ve\u013emi vkusne zladen\u00e9 aj farebne a tvarovo. V k\u00fape\u013eni sa nach\u00e1dza pr\u00e1\u010dka a ve\u013ek\u00e1 va\u0148a, v ktorej si po celom dni doprajete relax.<\/p>\n<p>Vysok\u00fa kvalitu b\u00fdvania v tomto byte dop\u013a\u0148a stropn\u00e9 chladenie resp. podlahov\u00e9 k\u00farenie v celom byte.<\/p>\n<p>Bytov\u00fd dom ako aj jeho okolie je zabezpe\u010den\u00e9 kamerov\u00fdm syst\u00e9mom a dve parkovacie st\u00e1tia pred vstupom do bytov\u00e9ho domu mate komfortne bl\u00edzko a z\u00e1rove\u0148 pod drobnoh\u013eadom kamier.<\/p>\n<p>Lokalita:<\/p>\n<p>Bytov\u00e9 domy Rezidencia na Kolibe s\u00fa postaven\u00e9 v kr\u00e1snom prostred\u00ed obklopen\u00e9 zele\u0148ou takmer na vrchole Bratislavsk\u00e9ho Kolibsk\u00e9ho kopca. Byty sa p\u00fd\u0161ia n\u00e1dhern\u00fdm v\u00fdh\u013eadom na juhoz\u00e1pad Bratislavy.\u00a0<br \/>\nV\u0161eobecne ob\u013e\u00faben\u00e1 \u010das\u0165 Nov\u00e9ho mesta Koliba sa vyzna\u010duje vysokou mierou pr\u00e9miovosti, priv\u00e1tnosti s\u00a0bezprobl\u00e9movou dostupnos\u0165ou do centra.<\/p>\n<p>Cena:\u00a01050 eur mesa\u010dne vr\u00e1tane energi\u00ed (700 eur n\u00e1jom + 250 eur energie + 100 eur 2x vonkaj\u0161ie parkovacie st\u00e1tie)<br \/>\nV\u00fdmera:\u00a070,86\u00a0m\u00b2 (interi\u00e9r 64,81m\u00b2 + balk\u00f3n 6,05 m\u00b2 )<\/p>\n<p>Fotografie a text s\u00fa autorsk\u00fdm dielom a majetkom spolo\u010dnosti Arvin &amp; Benet.<\/p>\n<p>Nehnute\u013enos\u0165 bola naaran\u017eovan\u00e1 a nafoten\u00e1 Homestaging oddelen\u00edm na\u0161ej spolo\u010dnosti, ve\u013emi radi V\u00e1m pom\u00f4\u017eeme pri efekt\u00edvnom a d\u00f4stojnom predaji \u010di pren\u00e1jme aj Va\u0161ej nehnute\u013enosti. Budeme sa te\u0161i\u0165, ke\u010f n\u00e1s budete nez\u00e1v\u00e4zne kontaktova\u0165                            <\/p><\/div>\n","protected":false},"excerpt":{"rendered":"<p>Arvin &amp; Benet pon\u00faka na pren\u00e1jom pr\u00e9miov\u00fd 2i byt v ob\u013e\u00fabenom projekte Rezidencia Koliba na ulici Pod Vachmajstrom. Vkusne zariaden\u00e9 byty na pren\u00e1jom v pr\u00e9miov\u00fdch projektoch s\u00fa zv\u00e4\u010d\u0161a ponuky, ktor\u00e9 sa na trhu neohrej\u00fa dlho. Pri tomto byte tomu nebude inak a to najm\u00e4 v\u010faka jeho siln\u00fdm str\u00e1nkam a to : \u00a0 \u2022 nov\u00e9 na\u0161tandardn\u00e9 [&hellip;]<\/p>\n","protected":false},"author":1,"featured_media":40520,"comment_status":"open","ping_status":"open","sticky":false,"template":"","format":"standard","meta":{"footnotes":""},"categories":[4],"tags":[],"class_list":["post-40519","post","type-post","status-publish","format-standard","has-post-thumbnail","hentry","category-prenajom-bytu"],"yoast_head":"<!-- This site is optimized with the Yoast SEO plugin v23.1 - https:\/\/yoast.com\/wordpress\/plugins\/seo\/ -->\n<title>Arvin &amp; Benet | Pr\u00e9miov\u00fd 2i byt v\u00a0novostavbe Rezidencia Koliba | Podn\u00e1jom - Baportal.sk - Bratislava<\/title>\n<meta name=\"description\" content=\"Arvin &amp; Benet pon\u00faka na pren\u00e1jom pr\u00e9miov\u00fd 2i byt v ob\u013e\u00fabenom projekte Rezidencia Koliba na ulici Pod Vachmajstrom. Vkusne zariaden\u00e9 byty na pren\u00e1jom v\" \/>\n<meta name=\"robots\" content=\"index, follow, max-snippet:-1, max-image-preview:large, max-video-preview:-1\" \/>\n<link rel=\"canonical\" href=\"https:\/\/baportal.sk\/podnajom\/in\/40519\/\" \/>\n<meta property=\"og:locale\" content=\"sk_SK\" \/>\n<meta property=\"og:type\" content=\"article\" \/>\n<meta property=\"og:title\" content=\"Arvin &amp; Benet | Pr\u00e9miov\u00fd 2i byt v\u00a0novostavbe Rezidencia Koliba | Podn\u00e1jom - Baportal.sk - Bratislava\" \/>\n<meta property=\"og:description\" content=\"Arvin &amp; Benet pon\u00faka na pren\u00e1jom pr\u00e9miov\u00fd 2i byt v ob\u013e\u00fabenom projekte Rezidencia Koliba na ulici Pod Vachmajstrom. Vkusne zariaden\u00e9 byty na pren\u00e1jom v\" \/>\n<meta property=\"og:url\" content=\"https:\/\/baportal.sk\/podnajom\/in\/40519\/\" \/>\n<meta property=\"og:site_name\" content=\"Podn\u00e1jom - Baportal.sk - Bratislava\" \/>\n<meta property=\"article:published_time\" content=\"2022-05-05T01:01:49+00:00\" \/>\n<meta property=\"og:image\" content=\"https:\/\/baportal.sk\/podnajom\/wp-content\/uploads\/2022\/07\/Arvin-amp-Benet-Premiovy-2i-byt-v-novostavbe-Rezidencia-Koliba.jpeg\" \/>\n\t<meta property=\"og:image:width\" content=\"600\" \/>\n\t<meta property=\"og:image:height\" content=\"315\" \/>\n\t<meta property=\"og:image:type\" content=\"image\/jpeg\" \/>\n<meta name=\"author\" content=\"marek\" \/>\n<meta name=\"twitter:card\" content=\"summary_large_image\" \/>\n<meta name=\"twitter:label1\" content=\"Autor\" \/>\n\t<meta name=\"twitter:data1\" content=\"marek\" \/>\n\t<meta name=\"twitter:label2\" content=\"Predpokladan\u00fd \u010das \u010d\u00edtania\" \/>\n\t<meta name=\"twitter:data2\" content=\"2 min\u00faty\" \/>\n<script type=\"application\/ld+json\" class=\"yoast-schema-graph\">{\"@context\":\"https:\/\/schema.org\",\"@graph\":[{\"@type\":\"WebPage\",\"@id\":\"https:\/\/baportal.sk\/podnajom\/in\/40519\/\",\"url\":\"https:\/\/baportal.sk\/podnajom\/in\/40519\/\",\"name\":\"Arvin &amp; Benet | Pr\u00e9miov\u00fd 2i byt v\u00a0novostavbe Rezidencia Koliba | Podn\u00e1jom - Baportal.sk - Bratislava\",\"isPartOf\":{\"@id\":\"https:\/\/baportal.sk\/podnajom\/#website\"},\"primaryImageOfPage\":{\"@id\":\"https:\/\/baportal.sk\/podnajom\/in\/40519\/#primaryimage\"},\"image\":{\"@id\":\"https:\/\/baportal.sk\/podnajom\/in\/40519\/#primaryimage\"},\"thumbnailUrl\":\"https:\/\/baportal.sk\/podnajom\/wp-content\/uploads\/2022\/07\/Arvin-amp-Benet-Premiovy-2i-byt-v-novostavbe-Rezidencia-Koliba.jpeg\",\"datePublished\":\"2022-05-05T01:01:49+00:00\",\"dateModified\":\"2022-05-05T01:01:49+00:00\",\"author\":{\"@id\":\"https:\/\/baportal.sk\/podnajom\/#\/schema\/person\/1048c08c599b2e93379d6374549bd168\"},\"description\":\"Arvin &amp; Benet pon\u00faka na pren\u00e1jom pr\u00e9miov\u00fd 2i byt v ob\u013e\u00fabenom projekte Rezidencia Koliba na ulici Pod Vachmajstrom. Vkusne zariaden\u00e9 byty na pren\u00e1jom v\",\"breadcrumb\":{\"@id\":\"https:\/\/baportal.sk\/podnajom\/in\/40519\/#breadcrumb\"},\"inLanguage\":\"sk-SK\",\"potentialAction\":[{\"@type\":\"ReadAction\",\"target\":[\"https:\/\/baportal.sk\/podnajom\/in\/40519\/\"]}]},{\"@type\":\"ImageObject\",\"inLanguage\":\"sk-SK\",\"@id\":\"https:\/\/baportal.sk\/podnajom\/in\/40519\/#primaryimage\",\"url\":\"https:\/\/baportal.sk\/podnajom\/wp-content\/uploads\/2022\/07\/Arvin-amp-Benet-Premiovy-2i-byt-v-novostavbe-Rezidencia-Koliba.jpeg\",\"contentUrl\":\"https:\/\/baportal.sk\/podnajom\/wp-content\/uploads\/2022\/07\/Arvin-amp-Benet-Premiovy-2i-byt-v-novostavbe-Rezidencia-Koliba.jpeg\",\"width\":600,\"height\":315},{\"@type\":\"BreadcrumbList\",\"@id\":\"https:\/\/baportal.sk\/podnajom\/in\/40519\/#breadcrumb\",\"itemListElement\":[{\"@type\":\"ListItem\",\"position\":1,\"name\":\"Domovsk\u00e1 str\u00e1nka\",\"item\":\"https:\/\/baportal.sk\/podnajom\/\"},{\"@type\":\"ListItem\",\"position\":2,\"name\":\"Arvin &amp; Benet | Pr\u00e9miov\u00fd 2i byt v\u00a0novostavbe Rezidencia Koliba\"}]},{\"@type\":\"WebSite\",\"@id\":\"https:\/\/baportal.sk\/podnajom\/#website\",\"url\":\"https:\/\/baportal.sk\/podnajom\/\",\"name\":\"Podn\u00e1jom - Baportal.sk - Bratislava\",\"description\":\"\",\"potentialAction\":[{\"@type\":\"SearchAction\",\"target\":{\"@type\":\"EntryPoint\",\"urlTemplate\":\"https:\/\/baportal.sk\/podnajom\/?s={search_term_string}\"},\"query-input\":\"required name=search_term_string\"}],\"inLanguage\":\"sk-SK\"},{\"@type\":\"Person\",\"@id\":\"https:\/\/baportal.sk\/podnajom\/#\/schema\/person\/1048c08c599b2e93379d6374549bd168\",\"name\":\"marek\",\"image\":{\"@type\":\"ImageObject\",\"inLanguage\":\"sk-SK\",\"@id\":\"https:\/\/baportal.sk\/podnajom\/#\/schema\/person\/image\/\",\"url\":\"https:\/\/secure.gravatar.com\/avatar\/cdf0fbd37411d455f1afd87f93b867f6?s=96&d=mm&r=g\",\"contentUrl\":\"https:\/\/secure.gravatar.com\/avatar\/cdf0fbd37411d455f1afd87f93b867f6?s=96&d=mm&r=g\",\"caption\":\"marek\"},\"sameAs\":[\"https:\/\/www.baportal.sk\/podnajom\"]}]}<\/script>\n<!-- \/ Yoast SEO plugin. -->","yoast_head_json":{"title":"Arvin &amp; Benet | Pr\u00e9miov\u00fd 2i byt v\u00a0novostavbe Rezidencia Koliba | Podn\u00e1jom - Baportal.sk - Bratislava","description":"Arvin &amp; Benet pon\u00faka na pren\u00e1jom pr\u00e9miov\u00fd 2i byt v ob\u013e\u00fabenom projekte Rezidencia Koliba na ulici Pod Vachmajstrom. Vkusne zariaden\u00e9 byty na pren\u00e1jom v","robots":{"index":"index","follow":"follow","max-snippet":"max-snippet:-1","max-image-preview":"max-image-preview:large","max-video-preview":"max-video-preview:-1"},"canonical":"https:\/\/baportal.sk\/podnajom\/in\/40519\/","og_locale":"sk_SK","og_type":"article","og_title":"Arvin &amp; Benet | Pr\u00e9miov\u00fd 2i byt v\u00a0novostavbe Rezidencia Koliba | Podn\u00e1jom - Baportal.sk - Bratislava","og_description":"Arvin &amp; Benet pon\u00faka na pren\u00e1jom pr\u00e9miov\u00fd 2i byt v ob\u013e\u00fabenom projekte Rezidencia Koliba na ulici Pod Vachmajstrom. Vkusne zariaden\u00e9 byty na pren\u00e1jom v","og_url":"https:\/\/baportal.sk\/podnajom\/in\/40519\/","og_site_name":"Podn\u00e1jom - Baportal.sk - Bratislava","article_published_time":"2022-05-05T01:01:49+00:00","og_image":[{"width":600,"height":315,"url":"https:\/\/baportal.sk\/podnajom\/wp-content\/uploads\/2022\/07\/Arvin-amp-Benet-Premiovy-2i-byt-v-novostavbe-Rezidencia-Koliba.jpeg","type":"image\/jpeg"}],"author":"marek","twitter_card":"summary_large_image","twitter_misc":{"Autor":"marek","Predpokladan\u00fd \u010das \u010d\u00edtania":"2 min\u00faty"},"schema":{"@context":"https:\/\/schema.org","@graph":[{"@type":"WebPage","@id":"https:\/\/baportal.sk\/podnajom\/in\/40519\/","url":"https:\/\/baportal.sk\/podnajom\/in\/40519\/","name":"Arvin &amp; Benet | Pr\u00e9miov\u00fd 2i byt v\u00a0novostavbe Rezidencia Koliba | Podn\u00e1jom - Baportal.sk - Bratislava","isPartOf":{"@id":"https:\/\/baportal.sk\/podnajom\/#website"},"primaryImageOfPage":{"@id":"https:\/\/baportal.sk\/podnajom\/in\/40519\/#primaryimage"},"image":{"@id":"https:\/\/baportal.sk\/podnajom\/in\/40519\/#primaryimage"},"thumbnailUrl":"https:\/\/baportal.sk\/podnajom\/wp-content\/uploads\/2022\/07\/Arvin-amp-Benet-Premiovy-2i-byt-v-novostavbe-Rezidencia-Koliba.jpeg","datePublished":"2022-05-05T01:01:49+00:00","dateModified":"2022-05-05T01:01:49+00:00","author":{"@id":"https:\/\/baportal.sk\/podnajom\/#\/schema\/person\/1048c08c599b2e93379d6374549bd168"},"description":"Arvin &amp; Benet pon\u00faka na pren\u00e1jom pr\u00e9miov\u00fd 2i byt v ob\u013e\u00fabenom projekte Rezidencia Koliba na ulici Pod Vachmajstrom. Vkusne zariaden\u00e9 byty na pren\u00e1jom v","breadcrumb":{"@id":"https:\/\/baportal.sk\/podnajom\/in\/40519\/#breadcrumb"},"inLanguage":"sk-SK","potentialAction":[{"@type":"ReadAction","target":["https:\/\/baportal.sk\/podnajom\/in\/40519\/"]}]},{"@type":"ImageObject","inLanguage":"sk-SK","@id":"https:\/\/baportal.sk\/podnajom\/in\/40519\/#primaryimage","url":"https:\/\/baportal.sk\/podnajom\/wp-content\/uploads\/2022\/07\/Arvin-amp-Benet-Premiovy-2i-byt-v-novostavbe-Rezidencia-Koliba.jpeg","contentUrl":"https:\/\/baportal.sk\/podnajom\/wp-content\/uploads\/2022\/07\/Arvin-amp-Benet-Premiovy-2i-byt-v-novostavbe-Rezidencia-Koliba.jpeg","width":600,"height":315},{"@type":"BreadcrumbList","@id":"https:\/\/baportal.sk\/podnajom\/in\/40519\/#breadcrumb","itemListElement":[{"@type":"ListItem","position":1,"name":"Domovsk\u00e1 str\u00e1nka","item":"https:\/\/baportal.sk\/podnajom\/"},{"@type":"ListItem","position":2,"name":"Arvin &amp; Benet | Pr\u00e9miov\u00fd 2i byt v\u00a0novostavbe Rezidencia Koliba"}]},{"@type":"WebSite","@id":"https:\/\/baportal.sk\/podnajom\/#website","url":"https:\/\/baportal.sk\/podnajom\/","name":"Podn\u00e1jom - Baportal.sk - Bratislava","description":"","potentialAction":[{"@type":"SearchAction","target":{"@type":"EntryPoint","urlTemplate":"https:\/\/baportal.sk\/podnajom\/?s={search_term_string}"},"query-input":"required name=search_term_string"}],"inLanguage":"sk-SK"},{"@type":"Person","@id":"https:\/\/baportal.sk\/podnajom\/#\/schema\/person\/1048c08c599b2e93379d6374549bd168","name":"marek","image":{"@type":"ImageObject","inLanguage":"sk-SK","@id":"https:\/\/baportal.sk\/podnajom\/#\/schema\/person\/image\/","url":"https:\/\/secure.gravatar.com\/avatar\/cdf0fbd37411d455f1afd87f93b867f6?s=96&d=mm&r=g","contentUrl":"https:\/\/secure.gravatar.com\/avatar\/cdf0fbd37411d455f1afd87f93b867f6?s=96&d=mm&r=g","caption":"marek"},"sameAs":["https:\/\/www.baportal.sk\/podnajom"]}]}},"_links":{"self":[{"href":"https:\/\/baportal.sk\/podnajom\/wp-json\/wp\/v2\/posts\/40519"}],"collection":[{"href":"https:\/\/baportal.sk\/podnajom\/wp-json\/wp\/v2\/posts"}],"about":[{"href":"https:\/\/baportal.sk\/podnajom\/wp-json\/wp\/v2\/types\/post"}],"author":[{"embeddable":true,"href":"https:\/\/baportal.sk\/podnajom\/wp-json\/wp\/v2\/users\/1"}],"replies":[{"embeddable":true,"href":"https:\/\/baportal.sk\/podnajom\/wp-json\/wp\/v2\/comments?post=40519"}],"version-history":[{"count":0,"href":"https:\/\/baportal.sk\/podnajom\/wp-json\/wp\/v2\/posts\/40519\/revisions"}],"wp:featuredmedia":[{"embeddable":true,"href":"https:\/\/baportal.sk\/podnajom\/wp-json\/wp\/v2\/media\/40520"}],"wp:attachment":[{"href":"https:\/\/baportal.sk\/podnajom\/wp-json\/wp\/v2\/media?parent=40519"}],"wp:term":[{"taxonomy":"category","embeddable":true,"href":"https:\/\/baportal.sk\/podnajom\/wp-json\/wp\/v2\/categories?post=40519"},{"taxonomy":"post_tag","embeddable":true,"href":"https:\/\/baportal.sk\/podnajom\/wp-json\/wp\/v2\/tags?post=40519"}],"curies":[{"name":"wp","href":"https:\/\/api.w.org\/{rel}","templated":true}]}}