{"id":40584,"date":"2022-05-05T03:01:49","date_gmt":"2022-05-05T01:01:49","guid":{"rendered":"https:\/\/baportal.sk\/podnajom\/in\/40584\/"},"modified":"2022-05-05T03:01:49","modified_gmt":"2022-05-05T01:01:49","slug":"na-prenajom-velkorysy-zariadeny-2-izb-byt-palisady-ba-i","status":"publish","type":"post","link":"https:\/\/baportal.sk\/podnajom\/in\/40584\/","title":{"rendered":"Na pren\u00e1jom ve\u013ekorys\u00fd zariaden\u00fd 2 izb.byt Palis\u00e1dy BA I."},"content":{"rendered":"<div class=\"text-inner\">\n                                Realitn\u00e1 kancel\u00e1ria RE\/MAX exkluz\u00edvne pon\u00faka na pren\u00e1jom  ve\u013ekorys\u00fd kompletne zariaden\u00fd 2 izb.byt na Palis\u00e1dach len na skok od centra mesta s balk\u00f3nom aj loggiou v mestskej \u010dasti Star\u00e9 Mesto ulica Koreni\u010dov\u00e1.  <\/p>\n<p>Byt sa nach\u00e1dza na 2. poschod\u00ed a poskytuje pokojn\u00e9 b\u00fdvanie v Starom meste. Sta\u010d\u00ed si prinies\u0165 osobn\u00e9 veci, v\u0161etko ostatn\u00e9 u\u017e v byte je :).<\/p>\n<p>Podlahov\u00e1 plocha bytu bez loggie a balk\u00f3na je 71,29m2, plochy loggie a balk\u00f3na s\u00fa 6,27m2. K bytu prisl\u00facha pivni\u010dn\u00e1 kobka s v\u00fdmerou 6,44m2.  <\/p>\n<p>Dispozi\u010dn\u00e9 rie\u0161enie bytu: <br \/>\nZo vstupnej haly sa vch\u00e1dza do priestrann\u00e9ho \u0161atn\u00edka a ob\u00fdvacej izby ako aj sp\u00e1lne a samostatnej kuchyne. Zo sp\u00e1lne sa vych\u00e1dza na balk\u00f3n a z kuchyne na loggiu. K\u00fape\u013e\u0148a je spolo\u010dn\u00e1 s wc. Kuchy\u0148a je naozaj priestrann\u00e1 so v\u0161etk\u00fdmi spotrebi\u010dmi vr\u00e1tane pr\u00e1\u010dky. Z kuchyne je aj vstup do samostatnej \u0161pajze.  <\/p>\n<p>Pod bytov\u00fdm domom je bezprobl\u00e9mov\u00e9 parkovanie. Ide o vyh\u013ead\u00e1van\u00fa a ve\u013emi ob\u013e\u00faben\u00fa lokalitu, ktor\u00e1 poskytuje \u010di u\u017e pokojn\u00e9 no lukrat\u00edvne b\u00fdvanie priamo v centre, ale aj kompletn\u00fa ob\u010diansku vybavenos\u0165, \u010di dostupnos\u0165. Najbli\u017e\u0161\u00ed obchod Tesco expres je v pe\u0161ej dostupnosti do 10 min.<\/p>\n<p>Cena pren\u00e1jmu tejto nehnute\u013enosti je 700\u20ac + 200\u20ac energie vr\u00e1tane TV a internetu, spolu teda 900\u20ac. Pri podpise zmluvy sa plat\u00ed 1 mesa\u010dn\u00e9 n\u00e1jomne vo v\u00fd\u0161ke 900\u20ac, vratn\u00e1 kaucia 900\u20ac a poplatok pre RK vo v\u00fd\u0161ke 450\u20ac. Spolu teda 2.250\u20ac.<\/p>\n<p>Budem sa te\u0161i\u0165 na spolo\u010dn\u00e9 obhliadky :). <\/p>\n<p>Real estate agency RE \/ MAX exclusively offers for rent a big  fully furnished 2 bedroom apartment in Palis\u00e1dy just a short walk from the city center with a balcony and a loggia in the Old Town Koreni\u010dov\u00e1 street.<\/p>\n<p>The apartment is located on the 2nd floor and provides peaceful living in the Old Town. All you need are your personal things, everything else is there :).<\/p>\n<p>The floor area of \u200b\u200bthe apartment without loggia and balcony is 71.29 m2, the area of \u200b\u200bloggia and balcony is 6.27 m2. The apartment has a cellar with an area of \u200b\u200b6.44 square meters.<\/p>\n<p>Layout of the apartment:<br \/>\nFrom the entrance hall you enter the spacious wardrobe and the room as well as the bedroom and separate kitchen. The bedroom opens onto a balcony and the kitchen to the loggia. The bathroom is shared with the toilet. The kitchen is really spacious with all appliances including a washing machine. There is also an entrance to the separate pantry from the kitchen.<\/p>\n<p>There is a resident parking under the apartment building. It is a very popular location, quiet but lucrative housing right in the center. The nearest store Tesco expres is within 10 min walking distance.<\/p>\n<p>The rental price of this property is 700\u20ac + 200\u20ac for a energy, including TV and internet, for a total of 900\u20ac. When signing the contract, a 1-month rent of 900\u20ac, a refundable deposit of 900\u20ac and a fee for the agency 450\u20ac are paid. So a total of 2,250\u20ac.<\/p>\n<p>I will be looking forward to join inspections \ud83d\ude42                            <\/p><\/div>\n","protected":false},"excerpt":{"rendered":"<p>Realitn\u00e1 kancel\u00e1ria RE\/MAX exkluz\u00edvne pon\u00faka na pren\u00e1jom ve\u013ekorys\u00fd kompletne zariaden\u00fd 2 izb.byt na Palis\u00e1dach len na skok od centra mesta s balk\u00f3nom aj loggiou v mestskej \u010dasti Star\u00e9 Mesto ulica Koreni\u010dov\u00e1. Byt sa nach\u00e1dza na 2. poschod\u00ed a poskytuje pokojn\u00e9 b\u00fdvanie v Starom meste. Sta\u010d\u00ed si prinies\u0165 osobn\u00e9 veci, v\u0161etko ostatn\u00e9 u\u017e v byte je [&hellip;]<\/p>\n","protected":false},"author":1,"featured_media":40585,"comment_status":"open","ping_status":"open","sticky":false,"template":"","format":"standard","meta":{"footnotes":""},"categories":[4],"tags":[],"class_list":["post-40584","post","type-post","status-publish","format-standard","has-post-thumbnail","hentry","category-prenajom-bytu"],"yoast_head":"<!-- This site is optimized with the Yoast SEO plugin v23.1 - https:\/\/yoast.com\/wordpress\/plugins\/seo\/ -->\n<title>Na pren\u00e1jom ve\u013ekorys\u00fd zariaden\u00fd 2 izb.byt Palis\u00e1dy BA I. | Podn\u00e1jom - Baportal.sk - Bratislava<\/title>\n<meta name=\"description\" content=\"Realitn\u00e1 kancel\u00e1ria RE\/MAX exkluz\u00edvne pon\u00faka na pren\u00e1jom ve\u013ekorys\u00fd kompletne zariaden\u00fd 2 izb.byt na Palis\u00e1dach len na skok od centra mesta s balk\u00f3nom aj\" \/>\n<meta name=\"robots\" content=\"index, follow, max-snippet:-1, max-image-preview:large, max-video-preview:-1\" \/>\n<link rel=\"canonical\" href=\"https:\/\/baportal.sk\/podnajom\/in\/40584\/\" \/>\n<meta property=\"og:locale\" content=\"sk_SK\" \/>\n<meta property=\"og:type\" content=\"article\" \/>\n<meta property=\"og:title\" content=\"Na pren\u00e1jom ve\u013ekorys\u00fd zariaden\u00fd 2 izb.byt Palis\u00e1dy BA I. | Podn\u00e1jom - Baportal.sk - Bratislava\" \/>\n<meta property=\"og:description\" content=\"Realitn\u00e1 kancel\u00e1ria RE\/MAX exkluz\u00edvne pon\u00faka na pren\u00e1jom ve\u013ekorys\u00fd kompletne zariaden\u00fd 2 izb.byt na Palis\u00e1dach len na skok od centra mesta s balk\u00f3nom aj\" \/>\n<meta property=\"og:url\" content=\"https:\/\/baportal.sk\/podnajom\/in\/40584\/\" \/>\n<meta property=\"og:site_name\" content=\"Podn\u00e1jom - Baportal.sk - Bratislava\" \/>\n<meta property=\"article:published_time\" content=\"2022-05-05T01:01:49+00:00\" \/>\n<meta property=\"og:image\" content=\"https:\/\/baportal.sk\/podnajom\/wp-content\/uploads\/2022\/07\/Na-prenajom-velkorysy-zariadeny-2-izbbyt-Palisady-BA-I.jpeg\" \/>\n\t<meta property=\"og:image:width\" content=\"600\" \/>\n\t<meta property=\"og:image:height\" content=\"315\" \/>\n\t<meta property=\"og:image:type\" content=\"image\/jpeg\" \/>\n<meta name=\"author\" content=\"marek\" \/>\n<meta name=\"twitter:card\" content=\"summary_large_image\" \/>\n<meta name=\"twitter:label1\" content=\"Autor\" \/>\n\t<meta name=\"twitter:data1\" content=\"marek\" \/>\n\t<meta name=\"twitter:label2\" content=\"Predpokladan\u00fd \u010das \u010d\u00edtania\" \/>\n\t<meta name=\"twitter:data2\" content=\"3 min\u00faty\" \/>\n<script type=\"application\/ld+json\" class=\"yoast-schema-graph\">{\"@context\":\"https:\/\/schema.org\",\"@graph\":[{\"@type\":\"WebPage\",\"@id\":\"https:\/\/baportal.sk\/podnajom\/in\/40584\/\",\"url\":\"https:\/\/baportal.sk\/podnajom\/in\/40584\/\",\"name\":\"Na pren\u00e1jom ve\u013ekorys\u00fd zariaden\u00fd 2 izb.byt Palis\u00e1dy BA I. | Podn\u00e1jom - Baportal.sk - Bratislava\",\"isPartOf\":{\"@id\":\"https:\/\/baportal.sk\/podnajom\/#website\"},\"primaryImageOfPage\":{\"@id\":\"https:\/\/baportal.sk\/podnajom\/in\/40584\/#primaryimage\"},\"image\":{\"@id\":\"https:\/\/baportal.sk\/podnajom\/in\/40584\/#primaryimage\"},\"thumbnailUrl\":\"https:\/\/baportal.sk\/podnajom\/wp-content\/uploads\/2022\/07\/Na-prenajom-velkorysy-zariadeny-2-izbbyt-Palisady-BA-I.jpeg\",\"datePublished\":\"2022-05-05T01:01:49+00:00\",\"dateModified\":\"2022-05-05T01:01:49+00:00\",\"author\":{\"@id\":\"https:\/\/baportal.sk\/podnajom\/#\/schema\/person\/1048c08c599b2e93379d6374549bd168\"},\"description\":\"Realitn\u00e1 kancel\u00e1ria RE\/MAX exkluz\u00edvne pon\u00faka na pren\u00e1jom ve\u013ekorys\u00fd kompletne zariaden\u00fd 2 izb.byt na Palis\u00e1dach len na skok od centra mesta s balk\u00f3nom aj\",\"breadcrumb\":{\"@id\":\"https:\/\/baportal.sk\/podnajom\/in\/40584\/#breadcrumb\"},\"inLanguage\":\"sk-SK\",\"potentialAction\":[{\"@type\":\"ReadAction\",\"target\":[\"https:\/\/baportal.sk\/podnajom\/in\/40584\/\"]}]},{\"@type\":\"ImageObject\",\"inLanguage\":\"sk-SK\",\"@id\":\"https:\/\/baportal.sk\/podnajom\/in\/40584\/#primaryimage\",\"url\":\"https:\/\/baportal.sk\/podnajom\/wp-content\/uploads\/2022\/07\/Na-prenajom-velkorysy-zariadeny-2-izbbyt-Palisady-BA-I.jpeg\",\"contentUrl\":\"https:\/\/baportal.sk\/podnajom\/wp-content\/uploads\/2022\/07\/Na-prenajom-velkorysy-zariadeny-2-izbbyt-Palisady-BA-I.jpeg\",\"width\":600,\"height\":315},{\"@type\":\"BreadcrumbList\",\"@id\":\"https:\/\/baportal.sk\/podnajom\/in\/40584\/#breadcrumb\",\"itemListElement\":[{\"@type\":\"ListItem\",\"position\":1,\"name\":\"Domovsk\u00e1 str\u00e1nka\",\"item\":\"https:\/\/baportal.sk\/podnajom\/\"},{\"@type\":\"ListItem\",\"position\":2,\"name\":\"Na pren\u00e1jom ve\u013ekorys\u00fd zariaden\u00fd 2 izb.byt Palis\u00e1dy BA I.\"}]},{\"@type\":\"WebSite\",\"@id\":\"https:\/\/baportal.sk\/podnajom\/#website\",\"url\":\"https:\/\/baportal.sk\/podnajom\/\",\"name\":\"Podn\u00e1jom - Baportal.sk - Bratislava\",\"description\":\"\",\"potentialAction\":[{\"@type\":\"SearchAction\",\"target\":{\"@type\":\"EntryPoint\",\"urlTemplate\":\"https:\/\/baportal.sk\/podnajom\/?s={search_term_string}\"},\"query-input\":\"required name=search_term_string\"}],\"inLanguage\":\"sk-SK\"},{\"@type\":\"Person\",\"@id\":\"https:\/\/baportal.sk\/podnajom\/#\/schema\/person\/1048c08c599b2e93379d6374549bd168\",\"name\":\"marek\",\"image\":{\"@type\":\"ImageObject\",\"inLanguage\":\"sk-SK\",\"@id\":\"https:\/\/baportal.sk\/podnajom\/#\/schema\/person\/image\/\",\"url\":\"https:\/\/secure.gravatar.com\/avatar\/cdf0fbd37411d455f1afd87f93b867f6?s=96&d=mm&r=g\",\"contentUrl\":\"https:\/\/secure.gravatar.com\/avatar\/cdf0fbd37411d455f1afd87f93b867f6?s=96&d=mm&r=g\",\"caption\":\"marek\"},\"sameAs\":[\"https:\/\/www.baportal.sk\/podnajom\"]}]}<\/script>\n<!-- \/ Yoast SEO plugin. -->","yoast_head_json":{"title":"Na pren\u00e1jom ve\u013ekorys\u00fd zariaden\u00fd 2 izb.byt Palis\u00e1dy BA I. | Podn\u00e1jom - Baportal.sk - Bratislava","description":"Realitn\u00e1 kancel\u00e1ria RE\/MAX exkluz\u00edvne pon\u00faka na pren\u00e1jom ve\u013ekorys\u00fd kompletne zariaden\u00fd 2 izb.byt na Palis\u00e1dach len na skok od centra mesta s balk\u00f3nom aj","robots":{"index":"index","follow":"follow","max-snippet":"max-snippet:-1","max-image-preview":"max-image-preview:large","max-video-preview":"max-video-preview:-1"},"canonical":"https:\/\/baportal.sk\/podnajom\/in\/40584\/","og_locale":"sk_SK","og_type":"article","og_title":"Na pren\u00e1jom ve\u013ekorys\u00fd zariaden\u00fd 2 izb.byt Palis\u00e1dy BA I. | Podn\u00e1jom - Baportal.sk - Bratislava","og_description":"Realitn\u00e1 kancel\u00e1ria RE\/MAX exkluz\u00edvne pon\u00faka na pren\u00e1jom ve\u013ekorys\u00fd kompletne zariaden\u00fd 2 izb.byt na Palis\u00e1dach len na skok od centra mesta s balk\u00f3nom aj","og_url":"https:\/\/baportal.sk\/podnajom\/in\/40584\/","og_site_name":"Podn\u00e1jom - Baportal.sk - Bratislava","article_published_time":"2022-05-05T01:01:49+00:00","og_image":[{"width":600,"height":315,"url":"https:\/\/baportal.sk\/podnajom\/wp-content\/uploads\/2022\/07\/Na-prenajom-velkorysy-zariadeny-2-izbbyt-Palisady-BA-I.jpeg","type":"image\/jpeg"}],"author":"marek","twitter_card":"summary_large_image","twitter_misc":{"Autor":"marek","Predpokladan\u00fd \u010das \u010d\u00edtania":"3 min\u00faty"},"schema":{"@context":"https:\/\/schema.org","@graph":[{"@type":"WebPage","@id":"https:\/\/baportal.sk\/podnajom\/in\/40584\/","url":"https:\/\/baportal.sk\/podnajom\/in\/40584\/","name":"Na pren\u00e1jom ve\u013ekorys\u00fd zariaden\u00fd 2 izb.byt Palis\u00e1dy BA I. | Podn\u00e1jom - Baportal.sk - Bratislava","isPartOf":{"@id":"https:\/\/baportal.sk\/podnajom\/#website"},"primaryImageOfPage":{"@id":"https:\/\/baportal.sk\/podnajom\/in\/40584\/#primaryimage"},"image":{"@id":"https:\/\/baportal.sk\/podnajom\/in\/40584\/#primaryimage"},"thumbnailUrl":"https:\/\/baportal.sk\/podnajom\/wp-content\/uploads\/2022\/07\/Na-prenajom-velkorysy-zariadeny-2-izbbyt-Palisady-BA-I.jpeg","datePublished":"2022-05-05T01:01:49+00:00","dateModified":"2022-05-05T01:01:49+00:00","author":{"@id":"https:\/\/baportal.sk\/podnajom\/#\/schema\/person\/1048c08c599b2e93379d6374549bd168"},"description":"Realitn\u00e1 kancel\u00e1ria RE\/MAX exkluz\u00edvne pon\u00faka na pren\u00e1jom ve\u013ekorys\u00fd kompletne zariaden\u00fd 2 izb.byt na Palis\u00e1dach len na skok od centra mesta s balk\u00f3nom aj","breadcrumb":{"@id":"https:\/\/baportal.sk\/podnajom\/in\/40584\/#breadcrumb"},"inLanguage":"sk-SK","potentialAction":[{"@type":"ReadAction","target":["https:\/\/baportal.sk\/podnajom\/in\/40584\/"]}]},{"@type":"ImageObject","inLanguage":"sk-SK","@id":"https:\/\/baportal.sk\/podnajom\/in\/40584\/#primaryimage","url":"https:\/\/baportal.sk\/podnajom\/wp-content\/uploads\/2022\/07\/Na-prenajom-velkorysy-zariadeny-2-izbbyt-Palisady-BA-I.jpeg","contentUrl":"https:\/\/baportal.sk\/podnajom\/wp-content\/uploads\/2022\/07\/Na-prenajom-velkorysy-zariadeny-2-izbbyt-Palisady-BA-I.jpeg","width":600,"height":315},{"@type":"BreadcrumbList","@id":"https:\/\/baportal.sk\/podnajom\/in\/40584\/#breadcrumb","itemListElement":[{"@type":"ListItem","position":1,"name":"Domovsk\u00e1 str\u00e1nka","item":"https:\/\/baportal.sk\/podnajom\/"},{"@type":"ListItem","position":2,"name":"Na pren\u00e1jom ve\u013ekorys\u00fd zariaden\u00fd 2 izb.byt Palis\u00e1dy BA I."}]},{"@type":"WebSite","@id":"https:\/\/baportal.sk\/podnajom\/#website","url":"https:\/\/baportal.sk\/podnajom\/","name":"Podn\u00e1jom - Baportal.sk - Bratislava","description":"","potentialAction":[{"@type":"SearchAction","target":{"@type":"EntryPoint","urlTemplate":"https:\/\/baportal.sk\/podnajom\/?s={search_term_string}"},"query-input":"required name=search_term_string"}],"inLanguage":"sk-SK"},{"@type":"Person","@id":"https:\/\/baportal.sk\/podnajom\/#\/schema\/person\/1048c08c599b2e93379d6374549bd168","name":"marek","image":{"@type":"ImageObject","inLanguage":"sk-SK","@id":"https:\/\/baportal.sk\/podnajom\/#\/schema\/person\/image\/","url":"https:\/\/secure.gravatar.com\/avatar\/cdf0fbd37411d455f1afd87f93b867f6?s=96&d=mm&r=g","contentUrl":"https:\/\/secure.gravatar.com\/avatar\/cdf0fbd37411d455f1afd87f93b867f6?s=96&d=mm&r=g","caption":"marek"},"sameAs":["https:\/\/www.baportal.sk\/podnajom"]}]}},"_links":{"self":[{"href":"https:\/\/baportal.sk\/podnajom\/wp-json\/wp\/v2\/posts\/40584"}],"collection":[{"href":"https:\/\/baportal.sk\/podnajom\/wp-json\/wp\/v2\/posts"}],"about":[{"href":"https:\/\/baportal.sk\/podnajom\/wp-json\/wp\/v2\/types\/post"}],"author":[{"embeddable":true,"href":"https:\/\/baportal.sk\/podnajom\/wp-json\/wp\/v2\/users\/1"}],"replies":[{"embeddable":true,"href":"https:\/\/baportal.sk\/podnajom\/wp-json\/wp\/v2\/comments?post=40584"}],"version-history":[{"count":0,"href":"https:\/\/baportal.sk\/podnajom\/wp-json\/wp\/v2\/posts\/40584\/revisions"}],"wp:featuredmedia":[{"embeddable":true,"href":"https:\/\/baportal.sk\/podnajom\/wp-json\/wp\/v2\/media\/40585"}],"wp:attachment":[{"href":"https:\/\/baportal.sk\/podnajom\/wp-json\/wp\/v2\/media?parent=40584"}],"wp:term":[{"taxonomy":"category","embeddable":true,"href":"https:\/\/baportal.sk\/podnajom\/wp-json\/wp\/v2\/categories?post=40584"},{"taxonomy":"post_tag","embeddable":true,"href":"https:\/\/baportal.sk\/podnajom\/wp-json\/wp\/v2\/tags?post=40584"}],"curies":[{"name":"wp","href":"https:\/\/api.w.org\/{rel}","templated":true}]}}