{"id":41217,"date":"2022-05-05T03:01:49","date_gmt":"2022-05-05T01:01:49","guid":{"rendered":"https:\/\/baportal.sk\/podnajom\/in\/41217\/"},"modified":"2022-05-05T03:01:49","modified_gmt":"2022-05-05T01:01:49","slug":"arvin-benet-stylovy-2i-byt-v-novostavbe-pri-medickej-zahrade-3","status":"publish","type":"post","link":"https:\/\/baportal.sk\/podnajom\/in\/41217\/","title":{"rendered":"Arvin &amp; Benet | \u0160t\u00fdlov\u00fd 2i byt v\u00a0novostavbe pri Medickej z\u00e1hrade"},"content":{"rendered":"<div class=\"text-inner\">\n                                Arvin &amp; Benet pon\u00faka na pren\u00e1jom modern\u00fd\u00a02 izbov\u00fd byt s\u00a0balk\u00f3nom a parkovan\u00edm v\u00a0novostavbe vo vyh\u013ead\u00e1vanej \u010dasti Star\u00e9ho Mesta.<\/p>\n<p>B\u00fdvanie v\u00a0tomto byte je ide\u00e1lne pre mlad\u00e9ho \u010dloveka alebo p\u00e1r, ktor\u00fd r\u00e1d vyu\u017e\u00edva v\u00fdhody b\u00fdvania v srdci mesta a z\u00e1rove\u0148 mu z\u00e1le\u017e\u00ed na\u00a0vy\u0161\u0161om \u0161tandarde komfortu svojho b\u00fdvania.<\/p>\n<p>V\u00fdnimo\u010dnos\u0165\u00a0tomuto bytu dod\u00e1va \u0161t\u00fdlov\u00fd dizajn, vkusn\u00e9 zariadenie,\u00a0dostatok \u00falo\u017en\u00e9ho priestoru a praktick\u00e1 dispoz\u00edcia. Zamilujete si tie\u017e perfektn\u00fa lokalitu s\u00a0kaviar\u0148ami, \u010di re\u0161taur\u00e1ciami na p\u00e1r krokov od domu alebo bl\u00edzkos\u0165 Medickej z\u00e1hrady.  <\/p>\n<p>Vzdu\u0161nos\u0165 nehnute\u013enosti dod\u00e1vaj\u00fa\u00a0tie\u017e ve\u013ekoform\u00e1tov\u00e9 okn\u00e1 a balk\u00f3n orientovan\u00fd do vn\u00fatrobloku  tak prispieva k\u00a0pokojnej atmosf\u00e9re bytu.\u00a0<br \/>\n\u00a0<br \/>\nV\u00a0tomto slne\u010dnom byte orientovanom na juh si m\u00f4\u017eete pohodlie a\u00a0teplotu regulova\u0165 klimatiz\u00e1ciou. Pr\u00edjemn\u00fa atmosf\u00e9ru v\u00a0byte navodzuj\u00fa natur\u00e1lne farby. <\/p>\n<p>Byt:<\/p>\n<p>Byt sa nach\u00e1dza na 4. poschod\u00ed, ktor\u00e9 je vybaven\u00e9 atrakt\u00edvnymi spolo\u010dn\u00fdmi priestormi a\u00a0chodbami a\u00a0prenaj\u00edma sa plne zariaden\u00fd. <\/p>\n<p>Chodba, ktor\u00e1 priv\u00e1dza do dennej miestnosti je vybaven\u00e1 pohodlnou seda\u010dkou vo v\u00fdklenku k\u00a0u\u013eah\u010deniu ob\u00favania, praktick\u00fdm odkladac\u00edm priestorom na top\u00e1nky, ale aj priestrann\u00fdm \u0161atn\u00edkov\u00fdm modulom. <\/p>\n<p>K\u00fape\u013e\u0148a disponuje va\u0148ou,\u00a0WC, kvalitnou pr\u00e1\u010dkou so su\u0161i\u010dkou a\u00a0rebr\u00edkov\u00fdm radi\u00e1torom,\u00a0je laden\u00e1 v\u00a0pr\u00edjemn\u00fdch tepl\u00fdch odtie\u0148och bielej a b\u00e9\u017eovej farby a v\u00a0kombin\u00e1cii s\u00a0dreven\u00fdm n\u00e1bytkom dod\u00e1va k\u00fape\u013eni ve\u013emi pohodov\u00fa atmosf\u00e9ru.<\/p>\n<p>Denn\u00e1 \u010das\u0165  pon\u00edma ve\u013ek\u00fd spolo\u010dn\u00fd priestor kuchyne a\u00a0ob\u00fdva\u010dky, ktor\u00e1 na prv\u00fd poh\u013ead up\u00fata svojim modern\u00fdm \u0161mrncom. V\u00a0bielej elegantnej kuchynskej linke s\u00fa zabudovan\u00e9 kuchynsk\u00e9 spotrebi\u010de (elektrick\u00e1 a\u00a0mikrovlnn\u00e1 r\u00fara, chladni\u010dka s\u00a0mrazni\u010dkou,\u00a0induk\u010dn\u00e1 varn\u00e1 doska s\u00a0digestorom a\u00a0um\u00fdva\u010dka riadu). Kuchy\u0148a je plne vybaven\u00e1 a od ob\u00fdvacej \u010dasti ju del\u00ed origin\u00e1lne zakomponovan\u00fd jed\u00e1lensk\u00fd st\u00f4l vyr\u00e1ban\u00fd na mieru.\u00a0V\u00a0ob\u00fdva\u010dke si pohodlne posed\u00edte pred ve\u013ekoform\u00e1tovou TV na modernej seda\u010dke, ved\u013ea ktorej m\u00f4\u017eete vyjs\u0165 na balk\u00f3n s\u00a0drevenou podlahou a\u00a0v\u00fdh\u013eadom do pokojn\u00e9ho dvora so zelenou z\u00e1hradou.<\/p>\n<p>V\u00a0sp\u00e1lni sa nach\u00e1dza kvalitn\u00e1 man\u017eelsk\u00e1 poste\u013e s\u00a0no\u010dn\u00fdmi stol\u00edkmi, \u010di  toaletn\u00fdm stol\u00edkom a\u00a0po celej d\u013a\u017eke steny n\u00e1jdete \u00falo\u017en\u00fd priestor vo forme vstavan\u00fdch skr\u00ed\u0148. <\/p>\n<p>D\u00f4raz na detail m\u00f4\u017eete vn\u00edma\u0165 aj prepojen\u00edm jemn\u00e9ho elegantn\u00e9ho vzoru na niektor\u00fdch povrchoch v\u00a0ka\u017edej miestnosti a\u00a0na praktick\u00fdch priestoroch \u0161etriacich posuvn\u00fdch dver\u00e1ch do izieb.<\/p>\n<p>K\u00a0bytu prisl\u00facha priestrann\u00e9 parkovacie miesto v\u00a0podzemnej gar\u00e1\u017ei.<\/p>\n<p>Lokalita:<\/p>\n<p>Byt sa nach\u00e1dza vo vynikaj\u00facej \u010dasti Star\u00e9ho Mesta  s\u00a0v\u00fdbornou ob\u010dianskou vybavenos\u0165ou a\u00a0dostupnos\u0165ou. V\u00a0okol\u00ed bytov\u00e9ho domu sa nach\u00e1dzaj\u00fa prev\u00e1dzky kaviarn\u00ed napr. SV\u00c4G TO GO, re\u0161taur\u00e1ci\u00ed, \u010di zn\u00e1my Mestsk\u00fd pivovar Al\u017ebetka. V\u00a0pe\u0161ej dostupnosti od bytu sa nach\u00e1dza Kamenn\u00e9 n\u00e1mestie s\u00a0ponukou nieko\u013ek\u00fdch prev\u00e1dzok potrav\u00edn (Tesco, Lidl, Yeme, \u017dabka) je vzdialen\u00e9 8 min\u00fat ch\u00f4dze. Na skok to budete ma\u0165 aj do n\u00e1dhernej Medickej z\u00e1hrady, v\u00a0ktorej m\u00f4\u017eete pr\u00edjemn\u00fdmi prech\u00e1dzkami relaxova\u0165. Z\u00e1stavka MHD Americk\u00e9 n\u00e1mestie sa nach\u00e1dza p\u00e1r krokov od bytu, rovnako ako elektri\u010dkov\u00e1 tra\u0165 na \u0160pit\u00e1lskej ulici.<\/p>\n<p>Cena: 900 EUR mesa\u010dne (620 EUR n\u00e1jomn\u00e9 vr\u00e1tane internetu a TV, 180 EUR energie, 100 EUR parkovacie miesto v\u00a0podzemnej gar\u00e1\u017ei)<br \/>\nV\u00fdmera: 52 m2 (interi\u00e9r 49,5 m2, balk\u00f3n 2,5 m2)<br \/>\nP\u00f4dorys n\u00e1jdete na na\u0161ej webovej str\u00e1nke: https:\/\/www.arvinbenet.sk\/sk\/detail-ponuky\/692\/stylovy-2i-byt-v-novostavbe-pri-medickej-zahrade<\/p>\n<p>Fotografie a text s\u00fa autorsk\u00fdm dielom a majetkom spolo\u010dnosti Arvin &amp; Benet.\u2028\u2028<\/p>\n<p>Nehnute\u013enos\u0165 bola naaran\u017eovan\u00e1 a nafoten\u00e1 Homestaging oddelen\u00edm na\u0161ej spolo\u010dnosti, ve\u013emi radi V\u00e1m pom\u00f4\u017eeme pri efekt\u00edvnom a d\u00f4stojnom predaji \u010di pren\u00e1jme aj Va\u0161ej nehnute\u013enosti. <\/p>\n<p>Budeme sa te\u0161i\u0165, ke\u010f n\u00e1s budete nez\u00e1v\u00e4zne kontaktova\u0165.                            <\/p><\/div>\n","protected":false},"excerpt":{"rendered":"<p>Arvin &amp; Benet pon\u00faka na pren\u00e1jom modern\u00fd\u00a02 izbov\u00fd byt s\u00a0balk\u00f3nom a parkovan\u00edm v\u00a0novostavbe vo vyh\u013ead\u00e1vanej \u010dasti Star\u00e9ho Mesta. B\u00fdvanie v\u00a0tomto byte je ide\u00e1lne pre mlad\u00e9ho \u010dloveka alebo p\u00e1r, ktor\u00fd r\u00e1d vyu\u017e\u00edva v\u00fdhody b\u00fdvania v srdci mesta a z\u00e1rove\u0148 mu z\u00e1le\u017e\u00ed na\u00a0vy\u0161\u0161om \u0161tandarde komfortu svojho b\u00fdvania. V\u00fdnimo\u010dnos\u0165\u00a0tomuto bytu dod\u00e1va \u0161t\u00fdlov\u00fd dizajn, vkusn\u00e9 zariadenie,\u00a0dostatok \u00falo\u017en\u00e9ho priestoru a [&hellip;]<\/p>\n","protected":false},"author":1,"featured_media":41218,"comment_status":"open","ping_status":"open","sticky":false,"template":"","format":"standard","meta":{"footnotes":""},"categories":[4],"tags":[],"class_list":["post-41217","post","type-post","status-publish","format-standard","has-post-thumbnail","hentry","category-prenajom-bytu"],"yoast_head":"<!-- This site is optimized with the Yoast SEO plugin v23.1 - https:\/\/yoast.com\/wordpress\/plugins\/seo\/ -->\n<title>Arvin &amp; Benet | \u0160t\u00fdlov\u00fd 2i byt v\u00a0novostavbe pri Medickej z\u00e1hrade | Podn\u00e1jom - Baportal.sk - Bratislava<\/title>\n<meta name=\"description\" content=\"Arvin &amp; Benet pon\u00faka na pren\u00e1jom modern\u00fd\u00a02 izbov\u00fd byt s\u00a0balk\u00f3nom a parkovan\u00edm v\u00a0novostavbe vo vyh\u013ead\u00e1vanej \u010dasti Star\u00e9ho Mesta. B\u00fdvanie v\u00a0tomto byte\" \/>\n<meta name=\"robots\" content=\"index, follow, max-snippet:-1, max-image-preview:large, max-video-preview:-1\" \/>\n<link rel=\"canonical\" href=\"https:\/\/baportal.sk\/podnajom\/in\/41217\/\" \/>\n<meta property=\"og:locale\" content=\"sk_SK\" \/>\n<meta property=\"og:type\" content=\"article\" \/>\n<meta property=\"og:title\" content=\"Arvin &amp; Benet | \u0160t\u00fdlov\u00fd 2i byt v\u00a0novostavbe pri Medickej z\u00e1hrade | Podn\u00e1jom - Baportal.sk - Bratislava\" \/>\n<meta property=\"og:description\" content=\"Arvin &amp; Benet pon\u00faka na pren\u00e1jom modern\u00fd\u00a02 izbov\u00fd byt s\u00a0balk\u00f3nom a parkovan\u00edm v\u00a0novostavbe vo vyh\u013ead\u00e1vanej \u010dasti Star\u00e9ho Mesta. B\u00fdvanie v\u00a0tomto byte\" \/>\n<meta property=\"og:url\" content=\"https:\/\/baportal.sk\/podnajom\/in\/41217\/\" \/>\n<meta property=\"og:site_name\" content=\"Podn\u00e1jom - Baportal.sk - Bratislava\" \/>\n<meta property=\"article:published_time\" content=\"2022-05-05T01:01:49+00:00\" \/>\n<meta property=\"og:image\" content=\"https:\/\/baportal.sk\/podnajom\/wp-content\/uploads\/2022\/08\/Arvin-amp-Benet-Stylovy-2i-byt-v-novostavbe-pri-Medickej.jpeg\" \/>\n\t<meta property=\"og:image:width\" content=\"600\" \/>\n\t<meta property=\"og:image:height\" content=\"315\" \/>\n\t<meta property=\"og:image:type\" content=\"image\/jpeg\" \/>\n<meta name=\"author\" content=\"marek\" \/>\n<meta name=\"twitter:card\" content=\"summary_large_image\" \/>\n<meta name=\"twitter:label1\" content=\"Autor\" \/>\n\t<meta name=\"twitter:data1\" content=\"marek\" \/>\n\t<meta name=\"twitter:label2\" content=\"Predpokladan\u00fd \u010das \u010d\u00edtania\" \/>\n\t<meta name=\"twitter:data2\" content=\"4 min\u00faty\" \/>\n<script type=\"application\/ld+json\" class=\"yoast-schema-graph\">{\"@context\":\"https:\/\/schema.org\",\"@graph\":[{\"@type\":\"WebPage\",\"@id\":\"https:\/\/baportal.sk\/podnajom\/in\/41217\/\",\"url\":\"https:\/\/baportal.sk\/podnajom\/in\/41217\/\",\"name\":\"Arvin &amp; Benet | \u0160t\u00fdlov\u00fd 2i byt v\u00a0novostavbe pri Medickej z\u00e1hrade | Podn\u00e1jom - Baportal.sk - Bratislava\",\"isPartOf\":{\"@id\":\"https:\/\/baportal.sk\/podnajom\/#website\"},\"primaryImageOfPage\":{\"@id\":\"https:\/\/baportal.sk\/podnajom\/in\/41217\/#primaryimage\"},\"image\":{\"@id\":\"https:\/\/baportal.sk\/podnajom\/in\/41217\/#primaryimage\"},\"thumbnailUrl\":\"https:\/\/baportal.sk\/podnajom\/wp-content\/uploads\/2022\/08\/Arvin-amp-Benet-Stylovy-2i-byt-v-novostavbe-pri-Medickej.jpeg\",\"datePublished\":\"2022-05-05T01:01:49+00:00\",\"dateModified\":\"2022-05-05T01:01:49+00:00\",\"author\":{\"@id\":\"https:\/\/baportal.sk\/podnajom\/#\/schema\/person\/1048c08c599b2e93379d6374549bd168\"},\"description\":\"Arvin &amp; Benet pon\u00faka na pren\u00e1jom modern\u00fd\u00a02 izbov\u00fd byt s\u00a0balk\u00f3nom a parkovan\u00edm v\u00a0novostavbe vo vyh\u013ead\u00e1vanej \u010dasti Star\u00e9ho Mesta. B\u00fdvanie v\u00a0tomto byte\",\"breadcrumb\":{\"@id\":\"https:\/\/baportal.sk\/podnajom\/in\/41217\/#breadcrumb\"},\"inLanguage\":\"sk-SK\",\"potentialAction\":[{\"@type\":\"ReadAction\",\"target\":[\"https:\/\/baportal.sk\/podnajom\/in\/41217\/\"]}]},{\"@type\":\"ImageObject\",\"inLanguage\":\"sk-SK\",\"@id\":\"https:\/\/baportal.sk\/podnajom\/in\/41217\/#primaryimage\",\"url\":\"https:\/\/baportal.sk\/podnajom\/wp-content\/uploads\/2022\/08\/Arvin-amp-Benet-Stylovy-2i-byt-v-novostavbe-pri-Medickej.jpeg\",\"contentUrl\":\"https:\/\/baportal.sk\/podnajom\/wp-content\/uploads\/2022\/08\/Arvin-amp-Benet-Stylovy-2i-byt-v-novostavbe-pri-Medickej.jpeg\",\"width\":600,\"height\":315},{\"@type\":\"BreadcrumbList\",\"@id\":\"https:\/\/baportal.sk\/podnajom\/in\/41217\/#breadcrumb\",\"itemListElement\":[{\"@type\":\"ListItem\",\"position\":1,\"name\":\"Domovsk\u00e1 str\u00e1nka\",\"item\":\"https:\/\/baportal.sk\/podnajom\/\"},{\"@type\":\"ListItem\",\"position\":2,\"name\":\"Arvin &amp; Benet | \u0160t\u00fdlov\u00fd 2i byt v\u00a0novostavbe pri Medickej z\u00e1hrade\"}]},{\"@type\":\"WebSite\",\"@id\":\"https:\/\/baportal.sk\/podnajom\/#website\",\"url\":\"https:\/\/baportal.sk\/podnajom\/\",\"name\":\"Podn\u00e1jom - Baportal.sk - Bratislava\",\"description\":\"\",\"potentialAction\":[{\"@type\":\"SearchAction\",\"target\":{\"@type\":\"EntryPoint\",\"urlTemplate\":\"https:\/\/baportal.sk\/podnajom\/?s={search_term_string}\"},\"query-input\":\"required name=search_term_string\"}],\"inLanguage\":\"sk-SK\"},{\"@type\":\"Person\",\"@id\":\"https:\/\/baportal.sk\/podnajom\/#\/schema\/person\/1048c08c599b2e93379d6374549bd168\",\"name\":\"marek\",\"image\":{\"@type\":\"ImageObject\",\"inLanguage\":\"sk-SK\",\"@id\":\"https:\/\/baportal.sk\/podnajom\/#\/schema\/person\/image\/\",\"url\":\"https:\/\/secure.gravatar.com\/avatar\/cdf0fbd37411d455f1afd87f93b867f6?s=96&d=mm&r=g\",\"contentUrl\":\"https:\/\/secure.gravatar.com\/avatar\/cdf0fbd37411d455f1afd87f93b867f6?s=96&d=mm&r=g\",\"caption\":\"marek\"},\"sameAs\":[\"https:\/\/www.baportal.sk\/podnajom\"]}]}<\/script>\n<!-- \/ Yoast SEO plugin. -->","yoast_head_json":{"title":"Arvin &amp; Benet | \u0160t\u00fdlov\u00fd 2i byt v\u00a0novostavbe pri Medickej z\u00e1hrade | Podn\u00e1jom - Baportal.sk - Bratislava","description":"Arvin &amp; Benet pon\u00faka na pren\u00e1jom modern\u00fd\u00a02 izbov\u00fd byt s\u00a0balk\u00f3nom a parkovan\u00edm v\u00a0novostavbe vo vyh\u013ead\u00e1vanej \u010dasti Star\u00e9ho Mesta. B\u00fdvanie v\u00a0tomto byte","robots":{"index":"index","follow":"follow","max-snippet":"max-snippet:-1","max-image-preview":"max-image-preview:large","max-video-preview":"max-video-preview:-1"},"canonical":"https:\/\/baportal.sk\/podnajom\/in\/41217\/","og_locale":"sk_SK","og_type":"article","og_title":"Arvin &amp; Benet | \u0160t\u00fdlov\u00fd 2i byt v\u00a0novostavbe pri Medickej z\u00e1hrade | Podn\u00e1jom - Baportal.sk - Bratislava","og_description":"Arvin &amp; Benet pon\u00faka na pren\u00e1jom modern\u00fd\u00a02 izbov\u00fd byt s\u00a0balk\u00f3nom a parkovan\u00edm v\u00a0novostavbe vo vyh\u013ead\u00e1vanej \u010dasti Star\u00e9ho Mesta. B\u00fdvanie v\u00a0tomto byte","og_url":"https:\/\/baportal.sk\/podnajom\/in\/41217\/","og_site_name":"Podn\u00e1jom - Baportal.sk - Bratislava","article_published_time":"2022-05-05T01:01:49+00:00","og_image":[{"width":600,"height":315,"url":"https:\/\/baportal.sk\/podnajom\/wp-content\/uploads\/2022\/08\/Arvin-amp-Benet-Stylovy-2i-byt-v-novostavbe-pri-Medickej.jpeg","type":"image\/jpeg"}],"author":"marek","twitter_card":"summary_large_image","twitter_misc":{"Autor":"marek","Predpokladan\u00fd \u010das \u010d\u00edtania":"4 min\u00faty"},"schema":{"@context":"https:\/\/schema.org","@graph":[{"@type":"WebPage","@id":"https:\/\/baportal.sk\/podnajom\/in\/41217\/","url":"https:\/\/baportal.sk\/podnajom\/in\/41217\/","name":"Arvin &amp; Benet | \u0160t\u00fdlov\u00fd 2i byt v\u00a0novostavbe pri Medickej z\u00e1hrade | Podn\u00e1jom - Baportal.sk - Bratislava","isPartOf":{"@id":"https:\/\/baportal.sk\/podnajom\/#website"},"primaryImageOfPage":{"@id":"https:\/\/baportal.sk\/podnajom\/in\/41217\/#primaryimage"},"image":{"@id":"https:\/\/baportal.sk\/podnajom\/in\/41217\/#primaryimage"},"thumbnailUrl":"https:\/\/baportal.sk\/podnajom\/wp-content\/uploads\/2022\/08\/Arvin-amp-Benet-Stylovy-2i-byt-v-novostavbe-pri-Medickej.jpeg","datePublished":"2022-05-05T01:01:49+00:00","dateModified":"2022-05-05T01:01:49+00:00","author":{"@id":"https:\/\/baportal.sk\/podnajom\/#\/schema\/person\/1048c08c599b2e93379d6374549bd168"},"description":"Arvin &amp; Benet pon\u00faka na pren\u00e1jom modern\u00fd\u00a02 izbov\u00fd byt s\u00a0balk\u00f3nom a parkovan\u00edm v\u00a0novostavbe vo vyh\u013ead\u00e1vanej \u010dasti Star\u00e9ho Mesta. B\u00fdvanie v\u00a0tomto byte","breadcrumb":{"@id":"https:\/\/baportal.sk\/podnajom\/in\/41217\/#breadcrumb"},"inLanguage":"sk-SK","potentialAction":[{"@type":"ReadAction","target":["https:\/\/baportal.sk\/podnajom\/in\/41217\/"]}]},{"@type":"ImageObject","inLanguage":"sk-SK","@id":"https:\/\/baportal.sk\/podnajom\/in\/41217\/#primaryimage","url":"https:\/\/baportal.sk\/podnajom\/wp-content\/uploads\/2022\/08\/Arvin-amp-Benet-Stylovy-2i-byt-v-novostavbe-pri-Medickej.jpeg","contentUrl":"https:\/\/baportal.sk\/podnajom\/wp-content\/uploads\/2022\/08\/Arvin-amp-Benet-Stylovy-2i-byt-v-novostavbe-pri-Medickej.jpeg","width":600,"height":315},{"@type":"BreadcrumbList","@id":"https:\/\/baportal.sk\/podnajom\/in\/41217\/#breadcrumb","itemListElement":[{"@type":"ListItem","position":1,"name":"Domovsk\u00e1 str\u00e1nka","item":"https:\/\/baportal.sk\/podnajom\/"},{"@type":"ListItem","position":2,"name":"Arvin &amp; Benet | \u0160t\u00fdlov\u00fd 2i byt v\u00a0novostavbe pri Medickej z\u00e1hrade"}]},{"@type":"WebSite","@id":"https:\/\/baportal.sk\/podnajom\/#website","url":"https:\/\/baportal.sk\/podnajom\/","name":"Podn\u00e1jom - Baportal.sk - Bratislava","description":"","potentialAction":[{"@type":"SearchAction","target":{"@type":"EntryPoint","urlTemplate":"https:\/\/baportal.sk\/podnajom\/?s={search_term_string}"},"query-input":"required name=search_term_string"}],"inLanguage":"sk-SK"},{"@type":"Person","@id":"https:\/\/baportal.sk\/podnajom\/#\/schema\/person\/1048c08c599b2e93379d6374549bd168","name":"marek","image":{"@type":"ImageObject","inLanguage":"sk-SK","@id":"https:\/\/baportal.sk\/podnajom\/#\/schema\/person\/image\/","url":"https:\/\/secure.gravatar.com\/avatar\/cdf0fbd37411d455f1afd87f93b867f6?s=96&d=mm&r=g","contentUrl":"https:\/\/secure.gravatar.com\/avatar\/cdf0fbd37411d455f1afd87f93b867f6?s=96&d=mm&r=g","caption":"marek"},"sameAs":["https:\/\/www.baportal.sk\/podnajom"]}]}},"_links":{"self":[{"href":"https:\/\/baportal.sk\/podnajom\/wp-json\/wp\/v2\/posts\/41217"}],"collection":[{"href":"https:\/\/baportal.sk\/podnajom\/wp-json\/wp\/v2\/posts"}],"about":[{"href":"https:\/\/baportal.sk\/podnajom\/wp-json\/wp\/v2\/types\/post"}],"author":[{"embeddable":true,"href":"https:\/\/baportal.sk\/podnajom\/wp-json\/wp\/v2\/users\/1"}],"replies":[{"embeddable":true,"href":"https:\/\/baportal.sk\/podnajom\/wp-json\/wp\/v2\/comments?post=41217"}],"version-history":[{"count":0,"href":"https:\/\/baportal.sk\/podnajom\/wp-json\/wp\/v2\/posts\/41217\/revisions"}],"wp:featuredmedia":[{"embeddable":true,"href":"https:\/\/baportal.sk\/podnajom\/wp-json\/wp\/v2\/media\/41218"}],"wp:attachment":[{"href":"https:\/\/baportal.sk\/podnajom\/wp-json\/wp\/v2\/media?parent=41217"}],"wp:term":[{"taxonomy":"category","embeddable":true,"href":"https:\/\/baportal.sk\/podnajom\/wp-json\/wp\/v2\/categories?post=41217"},{"taxonomy":"post_tag","embeddable":true,"href":"https:\/\/baportal.sk\/podnajom\/wp-json\/wp\/v2\/tags?post=41217"}],"curies":[{"name":"wp","href":"https:\/\/api.w.org\/{rel}","templated":true}]}}