{"id":41591,"date":"2022-05-05T03:01:49","date_gmt":"2022-05-05T01:01:49","guid":{"rendered":"https:\/\/baportal.sk\/podnajom\/in\/41591\/"},"modified":"2022-05-05T03:01:49","modified_gmt":"2022-05-05T01:01:49","slug":"3-izb-byt-kramare-garazove-miesto","status":"publish","type":"post","link":"https:\/\/baportal.sk\/podnajom\/in\/41591\/","title":{"rendered":"3 izb. byt KRAM\u00c1RE   +   Gar\u00e1\u017eov\u00e9 miesto"},"content":{"rendered":"<div class=\"text-inner\">\n                                D\u00f4le\u017eit\u00e9:<br \/>\nByt je k dispoz\u00edcii od 1.11.2022.<br \/>\nByt NIE JE orientovan\u00fd na ru\u0161n\u00fa stranu.<\/p>\n<p>\nAk m\u00e1te radi pr\u00edrodu a pokoj, no z\u00e1rove\u0148 chcete ma\u0165 v\u0161etky slu\u017eby po ruke a do centra mesta by ste sa radi pre\u0161li aj pe\u0161o, tak pre V\u00e1s m\u00e1me kompletne zariaden\u00fd, kr\u00e1sne presvetlen\u00fd a nad\u0161tandardne priestrann\u00fd 3 izbov\u00fd byt, ktor\u00fd V\u00e1m svoj\u00edm umiestnen\u00edm v tichom parku, pe\u0161ou dostupnos\u0165ou do mesta, do Horsk\u00e9ho parku, na \u017delezn\u00fa studni\u010dku a Kolibu s vrchom Kamz\u00edk, u\u010daruje \ud83d\ude42<\/p>\n<p>\nPon\u00fakan\u00fd a vkusne zariaden\u00fd byt sa nach\u00e1dza v srdci vyh\u013ead\u00e1vanej lokality Kram\u00e1re v modernom Polyfunk\u010dnom objekte Olive Kram\u00e1re na hlavnej ulici medzi MZ SR a M\u0160 SR a len 100 m od Detskej Fakultnej Nemocnice s  Poliklinikou.<br \/>\nByt nie je ani jedn\u00fdm oknom orientovan\u00fd na ru\u0161n\u00fa a hor\u00facu hlavn\u00fa cestu.<br \/>\nPr\u00e1ve naopak, zo v\u0161etk\u00fdch okien aj balk\u00f3na je jedine\u010dn\u00fd v\u00fdh\u013ead bu\u010f do udr\u017eiavan\u00e9ho s\u00fakromn\u00e9ho parku alebo na levandu\u013eov\u00e9 z\u00e1hony a koniec slepej a tichej ulice s rodinn\u00fdmi domami.<br \/>\nInteri\u00e9r je vyhotoven\u00fd z kvalitn\u00fdch a preva\u017ene pr\u00edrodn\u00fdch materi\u00e1lov. Podlaha a dvere s\u00fa dubov\u00e9 olejovan\u00e9, na mieru vyroben\u00fd n\u00e1bytok v jednej zo sp\u00e1ln\u00ed od slovenskej firmy je tie\u017e dubov\u00fd, dubov\u00fd n\u00e1bytok je aj v druhej zo sp\u00e1ln\u00ed, v E\u00da ru\u010dne vyroben\u00e1 modern\u00e1 ko\u017een\u00e1 sedacia s\u00faprava, na mieru zhotoven\u00e1 nad\u0161tandardne priestrann\u00e1 kuchynsk\u00e1 linka, dubovo-orechov\u00fd jed\u00e1lensk\u00fd stol a stoli\u010dky, orechov\u00fd n\u00e1bytok v priedsieni, zvy\u0161n\u00fd n\u00e1bytok pr\u00edrodn\u00e1 d\u00fdha...).<\/p>\n<p>\nHlavn\u00fa \u010das\u0165 bytu tvoria 2 priestrann\u00e9 sp\u00e1lne, priestrann\u00e1 ob\u00fdvacia izba s k\u00fatom na sedenie, priestorom na stolovanie a kuchynsk\u00fdm k\u00fatom. Izby s\u00fa pln\u00e9 prirodzen\u00e9ho svetla v\u010faka ve\u013ek\u00e9mu mno\u017estvu okien.<br \/>\nV\u00fdmera bytu spolu 106,90 m2, z toho balk\u00f3n s v\u00fdh\u013eadom do parku a do \"slepej\" ulice 7,00 m2.<\/p>\n<p>\nByt je rozdelen\u00fd na denn\u00fa a no\u010dn\u00fa \u010das\u0165.<\/p>\n<p>Zo vstupnej predsiene sa vch\u00e1dza do dennej \u010dasti - ob\u00fdvacej izby spojenej s kuchy\u0148ou s rozlohou cca 45 m2. Cel\u00fd priestor je \u0161t\u00fdlovo zariaden\u00fd a presvetlen\u00fd z\u00e1sluhou 8 okien.<br \/>\nZ ob\u00fdva\u010dky je vchod na priestrann\u00fd balk\u00f3n 7 m2.<\/p>\n<p>\nNo\u010dn\u00fa \u010das\u0165, do ktorej sa vch\u00e1dza z ob\u00fdva\u010dky, tvor\u00ed chodba, kde sa nach\u00e1dza samostatn\u00e9 priestrann\u00e9 WC s um\u00fdvadlom a samostatn\u00e1 k\u00fape\u013e\u0148a s va\u0148ou a dvoma um\u00fdvadlami.<br \/>\nV chodbe je z\u00e1rove\u0148 vstup do 2 sp\u00e1ln\u00ed.<\/p>\n<p>Z obidvoch sp\u00e1lni je v\u00fdh\u013ead na tich\u00fa slep\u00fa ulicu s rodinn\u00fdmi domami a trval\u00e9 z\u00e1hony s levandu\u013eou.<br \/>\nMilovn\u00edci letn\u00fdch v\u00f4ni, cvrlikania cvr\u010dkov a romantick\u00e9 du\u0161e si pr\u00eddu na svoje.<br \/>\nAni v jednej zo sp\u00e1ln\u00ed ne\u010dakajte klasick\u00e9 hlu\u010dn\u00e9 roll door skrine.<\/p>\n<p>V hlavnej sp\u00e1lni s rozlohou 15 m2 sa nach\u00e1dza modern\u00fd dubov\u00fd n\u00e1bytok, man\u017eelsk\u00e1 poste\u013e 180x200cm s mikro-pru\u017einov\u00fdmi matracmi Segum a \u00falo\u017en\u00fdm priestorom, 2 no\u010dn\u00e9 stol\u00edky, ve\u013ek\u00e1 komoda, toaletn\u00fd stol\u00edk a okn\u00e1 na cel\u00fa \u0161\u00edrku steny.<br \/>\nIzba \u201cd\u00fdcha\u201d a pon\u00faka dostato\u010dn\u00fd priestor pre \u010fal\u0161\u00ed n\u00e1bytok, napr\u00edklad detsk\u00fa postie\u013eku, preba\u013eovaciu komodu, kreslo, pracovn\u00fd k\u00fat alebo skri\u0148u.<br \/>\nV druhej sp\u00e1lni s rozlohou 17 m2 s\u00fa na mieru vyroben\u00e9 priestrann\u00e9 \u0161atn\u00edkov\u00e9 skrine (5,5 x 2,6 m), ve\u013ek\u00fd botn\u00edk (1,5x2,6m), kni\u017enica (1,8x2,6 m), dubov\u00e1 rozkladacia poste\u013e 200x(2x90) cm s kvalitn\u00fdm matracom a \u00falo\u017en\u00fdm priestorom, dubov\u00fd kancel\u00e1rsky st\u00f4l so z\u00e1suvkami a prirodzen\u00e9 svetlo zabezpe\u010duj\u00fa 3 samostatn\u00e9 okn\u00e1.<\/p>\n<p>\nPriamo v objekte:<br \/>\n\u2022 Tesco Expres na pr\u00edzem\u00ed (PO \u2013 NE 6:00 - 22:00),<br \/>\n\u2022 Dr. Max lek\u00e1re\u0148 na pr\u00edzem\u00ed,<br \/>\n\u2022 \u010cSOB banka + bankomat na pr\u00edzem\u00ed,<br \/>\n\u2022 Cvi\u010disko na 1. nadz. podla\u017e\u00ed,<br \/>\n\u2022 Kancel\u00e1rske priestory na 1. nadz. podla\u017e\u00ed,<br \/>\n\u2022 kancel\u00e1ria spr\u00e1vcu,<br \/>\n\u2022 kompletn\u00e9 slu\u017eby na optike od Telekom-u,<br \/>\n\u2022 pln\u00fd sign\u00e1l 4G (02, 4ka, Telecom, Orange),<br \/>\n\u2022 popla\u0161no evakua\u010dn\u00fd, protipo\u017eiarn\u00fd a odvetr\u00e1vac\u00ed syst\u00e9m so z\u00e1lo\u017en\u00fdm zdrojom el. en.,<br \/>\n\u2022 bezpe\u010dnostn\u00fd kamerov\u00fd syst\u00e9m (v\u0161etky vstupy do bytov\u00e9ho domu, pivnice, gar\u00e1\u017eov\u00e9 st\u00e1tie...),  <\/p>\n<p>\nPopis lokality: <br \/>\nP\u00e1r desiatok metrov od bytov\u00e9ho domu zastavuj\u00fa linky MHD \u010d. 32, 145, 204, 209, 211, 212 a  N29, pomocou ktor\u00fdch sa bu\u010f priamo alebo maxim\u00e1lne s jedn\u00fdm prestupom dostanete takmer do v\u0161etk\u00fdch \u010dast\u00ed hlavn\u00e9ho mesta, na obe Bratislavsk\u00e9 stanice aj Letisko M.R. \u0160tef\u00e1nika.<br \/>\nNa ru\u0161nej strane bytov\u00e9ho domu (v\u00fd\u0165ah podla\u017eie 0) s\u00fa v min\u00fatovej pe\u0161ej dostupnosti viacer\u00e9 re\u0161taur\u00e1cie, dve aj so z\u00e1hradn\u00fdm seden\u00edm, Piv\u00e1re\u0148 - Tankov\u0148a, Kaviare\u0148, Cukr\u00e1re\u0148, nieko\u013eko jed\u00e1ln\u00ed s denn\u00fdm menu a ra\u0148ajkami, pr\u00edjemn\u00e1 Art Vinot\u00e9ka s pravideln\u00fdmi komorn\u00fdmi koncertmi SK i zahrani\u010dn\u00fdch umelcov, Kadern\u00edctvo a holi\u010dstvo, 80 m od bytov\u00e9ho domu je novopostaven\u00fd nieko\u013ekoposchodov\u00fd RAJ centrum zdravia (\u00c1jurv\u00e9da, Joga, Vege a Lakto Re\u0161taur\u00e1cia, Spa, denn\u00fd bar, \u010dajov\u0148a s detskym k\u00fatikom, ubytovanie, 2 detsk\u00e9 montesori herne, detsk\u00fd denn\u00fd stacion\u00e1r...), zdravotn\u00edcke stredisk\u00e1: Detsk\u00e1 Fakultn\u00e1 Nemocnica s poliklinikou 100 m, Detsk\u00e1 pohotovos\u0165 100 m, Nemocnica s Poliklinikou Kram\u00e1re 150 m, Urgentn\u00fd pr\u00edjem 200 m, Ministerstvo Zdravotn\u00edctva 100 m, Ministrestvo \u0160kolstva 200 m, potraviny Terno 200 m, potraviny Star\u00fd Otec 250 m, 101 drogeria 200 m, Slovensk\u00e1 Po\u0161ta 200 m, 5 lek\u00e1rn\u00ed v okruhu 200 m, HOTEL BRIX**** s re\u0161taur\u00e1ciou 100 m, \u0161t\u00e1tne a s\u00fakromn\u00e9 matersk\u00e9 \u0161koly, z\u00e1kladn\u00e1 \u0161kola, 3 dobre vybaven\u00e9 detsk\u00e9 ihrisk\u00e1 100 \u2013 200 m s mo\u017enos\u0165ou ukry\u0165 sa do tie\u0148a po\u010das cel\u00e9ho d\u0148a, z toho jedno ihrisko bezkonkuren\u010dne najlep\u0161ie \u0161iroko-\u010faleko at\u010f...<br \/>\nS\u00fa\u010das\u0165ou tichej strany bytov\u00e9ho domu je zase park a pri \u0148om fara a r\u00edmskokatol\u00edcky kostol.<\/p>\n<p>\nV\u00fdhody b\u00fdvania:<br \/>\n\u2022 vyh\u013ead\u00e1van\u00e1 lokalita \u2013 bl\u00edzko pr\u00edroda aj mesto:<br \/>\nHistorick\u00e9 centrum 5 min\u00fat autom, 20 min\u00fat pe\u0161o.<br \/>\nHlavn\u00e1 \u017delezni\u010dn\u00e1 stanica 4 min\u00faty autom, 15-20 min\u00fat pe\u0161o.<br \/>\nHorsk\u00fd park a Hor\u00e1re\u0148 4 min\u00faty autom, 15-20 min\u00fat pe\u0161o.<br \/>\nAre\u00e1l \u017delezn\u00e1 studni\u010dka 3 min\u00faty autom, 15-20 min\u00fat pe\u0161o.<br \/>\nAre\u00e1l Patr\u00f3nka 1 min\u00fata autom, 10 min\u00fat pe\u0161o. Les 250 m. (Lesopark - Mal\u00e9 Karpaty) a n\u00e1sledne lesom pe\u0161o 15 min\u00fat k Telev\u00edznej ve\u017ei a k are\u00e1lu pod vrchom Kamz\u00edk (Koliba), kde sa nach\u00e1dzaj\u00fa detsk\u00e9 ihrisk\u00e1, lanov\u00e9 lezeck\u00e9 centrum, lanovka, bobov\u00e1 dr\u00e1ha, Bikepark Koliba, nieko\u013eko bufetov, mno\u017estvo kr\u00e1snych turistick\u00fdch a cyklistick\u00fdch tr\u00e1s naprie\u010d Karpatami...<br \/>\n\u2022 tich\u00e1 lokalita - nem\u00e1te pod oknami hlu\u010dn\u00fa a rozp\u00e1len\u00fa ulicu, no viete na nej vyst\u00fapi\u0165, ak vo vy\u0165ahu stla\u010d\u00edte \u010d\u00edslo 0,<br \/>\n\u2022 gar\u00e1\u017eov\u00e9 parkovacie miesto priamo pred v\u00fd\u0165ahom,<br \/>\n\u2022 byt je tie\u017e hne\u010f oproti v\u00fd\u0165ahu \u2013 \u00fa\u017easn\u00e1 pomoc v pr\u00edpade \u0165a\u017ek\u00fdch n\u00e1kupov, kufrov a pri s\u0165ahovan\u00ed,<br \/>\n\u2022 pivnica s reg\u00e1lmi,<br \/>\n\u2022 v cene optick\u00e9 internetov\u00e9 pripojenie Telecom (z\u00e1rove\u0148 pln\u00fd sign\u00e1l siet\u00ed 4G)<br \/>\n\u2022 orient\u00e1cia a v\u00fdh\u013ead do parku pln\u00e9ho zelene \u2013 sed\u00edte, pozer\u00e1te z okien a vid\u00edte upraven\u00e9 stromy, zele\u0148 a levandu\u013eov\u00e9 z\u00e1hony, <br \/>\n\u2022 protihlukov\u00e9 a bezpe\u010dnostn\u00e9 okn\u00e1 - pokoj a ticho kedyko\u013evek po\u010das d\u0148a,<br \/>\n\u2022 vo v\u0161etk\u00fdch izb\u00e1ch zatem\u0148ovacie z\u00e1vesy,<br \/>\n\u2022 bezp. vstupn\u00e9 dvere Adlo v triede 3+,<br \/>\n\u2022 kompletne zariaden\u00e9,<br \/>\n\u2022 novo vyma\u013eovan\u00e9.<\/p>\n<p>\nMesa\u010dne sa plat\u00ed:<br \/>\n1250 \u20ac n\u00e1jomn\u00e9 bez energi\u00ed,<br \/>\n  240 \u20ac cena energi\u00ed - nastaven\u00e9 pre 2 dospel\u00e9 osoby a 2 deti (preplatok V\u00e1m bude vr\u00e1ten\u00fd, nedoplatok zase do\u00fa\u010dtovan\u00fd - doteraz boli st\u00e1le preplatky)<\/p>\n<p>\nVratn\u00fd depozit:<br \/>\n1250 \u20ac splatn\u00fd pri podpise n\u00e1jomnej zmluvy.<\/p>\n<p>\nNeplat\u00edte prov\u00edziu.<\/p>\n<p>\nPri podpise n\u00e1jomnej zmluvy sa plat\u00ed:<br \/>\n1 x mesa\u010dn\u00e9 n\u00e1jomn\u00e9 + energie,<br \/>\n1 x vratn\u00fd depozit.<\/p>\n<p>\nD\u013a\u017eka n\u00e1jmu:<br \/>\nN\u00e1jom sa uzatv\u00e1ra na dobu ur\u010dit\u00fa 12 mesiacov s mo\u017enos\u0165ou jej predl\u017eovania st\u00e1le na 12 mesiacov v pr\u00edpade obojstrannej spokojnosti.<br \/>\nNie s\u00fa stanoven\u00e9 \u017eIadne extra podmienky a zmluva sa bude riadi\u0165 z\u00e1konom.<\/p>\n<p>\n\u010eal\u0161ie info:<br \/>\nFaj\u010denie dovolen\u00e9 iba na balk\u00f3ne.<\/p>\n<p>\nByt je k dispoz\u00edcii od 1.11.2022.                            <\/div>\n","protected":false},"excerpt":{"rendered":"<p>D\u00f4le\u017eit\u00e9: Byt je k dispoz\u00edcii od 1.11.2022. Byt NIE JE orientovan\u00fd na ru\u0161n\u00fa stranu. Ak m\u00e1te radi pr\u00edrodu a pokoj, no z\u00e1rove\u0148 chcete ma\u0165 v\u0161etky slu\u017eby po ruke a do centra mesta by ste sa radi pre\u0161li aj pe\u0161o, tak pre V\u00e1s m\u00e1me kompletne zariaden\u00fd, kr\u00e1sne presvetlen\u00fd a nad\u0161tandardne priestrann\u00fd 3 izbov\u00fd byt, ktor\u00fd V\u00e1m [&hellip;]<\/p>\n","protected":false},"author":1,"featured_media":41592,"comment_status":"open","ping_status":"open","sticky":false,"template":"","format":"standard","meta":{"footnotes":""},"categories":[4],"tags":[],"class_list":["post-41591","post","type-post","status-publish","format-standard","has-post-thumbnail","hentry","category-prenajom-bytu"],"yoast_head":"<!-- This site is optimized with the Yoast SEO plugin v23.1 - https:\/\/yoast.com\/wordpress\/plugins\/seo\/ -->\n<title>3 izb. byt KRAM\u00c1RE  +  Gar\u00e1\u017eov\u00e9 miesto | Podn\u00e1jom - Baportal.sk - Bratislava<\/title>\n<meta name=\"description\" content=\"D\u00f4le\u017eit\u00e9: Byt je k dispoz\u00edcii od 1.11.2022. Byt NIE JE orientovan\u00fd na ru\u0161n\u00fa stranu. Ak m\u00e1te radi pr\u00edrodu a pokoj, no z\u00e1rove\u0148 chcete ma\u0165 v\u0161etky slu\u017eby po\" \/>\n<meta name=\"robots\" content=\"index, follow, max-snippet:-1, max-image-preview:large, max-video-preview:-1\" \/>\n<link rel=\"canonical\" href=\"https:\/\/baportal.sk\/podnajom\/in\/41591\/\" \/>\n<meta property=\"og:locale\" content=\"sk_SK\" \/>\n<meta property=\"og:type\" content=\"article\" \/>\n<meta property=\"og:title\" content=\"3 izb. byt KRAM\u00c1RE  +  Gar\u00e1\u017eov\u00e9 miesto | Podn\u00e1jom - Baportal.sk - Bratislava\" \/>\n<meta property=\"og:description\" content=\"D\u00f4le\u017eit\u00e9: Byt je k dispoz\u00edcii od 1.11.2022. Byt NIE JE orientovan\u00fd na ru\u0161n\u00fa stranu. Ak m\u00e1te radi pr\u00edrodu a pokoj, no z\u00e1rove\u0148 chcete ma\u0165 v\u0161etky slu\u017eby po\" \/>\n<meta property=\"og:url\" content=\"https:\/\/baportal.sk\/podnajom\/in\/41591\/\" \/>\n<meta property=\"og:site_name\" content=\"Podn\u00e1jom - Baportal.sk - Bratislava\" \/>\n<meta property=\"article:published_time\" content=\"2022-05-05T01:01:49+00:00\" \/>\n<meta property=\"og:image\" content=\"https:\/\/baportal.sk\/podnajom\/wp-content\/uploads\/2022\/08\/3-izb-byt-KRAMARE-Garazove-miesto.jpeg\" \/>\n\t<meta property=\"og:image:width\" content=\"600\" \/>\n\t<meta property=\"og:image:height\" content=\"315\" \/>\n\t<meta property=\"og:image:type\" content=\"image\/jpeg\" \/>\n<meta name=\"author\" content=\"marek\" \/>\n<meta name=\"twitter:card\" content=\"summary_large_image\" \/>\n<meta name=\"twitter:label1\" content=\"Autor\" \/>\n\t<meta name=\"twitter:data1\" content=\"marek\" \/>\n\t<meta name=\"twitter:label2\" content=\"Predpokladan\u00fd \u010das \u010d\u00edtania\" \/>\n\t<meta name=\"twitter:data2\" content=\"7 min\u00fat\" \/>\n<script type=\"application\/ld+json\" class=\"yoast-schema-graph\">{\"@context\":\"https:\/\/schema.org\",\"@graph\":[{\"@type\":\"WebPage\",\"@id\":\"https:\/\/baportal.sk\/podnajom\/in\/41591\/\",\"url\":\"https:\/\/baportal.sk\/podnajom\/in\/41591\/\",\"name\":\"3 izb. byt KRAM\u00c1RE + Gar\u00e1\u017eov\u00e9 miesto | Podn\u00e1jom - Baportal.sk - Bratislava\",\"isPartOf\":{\"@id\":\"https:\/\/baportal.sk\/podnajom\/#website\"},\"primaryImageOfPage\":{\"@id\":\"https:\/\/baportal.sk\/podnajom\/in\/41591\/#primaryimage\"},\"image\":{\"@id\":\"https:\/\/baportal.sk\/podnajom\/in\/41591\/#primaryimage\"},\"thumbnailUrl\":\"https:\/\/baportal.sk\/podnajom\/wp-content\/uploads\/2022\/08\/3-izb-byt-KRAMARE-Garazove-miesto.jpeg\",\"datePublished\":\"2022-05-05T01:01:49+00:00\",\"dateModified\":\"2022-05-05T01:01:49+00:00\",\"author\":{\"@id\":\"https:\/\/baportal.sk\/podnajom\/#\/schema\/person\/1048c08c599b2e93379d6374549bd168\"},\"description\":\"D\u00f4le\u017eit\u00e9: Byt je k dispoz\u00edcii od 1.11.2022. Byt NIE JE orientovan\u00fd na ru\u0161n\u00fa stranu. Ak m\u00e1te radi pr\u00edrodu a pokoj, no z\u00e1rove\u0148 chcete ma\u0165 v\u0161etky slu\u017eby po\",\"breadcrumb\":{\"@id\":\"https:\/\/baportal.sk\/podnajom\/in\/41591\/#breadcrumb\"},\"inLanguage\":\"sk-SK\",\"potentialAction\":[{\"@type\":\"ReadAction\",\"target\":[\"https:\/\/baportal.sk\/podnajom\/in\/41591\/\"]}]},{\"@type\":\"ImageObject\",\"inLanguage\":\"sk-SK\",\"@id\":\"https:\/\/baportal.sk\/podnajom\/in\/41591\/#primaryimage\",\"url\":\"https:\/\/baportal.sk\/podnajom\/wp-content\/uploads\/2022\/08\/3-izb-byt-KRAMARE-Garazove-miesto.jpeg\",\"contentUrl\":\"https:\/\/baportal.sk\/podnajom\/wp-content\/uploads\/2022\/08\/3-izb-byt-KRAMARE-Garazove-miesto.jpeg\",\"width\":600,\"height\":315},{\"@type\":\"BreadcrumbList\",\"@id\":\"https:\/\/baportal.sk\/podnajom\/in\/41591\/#breadcrumb\",\"itemListElement\":[{\"@type\":\"ListItem\",\"position\":1,\"name\":\"Domovsk\u00e1 str\u00e1nka\",\"item\":\"https:\/\/baportal.sk\/podnajom\/\"},{\"@type\":\"ListItem\",\"position\":2,\"name\":\"3 izb. byt KRAM\u00c1RE + Gar\u00e1\u017eov\u00e9 miesto\"}]},{\"@type\":\"WebSite\",\"@id\":\"https:\/\/baportal.sk\/podnajom\/#website\",\"url\":\"https:\/\/baportal.sk\/podnajom\/\",\"name\":\"Podn\u00e1jom - Baportal.sk - Bratislava\",\"description\":\"\",\"potentialAction\":[{\"@type\":\"SearchAction\",\"target\":{\"@type\":\"EntryPoint\",\"urlTemplate\":\"https:\/\/baportal.sk\/podnajom\/?s={search_term_string}\"},\"query-input\":\"required name=search_term_string\"}],\"inLanguage\":\"sk-SK\"},{\"@type\":\"Person\",\"@id\":\"https:\/\/baportal.sk\/podnajom\/#\/schema\/person\/1048c08c599b2e93379d6374549bd168\",\"name\":\"marek\",\"image\":{\"@type\":\"ImageObject\",\"inLanguage\":\"sk-SK\",\"@id\":\"https:\/\/baportal.sk\/podnajom\/#\/schema\/person\/image\/\",\"url\":\"https:\/\/secure.gravatar.com\/avatar\/cdf0fbd37411d455f1afd87f93b867f6?s=96&d=mm&r=g\",\"contentUrl\":\"https:\/\/secure.gravatar.com\/avatar\/cdf0fbd37411d455f1afd87f93b867f6?s=96&d=mm&r=g\",\"caption\":\"marek\"},\"sameAs\":[\"https:\/\/www.baportal.sk\/podnajom\"]}]}<\/script>\n<!-- \/ Yoast SEO plugin. -->","yoast_head_json":{"title":"3 izb. byt KRAM\u00c1RE  +  Gar\u00e1\u017eov\u00e9 miesto | Podn\u00e1jom - Baportal.sk - Bratislava","description":"D\u00f4le\u017eit\u00e9: Byt je k dispoz\u00edcii od 1.11.2022. Byt NIE JE orientovan\u00fd na ru\u0161n\u00fa stranu. Ak m\u00e1te radi pr\u00edrodu a pokoj, no z\u00e1rove\u0148 chcete ma\u0165 v\u0161etky slu\u017eby po","robots":{"index":"index","follow":"follow","max-snippet":"max-snippet:-1","max-image-preview":"max-image-preview:large","max-video-preview":"max-video-preview:-1"},"canonical":"https:\/\/baportal.sk\/podnajom\/in\/41591\/","og_locale":"sk_SK","og_type":"article","og_title":"3 izb. byt KRAM\u00c1RE  +  Gar\u00e1\u017eov\u00e9 miesto | Podn\u00e1jom - Baportal.sk - Bratislava","og_description":"D\u00f4le\u017eit\u00e9: Byt je k dispoz\u00edcii od 1.11.2022. Byt NIE JE orientovan\u00fd na ru\u0161n\u00fa stranu. Ak m\u00e1te radi pr\u00edrodu a pokoj, no z\u00e1rove\u0148 chcete ma\u0165 v\u0161etky slu\u017eby po","og_url":"https:\/\/baportal.sk\/podnajom\/in\/41591\/","og_site_name":"Podn\u00e1jom - Baportal.sk - Bratislava","article_published_time":"2022-05-05T01:01:49+00:00","og_image":[{"width":600,"height":315,"url":"https:\/\/baportal.sk\/podnajom\/wp-content\/uploads\/2022\/08\/3-izb-byt-KRAMARE-Garazove-miesto.jpeg","type":"image\/jpeg"}],"author":"marek","twitter_card":"summary_large_image","twitter_misc":{"Autor":"marek","Predpokladan\u00fd \u010das \u010d\u00edtania":"7 min\u00fat"},"schema":{"@context":"https:\/\/schema.org","@graph":[{"@type":"WebPage","@id":"https:\/\/baportal.sk\/podnajom\/in\/41591\/","url":"https:\/\/baportal.sk\/podnajom\/in\/41591\/","name":"3 izb. byt KRAM\u00c1RE + Gar\u00e1\u017eov\u00e9 miesto | Podn\u00e1jom - Baportal.sk - Bratislava","isPartOf":{"@id":"https:\/\/baportal.sk\/podnajom\/#website"},"primaryImageOfPage":{"@id":"https:\/\/baportal.sk\/podnajom\/in\/41591\/#primaryimage"},"image":{"@id":"https:\/\/baportal.sk\/podnajom\/in\/41591\/#primaryimage"},"thumbnailUrl":"https:\/\/baportal.sk\/podnajom\/wp-content\/uploads\/2022\/08\/3-izb-byt-KRAMARE-Garazove-miesto.jpeg","datePublished":"2022-05-05T01:01:49+00:00","dateModified":"2022-05-05T01:01:49+00:00","author":{"@id":"https:\/\/baportal.sk\/podnajom\/#\/schema\/person\/1048c08c599b2e93379d6374549bd168"},"description":"D\u00f4le\u017eit\u00e9: Byt je k dispoz\u00edcii od 1.11.2022. Byt NIE JE orientovan\u00fd na ru\u0161n\u00fa stranu. Ak m\u00e1te radi pr\u00edrodu a pokoj, no z\u00e1rove\u0148 chcete ma\u0165 v\u0161etky slu\u017eby po","breadcrumb":{"@id":"https:\/\/baportal.sk\/podnajom\/in\/41591\/#breadcrumb"},"inLanguage":"sk-SK","potentialAction":[{"@type":"ReadAction","target":["https:\/\/baportal.sk\/podnajom\/in\/41591\/"]}]},{"@type":"ImageObject","inLanguage":"sk-SK","@id":"https:\/\/baportal.sk\/podnajom\/in\/41591\/#primaryimage","url":"https:\/\/baportal.sk\/podnajom\/wp-content\/uploads\/2022\/08\/3-izb-byt-KRAMARE-Garazove-miesto.jpeg","contentUrl":"https:\/\/baportal.sk\/podnajom\/wp-content\/uploads\/2022\/08\/3-izb-byt-KRAMARE-Garazove-miesto.jpeg","width":600,"height":315},{"@type":"BreadcrumbList","@id":"https:\/\/baportal.sk\/podnajom\/in\/41591\/#breadcrumb","itemListElement":[{"@type":"ListItem","position":1,"name":"Domovsk\u00e1 str\u00e1nka","item":"https:\/\/baportal.sk\/podnajom\/"},{"@type":"ListItem","position":2,"name":"3 izb. byt KRAM\u00c1RE + Gar\u00e1\u017eov\u00e9 miesto"}]},{"@type":"WebSite","@id":"https:\/\/baportal.sk\/podnajom\/#website","url":"https:\/\/baportal.sk\/podnajom\/","name":"Podn\u00e1jom - Baportal.sk - Bratislava","description":"","potentialAction":[{"@type":"SearchAction","target":{"@type":"EntryPoint","urlTemplate":"https:\/\/baportal.sk\/podnajom\/?s={search_term_string}"},"query-input":"required name=search_term_string"}],"inLanguage":"sk-SK"},{"@type":"Person","@id":"https:\/\/baportal.sk\/podnajom\/#\/schema\/person\/1048c08c599b2e93379d6374549bd168","name":"marek","image":{"@type":"ImageObject","inLanguage":"sk-SK","@id":"https:\/\/baportal.sk\/podnajom\/#\/schema\/person\/image\/","url":"https:\/\/secure.gravatar.com\/avatar\/cdf0fbd37411d455f1afd87f93b867f6?s=96&d=mm&r=g","contentUrl":"https:\/\/secure.gravatar.com\/avatar\/cdf0fbd37411d455f1afd87f93b867f6?s=96&d=mm&r=g","caption":"marek"},"sameAs":["https:\/\/www.baportal.sk\/podnajom"]}]}},"_links":{"self":[{"href":"https:\/\/baportal.sk\/podnajom\/wp-json\/wp\/v2\/posts\/41591"}],"collection":[{"href":"https:\/\/baportal.sk\/podnajom\/wp-json\/wp\/v2\/posts"}],"about":[{"href":"https:\/\/baportal.sk\/podnajom\/wp-json\/wp\/v2\/types\/post"}],"author":[{"embeddable":true,"href":"https:\/\/baportal.sk\/podnajom\/wp-json\/wp\/v2\/users\/1"}],"replies":[{"embeddable":true,"href":"https:\/\/baportal.sk\/podnajom\/wp-json\/wp\/v2\/comments?post=41591"}],"version-history":[{"count":0,"href":"https:\/\/baportal.sk\/podnajom\/wp-json\/wp\/v2\/posts\/41591\/revisions"}],"wp:featuredmedia":[{"embeddable":true,"href":"https:\/\/baportal.sk\/podnajom\/wp-json\/wp\/v2\/media\/41592"}],"wp:attachment":[{"href":"https:\/\/baportal.sk\/podnajom\/wp-json\/wp\/v2\/media?parent=41591"}],"wp:term":[{"taxonomy":"category","embeddable":true,"href":"https:\/\/baportal.sk\/podnajom\/wp-json\/wp\/v2\/categories?post=41591"},{"taxonomy":"post_tag","embeddable":true,"href":"https:\/\/baportal.sk\/podnajom\/wp-json\/wp\/v2\/tags?post=41591"}],"curies":[{"name":"wp","href":"https:\/\/api.w.org\/{rel}","templated":true}]}}