{"id":42044,"date":"2022-05-05T03:01:49","date_gmt":"2022-05-05T01:01:49","guid":{"rendered":"https:\/\/baportal.sk\/podnajom\/in\/42044\/"},"modified":"2022-05-05T03:01:49","modified_gmt":"2022-05-05T01:01:49","slug":"arvin-benet-vynimocny-a-priestranny-25i-byt-pri-jakubovom-namesti-2","status":"publish","type":"post","link":"https:\/\/baportal.sk\/podnajom\/in\/42044\/","title":{"rendered":"Arvin &amp; Benet | V\u00fdnimo\u010dn\u00fd a priestrann\u00fd 2,5i byt pri Jakubovom n\u00e1mest\u00ed"},"content":{"rendered":"<div class=\"text-inner\">\n                                Arvin &amp; Benet pon\u00faka na pren\u00e1jom ve\u013ekorys\u00fd 2,5i byt v\u00a0historickej \u0161armantnej budove v mimoriadne ob\u013e\u00fabenej a\u00a0pokojnej lokalite Star\u00e9ho Mesta Bratislavy, pri Jakubovom n\u00e1mest\u00ed na Klemensovej ulici.<\/p>\n<p>Tento pr\u00edjemn\u00fd byt zaru\u010dene spln\u00ed aj n\u00e1ro\u010dn\u00e9 predstavy o\u00a0vyh\u013ead\u00e1vanom b\u00fdvan\u00ed v\u00a0 staromestskom byte. Nach\u00e1dza sa na 2. podla\u017e\u00ed a dispozi\u010dne byt pozost\u00e1va z\u00a0chodby, ktor\u00e1 v\u00e1s privedie do ob\u00fdva\u010dky \u010diasto\u010dne oddelenej od pracovne a\u00a0izby vybavenej aj poste\u013eou a\u00a0dostato\u010dn\u00fdm \u00falo\u017en\u00fdm priestorom. <\/p>\n<p>Ob\u00fdvacia miestnos\u0165 je vybaven\u00e1 ve\u013ekou sedacou s\u00fapravou, kreslom a\u00a0konferen\u010dn\u00fdm stol\u00edkom. N\u00e1sledne prejdete do ve\u013ekej kuchyne vybavenej kuchynskou linkou so v\u0161etk\u00fdmi spotrebi\u010dmi, ve\u013ekou chladni\u010dkou a\u00a0mrazni\u010dkou, jed\u00e1lensk\u00fdm stolom i\u00a0ra\u0148ajkov\u00fdm pultom, kde si m\u00f4\u017eete vychutna\u0165 ra\u0148ajkov\u00fa k\u00e1vu pri poh\u013eade do tich\u00e9ho vn\u00fatrobloku budovy. Byt disponuje samostatnou toaletou, ve\u013ekou k\u00fape\u013e\u0148ou s va\u0148ou a dvomi\u00a0praktick\u00fdmi technick\u00fdmi miestnos\u0165ami (pr\u00e1\u010dov\u0148a a\u00a0\u0161atn\u00edk).<\/p>\n<p>V\u00a0priestrannej sp\u00e1lni budete spa\u0165 na nad\u0161tandardne ve\u013ekej a pohodlnej man\u017eelskej posteli. Vybaven\u00e1 je aj ve\u013ekou skri\u0148ou k\u00a0ulo\u017eeniu potrebn\u00fdch vec\u00ed.<\/p>\n<p>\nLokalita:\u2028<\/p>\n<p>Byt sa nach\u00e1dza v\u00a0srdci Star\u00e9ho Mesta ne\u010faleko Jakubovho n\u00e1mestia. V\u00a0bl\u00edzkosti n\u00e1jdete kompletn\u00fa ob\u010diansku vybavenos\u0165, ob\u013e\u00faben\u00e9 re\u0161taur\u00e1cie ako Otto, \u010di Soho a\u00a0mnoh\u00e9 kaviarne. Do OC Eurovea a\u00a0na n\u00e1bre\u017eie Dunaja sa prejdete pe\u0161o za p\u00e1r min\u00fat. V\u00a0pe\u0161ej dostupnosti sa nach\u00e1dza historick\u00e9 centrum Bratislavy. Ne\u010faleko bytov\u00e9ho domu je tie\u017e zast\u00e1vka MHD a\u00a0s\u00a0ostatn\u00fdmi \u010das\u0165ami Bratislavy V\u00e1s sp\u00e1ja hne\u010f nieko\u013eko autobusov a\u00a0trolejbusov, \u010di elektri\u010dky. <\/p>\n<p>Cena: 900 eur \/ mesiac (650 EUR byt, 250 EUR energie)\u2028<br \/>\nV\u00fdmera: 83 m\u00b2 <br \/>\nP\u00f4dorys n\u00e1jdete na na\u0161ej webovej str\u00e1nke n\u00e1jdete na na\u0161ej webovej str\u00e1nke:<\/p>\n<p>\u2028Fotografie a text s\u00fa autorsk\u00fdm dielom a majetkom spolo\u010dnosti Arvin &amp; Benet.\u2028\u2028<\/p>\n<p>Nehnute\u013enos\u0165 bola naaran\u017eovan\u00e1 a nafoten\u00e1 Homestaging oddelen\u00edm na\u0161ej spolo\u010dnosti, ve\u013emi radi V\u00e1m pom\u00f4\u017eeme pri efekt\u00edvnom a d\u00f4stojnom predaji \u010di pren\u00e1jme aj Va\u0161ej nehnute\u013enosti. <\/p>\n<p>Budeme sa te\u0161i\u0165, ke\u010f n\u00e1s budete nez\u00e1v\u00e4zne kontaktova\u0165.                            <\/p><\/div>\n","protected":false},"excerpt":{"rendered":"<p>Arvin &amp; Benet pon\u00faka na pren\u00e1jom ve\u013ekorys\u00fd 2,5i byt v\u00a0historickej \u0161armantnej budove v mimoriadne ob\u013e\u00fabenej a\u00a0pokojnej lokalite Star\u00e9ho Mesta Bratislavy, pri Jakubovom n\u00e1mest\u00ed na Klemensovej ulici. Tento pr\u00edjemn\u00fd byt zaru\u010dene spln\u00ed aj n\u00e1ro\u010dn\u00e9 predstavy o\u00a0vyh\u013ead\u00e1vanom b\u00fdvan\u00ed v\u00a0 staromestskom byte. Nach\u00e1dza sa na 2. podla\u017e\u00ed a dispozi\u010dne byt pozost\u00e1va z\u00a0chodby, ktor\u00e1 v\u00e1s privedie do ob\u00fdva\u010dky \u010diasto\u010dne [&hellip;]<\/p>\n","protected":false},"author":1,"featured_media":41425,"comment_status":"open","ping_status":"open","sticky":false,"template":"","format":"standard","meta":{"footnotes":""},"categories":[4],"tags":[],"class_list":["post-42044","post","type-post","status-publish","format-standard","has-post-thumbnail","hentry","category-prenajom-bytu"],"yoast_head":"<!-- This site is optimized with the Yoast SEO plugin v23.1 - https:\/\/yoast.com\/wordpress\/plugins\/seo\/ -->\n<title>Arvin &amp; Benet | V\u00fdnimo\u010dn\u00fd a priestrann\u00fd 2,5i byt pri Jakubovom n\u00e1mest\u00ed | Podn\u00e1jom - Baportal.sk - Bratislava<\/title>\n<meta name=\"description\" content=\"Arvin &amp; Benet pon\u00faka na pren\u00e1jom ve\u013ekorys\u00fd 2,5i byt v\u00a0historickej \u0161armantnej budove v mimoriadne ob\u013e\u00fabenej a\u00a0pokojnej lokalite Star\u00e9ho Mesta\" \/>\n<meta name=\"robots\" content=\"index, follow, max-snippet:-1, max-image-preview:large, max-video-preview:-1\" \/>\n<link rel=\"canonical\" href=\"https:\/\/baportal.sk\/podnajom\/in\/42044\/\" \/>\n<meta property=\"og:locale\" content=\"sk_SK\" \/>\n<meta property=\"og:type\" content=\"article\" \/>\n<meta property=\"og:title\" content=\"Arvin &amp; Benet | V\u00fdnimo\u010dn\u00fd a priestrann\u00fd 2,5i byt pri Jakubovom n\u00e1mest\u00ed | Podn\u00e1jom - Baportal.sk - Bratislava\" \/>\n<meta property=\"og:description\" content=\"Arvin &amp; Benet pon\u00faka na pren\u00e1jom ve\u013ekorys\u00fd 2,5i byt v\u00a0historickej \u0161armantnej budove v mimoriadne ob\u013e\u00fabenej a\u00a0pokojnej lokalite Star\u00e9ho Mesta\" \/>\n<meta property=\"og:url\" content=\"https:\/\/baportal.sk\/podnajom\/in\/42044\/\" \/>\n<meta property=\"og:site_name\" content=\"Podn\u00e1jom - Baportal.sk - Bratislava\" \/>\n<meta property=\"article:published_time\" content=\"2022-05-05T01:01:49+00:00\" \/>\n<meta property=\"og:image\" content=\"https:\/\/baportal.sk\/podnajom\/wp-content\/uploads\/2022\/08\/Arvin-amp-Benet-Vynimocny-a-priestranny-25i-byt-pri.jpeg\" \/>\n\t<meta property=\"og:image:width\" content=\"600\" \/>\n\t<meta property=\"og:image:height\" content=\"315\" \/>\n\t<meta property=\"og:image:type\" content=\"image\/jpeg\" \/>\n<meta name=\"author\" content=\"marek\" \/>\n<meta name=\"twitter:card\" content=\"summary_large_image\" \/>\n<meta name=\"twitter:label1\" content=\"Autor\" \/>\n\t<meta name=\"twitter:data1\" content=\"marek\" \/>\n\t<meta name=\"twitter:label2\" content=\"Predpokladan\u00fd \u010das \u010d\u00edtania\" \/>\n\t<meta name=\"twitter:data2\" content=\"2 min\u00faty\" \/>\n<script type=\"application\/ld+json\" class=\"yoast-schema-graph\">{\"@context\":\"https:\/\/schema.org\",\"@graph\":[{\"@type\":\"WebPage\",\"@id\":\"https:\/\/baportal.sk\/podnajom\/in\/42044\/\",\"url\":\"https:\/\/baportal.sk\/podnajom\/in\/42044\/\",\"name\":\"Arvin &amp; Benet | V\u00fdnimo\u010dn\u00fd a priestrann\u00fd 2,5i byt pri Jakubovom n\u00e1mest\u00ed | Podn\u00e1jom - Baportal.sk - Bratislava\",\"isPartOf\":{\"@id\":\"https:\/\/baportal.sk\/podnajom\/#website\"},\"primaryImageOfPage\":{\"@id\":\"https:\/\/baportal.sk\/podnajom\/in\/42044\/#primaryimage\"},\"image\":{\"@id\":\"https:\/\/baportal.sk\/podnajom\/in\/42044\/#primaryimage\"},\"thumbnailUrl\":\"https:\/\/baportal.sk\/podnajom\/wp-content\/uploads\/2022\/08\/Arvin-amp-Benet-Vynimocny-a-priestranny-25i-byt-pri.jpeg\",\"datePublished\":\"2022-05-05T01:01:49+00:00\",\"dateModified\":\"2022-05-05T01:01:49+00:00\",\"author\":{\"@id\":\"https:\/\/baportal.sk\/podnajom\/#\/schema\/person\/1048c08c599b2e93379d6374549bd168\"},\"description\":\"Arvin &amp; Benet pon\u00faka na pren\u00e1jom ve\u013ekorys\u00fd 2,5i byt v\u00a0historickej \u0161armantnej budove v mimoriadne ob\u013e\u00fabenej a\u00a0pokojnej lokalite Star\u00e9ho Mesta\",\"breadcrumb\":{\"@id\":\"https:\/\/baportal.sk\/podnajom\/in\/42044\/#breadcrumb\"},\"inLanguage\":\"sk-SK\",\"potentialAction\":[{\"@type\":\"ReadAction\",\"target\":[\"https:\/\/baportal.sk\/podnajom\/in\/42044\/\"]}]},{\"@type\":\"ImageObject\",\"inLanguage\":\"sk-SK\",\"@id\":\"https:\/\/baportal.sk\/podnajom\/in\/42044\/#primaryimage\",\"url\":\"https:\/\/baportal.sk\/podnajom\/wp-content\/uploads\/2022\/08\/Arvin-amp-Benet-Vynimocny-a-priestranny-25i-byt-pri.jpeg\",\"contentUrl\":\"https:\/\/baportal.sk\/podnajom\/wp-content\/uploads\/2022\/08\/Arvin-amp-Benet-Vynimocny-a-priestranny-25i-byt-pri.jpeg\",\"width\":600,\"height\":315},{\"@type\":\"BreadcrumbList\",\"@id\":\"https:\/\/baportal.sk\/podnajom\/in\/42044\/#breadcrumb\",\"itemListElement\":[{\"@type\":\"ListItem\",\"position\":1,\"name\":\"Domovsk\u00e1 str\u00e1nka\",\"item\":\"https:\/\/baportal.sk\/podnajom\/\"},{\"@type\":\"ListItem\",\"position\":2,\"name\":\"Arvin &amp; Benet | V\u00fdnimo\u010dn\u00fd a priestrann\u00fd 2,5i byt pri Jakubovom n\u00e1mest\u00ed\"}]},{\"@type\":\"WebSite\",\"@id\":\"https:\/\/baportal.sk\/podnajom\/#website\",\"url\":\"https:\/\/baportal.sk\/podnajom\/\",\"name\":\"Podn\u00e1jom - Baportal.sk - Bratislava\",\"description\":\"\",\"potentialAction\":[{\"@type\":\"SearchAction\",\"target\":{\"@type\":\"EntryPoint\",\"urlTemplate\":\"https:\/\/baportal.sk\/podnajom\/?s={search_term_string}\"},\"query-input\":\"required name=search_term_string\"}],\"inLanguage\":\"sk-SK\"},{\"@type\":\"Person\",\"@id\":\"https:\/\/baportal.sk\/podnajom\/#\/schema\/person\/1048c08c599b2e93379d6374549bd168\",\"name\":\"marek\",\"image\":{\"@type\":\"ImageObject\",\"inLanguage\":\"sk-SK\",\"@id\":\"https:\/\/baportal.sk\/podnajom\/#\/schema\/person\/image\/\",\"url\":\"https:\/\/secure.gravatar.com\/avatar\/cdf0fbd37411d455f1afd87f93b867f6?s=96&d=mm&r=g\",\"contentUrl\":\"https:\/\/secure.gravatar.com\/avatar\/cdf0fbd37411d455f1afd87f93b867f6?s=96&d=mm&r=g\",\"caption\":\"marek\"},\"sameAs\":[\"https:\/\/www.baportal.sk\/podnajom\"]}]}<\/script>\n<!-- \/ Yoast SEO plugin. -->","yoast_head_json":{"title":"Arvin &amp; Benet | V\u00fdnimo\u010dn\u00fd a priestrann\u00fd 2,5i byt pri Jakubovom n\u00e1mest\u00ed | Podn\u00e1jom - Baportal.sk - Bratislava","description":"Arvin &amp; Benet pon\u00faka na pren\u00e1jom ve\u013ekorys\u00fd 2,5i byt v\u00a0historickej \u0161armantnej budove v mimoriadne ob\u013e\u00fabenej a\u00a0pokojnej lokalite Star\u00e9ho Mesta","robots":{"index":"index","follow":"follow","max-snippet":"max-snippet:-1","max-image-preview":"max-image-preview:large","max-video-preview":"max-video-preview:-1"},"canonical":"https:\/\/baportal.sk\/podnajom\/in\/42044\/","og_locale":"sk_SK","og_type":"article","og_title":"Arvin &amp; Benet | V\u00fdnimo\u010dn\u00fd a priestrann\u00fd 2,5i byt pri Jakubovom n\u00e1mest\u00ed | Podn\u00e1jom - Baportal.sk - Bratislava","og_description":"Arvin &amp; Benet pon\u00faka na pren\u00e1jom ve\u013ekorys\u00fd 2,5i byt v\u00a0historickej \u0161armantnej budove v mimoriadne ob\u013e\u00fabenej a\u00a0pokojnej lokalite Star\u00e9ho Mesta","og_url":"https:\/\/baportal.sk\/podnajom\/in\/42044\/","og_site_name":"Podn\u00e1jom - Baportal.sk - Bratislava","article_published_time":"2022-05-05T01:01:49+00:00","og_image":[{"width":600,"height":315,"url":"https:\/\/baportal.sk\/podnajom\/wp-content\/uploads\/2022\/08\/Arvin-amp-Benet-Vynimocny-a-priestranny-25i-byt-pri.jpeg","type":"image\/jpeg"}],"author":"marek","twitter_card":"summary_large_image","twitter_misc":{"Autor":"marek","Predpokladan\u00fd \u010das \u010d\u00edtania":"2 min\u00faty"},"schema":{"@context":"https:\/\/schema.org","@graph":[{"@type":"WebPage","@id":"https:\/\/baportal.sk\/podnajom\/in\/42044\/","url":"https:\/\/baportal.sk\/podnajom\/in\/42044\/","name":"Arvin &amp; Benet | V\u00fdnimo\u010dn\u00fd a priestrann\u00fd 2,5i byt pri Jakubovom n\u00e1mest\u00ed | Podn\u00e1jom - Baportal.sk - Bratislava","isPartOf":{"@id":"https:\/\/baportal.sk\/podnajom\/#website"},"primaryImageOfPage":{"@id":"https:\/\/baportal.sk\/podnajom\/in\/42044\/#primaryimage"},"image":{"@id":"https:\/\/baportal.sk\/podnajom\/in\/42044\/#primaryimage"},"thumbnailUrl":"https:\/\/baportal.sk\/podnajom\/wp-content\/uploads\/2022\/08\/Arvin-amp-Benet-Vynimocny-a-priestranny-25i-byt-pri.jpeg","datePublished":"2022-05-05T01:01:49+00:00","dateModified":"2022-05-05T01:01:49+00:00","author":{"@id":"https:\/\/baportal.sk\/podnajom\/#\/schema\/person\/1048c08c599b2e93379d6374549bd168"},"description":"Arvin &amp; Benet pon\u00faka na pren\u00e1jom ve\u013ekorys\u00fd 2,5i byt v\u00a0historickej \u0161armantnej budove v mimoriadne ob\u013e\u00fabenej a\u00a0pokojnej lokalite Star\u00e9ho Mesta","breadcrumb":{"@id":"https:\/\/baportal.sk\/podnajom\/in\/42044\/#breadcrumb"},"inLanguage":"sk-SK","potentialAction":[{"@type":"ReadAction","target":["https:\/\/baportal.sk\/podnajom\/in\/42044\/"]}]},{"@type":"ImageObject","inLanguage":"sk-SK","@id":"https:\/\/baportal.sk\/podnajom\/in\/42044\/#primaryimage","url":"https:\/\/baportal.sk\/podnajom\/wp-content\/uploads\/2022\/08\/Arvin-amp-Benet-Vynimocny-a-priestranny-25i-byt-pri.jpeg","contentUrl":"https:\/\/baportal.sk\/podnajom\/wp-content\/uploads\/2022\/08\/Arvin-amp-Benet-Vynimocny-a-priestranny-25i-byt-pri.jpeg","width":600,"height":315},{"@type":"BreadcrumbList","@id":"https:\/\/baportal.sk\/podnajom\/in\/42044\/#breadcrumb","itemListElement":[{"@type":"ListItem","position":1,"name":"Domovsk\u00e1 str\u00e1nka","item":"https:\/\/baportal.sk\/podnajom\/"},{"@type":"ListItem","position":2,"name":"Arvin &amp; Benet | V\u00fdnimo\u010dn\u00fd a priestrann\u00fd 2,5i byt pri Jakubovom n\u00e1mest\u00ed"}]},{"@type":"WebSite","@id":"https:\/\/baportal.sk\/podnajom\/#website","url":"https:\/\/baportal.sk\/podnajom\/","name":"Podn\u00e1jom - Baportal.sk - Bratislava","description":"","potentialAction":[{"@type":"SearchAction","target":{"@type":"EntryPoint","urlTemplate":"https:\/\/baportal.sk\/podnajom\/?s={search_term_string}"},"query-input":"required name=search_term_string"}],"inLanguage":"sk-SK"},{"@type":"Person","@id":"https:\/\/baportal.sk\/podnajom\/#\/schema\/person\/1048c08c599b2e93379d6374549bd168","name":"marek","image":{"@type":"ImageObject","inLanguage":"sk-SK","@id":"https:\/\/baportal.sk\/podnajom\/#\/schema\/person\/image\/","url":"https:\/\/secure.gravatar.com\/avatar\/cdf0fbd37411d455f1afd87f93b867f6?s=96&d=mm&r=g","contentUrl":"https:\/\/secure.gravatar.com\/avatar\/cdf0fbd37411d455f1afd87f93b867f6?s=96&d=mm&r=g","caption":"marek"},"sameAs":["https:\/\/www.baportal.sk\/podnajom"]}]}},"_links":{"self":[{"href":"https:\/\/baportal.sk\/podnajom\/wp-json\/wp\/v2\/posts\/42044"}],"collection":[{"href":"https:\/\/baportal.sk\/podnajom\/wp-json\/wp\/v2\/posts"}],"about":[{"href":"https:\/\/baportal.sk\/podnajom\/wp-json\/wp\/v2\/types\/post"}],"author":[{"embeddable":true,"href":"https:\/\/baportal.sk\/podnajom\/wp-json\/wp\/v2\/users\/1"}],"replies":[{"embeddable":true,"href":"https:\/\/baportal.sk\/podnajom\/wp-json\/wp\/v2\/comments?post=42044"}],"version-history":[{"count":0,"href":"https:\/\/baportal.sk\/podnajom\/wp-json\/wp\/v2\/posts\/42044\/revisions"}],"wp:featuredmedia":[{"embeddable":true,"href":"https:\/\/baportal.sk\/podnajom\/wp-json\/wp\/v2\/media\/41425"}],"wp:attachment":[{"href":"https:\/\/baportal.sk\/podnajom\/wp-json\/wp\/v2\/media?parent=42044"}],"wp:term":[{"taxonomy":"category","embeddable":true,"href":"https:\/\/baportal.sk\/podnajom\/wp-json\/wp\/v2\/categories?post=42044"},{"taxonomy":"post_tag","embeddable":true,"href":"https:\/\/baportal.sk\/podnajom\/wp-json\/wp\/v2\/tags?post=42044"}],"curies":[{"name":"wp","href":"https:\/\/api.w.org\/{rel}","templated":true}]}}