{"id":42705,"date":"2022-05-05T03:01:49","date_gmt":"2022-05-05T01:01:49","guid":{"rendered":"https:\/\/baportal.sk\/podnajom\/in\/42705\/"},"modified":"2022-05-05T03:01:49","modified_gmt":"2022-05-05T01:01:49","slug":"na-prenajom-3-izbovy-byt-s-garazovym-parkovacim-statim-na-24-poschodi-v-skyparku","status":"publish","type":"post","link":"https:\/\/baportal.sk\/podnajom\/in\/42705\/","title":{"rendered":"Na pren\u00e1jom 3-izbov\u00fd byt s gar\u00e1\u017eov\u00fdm parkovac\u00edm st\u00e1t\u00edm na 24. poschod\u00ed v Skyparku"},"content":{"rendered":"<div class=\"text-inner\">\n                                Pon\u00fakame na pren\u00e1jom nad\u0161tandardn\u00fd, zariaden\u00fd, 3-izbov\u00fd, klimatizovan\u00fd byt s panoramatick\u00fdm v\u00fdh\u013eadom v novostavbe SKYPARK na Tov\u00e1renskej ulici v Bratislave \u2013 m.\u010d. Star\u00e9 Mesto. Byt je zariaden\u00fd nov\u00fdm n\u00e1bytkom a zatia\u013e nebol ob\u00fdvan\u00fd. K bytu prisl\u00fachaj\u00fa dve gar\u00e1\u017eov\u00e9 parkovacie st\u00e1tia.<\/p>\n<p>Byt sa nach\u00e1dza na 24. poschod\u00ed v 29 poschodovom bytovom dome, ktor\u00e9ho posledn\u00e9 podla\u017eie je terasa s unik\u00e1tnym v\u00fdh\u013eadom.\u00a0<\/p>\n<p>Byt a parkovacie st\u00e1tie:<\/p>\n<p>\u00da\u017eitkov\u00e1 plochu bytu:\u00a081m2<\/p>\n<p>Gar\u00e1\u017eov\u00e9 parkovacie st\u00e1tia sa nach\u00e1dzaj\u00fa v suter\u00e9ne bytov\u00e9ho domu<\/p>\n<p>Dispoz\u00edcia bytu:<\/p>\n<p>Byt pozost\u00e1va zo vstupnej chodby, k\u00fape\u013ene s toaletou, technickej miestnosti s druhou toaletou, ob\u00fdvacej izby s modern\u00fdm kuchynsk\u00fdm k\u00fatom,\u00a0dvoch sp\u00e1ln\u00ed\u00a0a loggie.\u00a0<\/p>\n<p>Vybavenie bytu:<\/p>\n<p>Byt sa prenaj\u00edma zariaden\u00fd \u2013 v kuchyni sa nach\u00e1dza kuchynsk\u00fd k\u00fat s kvalitn\u00fdmi spotrebi\u010dmi (chladni\u010dka s mrazni\u010dkou, spor\u00e1k, elektrick\u00e1 r\u00fara, digestor). Ob\u00fdvacia \u010das\u0165 je zariaden\u00e1 vkusnou pohovkou s konferen\u010dn\u00fdm stol\u00edkom. V sp\u00e1lni je poste\u013e, \u0161atn\u00edkov\u00e1 skri\u0148a a klimatiz\u00e1cia.<\/p>\n<p>Lokalita:<\/p>\n<p>Skypark sa nach\u00e1dza v samotnom srdci hlavn\u00e9ho mesta - jeho okolie tvoria nov\u00e9 OC\u00a0NIVY, Eurovea, Twin City business centrum, dizajn\u00e9rska budova Jurkovi\u010dovej Tepl\u00e1rne a v pe\u0161ej vzdialenosti sa dostanete tie\u017e k OC Central a do historick\u00e9ho centra. Pribli\u017ene\u00a0za 10 min\u00fat jazdy autom\/MHD sa dostanete priamo na hlavn\u00fa \u017eelezni\u010dn\u00fa stanicu. Okolie teda pon\u00faka v\u00fdborn\u00fa ob\u010diansku vybavenos\u0165 a tie\u017e napojenie\u00a0na mestsk\u00fd obchvat a dia\u013enicu.\u00a0<\/p>\n<p>N\u00e1zor makl\u00e9ra:<\/p>\n<p>Ponuka\u00a0v Skyparku predstavuje exkluz\u00edvnu a nad\u0161tandardn\u00fa pr\u00edle\u017eitos\u0165, ktor\u00fa ocenia aj n\u00e1ro\u010dn\u00ed klienti.\u00a0Byt\u00a0disponuje slu\u0161nou rozlohou a dobrou dispoz\u00edciou, tak\u017ee je vhodn\u00fd bu\u010f pre men\u0161iu rodinu s mo\u017enos\u0165ou zariadenia jednej sp\u00e1lne v zmysle detskej izby alebo pre p\u00e1ry s vyu\u017eit\u00edm druhej sp\u00e1lne ako pracovne. V oboch pr\u00edpadoch poskytuje byt mno\u017estvo miesta a \u00falo\u017en\u00e9ho priestoru a bonusom je taktie\u017e panoramatick\u00fd v\u00fdh\u013ead na mesto a gar\u00e1\u017eov\u00e9 parkovacie st\u00e1tie.<\/p>\n<p>Cena:<\/p>\n<p>1400\u20ac n\u00e1jom + 300\u20ac energie + 100\u20ac parkovacie st\u00e1tie<\/p>\n<p>Byt je ihne\u010f vo\u013en\u00fd, mo\u017enos\u0165 b\u00fdvania aj s rodinou.\u00a0<\/p>\n<p>V cene je zahrnut\u00e9:<\/p>\n<p>Prov\u00edzia realitnej kancel\u00e1rie, poskytnutie komplexn\u00fdch realitn\u00fdch a pr\u00e1vnych slu\u017eieb \u2013 vypracovanie n\u00e1jomnej zmluvy.<\/p>\n<p>V\u0161etky \u010fal\u0161ie inform\u00e1cie V\u00e1m r\u00e1d poskytnem pri osobnej prehliadke alebo formou virtu\u00e1lnej prehliadky.<\/p>\n<p>Ing. Kristi\u00e1n Kopp \u2013 0910118284                            <\/p><\/div>\n","protected":false},"excerpt":{"rendered":"<p>Pon\u00fakame na pren\u00e1jom nad\u0161tandardn\u00fd, zariaden\u00fd, 3-izbov\u00fd, klimatizovan\u00fd byt s panoramatick\u00fdm v\u00fdh\u013eadom v novostavbe SKYPARK na Tov\u00e1renskej ulici v Bratislave \u2013 m.\u010d. Star\u00e9 Mesto. Byt je zariaden\u00fd nov\u00fdm n\u00e1bytkom a zatia\u013e nebol ob\u00fdvan\u00fd. K bytu prisl\u00fachaj\u00fa dve gar\u00e1\u017eov\u00e9 parkovacie st\u00e1tia. Byt sa nach\u00e1dza na 24. poschod\u00ed v 29 poschodovom bytovom dome, ktor\u00e9ho posledn\u00e9 podla\u017eie je terasa [&hellip;]<\/p>\n","protected":false},"author":1,"featured_media":42706,"comment_status":"open","ping_status":"open","sticky":false,"template":"","format":"standard","meta":{"footnotes":""},"categories":[4],"tags":[],"class_list":["post-42705","post","type-post","status-publish","format-standard","has-post-thumbnail","hentry","category-prenajom-bytu"],"yoast_head":"<!-- This site is optimized with the Yoast SEO plugin v23.1 - https:\/\/yoast.com\/wordpress\/plugins\/seo\/ -->\n<title>Na pren\u00e1jom 3-izbov\u00fd byt s gar\u00e1\u017eov\u00fdm parkovac\u00edm st\u00e1t\u00edm na 24. poschod\u00ed v Skyparku | Podn\u00e1jom - Baportal.sk - Bratislava<\/title>\n<meta name=\"description\" content=\"Pon\u00fakame na pren\u00e1jom nad\u0161tandardn\u00fd, zariaden\u00fd, 3-izbov\u00fd, klimatizovan\u00fd byt s panoramatick\u00fdm v\u00fdh\u013eadom v novostavbe SKYPARK na Tov\u00e1renskej ulici v\" \/>\n<meta name=\"robots\" content=\"index, follow, max-snippet:-1, max-image-preview:large, max-video-preview:-1\" \/>\n<link rel=\"canonical\" href=\"https:\/\/baportal.sk\/podnajom\/in\/42705\/\" \/>\n<meta property=\"og:locale\" content=\"sk_SK\" \/>\n<meta property=\"og:type\" content=\"article\" \/>\n<meta property=\"og:title\" content=\"Na pren\u00e1jom 3-izbov\u00fd byt s gar\u00e1\u017eov\u00fdm parkovac\u00edm st\u00e1t\u00edm na 24. poschod\u00ed v Skyparku | Podn\u00e1jom - Baportal.sk - Bratislava\" \/>\n<meta property=\"og:description\" content=\"Pon\u00fakame na pren\u00e1jom nad\u0161tandardn\u00fd, zariaden\u00fd, 3-izbov\u00fd, klimatizovan\u00fd byt s panoramatick\u00fdm v\u00fdh\u013eadom v novostavbe SKYPARK na Tov\u00e1renskej ulici v\" \/>\n<meta property=\"og:url\" content=\"https:\/\/baportal.sk\/podnajom\/in\/42705\/\" \/>\n<meta property=\"og:site_name\" content=\"Podn\u00e1jom - Baportal.sk - Bratislava\" \/>\n<meta property=\"article:published_time\" content=\"2022-05-05T01:01:49+00:00\" \/>\n<meta property=\"og:image\" content=\"https:\/\/baportal.sk\/podnajom\/wp-content\/uploads\/2022\/08\/Na-prenajom-3-izbovy-byt-s-garazovym-parkovacim-statim-na-24.jpeg\" \/>\n\t<meta property=\"og:image:width\" content=\"600\" \/>\n\t<meta property=\"og:image:height\" content=\"315\" \/>\n\t<meta property=\"og:image:type\" content=\"image\/jpeg\" \/>\n<meta name=\"author\" content=\"marek\" \/>\n<meta name=\"twitter:card\" content=\"summary_large_image\" \/>\n<meta name=\"twitter:label1\" content=\"Autor\" \/>\n\t<meta name=\"twitter:data1\" content=\"marek\" \/>\n\t<meta name=\"twitter:label2\" content=\"Predpokladan\u00fd \u010das \u010d\u00edtania\" \/>\n\t<meta name=\"twitter:data2\" content=\"2 min\u00faty\" \/>\n<script type=\"application\/ld+json\" class=\"yoast-schema-graph\">{\"@context\":\"https:\/\/schema.org\",\"@graph\":[{\"@type\":\"WebPage\",\"@id\":\"https:\/\/baportal.sk\/podnajom\/in\/42705\/\",\"url\":\"https:\/\/baportal.sk\/podnajom\/in\/42705\/\",\"name\":\"Na pren\u00e1jom 3-izbov\u00fd byt s gar\u00e1\u017eov\u00fdm parkovac\u00edm st\u00e1t\u00edm na 24. poschod\u00ed v Skyparku | Podn\u00e1jom - Baportal.sk - Bratislava\",\"isPartOf\":{\"@id\":\"https:\/\/baportal.sk\/podnajom\/#website\"},\"primaryImageOfPage\":{\"@id\":\"https:\/\/baportal.sk\/podnajom\/in\/42705\/#primaryimage\"},\"image\":{\"@id\":\"https:\/\/baportal.sk\/podnajom\/in\/42705\/#primaryimage\"},\"thumbnailUrl\":\"https:\/\/baportal.sk\/podnajom\/wp-content\/uploads\/2022\/08\/Na-prenajom-3-izbovy-byt-s-garazovym-parkovacim-statim-na-24.jpeg\",\"datePublished\":\"2022-05-05T01:01:49+00:00\",\"dateModified\":\"2022-05-05T01:01:49+00:00\",\"author\":{\"@id\":\"https:\/\/baportal.sk\/podnajom\/#\/schema\/person\/1048c08c599b2e93379d6374549bd168\"},\"description\":\"Pon\u00fakame na pren\u00e1jom nad\u0161tandardn\u00fd, zariaden\u00fd, 3-izbov\u00fd, klimatizovan\u00fd byt s panoramatick\u00fdm v\u00fdh\u013eadom v novostavbe SKYPARK na Tov\u00e1renskej ulici v\",\"breadcrumb\":{\"@id\":\"https:\/\/baportal.sk\/podnajom\/in\/42705\/#breadcrumb\"},\"inLanguage\":\"sk-SK\",\"potentialAction\":[{\"@type\":\"ReadAction\",\"target\":[\"https:\/\/baportal.sk\/podnajom\/in\/42705\/\"]}]},{\"@type\":\"ImageObject\",\"inLanguage\":\"sk-SK\",\"@id\":\"https:\/\/baportal.sk\/podnajom\/in\/42705\/#primaryimage\",\"url\":\"https:\/\/baportal.sk\/podnajom\/wp-content\/uploads\/2022\/08\/Na-prenajom-3-izbovy-byt-s-garazovym-parkovacim-statim-na-24.jpeg\",\"contentUrl\":\"https:\/\/baportal.sk\/podnajom\/wp-content\/uploads\/2022\/08\/Na-prenajom-3-izbovy-byt-s-garazovym-parkovacim-statim-na-24.jpeg\",\"width\":600,\"height\":315},{\"@type\":\"BreadcrumbList\",\"@id\":\"https:\/\/baportal.sk\/podnajom\/in\/42705\/#breadcrumb\",\"itemListElement\":[{\"@type\":\"ListItem\",\"position\":1,\"name\":\"Domovsk\u00e1 str\u00e1nka\",\"item\":\"https:\/\/baportal.sk\/podnajom\/\"},{\"@type\":\"ListItem\",\"position\":2,\"name\":\"Na pren\u00e1jom 3-izbov\u00fd byt s gar\u00e1\u017eov\u00fdm parkovac\u00edm st\u00e1t\u00edm na 24. poschod\u00ed v Skyparku\"}]},{\"@type\":\"WebSite\",\"@id\":\"https:\/\/baportal.sk\/podnajom\/#website\",\"url\":\"https:\/\/baportal.sk\/podnajom\/\",\"name\":\"Podn\u00e1jom - Baportal.sk - Bratislava\",\"description\":\"\",\"potentialAction\":[{\"@type\":\"SearchAction\",\"target\":{\"@type\":\"EntryPoint\",\"urlTemplate\":\"https:\/\/baportal.sk\/podnajom\/?s={search_term_string}\"},\"query-input\":\"required name=search_term_string\"}],\"inLanguage\":\"sk-SK\"},{\"@type\":\"Person\",\"@id\":\"https:\/\/baportal.sk\/podnajom\/#\/schema\/person\/1048c08c599b2e93379d6374549bd168\",\"name\":\"marek\",\"image\":{\"@type\":\"ImageObject\",\"inLanguage\":\"sk-SK\",\"@id\":\"https:\/\/baportal.sk\/podnajom\/#\/schema\/person\/image\/\",\"url\":\"https:\/\/secure.gravatar.com\/avatar\/cdf0fbd37411d455f1afd87f93b867f6?s=96&d=mm&r=g\",\"contentUrl\":\"https:\/\/secure.gravatar.com\/avatar\/cdf0fbd37411d455f1afd87f93b867f6?s=96&d=mm&r=g\",\"caption\":\"marek\"},\"sameAs\":[\"https:\/\/www.baportal.sk\/podnajom\"]}]}<\/script>\n<!-- \/ Yoast SEO plugin. -->","yoast_head_json":{"title":"Na pren\u00e1jom 3-izbov\u00fd byt s gar\u00e1\u017eov\u00fdm parkovac\u00edm st\u00e1t\u00edm na 24. poschod\u00ed v Skyparku | Podn\u00e1jom - Baportal.sk - Bratislava","description":"Pon\u00fakame na pren\u00e1jom nad\u0161tandardn\u00fd, zariaden\u00fd, 3-izbov\u00fd, klimatizovan\u00fd byt s panoramatick\u00fdm v\u00fdh\u013eadom v novostavbe SKYPARK na Tov\u00e1renskej ulici v","robots":{"index":"index","follow":"follow","max-snippet":"max-snippet:-1","max-image-preview":"max-image-preview:large","max-video-preview":"max-video-preview:-1"},"canonical":"https:\/\/baportal.sk\/podnajom\/in\/42705\/","og_locale":"sk_SK","og_type":"article","og_title":"Na pren\u00e1jom 3-izbov\u00fd byt s gar\u00e1\u017eov\u00fdm parkovac\u00edm st\u00e1t\u00edm na 24. poschod\u00ed v Skyparku | Podn\u00e1jom - Baportal.sk - Bratislava","og_description":"Pon\u00fakame na pren\u00e1jom nad\u0161tandardn\u00fd, zariaden\u00fd, 3-izbov\u00fd, klimatizovan\u00fd byt s panoramatick\u00fdm v\u00fdh\u013eadom v novostavbe SKYPARK na Tov\u00e1renskej ulici v","og_url":"https:\/\/baportal.sk\/podnajom\/in\/42705\/","og_site_name":"Podn\u00e1jom - Baportal.sk - Bratislava","article_published_time":"2022-05-05T01:01:49+00:00","og_image":[{"width":600,"height":315,"url":"https:\/\/baportal.sk\/podnajom\/wp-content\/uploads\/2022\/08\/Na-prenajom-3-izbovy-byt-s-garazovym-parkovacim-statim-na-24.jpeg","type":"image\/jpeg"}],"author":"marek","twitter_card":"summary_large_image","twitter_misc":{"Autor":"marek","Predpokladan\u00fd \u010das \u010d\u00edtania":"2 min\u00faty"},"schema":{"@context":"https:\/\/schema.org","@graph":[{"@type":"WebPage","@id":"https:\/\/baportal.sk\/podnajom\/in\/42705\/","url":"https:\/\/baportal.sk\/podnajom\/in\/42705\/","name":"Na pren\u00e1jom 3-izbov\u00fd byt s gar\u00e1\u017eov\u00fdm parkovac\u00edm st\u00e1t\u00edm na 24. poschod\u00ed v Skyparku | Podn\u00e1jom - Baportal.sk - Bratislava","isPartOf":{"@id":"https:\/\/baportal.sk\/podnajom\/#website"},"primaryImageOfPage":{"@id":"https:\/\/baportal.sk\/podnajom\/in\/42705\/#primaryimage"},"image":{"@id":"https:\/\/baportal.sk\/podnajom\/in\/42705\/#primaryimage"},"thumbnailUrl":"https:\/\/baportal.sk\/podnajom\/wp-content\/uploads\/2022\/08\/Na-prenajom-3-izbovy-byt-s-garazovym-parkovacim-statim-na-24.jpeg","datePublished":"2022-05-05T01:01:49+00:00","dateModified":"2022-05-05T01:01:49+00:00","author":{"@id":"https:\/\/baportal.sk\/podnajom\/#\/schema\/person\/1048c08c599b2e93379d6374549bd168"},"description":"Pon\u00fakame na pren\u00e1jom nad\u0161tandardn\u00fd, zariaden\u00fd, 3-izbov\u00fd, klimatizovan\u00fd byt s panoramatick\u00fdm v\u00fdh\u013eadom v novostavbe SKYPARK na Tov\u00e1renskej ulici v","breadcrumb":{"@id":"https:\/\/baportal.sk\/podnajom\/in\/42705\/#breadcrumb"},"inLanguage":"sk-SK","potentialAction":[{"@type":"ReadAction","target":["https:\/\/baportal.sk\/podnajom\/in\/42705\/"]}]},{"@type":"ImageObject","inLanguage":"sk-SK","@id":"https:\/\/baportal.sk\/podnajom\/in\/42705\/#primaryimage","url":"https:\/\/baportal.sk\/podnajom\/wp-content\/uploads\/2022\/08\/Na-prenajom-3-izbovy-byt-s-garazovym-parkovacim-statim-na-24.jpeg","contentUrl":"https:\/\/baportal.sk\/podnajom\/wp-content\/uploads\/2022\/08\/Na-prenajom-3-izbovy-byt-s-garazovym-parkovacim-statim-na-24.jpeg","width":600,"height":315},{"@type":"BreadcrumbList","@id":"https:\/\/baportal.sk\/podnajom\/in\/42705\/#breadcrumb","itemListElement":[{"@type":"ListItem","position":1,"name":"Domovsk\u00e1 str\u00e1nka","item":"https:\/\/baportal.sk\/podnajom\/"},{"@type":"ListItem","position":2,"name":"Na pren\u00e1jom 3-izbov\u00fd byt s gar\u00e1\u017eov\u00fdm parkovac\u00edm st\u00e1t\u00edm na 24. poschod\u00ed v Skyparku"}]},{"@type":"WebSite","@id":"https:\/\/baportal.sk\/podnajom\/#website","url":"https:\/\/baportal.sk\/podnajom\/","name":"Podn\u00e1jom - Baportal.sk - Bratislava","description":"","potentialAction":[{"@type":"SearchAction","target":{"@type":"EntryPoint","urlTemplate":"https:\/\/baportal.sk\/podnajom\/?s={search_term_string}"},"query-input":"required name=search_term_string"}],"inLanguage":"sk-SK"},{"@type":"Person","@id":"https:\/\/baportal.sk\/podnajom\/#\/schema\/person\/1048c08c599b2e93379d6374549bd168","name":"marek","image":{"@type":"ImageObject","inLanguage":"sk-SK","@id":"https:\/\/baportal.sk\/podnajom\/#\/schema\/person\/image\/","url":"https:\/\/secure.gravatar.com\/avatar\/cdf0fbd37411d455f1afd87f93b867f6?s=96&d=mm&r=g","contentUrl":"https:\/\/secure.gravatar.com\/avatar\/cdf0fbd37411d455f1afd87f93b867f6?s=96&d=mm&r=g","caption":"marek"},"sameAs":["https:\/\/www.baportal.sk\/podnajom"]}]}},"_links":{"self":[{"href":"https:\/\/baportal.sk\/podnajom\/wp-json\/wp\/v2\/posts\/42705"}],"collection":[{"href":"https:\/\/baportal.sk\/podnajom\/wp-json\/wp\/v2\/posts"}],"about":[{"href":"https:\/\/baportal.sk\/podnajom\/wp-json\/wp\/v2\/types\/post"}],"author":[{"embeddable":true,"href":"https:\/\/baportal.sk\/podnajom\/wp-json\/wp\/v2\/users\/1"}],"replies":[{"embeddable":true,"href":"https:\/\/baportal.sk\/podnajom\/wp-json\/wp\/v2\/comments?post=42705"}],"version-history":[{"count":0,"href":"https:\/\/baportal.sk\/podnajom\/wp-json\/wp\/v2\/posts\/42705\/revisions"}],"wp:featuredmedia":[{"embeddable":true,"href":"https:\/\/baportal.sk\/podnajom\/wp-json\/wp\/v2\/media\/42706"}],"wp:attachment":[{"href":"https:\/\/baportal.sk\/podnajom\/wp-json\/wp\/v2\/media?parent=42705"}],"wp:term":[{"taxonomy":"category","embeddable":true,"href":"https:\/\/baportal.sk\/podnajom\/wp-json\/wp\/v2\/categories?post=42705"},{"taxonomy":"post_tag","embeddable":true,"href":"https:\/\/baportal.sk\/podnajom\/wp-json\/wp\/v2\/tags?post=42705"}],"curies":[{"name":"wp","href":"https:\/\/api.w.org\/{rel}","templated":true}]}}