{"id":45351,"date":"2022-10-05T17:33:17","date_gmt":"2022-10-05T15:33:17","guid":{"rendered":"https:\/\/baportal.sk\/podnajom\/in\/45351\/"},"modified":"2022-10-05T17:33:17","modified_gmt":"2022-10-05T15:33:17","slug":"nepriechodna-izba-230e-mesiac","status":"publish","type":"post","link":"https:\/\/baportal.sk\/podnajom\/in\/45351\/","title":{"rendered":"Nepriechodn\u00e1 izba 230\u20ac\/mesiac"},"content":{"rendered":"<p>\ud83d\udccc Od 15.10.2022 h\u013ead\u00e1m za seba n\u00e1hradu do nepriechodnej izby na wolkrovej ulici. Cena 230\u20ac\/mesiac <br \/> \ud83d\udcccByt sa nach\u00e1dza na 2. poschod\u00ed v lokalite Dvory. V\u00fdborna dostupnos\u0165 do mesta 3 min\u00faty mhd. Zast\u00e1vka hne\u010f ved\u013ea bytovky. 1 zast\u00e1vka mhd-\u010dkou  Aupark. <br \/> \ud83d\udccc Na byte s\u00fa dvaja pracuj\u00faci chlapci tak\u017ee preferujeme niekoho kto m\u00e1 r\u00e1d svoj k\u013eud a dopraje ho aj ostatn\u00fdm.  <br \/> V pr\u00edpade z\u00e1ujmu spr\u00e1va. \ud83d\ude42<\/p>\n<p><a rel=\"nofollow\" href=\"https:\/\/scontent.fbts3-1.fna.fbcdn.net\/v\/t39.30808-6\/310742421_6122563364438049_6967836844812245310_n.jpg?_nc_cat=107&ccb=1-7&_nc_sid=36a2c1&_nc_ohc=Z9Q4UAyqtqIAX_0_jUG&_nc_ht=scontent.fbts3-1.fna&oh=00_AT-cC-Q9lXNtYL7AO5FgJQTsFECS2SsxnQJqCOWOP3F58A&oe=634282CD\"><img decoding=\"async\" class=\"wp_automatic_fb_img\" title=\"Nepriechodn\u00e1 izba 230\u20ac\/mesiac\" src=\"https:\/\/scontent.fbts3-1.fna.fbcdn.net\/v\/t39.30808-6\/310742421_6122563364438049_6967836844812245310_n.jpg?_nc_cat=107&ccb=1-7&_nc_sid=36a2c1&_nc_ohc=Z9Q4UAyqtqIAX_0_jUG&_nc_ht=scontent.fbts3-1.fna&oh=00_AT-cC-Q9lXNtYL7AO5FgJQTsFECS2SsxnQJqCOWOP3F58A&oe=634282CD\" \/><\/a><br \/><a rel=\"nofollow\" href=\"https:\/\/scontent.fbts3-1.fna.fbcdn.net\/v\/t39.30808-6\/310448013_6122563471104705_8778179899688116994_n.jpg?_nc_cat=102&ccb=1-7&_nc_sid=36a2c1&_nc_ohc=_i0lXfqFViMAX_yXTp5&_nc_ht=scontent.fbts3-1.fna&oh=00_AT8hab0fXcVCXxu220ftP85eVmQBbOPJNQ2Vh9Yi_oGleQ&oe=63434668\"><img decoding=\"async\" class=\"wp_automatic_fb_img\" title=\"Nepriechodn\u00e1 izba 230\u20ac\/mesiac\" src=\"https:\/\/scontent.fbts3-1.fna.fbcdn.net\/v\/t39.30808-6\/310448013_6122563471104705_8778179899688116994_n.jpg?_nc_cat=102&ccb=1-7&_nc_sid=36a2c1&_nc_ohc=_i0lXfqFViMAX_yXTp5&_nc_ht=scontent.fbts3-1.fna&oh=00_AT8hab0fXcVCXxu220ftP85eVmQBbOPJNQ2Vh9Yi_oGleQ&oe=63434668\" \/><\/a><br \/><a rel=\"nofollow\" href=\"https:\/\/scontent.fbts3-1.fna.fbcdn.net\/v\/t39.30808-6\/310453494_6122563411104711_3033100431608518141_n.jpg?_nc_cat=107&ccb=1-7&_nc_sid=36a2c1&_nc_ohc=1ZzD1RNX4CsAX8W90UM&_nc_ht=scontent.fbts3-1.fna&oh=00_AT9_7u9dHZGPr63jcSEHU1Y-PJ4LYhebdB3Tp7ke4Y1Yjw&oe=6343B451\"><img decoding=\"async\" class=\"wp_automatic_fb_img\" title=\"Nepriechodn\u00e1 izba 230\u20ac\/mesiac\" src=\"https:\/\/scontent.fbts3-1.fna.fbcdn.net\/v\/t39.30808-6\/310453494_6122563411104711_3033100431608518141_n.jpg?_nc_cat=107&ccb=1-7&_nc_sid=36a2c1&_nc_ohc=1ZzD1RNX4CsAX8W90UM&_nc_ht=scontent.fbts3-1.fna&oh=00_AT9_7u9dHZGPr63jcSEHU1Y-PJ4LYhebdB3Tp7ke4Y1Yjw&oe=6343B451\" \/><\/a><\/p>\n<div id=\"fb-root\"><\/div>\n<p><script>\n\t(function(d, s, id) {\n\t    var js, fjs = d.getElementsByTagName(s)[0];\n\t    if (d.getElementById(id))\n\t        return;\n\t    js = d.createElement(s);\n\t    js.id = id;\n\t    js.src = \"\/\/connect.facebook.net\/en_US\/all.js#xfbml=1\";\n\t    fjs.parentNode.insertBefore(js, fjs);\n\t}(document, 'script', 'facebook-jssdk'));\n\t<\/script><\/p>\n<div class=\"fb-post\" data-href=\"https:\/\/www.facebook.com\/673598812677373\/posts\/5422577387779468\"><\/div>\n","protected":false},"excerpt":{"rendered":"<p>\ud83d\udccc Od 15.10.2022 h\u013ead\u00e1m za seba n\u00e1hradu do nepriechodnej izby na wolkrovej ulici. Cena 230\u20ac\/mesiac \ud83d\udcccByt sa nach\u00e1dza na 2. poschod\u00ed v lokalite Dvory. V\u00fdborna dostupnos\u0165 do mesta 3 min\u00faty mhd. Zast\u00e1vka hne\u010f ved\u013ea bytovky. 1 zast\u00e1vka mhd-\u010dkou Aupark. \ud83d\udccc Na byte s\u00fa dvaja pracuj\u00faci chlapci tak\u017ee preferujeme niekoho kto m\u00e1 r\u00e1d svoj k\u013eud a [&hellip;]<\/p>\n","protected":false},"author":1,"featured_media":45352,"comment_status":"open","ping_status":"open","sticky":false,"template":"","format":"standard","meta":{"footnotes":""},"categories":[3],"tags":[],"class_list":["post-45351","post","type-post","status-publish","format-standard","has-post-thumbnail","hentry","category-prenajom-izby"],"yoast_head":"<!-- This site is optimized with the Yoast SEO plugin v23.1 - https:\/\/yoast.com\/wordpress\/plugins\/seo\/ -->\n<title>Nepriechodn\u00e1 izba 230\u20ac\/mesiac | Podn\u00e1jom - Baportal.sk - Bratislava<\/title>\n<meta name=\"description\" content=\"\ud83d\udccc Od 15.10.2022 h\u013ead\u00e1m za seba n\u00e1hradu do nepriechodnej izby na wolkrovej ulici. Cena 230\u20ac\/mesiac \ud83d\udcccByt sa nach\u00e1dza na 2. poschod\u00ed v lokalite Dvory.\" \/>\n<meta name=\"robots\" content=\"index, follow, max-snippet:-1, max-image-preview:large, max-video-preview:-1\" \/>\n<link rel=\"canonical\" href=\"https:\/\/baportal.sk\/podnajom\/in\/45351\/\" \/>\n<meta property=\"og:locale\" content=\"sk_SK\" \/>\n<meta property=\"og:type\" content=\"article\" \/>\n<meta property=\"og:title\" content=\"Nepriechodn\u00e1 izba 230\u20ac\/mesiac | Podn\u00e1jom - Baportal.sk - Bratislava\" \/>\n<meta property=\"og:description\" content=\"\ud83d\udccc Od 15.10.2022 h\u013ead\u00e1m za seba n\u00e1hradu do nepriechodnej izby na wolkrovej ulici. Cena 230\u20ac\/mesiac \ud83d\udcccByt sa nach\u00e1dza na 2. poschod\u00ed v lokalite Dvory.\" \/>\n<meta property=\"og:url\" content=\"https:\/\/baportal.sk\/podnajom\/in\/45351\/\" \/>\n<meta property=\"og:site_name\" content=\"Podn\u00e1jom - Baportal.sk - Bratislava\" \/>\n<meta property=\"article:published_time\" content=\"2022-10-05T15:33:17+00:00\" \/>\n<meta property=\"og:image\" content=\"https:\/\/scontent.fbts3-1.fna.fbcdn.net\/v\/t39.30808-6\/310742421_6122563364438049_6967836844812245310_n.jpg?_nc_cat=107&ccb=1-7&_nc_sid=36a2c1&_nc_ohc=Z9Q4UAyqtqIAX_0_jUG&_nc_ht=scontent.fbts3-1.fna&oh=00_AT-cC-Q9lXNtYL7AO5FgJQTsFECS2SsxnQJqCOWOP3F58A&oe=634282CD\" \/>\n<meta name=\"author\" content=\"marek\" \/>\n<meta name=\"twitter:card\" content=\"summary_large_image\" \/>\n<meta name=\"twitter:label1\" content=\"Autor\" \/>\n\t<meta name=\"twitter:data1\" content=\"marek\" \/>\n<script type=\"application\/ld+json\" class=\"yoast-schema-graph\">{\"@context\":\"https:\/\/schema.org\",\"@graph\":[{\"@type\":\"WebPage\",\"@id\":\"https:\/\/baportal.sk\/podnajom\/in\/45351\/\",\"url\":\"https:\/\/baportal.sk\/podnajom\/in\/45351\/\",\"name\":\"Nepriechodn\u00e1 izba 230\u20ac\/mesiac | Podn\u00e1jom - Baportal.sk - Bratislava\",\"isPartOf\":{\"@id\":\"https:\/\/baportal.sk\/podnajom\/#website\"},\"primaryImageOfPage\":{\"@id\":\"https:\/\/baportal.sk\/podnajom\/in\/45351\/#primaryimage\"},\"image\":{\"@id\":\"https:\/\/baportal.sk\/podnajom\/in\/45351\/#primaryimage\"},\"thumbnailUrl\":\"https:\/\/baportal.sk\/podnajom\/wp-content\/uploads\/2022\/10\/Nepriechodna-izba-230Emesiac.jpg\",\"datePublished\":\"2022-10-05T15:33:17+00:00\",\"dateModified\":\"2022-10-05T15:33:17+00:00\",\"author\":{\"@id\":\"https:\/\/baportal.sk\/podnajom\/#\/schema\/person\/1048c08c599b2e93379d6374549bd168\"},\"description\":\"\ud83d\udccc Od 15.10.2022 h\u013ead\u00e1m za seba n\u00e1hradu do nepriechodnej izby na wolkrovej ulici. Cena 230\u20ac\/mesiac \ud83d\udcccByt sa nach\u00e1dza na 2. poschod\u00ed v lokalite Dvory.\",\"breadcrumb\":{\"@id\":\"https:\/\/baportal.sk\/podnajom\/in\/45351\/#breadcrumb\"},\"inLanguage\":\"sk-SK\",\"potentialAction\":[{\"@type\":\"ReadAction\",\"target\":[\"https:\/\/baportal.sk\/podnajom\/in\/45351\/\"]}]},{\"@type\":\"ImageObject\",\"inLanguage\":\"sk-SK\",\"@id\":\"https:\/\/baportal.sk\/podnajom\/in\/45351\/#primaryimage\",\"url\":\"https:\/\/baportal.sk\/podnajom\/wp-content\/uploads\/2022\/10\/Nepriechodna-izba-230Emesiac.jpg\",\"contentUrl\":\"https:\/\/baportal.sk\/podnajom\/wp-content\/uploads\/2022\/10\/Nepriechodna-izba-230Emesiac.jpg\",\"width\":901,\"height\":1200},{\"@type\":\"BreadcrumbList\",\"@id\":\"https:\/\/baportal.sk\/podnajom\/in\/45351\/#breadcrumb\",\"itemListElement\":[{\"@type\":\"ListItem\",\"position\":1,\"name\":\"Domovsk\u00e1 str\u00e1nka\",\"item\":\"https:\/\/baportal.sk\/podnajom\/\"},{\"@type\":\"ListItem\",\"position\":2,\"name\":\"Nepriechodn\u00e1 izba 230\u20ac\/mesiac\"}]},{\"@type\":\"WebSite\",\"@id\":\"https:\/\/baportal.sk\/podnajom\/#website\",\"url\":\"https:\/\/baportal.sk\/podnajom\/\",\"name\":\"Podn\u00e1jom - Baportal.sk - Bratislava\",\"description\":\"\",\"potentialAction\":[{\"@type\":\"SearchAction\",\"target\":{\"@type\":\"EntryPoint\",\"urlTemplate\":\"https:\/\/baportal.sk\/podnajom\/?s={search_term_string}\"},\"query-input\":\"required name=search_term_string\"}],\"inLanguage\":\"sk-SK\"},{\"@type\":\"Person\",\"@id\":\"https:\/\/baportal.sk\/podnajom\/#\/schema\/person\/1048c08c599b2e93379d6374549bd168\",\"name\":\"marek\",\"image\":{\"@type\":\"ImageObject\",\"inLanguage\":\"sk-SK\",\"@id\":\"https:\/\/baportal.sk\/podnajom\/#\/schema\/person\/image\/\",\"url\":\"https:\/\/secure.gravatar.com\/avatar\/cdf0fbd37411d455f1afd87f93b867f6?s=96&d=mm&r=g\",\"contentUrl\":\"https:\/\/secure.gravatar.com\/avatar\/cdf0fbd37411d455f1afd87f93b867f6?s=96&d=mm&r=g\",\"caption\":\"marek\"},\"sameAs\":[\"https:\/\/www.baportal.sk\/podnajom\"]}]}<\/script>\n<!-- \/ Yoast SEO plugin. -->","yoast_head_json":{"title":"Nepriechodn\u00e1 izba 230\u20ac\/mesiac | Podn\u00e1jom - Baportal.sk - Bratislava","description":"\ud83d\udccc Od 15.10.2022 h\u013ead\u00e1m za seba n\u00e1hradu do nepriechodnej izby na wolkrovej ulici. Cena 230\u20ac\/mesiac \ud83d\udcccByt sa nach\u00e1dza na 2. poschod\u00ed v lokalite Dvory.","robots":{"index":"index","follow":"follow","max-snippet":"max-snippet:-1","max-image-preview":"max-image-preview:large","max-video-preview":"max-video-preview:-1"},"canonical":"https:\/\/baportal.sk\/podnajom\/in\/45351\/","og_locale":"sk_SK","og_type":"article","og_title":"Nepriechodn\u00e1 izba 230\u20ac\/mesiac | Podn\u00e1jom - Baportal.sk - Bratislava","og_description":"\ud83d\udccc Od 15.10.2022 h\u013ead\u00e1m za seba n\u00e1hradu do nepriechodnej izby na wolkrovej ulici. Cena 230\u20ac\/mesiac \ud83d\udcccByt sa nach\u00e1dza na 2. poschod\u00ed v lokalite Dvory.","og_url":"https:\/\/baportal.sk\/podnajom\/in\/45351\/","og_site_name":"Podn\u00e1jom - Baportal.sk - Bratislava","article_published_time":"2022-10-05T15:33:17+00:00","og_image":[{"url":"https:\/\/scontent.fbts3-1.fna.fbcdn.net\/v\/t39.30808-6\/310742421_6122563364438049_6967836844812245310_n.jpg?_nc_cat=107&ccb=1-7&_nc_sid=36a2c1&_nc_ohc=Z9Q4UAyqtqIAX_0_jUG&_nc_ht=scontent.fbts3-1.fna&oh=00_AT-cC-Q9lXNtYL7AO5FgJQTsFECS2SsxnQJqCOWOP3F58A&oe=634282CD"}],"author":"marek","twitter_card":"summary_large_image","twitter_misc":{"Autor":"marek"},"schema":{"@context":"https:\/\/schema.org","@graph":[{"@type":"WebPage","@id":"https:\/\/baportal.sk\/podnajom\/in\/45351\/","url":"https:\/\/baportal.sk\/podnajom\/in\/45351\/","name":"Nepriechodn\u00e1 izba 230\u20ac\/mesiac | Podn\u00e1jom - Baportal.sk - Bratislava","isPartOf":{"@id":"https:\/\/baportal.sk\/podnajom\/#website"},"primaryImageOfPage":{"@id":"https:\/\/baportal.sk\/podnajom\/in\/45351\/#primaryimage"},"image":{"@id":"https:\/\/baportal.sk\/podnajom\/in\/45351\/#primaryimage"},"thumbnailUrl":"https:\/\/baportal.sk\/podnajom\/wp-content\/uploads\/2022\/10\/Nepriechodna-izba-230Emesiac.jpg","datePublished":"2022-10-05T15:33:17+00:00","dateModified":"2022-10-05T15:33:17+00:00","author":{"@id":"https:\/\/baportal.sk\/podnajom\/#\/schema\/person\/1048c08c599b2e93379d6374549bd168"},"description":"\ud83d\udccc Od 15.10.2022 h\u013ead\u00e1m za seba n\u00e1hradu do nepriechodnej izby na wolkrovej ulici. Cena 230\u20ac\/mesiac \ud83d\udcccByt sa nach\u00e1dza na 2. poschod\u00ed v lokalite Dvory.","breadcrumb":{"@id":"https:\/\/baportal.sk\/podnajom\/in\/45351\/#breadcrumb"},"inLanguage":"sk-SK","potentialAction":[{"@type":"ReadAction","target":["https:\/\/baportal.sk\/podnajom\/in\/45351\/"]}]},{"@type":"ImageObject","inLanguage":"sk-SK","@id":"https:\/\/baportal.sk\/podnajom\/in\/45351\/#primaryimage","url":"https:\/\/baportal.sk\/podnajom\/wp-content\/uploads\/2022\/10\/Nepriechodna-izba-230Emesiac.jpg","contentUrl":"https:\/\/baportal.sk\/podnajom\/wp-content\/uploads\/2022\/10\/Nepriechodna-izba-230Emesiac.jpg","width":901,"height":1200},{"@type":"BreadcrumbList","@id":"https:\/\/baportal.sk\/podnajom\/in\/45351\/#breadcrumb","itemListElement":[{"@type":"ListItem","position":1,"name":"Domovsk\u00e1 str\u00e1nka","item":"https:\/\/baportal.sk\/podnajom\/"},{"@type":"ListItem","position":2,"name":"Nepriechodn\u00e1 izba 230\u20ac\/mesiac"}]},{"@type":"WebSite","@id":"https:\/\/baportal.sk\/podnajom\/#website","url":"https:\/\/baportal.sk\/podnajom\/","name":"Podn\u00e1jom - Baportal.sk - Bratislava","description":"","potentialAction":[{"@type":"SearchAction","target":{"@type":"EntryPoint","urlTemplate":"https:\/\/baportal.sk\/podnajom\/?s={search_term_string}"},"query-input":"required name=search_term_string"}],"inLanguage":"sk-SK"},{"@type":"Person","@id":"https:\/\/baportal.sk\/podnajom\/#\/schema\/person\/1048c08c599b2e93379d6374549bd168","name":"marek","image":{"@type":"ImageObject","inLanguage":"sk-SK","@id":"https:\/\/baportal.sk\/podnajom\/#\/schema\/person\/image\/","url":"https:\/\/secure.gravatar.com\/avatar\/cdf0fbd37411d455f1afd87f93b867f6?s=96&d=mm&r=g","contentUrl":"https:\/\/secure.gravatar.com\/avatar\/cdf0fbd37411d455f1afd87f93b867f6?s=96&d=mm&r=g","caption":"marek"},"sameAs":["https:\/\/www.baportal.sk\/podnajom"]}]}},"_links":{"self":[{"href":"https:\/\/baportal.sk\/podnajom\/wp-json\/wp\/v2\/posts\/45351"}],"collection":[{"href":"https:\/\/baportal.sk\/podnajom\/wp-json\/wp\/v2\/posts"}],"about":[{"href":"https:\/\/baportal.sk\/podnajom\/wp-json\/wp\/v2\/types\/post"}],"author":[{"embeddable":true,"href":"https:\/\/baportal.sk\/podnajom\/wp-json\/wp\/v2\/users\/1"}],"replies":[{"embeddable":true,"href":"https:\/\/baportal.sk\/podnajom\/wp-json\/wp\/v2\/comments?post=45351"}],"version-history":[{"count":0,"href":"https:\/\/baportal.sk\/podnajom\/wp-json\/wp\/v2\/posts\/45351\/revisions"}],"wp:featuredmedia":[{"embeddable":true,"href":"https:\/\/baportal.sk\/podnajom\/wp-json\/wp\/v2\/media\/45352"}],"wp:attachment":[{"href":"https:\/\/baportal.sk\/podnajom\/wp-json\/wp\/v2\/media?parent=45351"}],"wp:term":[{"taxonomy":"category","embeddable":true,"href":"https:\/\/baportal.sk\/podnajom\/wp-json\/wp\/v2\/categories?post=45351"},{"taxonomy":"post_tag","embeddable":true,"href":"https:\/\/baportal.sk\/podnajom\/wp-json\/wp\/v2\/tags?post=45351"}],"curies":[{"name":"wp","href":"https:\/\/api.w.org\/{rel}","templated":true}]}}