{"id":45945,"date":"2022-10-13T16:59:23","date_gmt":"2022-10-13T14:59:23","guid":{"rendered":"https:\/\/baportal.sk\/podnajom\/in\/45945\/"},"modified":"2022-10-13T16:59:23","modified_gmt":"2022-10-13T14:59:23","slug":"hladate-cloveka-do-bytu-ahojte-som-hugo-a-v-bratislave-si-hladam-izbu-na-ubyt","status":"publish","type":"post","link":"https:\/\/baportal.sk\/podnajom\/in\/45945\/","title":{"rendered":"H\u013dAD\u00c1TE \u010cLOVEKA DO BYTU?  Ahojte, som Hugo a v Bratislave si h\u013ead\u00e1m izbu na ubyt..."},"content":{"rendered":"<p>H\u013dAD\u00c1TE \u010cLOVEKA DO BYTU?  Ahojte, som Hugo a v Bratislave si h\u013ead\u00e1m izbu na ubytko. Som pomerne soci\u00e1lny \u010dlovek a tak by ma ve\u013emi te\u0161ilo, keby sme na\u0161li na byte s\u00falad a tr\u00e1vili spolu aj pr\u00edjemn\u00e9 chv\u00edle. \ud83d\ude42  \u010cO PON\u00daKAM - Tla\u010diare\u0148: ak by ste potrebovali nie\u010do tla\u010di\u0165 do pr\u00e1ce alebo \u0161koly  - Auto: ak by... <a rel=\"nofollow\" href=\"https:\/\/mbasic.facebook.com\/groups\/724349171023932\/permalink\/5313358942122909\/?refid=18&amp;_ft_=qid.-5439648370491413061%3Amf_story_key.5313358942122909%3Atop_level_post_id.5313358942122909%3Atl_objid.5313358942122909%3Acontent_owner_id_new.100001084497296%3Apage_id.724349171023932%3Asrc.22%3Aphoto_id.5715932478452845%3Astory_location.6%3Astory_attachment_style.photo%3Afilter.GroupStoriesByActivityEntQuery%3Aott.ottAX-vaTk-Sf2VM4Vs%3Asty.308%3Aent_attachement_type.MediaAttachment%3Apage_insights.%7B%22724349171023932%22%3A%7B%22page_id%22%3A724349171023932%2C%22page_id_type%22%3A%22group%22%2C%22actor_id%22%3A100001084497296%2C%22dm%22%3A%7B%22isShare%22%3A0%2C%22originalPostOwnerID%22%3A0%7D%2C%22psn%22%3A%22EntGroupMallPostCreationStory%22%2C%22post_context%22%3A%7B%22object_fbtype%22%3A657%2C%22publish_time%22%3A1665671084%2C%22story_name%22%3A%22EntGroupMallPostCreationStory%22%2C%22story_fbid%22%3A%5B5313358942122909%5D%7D%2C%22role%22%3A1%2C%22sl%22%3A6%7D%7D%3Aactrs.100001084497296%3Atds_flgs.3%3Aftmd_400706.111111l&amp;__tn__=%2As-R\">Viac<\/a>\n<\/p>\n<p> <img loading=\"lazy\" decoding=\"async\" src=\"https:\/\/scontent.fbts3-1.fna.fbcdn.net\/v\/t39.30808-6\/310592118_5715932441786182_321429487408832015_n.jpg?stp=cp1_dst-jpg_e15_q65_s206x206&_nc_cat=106&ccb=1-7&_nc_sid=5bac3a&_nc_ohc=B3wuMYPQCFYAX8ZJJHi&_nc_ht=scontent.fbts3-1.fna&oh=00_AT-RffLCDlQVFywA9zYNa8O-P4KNupB9fmFyifKSOGmYVA&oe=634C742C\" width=\"150\" height=\"200\" class=\"l\"><\/p>\n<div id=\"fb-root\"><\/div>\n<p><script>\n\t(function(d, s, id) {\n\t    var js, fjs = d.getElementsByTagName(s)[0];\n\t    if (d.getElementById(id))\n\t        return;\n\t    js = d.createElement(s);\n\t    js.id = id;\n\t    js.src = \"\/\/connect.facebook.net\/en_US\/all.js#xfbml=1\";\n\t    fjs.parentNode.insertBefore(js, fjs);\n\t}(document, 'script', 'facebook-jssdk'));\n\t<\/script><\/p>\n<div class=\"fb-post\" data-href=\"https:\/\/www.facebook.com\/724349171023932\/posts\/5313358942122909\"><\/div>\n","protected":false},"excerpt":{"rendered":"<p>H\u013dAD\u00c1TE \u010cLOVEKA DO BYTU? Ahojte, som Hugo a v Bratislave si h\u013ead\u00e1m izbu na ubytko. Som pomerne soci\u00e1lny \u010dlovek a tak by ma ve\u013emi te\u0161ilo, keby sme na\u0161li na byte s\u00falad a tr\u00e1vili spolu aj pr\u00edjemn\u00e9 chv\u00edle. \ud83d\ude42 \u010cO PON\u00daKAM - Tla\u010diare\u0148: ak by ste potrebovali nie\u010do tla\u010di\u0165 do pr\u00e1ce alebo \u0161koly - Auto: ak [&hellip;]<\/p>\n","protected":false},"author":1,"featured_media":0,"comment_status":"open","ping_status":"open","sticky":false,"template":"","format":"standard","meta":{"footnotes":""},"categories":[1],"tags":[],"class_list":["post-45945","post","type-post","status-publish","format-standard","hentry","category-nezaradene"],"yoast_head":"<!-- This site is optimized with the Yoast SEO plugin v23.1 - https:\/\/yoast.com\/wordpress\/plugins\/seo\/ -->\n<title>H\u013dAD\u00c1TE \u010cLOVEKA DO BYTU? Ahojte, som Hugo a v Bratislave si h\u013ead\u00e1m izbu na ubyt... | Podn\u00e1jom - Baportal.sk - Bratislava<\/title>\n<meta name=\"description\" content=\"H\u013dAD\u00c1TE \u010cLOVEKA DO BYTU? Ahojte, som Hugo a v Bratislave si h\u013ead\u00e1m izbu na ubytko. Som pomerne soci\u00e1lny \u010dlovek a tak by ma ve\u013emi te\u0161ilo, keby sme na\u0161li na\" \/>\n<meta name=\"robots\" content=\"index, follow, max-snippet:-1, max-image-preview:large, max-video-preview:-1\" \/>\n<link rel=\"canonical\" href=\"https:\/\/baportal.sk\/podnajom\/in\/45945\/\" \/>\n<meta property=\"og:locale\" content=\"sk_SK\" \/>\n<meta property=\"og:type\" content=\"article\" \/>\n<meta property=\"og:title\" content=\"H\u013dAD\u00c1TE \u010cLOVEKA DO BYTU? Ahojte, som Hugo a v Bratislave si h\u013ead\u00e1m izbu na ubyt... | Podn\u00e1jom - Baportal.sk - Bratislava\" \/>\n<meta property=\"og:description\" content=\"H\u013dAD\u00c1TE \u010cLOVEKA DO BYTU? Ahojte, som Hugo a v Bratislave si h\u013ead\u00e1m izbu na ubytko. Som pomerne soci\u00e1lny \u010dlovek a tak by ma ve\u013emi te\u0161ilo, keby sme na\u0161li na\" \/>\n<meta property=\"og:url\" content=\"https:\/\/baportal.sk\/podnajom\/in\/45945\/\" \/>\n<meta property=\"og:site_name\" content=\"Podn\u00e1jom - Baportal.sk - Bratislava\" \/>\n<meta property=\"article:published_time\" content=\"2022-10-13T14:59:23+00:00\" \/>\n<meta property=\"og:image\" content=\"https:\/\/scontent.fbts3-1.fna.fbcdn.net\/v\/t39.30808-6\/310592118_5715932441786182_321429487408832015_n.jpg?stp=cp1_dst-jpg_e15_q65_s206x206&_nc_cat=106&ccb=1-7&_nc_sid=5bac3a&_nc_ohc=B3wuMYPQCFYAX8ZJJHi&_nc_ht=scontent.fbts3-1.fna&oh=00_AT-RffLCDlQVFywA9zYNa8O-P4KNupB9fmFyifKSOGmYVA&oe=634C742C\" \/>\n<meta name=\"author\" content=\"marek\" \/>\n<meta name=\"twitter:card\" content=\"summary_large_image\" \/>\n<meta name=\"twitter:label1\" content=\"Autor\" \/>\n\t<meta name=\"twitter:data1\" content=\"marek\" \/>\n<script type=\"application\/ld+json\" class=\"yoast-schema-graph\">{\"@context\":\"https:\/\/schema.org\",\"@graph\":[{\"@type\":\"WebPage\",\"@id\":\"https:\/\/baportal.sk\/podnajom\/in\/45945\/\",\"url\":\"https:\/\/baportal.sk\/podnajom\/in\/45945\/\",\"name\":\"H\u013dAD\u00c1TE \u010cLOVEKA DO BYTU? Ahojte, som Hugo a v Bratislave si h\u013ead\u00e1m izbu na ubyt... | Podn\u00e1jom - Baportal.sk - Bratislava\",\"isPartOf\":{\"@id\":\"https:\/\/baportal.sk\/podnajom\/#website\"},\"primaryImageOfPage\":{\"@id\":\"https:\/\/baportal.sk\/podnajom\/in\/45945\/#primaryimage\"},\"image\":{\"@id\":\"https:\/\/baportal.sk\/podnajom\/in\/45945\/#primaryimage\"},\"thumbnailUrl\":\"https:\/\/scontent.fbts3-1.fna.fbcdn.net\/v\/t39.30808-6\/310592118_5715932441786182_321429487408832015_n.jpg?stp=cp1_dst-jpg_e15_q65_s206x206&_nc_cat=106&ccb=1-7&_nc_sid=5bac3a&_nc_ohc=B3wuMYPQCFYAX8ZJJHi&_nc_ht=scontent.fbts3-1.fna&oh=00_AT-RffLCDlQVFywA9zYNa8O-P4KNupB9fmFyifKSOGmYVA&oe=634C742C\",\"datePublished\":\"2022-10-13T14:59:23+00:00\",\"dateModified\":\"2022-10-13T14:59:23+00:00\",\"author\":{\"@id\":\"https:\/\/baportal.sk\/podnajom\/#\/schema\/person\/1048c08c599b2e93379d6374549bd168\"},\"description\":\"H\u013dAD\u00c1TE \u010cLOVEKA DO BYTU? Ahojte, som Hugo a v Bratislave si h\u013ead\u00e1m izbu na ubytko. Som pomerne soci\u00e1lny \u010dlovek a tak by ma ve\u013emi te\u0161ilo, keby sme na\u0161li na\",\"breadcrumb\":{\"@id\":\"https:\/\/baportal.sk\/podnajom\/in\/45945\/#breadcrumb\"},\"inLanguage\":\"sk-SK\",\"potentialAction\":[{\"@type\":\"ReadAction\",\"target\":[\"https:\/\/baportal.sk\/podnajom\/in\/45945\/\"]}]},{\"@type\":\"ImageObject\",\"inLanguage\":\"sk-SK\",\"@id\":\"https:\/\/baportal.sk\/podnajom\/in\/45945\/#primaryimage\",\"url\":\"https:\/\/scontent.fbts3-1.fna.fbcdn.net\/v\/t39.30808-6\/310592118_5715932441786182_321429487408832015_n.jpg?stp=cp1_dst-jpg_e15_q65_s206x206&_nc_cat=106&ccb=1-7&_nc_sid=5bac3a&_nc_ohc=B3wuMYPQCFYAX8ZJJHi&_nc_ht=scontent.fbts3-1.fna&oh=00_AT-RffLCDlQVFywA9zYNa8O-P4KNupB9fmFyifKSOGmYVA&oe=634C742C\",\"contentUrl\":\"https:\/\/scontent.fbts3-1.fna.fbcdn.net\/v\/t39.30808-6\/310592118_5715932441786182_321429487408832015_n.jpg?stp=cp1_dst-jpg_e15_q65_s206x206&_nc_cat=106&ccb=1-7&_nc_sid=5bac3a&_nc_ohc=B3wuMYPQCFYAX8ZJJHi&_nc_ht=scontent.fbts3-1.fna&oh=00_AT-RffLCDlQVFywA9zYNa8O-P4KNupB9fmFyifKSOGmYVA&oe=634C742C\"},{\"@type\":\"BreadcrumbList\",\"@id\":\"https:\/\/baportal.sk\/podnajom\/in\/45945\/#breadcrumb\",\"itemListElement\":[{\"@type\":\"ListItem\",\"position\":1,\"name\":\"Domovsk\u00e1 str\u00e1nka\",\"item\":\"https:\/\/baportal.sk\/podnajom\/\"},{\"@type\":\"ListItem\",\"position\":2,\"name\":\"H\u013dAD\u00c1TE \u010cLOVEKA DO BYTU? Ahojte, som Hugo a v Bratislave si h\u013ead\u00e1m izbu na ubyt...\"}]},{\"@type\":\"WebSite\",\"@id\":\"https:\/\/baportal.sk\/podnajom\/#website\",\"url\":\"https:\/\/baportal.sk\/podnajom\/\",\"name\":\"Podn\u00e1jom - Baportal.sk - Bratislava\",\"description\":\"\",\"potentialAction\":[{\"@type\":\"SearchAction\",\"target\":{\"@type\":\"EntryPoint\",\"urlTemplate\":\"https:\/\/baportal.sk\/podnajom\/?s={search_term_string}\"},\"query-input\":\"required name=search_term_string\"}],\"inLanguage\":\"sk-SK\"},{\"@type\":\"Person\",\"@id\":\"https:\/\/baportal.sk\/podnajom\/#\/schema\/person\/1048c08c599b2e93379d6374549bd168\",\"name\":\"marek\",\"image\":{\"@type\":\"ImageObject\",\"inLanguage\":\"sk-SK\",\"@id\":\"https:\/\/baportal.sk\/podnajom\/#\/schema\/person\/image\/\",\"url\":\"https:\/\/secure.gravatar.com\/avatar\/cdf0fbd37411d455f1afd87f93b867f6?s=96&d=mm&r=g\",\"contentUrl\":\"https:\/\/secure.gravatar.com\/avatar\/cdf0fbd37411d455f1afd87f93b867f6?s=96&d=mm&r=g\",\"caption\":\"marek\"},\"sameAs\":[\"https:\/\/www.baportal.sk\/podnajom\"]}]}<\/script>\n<!-- \/ Yoast SEO plugin. -->","yoast_head_json":{"title":"H\u013dAD\u00c1TE \u010cLOVEKA DO BYTU? Ahojte, som Hugo a v Bratislave si h\u013ead\u00e1m izbu na ubyt... | Podn\u00e1jom - Baportal.sk - Bratislava","description":"H\u013dAD\u00c1TE \u010cLOVEKA DO BYTU? Ahojte, som Hugo a v Bratislave si h\u013ead\u00e1m izbu na ubytko. Som pomerne soci\u00e1lny \u010dlovek a tak by ma ve\u013emi te\u0161ilo, keby sme na\u0161li na","robots":{"index":"index","follow":"follow","max-snippet":"max-snippet:-1","max-image-preview":"max-image-preview:large","max-video-preview":"max-video-preview:-1"},"canonical":"https:\/\/baportal.sk\/podnajom\/in\/45945\/","og_locale":"sk_SK","og_type":"article","og_title":"H\u013dAD\u00c1TE \u010cLOVEKA DO BYTU? Ahojte, som Hugo a v Bratislave si h\u013ead\u00e1m izbu na ubyt... | Podn\u00e1jom - Baportal.sk - Bratislava","og_description":"H\u013dAD\u00c1TE \u010cLOVEKA DO BYTU? Ahojte, som Hugo a v Bratislave si h\u013ead\u00e1m izbu na ubytko. Som pomerne soci\u00e1lny \u010dlovek a tak by ma ve\u013emi te\u0161ilo, keby sme na\u0161li na","og_url":"https:\/\/baportal.sk\/podnajom\/in\/45945\/","og_site_name":"Podn\u00e1jom - Baportal.sk - Bratislava","article_published_time":"2022-10-13T14:59:23+00:00","og_image":[{"url":"https:\/\/scontent.fbts3-1.fna.fbcdn.net\/v\/t39.30808-6\/310592118_5715932441786182_321429487408832015_n.jpg?stp=cp1_dst-jpg_e15_q65_s206x206&_nc_cat=106&ccb=1-7&_nc_sid=5bac3a&_nc_ohc=B3wuMYPQCFYAX8ZJJHi&_nc_ht=scontent.fbts3-1.fna&oh=00_AT-RffLCDlQVFywA9zYNa8O-P4KNupB9fmFyifKSOGmYVA&oe=634C742C"}],"author":"marek","twitter_card":"summary_large_image","twitter_misc":{"Autor":"marek"},"schema":{"@context":"https:\/\/schema.org","@graph":[{"@type":"WebPage","@id":"https:\/\/baportal.sk\/podnajom\/in\/45945\/","url":"https:\/\/baportal.sk\/podnajom\/in\/45945\/","name":"H\u013dAD\u00c1TE \u010cLOVEKA DO BYTU? Ahojte, som Hugo a v Bratislave si h\u013ead\u00e1m izbu na ubyt... | Podn\u00e1jom - Baportal.sk - Bratislava","isPartOf":{"@id":"https:\/\/baportal.sk\/podnajom\/#website"},"primaryImageOfPage":{"@id":"https:\/\/baportal.sk\/podnajom\/in\/45945\/#primaryimage"},"image":{"@id":"https:\/\/baportal.sk\/podnajom\/in\/45945\/#primaryimage"},"thumbnailUrl":"https:\/\/scontent.fbts3-1.fna.fbcdn.net\/v\/t39.30808-6\/310592118_5715932441786182_321429487408832015_n.jpg?stp=cp1_dst-jpg_e15_q65_s206x206&_nc_cat=106&ccb=1-7&_nc_sid=5bac3a&_nc_ohc=B3wuMYPQCFYAX8ZJJHi&_nc_ht=scontent.fbts3-1.fna&oh=00_AT-RffLCDlQVFywA9zYNa8O-P4KNupB9fmFyifKSOGmYVA&oe=634C742C","datePublished":"2022-10-13T14:59:23+00:00","dateModified":"2022-10-13T14:59:23+00:00","author":{"@id":"https:\/\/baportal.sk\/podnajom\/#\/schema\/person\/1048c08c599b2e93379d6374549bd168"},"description":"H\u013dAD\u00c1TE \u010cLOVEKA DO BYTU? Ahojte, som Hugo a v Bratislave si h\u013ead\u00e1m izbu na ubytko. Som pomerne soci\u00e1lny \u010dlovek a tak by ma ve\u013emi te\u0161ilo, keby sme na\u0161li na","breadcrumb":{"@id":"https:\/\/baportal.sk\/podnajom\/in\/45945\/#breadcrumb"},"inLanguage":"sk-SK","potentialAction":[{"@type":"ReadAction","target":["https:\/\/baportal.sk\/podnajom\/in\/45945\/"]}]},{"@type":"ImageObject","inLanguage":"sk-SK","@id":"https:\/\/baportal.sk\/podnajom\/in\/45945\/#primaryimage","url":"https:\/\/scontent.fbts3-1.fna.fbcdn.net\/v\/t39.30808-6\/310592118_5715932441786182_321429487408832015_n.jpg?stp=cp1_dst-jpg_e15_q65_s206x206&_nc_cat=106&ccb=1-7&_nc_sid=5bac3a&_nc_ohc=B3wuMYPQCFYAX8ZJJHi&_nc_ht=scontent.fbts3-1.fna&oh=00_AT-RffLCDlQVFywA9zYNa8O-P4KNupB9fmFyifKSOGmYVA&oe=634C742C","contentUrl":"https:\/\/scontent.fbts3-1.fna.fbcdn.net\/v\/t39.30808-6\/310592118_5715932441786182_321429487408832015_n.jpg?stp=cp1_dst-jpg_e15_q65_s206x206&_nc_cat=106&ccb=1-7&_nc_sid=5bac3a&_nc_ohc=B3wuMYPQCFYAX8ZJJHi&_nc_ht=scontent.fbts3-1.fna&oh=00_AT-RffLCDlQVFywA9zYNa8O-P4KNupB9fmFyifKSOGmYVA&oe=634C742C"},{"@type":"BreadcrumbList","@id":"https:\/\/baportal.sk\/podnajom\/in\/45945\/#breadcrumb","itemListElement":[{"@type":"ListItem","position":1,"name":"Domovsk\u00e1 str\u00e1nka","item":"https:\/\/baportal.sk\/podnajom\/"},{"@type":"ListItem","position":2,"name":"H\u013dAD\u00c1TE \u010cLOVEKA DO BYTU? Ahojte, som Hugo a v Bratislave si h\u013ead\u00e1m izbu na ubyt..."}]},{"@type":"WebSite","@id":"https:\/\/baportal.sk\/podnajom\/#website","url":"https:\/\/baportal.sk\/podnajom\/","name":"Podn\u00e1jom - Baportal.sk - Bratislava","description":"","potentialAction":[{"@type":"SearchAction","target":{"@type":"EntryPoint","urlTemplate":"https:\/\/baportal.sk\/podnajom\/?s={search_term_string}"},"query-input":"required name=search_term_string"}],"inLanguage":"sk-SK"},{"@type":"Person","@id":"https:\/\/baportal.sk\/podnajom\/#\/schema\/person\/1048c08c599b2e93379d6374549bd168","name":"marek","image":{"@type":"ImageObject","inLanguage":"sk-SK","@id":"https:\/\/baportal.sk\/podnajom\/#\/schema\/person\/image\/","url":"https:\/\/secure.gravatar.com\/avatar\/cdf0fbd37411d455f1afd87f93b867f6?s=96&d=mm&r=g","contentUrl":"https:\/\/secure.gravatar.com\/avatar\/cdf0fbd37411d455f1afd87f93b867f6?s=96&d=mm&r=g","caption":"marek"},"sameAs":["https:\/\/www.baportal.sk\/podnajom"]}]}},"_links":{"self":[{"href":"https:\/\/baportal.sk\/podnajom\/wp-json\/wp\/v2\/posts\/45945"}],"collection":[{"href":"https:\/\/baportal.sk\/podnajom\/wp-json\/wp\/v2\/posts"}],"about":[{"href":"https:\/\/baportal.sk\/podnajom\/wp-json\/wp\/v2\/types\/post"}],"author":[{"embeddable":true,"href":"https:\/\/baportal.sk\/podnajom\/wp-json\/wp\/v2\/users\/1"}],"replies":[{"embeddable":true,"href":"https:\/\/baportal.sk\/podnajom\/wp-json\/wp\/v2\/comments?post=45945"}],"version-history":[{"count":0,"href":"https:\/\/baportal.sk\/podnajom\/wp-json\/wp\/v2\/posts\/45945\/revisions"}],"wp:attachment":[{"href":"https:\/\/baportal.sk\/podnajom\/wp-json\/wp\/v2\/media?parent=45945"}],"wp:term":[{"taxonomy":"category","embeddable":true,"href":"https:\/\/baportal.sk\/podnajom\/wp-json\/wp\/v2\/categories?post=45945"},{"taxonomy":"post_tag","embeddable":true,"href":"https:\/\/baportal.sk\/podnajom\/wp-json\/wp\/v2\/tags?post=45945"}],"curies":[{"name":"wp","href":"https:\/\/api.w.org\/{rel}","templated":true}]}}