{"id":46579,"date":"2022-05-05T03:01:49","date_gmt":"2022-05-05T01:01:49","guid":{"rendered":"https:\/\/baportal.sk\/podnajom\/in\/46579\/"},"modified":"2022-05-05T03:01:49","modified_gmt":"2022-05-05T01:01:49","slug":"priestranny-2-izbovy-byt-vo-vyhladavanej-rezidencii-male-krasnany","status":"publish","type":"post","link":"https:\/\/baportal.sk\/podnajom\/in\/46579\/","title":{"rendered":"Priestrann\u00fd 2 izbov\u00fd byt vo vyh\u013ead\u00e1vanej rezidencii Mal\u00e9 Kras\u0148any"},"content":{"rendered":"<div class=\"text-inner\">\n                                Realitn\u00e1 kancel\u00e1ria Tom &amp; Tiles V\u00e1m pon\u00faka na pren\u00e1jom v\u00fdborne dispozi\u010dne rie\u0161en\u00fd, priestrann\u00fd 2 izbov\u00fd byt s gar\u00e1\u017eov\u00fdm st\u00e1t\u00edm a pivnicou vo vyh\u013ead\u00e1vanom projekte Mal\u00e9 Kras\u0148any v n\u00e1dhernom prostred\u00ed pod vinicami a lesmi Mal\u00fdch Karp\u00e1t.\u00a0<\/p>\n<p>BYT:\u00a0<br \/>\nJe situovan\u00fd na 5.poschod\u00ed (celkovo 6) a prenaj\u00edma sa kompletne nad\u0161tandardne zariaden\u00fd.\u00a0<\/p>\n<p>Byt pozost\u00e1va zo:\u00a0<br \/>\n- vstupn\u00e1 predsie\u0148,<br \/>\n- plne vybaven\u00e1 kuchy\u0148a so spotrebi\u010dmi na mieru (chladni\u010dka s mrazni\u010dkou, sklokeramick\u00e1 varn\u00e1 doska, elektrick\u00e1 r\u00fara, um\u00fdva\u010dka riadu, mikrovln\u00e1 r\u00fara) s jed\u00e1lenskou \u010dastou a prepojenou s priestrannou ob\u00fdvacou izbou,\u00a0<br \/>\n- ob\u00fdvacia izba s v\u00fdstupom na loggiu,\u00a0<br \/>\n- sp\u00e1l\u0148a s man\u017eelskou poste\u013eou a vstavanou skri\u0148ou,\u00a0<br \/>\n- priestrann\u00fd samostatn\u00fd \u0161atn\u00edk s mno\u017estvom \u00falo\u017en\u00fdch priestorov,\u00a0<br \/>\n- k\u00fape\u013ene s va\u0148ou a pr\u00e1\u010dkou,\u00a0<br \/>\n- samostatnej toalety,\u00a0<br \/>\n- loggie s kr\u00e1snym v\u00fdh\u013eadom do vin\u00edc.\u00a0<\/p>\n<p>K bytu prisl\u00facha gar\u00e1\u017eov\u00e9 st\u00e1tie s priestrannou pivnicou, ktor\u00e1 je situovan\u00e1 hne\u010f za gar\u00e1\u017eov\u00fdm st\u00e1t\u00edm (do bytu vstupujete z auta \"suchou nohou\").\u00a0<\/p>\n<p>LOKALITA: Rezidencia Mal\u00e9 Kras\u0148any je situovan\u00e1 na \u00fap\u00e4t\u00ed Mal\u00fdch Karp\u00e1t tesne pod kr\u00e1sne udr\u017eiavan\u00fdmi vinohradmi. Poskytuje kompletn\u00fa ob\u010diansku vybavenos\u0165 (v pe\u0161ej dostupnosti s\u00fa potraviny Malina, Lidl, Kraj, lek\u00e1rne, zdravotn\u00e9 stredisko, kaviarne, re\u0161taur\u00e1cie) a ve\u013ea mo\u017enost\u00ed na akt\u00edvne tr\u00e1venie vo\u013en\u00e9ho \u010dasu (cyklotrasa do Mal\u00fdch Karp\u00e1t, turistick\u00e9 chodn\u00edky, posil\u0148ov\u0148a, stredisk\u00e1 vo\u013en\u00e9ho \u010dasu). Lokalita s\u00fa\u010dasne zabezpe\u010duje v\u00fdborn\u00fa dopravn\u00fa dostupnos\u0165 do centra mesta a napojenie na dia\u013eni\u010dn\u00fd obchvat D4\/R7 (zast\u00e1vka MHD 2 min\u00faty pe\u0161o).\u00a0<\/p>\n<p>CENA N\u00c1JMU: 600 EUR\/mesiac + 160 EUR\/mesiac energie vr\u00e1tane KTV a optick\u00e9ho internetu + 90 EUR\/mesiac gar\u00e1\u017eov\u00e9 st\u00e1tie s pivnicou\u00a0<\/p>\n<p>V pr\u00edpade z\u00e1ujmu n\u00e1s nev\u00e1hajte kontaktova\u0165 na telef\u00f3nom \u010d\u00edslo 0940 607 143 alebo emailom siffalovic@ttre.sk<\/p>\n<p>\u00a9Text a fotografie s\u00fa majetkom a autorsk\u00fdm dielom realitnej kancel\u00e1rie Tom &amp; Tiles                            <\/p><\/div>\n","protected":false},"excerpt":{"rendered":"<p>Realitn\u00e1 kancel\u00e1ria Tom &amp; Tiles V\u00e1m pon\u00faka na pren\u00e1jom v\u00fdborne dispozi\u010dne rie\u0161en\u00fd, priestrann\u00fd 2 izbov\u00fd byt s gar\u00e1\u017eov\u00fdm st\u00e1t\u00edm a pivnicou vo vyh\u013ead\u00e1vanom projekte Mal\u00e9 Kras\u0148any v n\u00e1dhernom prostred\u00ed pod vinicami a lesmi Mal\u00fdch Karp\u00e1t.\u00a0 BYT:\u00a0 Je situovan\u00fd na 5.poschod\u00ed (celkovo 6) a prenaj\u00edma sa kompletne nad\u0161tandardne zariaden\u00fd.\u00a0 Byt pozost\u00e1va zo:\u00a0 - vstupn\u00e1 predsie\u0148, - [&hellip;]<\/p>\n","protected":false},"author":1,"featured_media":46580,"comment_status":"open","ping_status":"open","sticky":false,"template":"","format":"standard","meta":{"footnotes":""},"categories":[4],"tags":[],"class_list":["post-46579","post","type-post","status-publish","format-standard","has-post-thumbnail","hentry","category-prenajom-bytu"],"yoast_head":"<!-- This site is optimized with the Yoast SEO plugin v23.1 - https:\/\/yoast.com\/wordpress\/plugins\/seo\/ -->\n<title>Priestrann\u00fd 2 izbov\u00fd byt vo vyh\u013ead\u00e1vanej rezidencii Mal\u00e9 Kras\u0148any | Podn\u00e1jom - Baportal.sk - Bratislava<\/title>\n<meta name=\"description\" content=\"Realitn\u00e1 kancel\u00e1ria Tom &amp; Tiles V\u00e1m pon\u00faka na pren\u00e1jom v\u00fdborne dispozi\u010dne rie\u0161en\u00fd, priestrann\u00fd 2 izbov\u00fd byt s gar\u00e1\u017eov\u00fdm st\u00e1t\u00edm a pivnicou vo\" \/>\n<meta name=\"robots\" content=\"index, follow, max-snippet:-1, max-image-preview:large, max-video-preview:-1\" \/>\n<link rel=\"canonical\" href=\"https:\/\/baportal.sk\/podnajom\/in\/46579\/\" \/>\n<meta property=\"og:locale\" content=\"sk_SK\" \/>\n<meta property=\"og:type\" content=\"article\" \/>\n<meta property=\"og:title\" content=\"Priestrann\u00fd 2 izbov\u00fd byt vo vyh\u013ead\u00e1vanej rezidencii Mal\u00e9 Kras\u0148any | Podn\u00e1jom - Baportal.sk - Bratislava\" \/>\n<meta property=\"og:description\" content=\"Realitn\u00e1 kancel\u00e1ria Tom &amp; Tiles V\u00e1m pon\u00faka na pren\u00e1jom v\u00fdborne dispozi\u010dne rie\u0161en\u00fd, priestrann\u00fd 2 izbov\u00fd byt s gar\u00e1\u017eov\u00fdm st\u00e1t\u00edm a pivnicou vo\" \/>\n<meta property=\"og:url\" content=\"https:\/\/baportal.sk\/podnajom\/in\/46579\/\" \/>\n<meta property=\"og:site_name\" content=\"Podn\u00e1jom - Baportal.sk - Bratislava\" \/>\n<meta property=\"article:published_time\" content=\"2022-05-05T01:01:49+00:00\" \/>\n<meta name=\"author\" content=\"marek\" \/>\n<meta name=\"twitter:card\" content=\"summary_large_image\" \/>\n<meta name=\"twitter:label1\" content=\"Autor\" \/>\n\t<meta name=\"twitter:data1\" content=\"marek\" \/>\n\t<meta name=\"twitter:label2\" content=\"Predpokladan\u00fd \u010das \u010d\u00edtania\" \/>\n\t<meta name=\"twitter:data2\" content=\"2 min\u00faty\" \/>\n<script type=\"application\/ld+json\" class=\"yoast-schema-graph\">{\"@context\":\"https:\/\/schema.org\",\"@graph\":[{\"@type\":\"WebPage\",\"@id\":\"https:\/\/baportal.sk\/podnajom\/in\/46579\/\",\"url\":\"https:\/\/baportal.sk\/podnajom\/in\/46579\/\",\"name\":\"Priestrann\u00fd 2 izbov\u00fd byt vo vyh\u013ead\u00e1vanej rezidencii Mal\u00e9 Kras\u0148any | Podn\u00e1jom - Baportal.sk - Bratislava\",\"isPartOf\":{\"@id\":\"https:\/\/baportal.sk\/podnajom\/#website\"},\"primaryImageOfPage\":{\"@id\":\"https:\/\/baportal.sk\/podnajom\/in\/46579\/#primaryimage\"},\"image\":{\"@id\":\"https:\/\/baportal.sk\/podnajom\/in\/46579\/#primaryimage\"},\"thumbnailUrl\":\"https:\/\/baportal.sk\/podnajom\/wp-content\/uploads\/2022\/10\/Priestranny-2-izbovy-byt-vo-vyhladavanej-rezidencii-Male-Krasnany.jpeg\",\"datePublished\":\"2022-05-05T01:01:49+00:00\",\"dateModified\":\"2022-05-05T01:01:49+00:00\",\"author\":{\"@id\":\"https:\/\/baportal.sk\/podnajom\/#\/schema\/person\/1048c08c599b2e93379d6374549bd168\"},\"description\":\"Realitn\u00e1 kancel\u00e1ria Tom &amp; Tiles V\u00e1m pon\u00faka na pren\u00e1jom v\u00fdborne dispozi\u010dne rie\u0161en\u00fd, priestrann\u00fd 2 izbov\u00fd byt s gar\u00e1\u017eov\u00fdm st\u00e1t\u00edm a pivnicou vo\",\"breadcrumb\":{\"@id\":\"https:\/\/baportal.sk\/podnajom\/in\/46579\/#breadcrumb\"},\"inLanguage\":\"sk-SK\",\"potentialAction\":[{\"@type\":\"ReadAction\",\"target\":[\"https:\/\/baportal.sk\/podnajom\/in\/46579\/\"]}]},{\"@type\":\"ImageObject\",\"inLanguage\":\"sk-SK\",\"@id\":\"https:\/\/baportal.sk\/podnajom\/in\/46579\/#primaryimage\",\"url\":\"https:\/\/baportal.sk\/podnajom\/wp-content\/uploads\/2022\/10\/Priestranny-2-izbovy-byt-vo-vyhladavanej-rezidencii-Male-Krasnany.jpeg\",\"contentUrl\":\"https:\/\/baportal.sk\/podnajom\/wp-content\/uploads\/2022\/10\/Priestranny-2-izbovy-byt-vo-vyhladavanej-rezidencii-Male-Krasnany.jpeg\",\"width\":600,\"height\":315},{\"@type\":\"BreadcrumbList\",\"@id\":\"https:\/\/baportal.sk\/podnajom\/in\/46579\/#breadcrumb\",\"itemListElement\":[{\"@type\":\"ListItem\",\"position\":1,\"name\":\"Domovsk\u00e1 str\u00e1nka\",\"item\":\"https:\/\/baportal.sk\/podnajom\/\"},{\"@type\":\"ListItem\",\"position\":2,\"name\":\"Priestrann\u00fd 2 izbov\u00fd byt vo vyh\u013ead\u00e1vanej rezidencii Mal\u00e9 Kras\u0148any\"}]},{\"@type\":\"WebSite\",\"@id\":\"https:\/\/baportal.sk\/podnajom\/#website\",\"url\":\"https:\/\/baportal.sk\/podnajom\/\",\"name\":\"Podn\u00e1jom - Baportal.sk - Bratislava\",\"description\":\"\",\"potentialAction\":[{\"@type\":\"SearchAction\",\"target\":{\"@type\":\"EntryPoint\",\"urlTemplate\":\"https:\/\/baportal.sk\/podnajom\/?s={search_term_string}\"},\"query-input\":\"required name=search_term_string\"}],\"inLanguage\":\"sk-SK\"},{\"@type\":\"Person\",\"@id\":\"https:\/\/baportal.sk\/podnajom\/#\/schema\/person\/1048c08c599b2e93379d6374549bd168\",\"name\":\"marek\",\"image\":{\"@type\":\"ImageObject\",\"inLanguage\":\"sk-SK\",\"@id\":\"https:\/\/baportal.sk\/podnajom\/#\/schema\/person\/image\/\",\"url\":\"https:\/\/secure.gravatar.com\/avatar\/cdf0fbd37411d455f1afd87f93b867f6?s=96&d=mm&r=g\",\"contentUrl\":\"https:\/\/secure.gravatar.com\/avatar\/cdf0fbd37411d455f1afd87f93b867f6?s=96&d=mm&r=g\",\"caption\":\"marek\"},\"sameAs\":[\"https:\/\/www.baportal.sk\/podnajom\"]}]}<\/script>\n<!-- \/ Yoast SEO plugin. -->","yoast_head_json":{"title":"Priestrann\u00fd 2 izbov\u00fd byt vo vyh\u013ead\u00e1vanej rezidencii Mal\u00e9 Kras\u0148any | Podn\u00e1jom - Baportal.sk - Bratislava","description":"Realitn\u00e1 kancel\u00e1ria Tom &amp; Tiles V\u00e1m pon\u00faka na pren\u00e1jom v\u00fdborne dispozi\u010dne rie\u0161en\u00fd, priestrann\u00fd 2 izbov\u00fd byt s gar\u00e1\u017eov\u00fdm st\u00e1t\u00edm a pivnicou vo","robots":{"index":"index","follow":"follow","max-snippet":"max-snippet:-1","max-image-preview":"max-image-preview:large","max-video-preview":"max-video-preview:-1"},"canonical":"https:\/\/baportal.sk\/podnajom\/in\/46579\/","og_locale":"sk_SK","og_type":"article","og_title":"Priestrann\u00fd 2 izbov\u00fd byt vo vyh\u013ead\u00e1vanej rezidencii Mal\u00e9 Kras\u0148any | Podn\u00e1jom - Baportal.sk - Bratislava","og_description":"Realitn\u00e1 kancel\u00e1ria Tom &amp; Tiles V\u00e1m pon\u00faka na pren\u00e1jom v\u00fdborne dispozi\u010dne rie\u0161en\u00fd, priestrann\u00fd 2 izbov\u00fd byt s gar\u00e1\u017eov\u00fdm st\u00e1t\u00edm a pivnicou vo","og_url":"https:\/\/baportal.sk\/podnajom\/in\/46579\/","og_site_name":"Podn\u00e1jom - Baportal.sk - Bratislava","article_published_time":"2022-05-05T01:01:49+00:00","author":"marek","twitter_card":"summary_large_image","twitter_misc":{"Autor":"marek","Predpokladan\u00fd \u010das \u010d\u00edtania":"2 min\u00faty"},"schema":{"@context":"https:\/\/schema.org","@graph":[{"@type":"WebPage","@id":"https:\/\/baportal.sk\/podnajom\/in\/46579\/","url":"https:\/\/baportal.sk\/podnajom\/in\/46579\/","name":"Priestrann\u00fd 2 izbov\u00fd byt vo vyh\u013ead\u00e1vanej rezidencii Mal\u00e9 Kras\u0148any | Podn\u00e1jom - Baportal.sk - Bratislava","isPartOf":{"@id":"https:\/\/baportal.sk\/podnajom\/#website"},"primaryImageOfPage":{"@id":"https:\/\/baportal.sk\/podnajom\/in\/46579\/#primaryimage"},"image":{"@id":"https:\/\/baportal.sk\/podnajom\/in\/46579\/#primaryimage"},"thumbnailUrl":"https:\/\/baportal.sk\/podnajom\/wp-content\/uploads\/2022\/10\/Priestranny-2-izbovy-byt-vo-vyhladavanej-rezidencii-Male-Krasnany.jpeg","datePublished":"2022-05-05T01:01:49+00:00","dateModified":"2022-05-05T01:01:49+00:00","author":{"@id":"https:\/\/baportal.sk\/podnajom\/#\/schema\/person\/1048c08c599b2e93379d6374549bd168"},"description":"Realitn\u00e1 kancel\u00e1ria Tom &amp; Tiles V\u00e1m pon\u00faka na pren\u00e1jom v\u00fdborne dispozi\u010dne rie\u0161en\u00fd, priestrann\u00fd 2 izbov\u00fd byt s gar\u00e1\u017eov\u00fdm st\u00e1t\u00edm a pivnicou vo","breadcrumb":{"@id":"https:\/\/baportal.sk\/podnajom\/in\/46579\/#breadcrumb"},"inLanguage":"sk-SK","potentialAction":[{"@type":"ReadAction","target":["https:\/\/baportal.sk\/podnajom\/in\/46579\/"]}]},{"@type":"ImageObject","inLanguage":"sk-SK","@id":"https:\/\/baportal.sk\/podnajom\/in\/46579\/#primaryimage","url":"https:\/\/baportal.sk\/podnajom\/wp-content\/uploads\/2022\/10\/Priestranny-2-izbovy-byt-vo-vyhladavanej-rezidencii-Male-Krasnany.jpeg","contentUrl":"https:\/\/baportal.sk\/podnajom\/wp-content\/uploads\/2022\/10\/Priestranny-2-izbovy-byt-vo-vyhladavanej-rezidencii-Male-Krasnany.jpeg","width":600,"height":315},{"@type":"BreadcrumbList","@id":"https:\/\/baportal.sk\/podnajom\/in\/46579\/#breadcrumb","itemListElement":[{"@type":"ListItem","position":1,"name":"Domovsk\u00e1 str\u00e1nka","item":"https:\/\/baportal.sk\/podnajom\/"},{"@type":"ListItem","position":2,"name":"Priestrann\u00fd 2 izbov\u00fd byt vo vyh\u013ead\u00e1vanej rezidencii Mal\u00e9 Kras\u0148any"}]},{"@type":"WebSite","@id":"https:\/\/baportal.sk\/podnajom\/#website","url":"https:\/\/baportal.sk\/podnajom\/","name":"Podn\u00e1jom - Baportal.sk - Bratislava","description":"","potentialAction":[{"@type":"SearchAction","target":{"@type":"EntryPoint","urlTemplate":"https:\/\/baportal.sk\/podnajom\/?s={search_term_string}"},"query-input":"required name=search_term_string"}],"inLanguage":"sk-SK"},{"@type":"Person","@id":"https:\/\/baportal.sk\/podnajom\/#\/schema\/person\/1048c08c599b2e93379d6374549bd168","name":"marek","image":{"@type":"ImageObject","inLanguage":"sk-SK","@id":"https:\/\/baportal.sk\/podnajom\/#\/schema\/person\/image\/","url":"https:\/\/secure.gravatar.com\/avatar\/cdf0fbd37411d455f1afd87f93b867f6?s=96&d=mm&r=g","contentUrl":"https:\/\/secure.gravatar.com\/avatar\/cdf0fbd37411d455f1afd87f93b867f6?s=96&d=mm&r=g","caption":"marek"},"sameAs":["https:\/\/www.baportal.sk\/podnajom"]}]}},"_links":{"self":[{"href":"https:\/\/baportal.sk\/podnajom\/wp-json\/wp\/v2\/posts\/46579"}],"collection":[{"href":"https:\/\/baportal.sk\/podnajom\/wp-json\/wp\/v2\/posts"}],"about":[{"href":"https:\/\/baportal.sk\/podnajom\/wp-json\/wp\/v2\/types\/post"}],"author":[{"embeddable":true,"href":"https:\/\/baportal.sk\/podnajom\/wp-json\/wp\/v2\/users\/1"}],"replies":[{"embeddable":true,"href":"https:\/\/baportal.sk\/podnajom\/wp-json\/wp\/v2\/comments?post=46579"}],"version-history":[{"count":0,"href":"https:\/\/baportal.sk\/podnajom\/wp-json\/wp\/v2\/posts\/46579\/revisions"}],"wp:featuredmedia":[{"embeddable":true,"href":"https:\/\/baportal.sk\/podnajom\/wp-json\/wp\/v2\/media\/46580"}],"wp:attachment":[{"href":"https:\/\/baportal.sk\/podnajom\/wp-json\/wp\/v2\/media?parent=46579"}],"wp:term":[{"taxonomy":"category","embeddable":true,"href":"https:\/\/baportal.sk\/podnajom\/wp-json\/wp\/v2\/categories?post=46579"},{"taxonomy":"post_tag","embeddable":true,"href":"https:\/\/baportal.sk\/podnajom\/wp-json\/wp\/v2\/tags?post=46579"}],"curies":[{"name":"wp","href":"https:\/\/api.w.org\/{rel}","templated":true}]}}