{"id":46838,"date":"2022-05-05T03:01:49","date_gmt":"2022-05-05T01:01:49","guid":{"rendered":"https:\/\/baportal.sk\/podnajom\/in\/46838\/"},"modified":"2022-05-05T03:01:49","modified_gmt":"2022-05-05T01:01:49","slug":"arvin-benet-krasny-2i-byt-s-vybornou-atmosferou-v-eurovei-2","status":"publish","type":"post","link":"https:\/\/baportal.sk\/podnajom\/in\/46838\/","title":{"rendered":"Arvin &amp; Benet | Kr\u00e1sny 2i byt s v\u00fdbornou atmosf\u00e9rou v Eurovei"},"content":{"rendered":"<div class=\"text-inner\">\n                                Arvin &amp; Benet pon\u00faka na pren\u00e1jom nad\u0161tandardn\u00fd 2i byt, zariaden\u00fd s dokonal\u00fdm vkusom a zmyslom pre detail. K bytu prisl\u00facha parkovacie miesto.<\/p>\n<p>Ak ste zvyknut\u00fd u\u017e\u00edva\u0165 si komfort na t\u00fdch najlep\u0161\u00edch adres\u00e1ch alebo ste v\u017edy t\u00fa\u017eili vysk\u00fa\u0161a\u0165 si b\u00fdvanie v centre diania, tento byt je ur\u010den\u00fd pr\u00e1ve pre V\u00e1s. Ni\u010d z toho V\u00e1m tu ch\u00fdba\u0165 nebude. Byt je zariaden\u00fd \u0161t\u00fdlovo a z\u00e1rove\u0148 ve\u013emi komfortne. Nevedno, \u010di je to vysok\u00fdmi stropmi, ve\u013ekoform\u00e1tov\u00fdmi oknami, dokonale zladen\u00fdm zariaden\u00edm alebo  zele\u0148ou v byte. Ihne\u010f po vstupe c\u00edtite ve\u013emi pr\u00edjemn\u00fa atmosf\u00e9ru a u\u017e sa V\u00e1m nechce od\u00eds\u0165. <\/p>\n<p>Viac inform\u00e1ci\u00ed n\u00e1jdete na na\u0161ej webovej str\u00e1nke: https:\/\/www.arvinbenet.sk\/sk\/detail-ponuky\/724\/krasny-2i-byt-s-vybornou-atmosferou-v-eurovei<\/p>\n<p>\u010ea\u013e\u0161ou nespornou v\u00fdhodou bytu je jeho lokalita, ktor\u00e1 V\u00e1m pon\u00faka nielen mo\u017enos\u0165 vyu\u017e\u00edva\u0165 v\u0161etky v\u00fdhody mestsk\u00e9ho \u017eivota, ako kaviarne, re\u0161taur\u00e1cie, priamy vstup do n\u00e1kupn\u00e9ho centra, ale z\u00e1rove\u0148 V\u00e1m d\u00e1va mo\u017enos\u0165 \u0161portov\u00e9ho vy\u017eitia a u\u017e\u00edvania si pr\u00edrody v okol\u00ed Dunaja. <\/p>\n<p>Byt:<\/p>\n<p>Byt je plne zariaden\u00fd n\u00e1bytkom vyroben\u00fdm na mieru. Ak m\u00e1te ve\u013ea vec\u00ed, nemus\u00edte sa ob\u00e1va\u0165. Pon\u00faka \u0161tedr\u00fd \u00falo\u017en\u00fd priestor. Ak by sa V\u00e1m V\u00e1\u0161 bicykel, kor\u010dule \u010di in\u00e9 potreby do bytu predsa len nezmestili, ve\u013ek\u00e1 murovan\u00e1 pivnica je V\u00e1m k dispoz\u00edcii ako dodato\u010dn\u00fd \u00falo\u017en\u00fd priestor. <\/p>\n<p>\nByt samotn\u00fd pozost\u00e1va zo vstupnej chodby z ktorej sa vstupuje do vkusnej k\u00fape\u013ene s va\u0148ou. <\/p>\n<p>Na vstupn\u00fa chodbu nadv\u00e4zuje centr\u00e1lna \u010das\u0165 pozost\u00e1vaj\u00faca z kuchyne a ob\u00fdva\u010dky, ktor\u00e9 opticky odde\u013euje schodisko. Kuchy\u0148a je vybaven\u00e1 v\u0161etk\u00fdmi  spotrebi\u010dmi. Ob\u00fdva\u010dka je plne zariaden\u00e1, nech\u00fdba ve\u013ek\u00e1 pohodln\u00e1 seda\u010dka. Ve\u013ekoform\u00e1tov\u00e9 okn\u00e1, ktor\u00e9 sa tiahnu do v\u00fd\u0161ky cez dve poschodia, byt kr\u00e1sne presvet\u013euj\u00fa, prep\u00e1jaj\u00fa s exteri\u00e9rom a vytv\u00e1raj\u00fa pocit vzdu\u0161nosti.<\/p>\n<p>\nSp\u00e1l\u0148a je umiestnen\u00e1 na poschod\u00ed a napriek otvoren\u00e9mu priestoru, jej usporiadanie poskytuje pocit s\u00fakromia. Nach\u00e1dza sa v nej man\u017eelsk\u00e1 poste\u013e a ve\u013ekorys\u00fd \u00falo\u017en\u00fd priestor vyroben\u00fd na mieru. <\/p>\n<p>K bytu prisl\u00facha parkovacie miesto a pivnica. Komplex Eurovea pon\u00faka pre svojich obyvate\u013eov str\u00e1\u017enu slu\u017ebu a s\u00fakromn\u00fa z\u00e1hradu.<\/p>\n<p>Lokalita:<\/p>\n<p>Bytov\u00fd dom je s\u00fa\u010das\u0165ou polyfunk\u010dn\u00e9ho komplexu Eurovea nach\u00e1dzaj\u00faceho sa na brehu Dunaja, \u010do samotn\u00e9 je predpokladom b\u00fdvania na vysokej \u00farovni. Vyu\u017ei\u0165 m\u00f4\u017eete priamy vstup do n\u00e1kupn\u00e9ho centra s mno\u017estvom obchodov, slu\u017eieb, kinom \u010di fitness centrom. <\/p>\n<p>Ak m\u00e1te chu\u0165 na k\u00e1vi\u010dku, dobr\u00e9 ra\u0148ajky, \u010di chutn\u00fa ve\u010deru, sta\u010d\u00ed z\u00eds\u0165 p\u00e1r krokov na promen\u00e1du. Ak ste \u0161portovec, be\u017eec, cyklista, \u010di kor\u010duliar, n\u00e1bre\u017eie Dunaja je V\u00e1m k dispoz\u00edcii. Za kult\u00farou \u010di do centra Star\u00e9ho Mesta to m\u00e1te na skok. Sta\u010d\u00ed len pr\u00eds\u0165 a vychutna\u0165 si v\u0161etky p\u00f4\u017eitky, ktor\u00e9 t\u00e1to poloha pon\u00faka !<\/p>\n<p>Cena: 1 300 eur \/ mesiac (900 eur byt + 250 eur energie, 150 eur parkovacie miesto)<br \/>\nV\u00fdmera: 67 m\u00b2 (interi\u00e9r 60 m\u00b2, pivnica 7 m\u00b2)<\/p>\n<p>Fotografie a text s\u00fa autorsk\u00fdm dielom a majetkom spolo\u010dnosti Arvin &amp; Benet.<\/p>\n<p>Nehnute\u013enos\u0165 bola naaran\u017eovan\u00e1 a nafoten\u00e1 Homestaging oddelen\u00edm na\u0161ej spolo\u010dnosti, ve\u013emi radi V\u00e1m pom\u00f4\u017eeme pri efekt\u00edvnom a d\u00f4stojnom predaji \u010di pren\u00e1jme aj Va\u0161ej nehnute\u013enosti. Budeme sa te\u0161i\u0165, ke\u010f n\u00e1s budete nez\u00e1v\u00e4zne kontaktova\u0165.                            <\/p><\/div>\n","protected":false},"excerpt":{"rendered":"<p>Arvin &amp; Benet pon\u00faka na pren\u00e1jom nad\u0161tandardn\u00fd 2i byt, zariaden\u00fd s dokonal\u00fdm vkusom a zmyslom pre detail. K bytu prisl\u00facha parkovacie miesto. Ak ste zvyknut\u00fd u\u017e\u00edva\u0165 si komfort na t\u00fdch najlep\u0161\u00edch adres\u00e1ch alebo ste v\u017edy t\u00fa\u017eili vysk\u00fa\u0161a\u0165 si b\u00fdvanie v centre diania, tento byt je ur\u010den\u00fd pr\u00e1ve pre V\u00e1s. Ni\u010d z toho V\u00e1m tu ch\u00fdba\u0165 [&hellip;]<\/p>\n","protected":false},"author":1,"featured_media":46839,"comment_status":"open","ping_status":"open","sticky":false,"template":"","format":"standard","meta":{"footnotes":""},"categories":[4],"tags":[],"class_list":["post-46838","post","type-post","status-publish","format-standard","has-post-thumbnail","hentry","category-prenajom-bytu"],"yoast_head":"<!-- This site is optimized with the Yoast SEO plugin v23.1 - https:\/\/yoast.com\/wordpress\/plugins\/seo\/ -->\n<title>Arvin &amp; Benet | Kr\u00e1sny 2i byt s v\u00fdbornou atmosf\u00e9rou v Eurovei | Podn\u00e1jom - Baportal.sk - Bratislava<\/title>\n<meta name=\"description\" content=\"Arvin &amp; Benet pon\u00faka na pren\u00e1jom nad\u0161tandardn\u00fd 2i byt, zariaden\u00fd s dokonal\u00fdm vkusom a zmyslom pre detail. K bytu prisl\u00facha parkovacie miesto. Ak ste\" \/>\n<meta name=\"robots\" content=\"index, follow, max-snippet:-1, max-image-preview:large, max-video-preview:-1\" \/>\n<link rel=\"canonical\" href=\"https:\/\/baportal.sk\/podnajom\/in\/46838\/\" \/>\n<meta property=\"og:locale\" content=\"sk_SK\" \/>\n<meta property=\"og:type\" content=\"article\" \/>\n<meta property=\"og:title\" content=\"Arvin &amp; Benet | Kr\u00e1sny 2i byt s v\u00fdbornou atmosf\u00e9rou v Eurovei | Podn\u00e1jom - Baportal.sk - Bratislava\" \/>\n<meta property=\"og:description\" content=\"Arvin &amp; Benet pon\u00faka na pren\u00e1jom nad\u0161tandardn\u00fd 2i byt, zariaden\u00fd s dokonal\u00fdm vkusom a zmyslom pre detail. K bytu prisl\u00facha parkovacie miesto. Ak ste\" \/>\n<meta property=\"og:url\" content=\"https:\/\/baportal.sk\/podnajom\/in\/46838\/\" \/>\n<meta property=\"og:site_name\" content=\"Podn\u00e1jom - Baportal.sk - Bratislava\" \/>\n<meta property=\"article:published_time\" content=\"2022-05-05T01:01:49+00:00\" \/>\n<meta name=\"author\" content=\"marek\" \/>\n<meta name=\"twitter:card\" content=\"summary_large_image\" \/>\n<meta name=\"twitter:label1\" content=\"Autor\" \/>\n\t<meta name=\"twitter:data1\" content=\"marek\" \/>\n\t<meta name=\"twitter:label2\" content=\"Predpokladan\u00fd \u010das \u010d\u00edtania\" \/>\n\t<meta name=\"twitter:data2\" content=\"3 min\u00faty\" \/>\n<script type=\"application\/ld+json\" class=\"yoast-schema-graph\">{\"@context\":\"https:\/\/schema.org\",\"@graph\":[{\"@type\":\"WebPage\",\"@id\":\"https:\/\/baportal.sk\/podnajom\/in\/46838\/\",\"url\":\"https:\/\/baportal.sk\/podnajom\/in\/46838\/\",\"name\":\"Arvin &amp; Benet | Kr\u00e1sny 2i byt s v\u00fdbornou atmosf\u00e9rou v Eurovei | Podn\u00e1jom - Baportal.sk - Bratislava\",\"isPartOf\":{\"@id\":\"https:\/\/baportal.sk\/podnajom\/#website\"},\"primaryImageOfPage\":{\"@id\":\"https:\/\/baportal.sk\/podnajom\/in\/46838\/#primaryimage\"},\"image\":{\"@id\":\"https:\/\/baportal.sk\/podnajom\/in\/46838\/#primaryimage\"},\"thumbnailUrl\":\"https:\/\/baportal.sk\/podnajom\/wp-content\/uploads\/2022\/10\/Arvin-amp-Benet-Krasny-2i-byt-s-vybornou-atmosferou.jpeg\",\"datePublished\":\"2022-05-05T01:01:49+00:00\",\"dateModified\":\"2022-05-05T01:01:49+00:00\",\"author\":{\"@id\":\"https:\/\/baportal.sk\/podnajom\/#\/schema\/person\/1048c08c599b2e93379d6374549bd168\"},\"description\":\"Arvin &amp; Benet pon\u00faka na pren\u00e1jom nad\u0161tandardn\u00fd 2i byt, zariaden\u00fd s dokonal\u00fdm vkusom a zmyslom pre detail. K bytu prisl\u00facha parkovacie miesto. Ak ste\",\"breadcrumb\":{\"@id\":\"https:\/\/baportal.sk\/podnajom\/in\/46838\/#breadcrumb\"},\"inLanguage\":\"sk-SK\",\"potentialAction\":[{\"@type\":\"ReadAction\",\"target\":[\"https:\/\/baportal.sk\/podnajom\/in\/46838\/\"]}]},{\"@type\":\"ImageObject\",\"inLanguage\":\"sk-SK\",\"@id\":\"https:\/\/baportal.sk\/podnajom\/in\/46838\/#primaryimage\",\"url\":\"https:\/\/baportal.sk\/podnajom\/wp-content\/uploads\/2022\/10\/Arvin-amp-Benet-Krasny-2i-byt-s-vybornou-atmosferou.jpeg\",\"contentUrl\":\"https:\/\/baportal.sk\/podnajom\/wp-content\/uploads\/2022\/10\/Arvin-amp-Benet-Krasny-2i-byt-s-vybornou-atmosferou.jpeg\",\"width\":600,\"height\":315},{\"@type\":\"BreadcrumbList\",\"@id\":\"https:\/\/baportal.sk\/podnajom\/in\/46838\/#breadcrumb\",\"itemListElement\":[{\"@type\":\"ListItem\",\"position\":1,\"name\":\"Domovsk\u00e1 str\u00e1nka\",\"item\":\"https:\/\/baportal.sk\/podnajom\/\"},{\"@type\":\"ListItem\",\"position\":2,\"name\":\"Arvin &amp; Benet | Kr\u00e1sny 2i byt s v\u00fdbornou atmosf\u00e9rou v Eurovei\"}]},{\"@type\":\"WebSite\",\"@id\":\"https:\/\/baportal.sk\/podnajom\/#website\",\"url\":\"https:\/\/baportal.sk\/podnajom\/\",\"name\":\"Podn\u00e1jom - Baportal.sk - Bratislava\",\"description\":\"\",\"potentialAction\":[{\"@type\":\"SearchAction\",\"target\":{\"@type\":\"EntryPoint\",\"urlTemplate\":\"https:\/\/baportal.sk\/podnajom\/?s={search_term_string}\"},\"query-input\":\"required name=search_term_string\"}],\"inLanguage\":\"sk-SK\"},{\"@type\":\"Person\",\"@id\":\"https:\/\/baportal.sk\/podnajom\/#\/schema\/person\/1048c08c599b2e93379d6374549bd168\",\"name\":\"marek\",\"image\":{\"@type\":\"ImageObject\",\"inLanguage\":\"sk-SK\",\"@id\":\"https:\/\/baportal.sk\/podnajom\/#\/schema\/person\/image\/\",\"url\":\"https:\/\/secure.gravatar.com\/avatar\/cdf0fbd37411d455f1afd87f93b867f6?s=96&d=mm&r=g\",\"contentUrl\":\"https:\/\/secure.gravatar.com\/avatar\/cdf0fbd37411d455f1afd87f93b867f6?s=96&d=mm&r=g\",\"caption\":\"marek\"},\"sameAs\":[\"https:\/\/www.baportal.sk\/podnajom\"]}]}<\/script>\n<!-- \/ Yoast SEO plugin. -->","yoast_head_json":{"title":"Arvin &amp; Benet | Kr\u00e1sny 2i byt s v\u00fdbornou atmosf\u00e9rou v Eurovei | Podn\u00e1jom - Baportal.sk - Bratislava","description":"Arvin &amp; Benet pon\u00faka na pren\u00e1jom nad\u0161tandardn\u00fd 2i byt, zariaden\u00fd s dokonal\u00fdm vkusom a zmyslom pre detail. K bytu prisl\u00facha parkovacie miesto. Ak ste","robots":{"index":"index","follow":"follow","max-snippet":"max-snippet:-1","max-image-preview":"max-image-preview:large","max-video-preview":"max-video-preview:-1"},"canonical":"https:\/\/baportal.sk\/podnajom\/in\/46838\/","og_locale":"sk_SK","og_type":"article","og_title":"Arvin &amp; Benet | Kr\u00e1sny 2i byt s v\u00fdbornou atmosf\u00e9rou v Eurovei | Podn\u00e1jom - Baportal.sk - Bratislava","og_description":"Arvin &amp; Benet pon\u00faka na pren\u00e1jom nad\u0161tandardn\u00fd 2i byt, zariaden\u00fd s dokonal\u00fdm vkusom a zmyslom pre detail. K bytu prisl\u00facha parkovacie miesto. Ak ste","og_url":"https:\/\/baportal.sk\/podnajom\/in\/46838\/","og_site_name":"Podn\u00e1jom - Baportal.sk - Bratislava","article_published_time":"2022-05-05T01:01:49+00:00","author":"marek","twitter_card":"summary_large_image","twitter_misc":{"Autor":"marek","Predpokladan\u00fd \u010das \u010d\u00edtania":"3 min\u00faty"},"schema":{"@context":"https:\/\/schema.org","@graph":[{"@type":"WebPage","@id":"https:\/\/baportal.sk\/podnajom\/in\/46838\/","url":"https:\/\/baportal.sk\/podnajom\/in\/46838\/","name":"Arvin &amp; Benet | Kr\u00e1sny 2i byt s v\u00fdbornou atmosf\u00e9rou v Eurovei | Podn\u00e1jom - Baportal.sk - Bratislava","isPartOf":{"@id":"https:\/\/baportal.sk\/podnajom\/#website"},"primaryImageOfPage":{"@id":"https:\/\/baportal.sk\/podnajom\/in\/46838\/#primaryimage"},"image":{"@id":"https:\/\/baportal.sk\/podnajom\/in\/46838\/#primaryimage"},"thumbnailUrl":"https:\/\/baportal.sk\/podnajom\/wp-content\/uploads\/2022\/10\/Arvin-amp-Benet-Krasny-2i-byt-s-vybornou-atmosferou.jpeg","datePublished":"2022-05-05T01:01:49+00:00","dateModified":"2022-05-05T01:01:49+00:00","author":{"@id":"https:\/\/baportal.sk\/podnajom\/#\/schema\/person\/1048c08c599b2e93379d6374549bd168"},"description":"Arvin &amp; Benet pon\u00faka na pren\u00e1jom nad\u0161tandardn\u00fd 2i byt, zariaden\u00fd s dokonal\u00fdm vkusom a zmyslom pre detail. K bytu prisl\u00facha parkovacie miesto. Ak ste","breadcrumb":{"@id":"https:\/\/baportal.sk\/podnajom\/in\/46838\/#breadcrumb"},"inLanguage":"sk-SK","potentialAction":[{"@type":"ReadAction","target":["https:\/\/baportal.sk\/podnajom\/in\/46838\/"]}]},{"@type":"ImageObject","inLanguage":"sk-SK","@id":"https:\/\/baportal.sk\/podnajom\/in\/46838\/#primaryimage","url":"https:\/\/baportal.sk\/podnajom\/wp-content\/uploads\/2022\/10\/Arvin-amp-Benet-Krasny-2i-byt-s-vybornou-atmosferou.jpeg","contentUrl":"https:\/\/baportal.sk\/podnajom\/wp-content\/uploads\/2022\/10\/Arvin-amp-Benet-Krasny-2i-byt-s-vybornou-atmosferou.jpeg","width":600,"height":315},{"@type":"BreadcrumbList","@id":"https:\/\/baportal.sk\/podnajom\/in\/46838\/#breadcrumb","itemListElement":[{"@type":"ListItem","position":1,"name":"Domovsk\u00e1 str\u00e1nka","item":"https:\/\/baportal.sk\/podnajom\/"},{"@type":"ListItem","position":2,"name":"Arvin &amp; Benet | Kr\u00e1sny 2i byt s v\u00fdbornou atmosf\u00e9rou v Eurovei"}]},{"@type":"WebSite","@id":"https:\/\/baportal.sk\/podnajom\/#website","url":"https:\/\/baportal.sk\/podnajom\/","name":"Podn\u00e1jom - Baportal.sk - Bratislava","description":"","potentialAction":[{"@type":"SearchAction","target":{"@type":"EntryPoint","urlTemplate":"https:\/\/baportal.sk\/podnajom\/?s={search_term_string}"},"query-input":"required name=search_term_string"}],"inLanguage":"sk-SK"},{"@type":"Person","@id":"https:\/\/baportal.sk\/podnajom\/#\/schema\/person\/1048c08c599b2e93379d6374549bd168","name":"marek","image":{"@type":"ImageObject","inLanguage":"sk-SK","@id":"https:\/\/baportal.sk\/podnajom\/#\/schema\/person\/image\/","url":"https:\/\/secure.gravatar.com\/avatar\/cdf0fbd37411d455f1afd87f93b867f6?s=96&d=mm&r=g","contentUrl":"https:\/\/secure.gravatar.com\/avatar\/cdf0fbd37411d455f1afd87f93b867f6?s=96&d=mm&r=g","caption":"marek"},"sameAs":["https:\/\/www.baportal.sk\/podnajom"]}]}},"_links":{"self":[{"href":"https:\/\/baportal.sk\/podnajom\/wp-json\/wp\/v2\/posts\/46838"}],"collection":[{"href":"https:\/\/baportal.sk\/podnajom\/wp-json\/wp\/v2\/posts"}],"about":[{"href":"https:\/\/baportal.sk\/podnajom\/wp-json\/wp\/v2\/types\/post"}],"author":[{"embeddable":true,"href":"https:\/\/baportal.sk\/podnajom\/wp-json\/wp\/v2\/users\/1"}],"replies":[{"embeddable":true,"href":"https:\/\/baportal.sk\/podnajom\/wp-json\/wp\/v2\/comments?post=46838"}],"version-history":[{"count":0,"href":"https:\/\/baportal.sk\/podnajom\/wp-json\/wp\/v2\/posts\/46838\/revisions"}],"wp:featuredmedia":[{"embeddable":true,"href":"https:\/\/baportal.sk\/podnajom\/wp-json\/wp\/v2\/media\/46839"}],"wp:attachment":[{"href":"https:\/\/baportal.sk\/podnajom\/wp-json\/wp\/v2\/media?parent=46838"}],"wp:term":[{"taxonomy":"category","embeddable":true,"href":"https:\/\/baportal.sk\/podnajom\/wp-json\/wp\/v2\/categories?post=46838"},{"taxonomy":"post_tag","embeddable":true,"href":"https:\/\/baportal.sk\/podnajom\/wp-json\/wp\/v2\/tags?post=46838"}],"curies":[{"name":"wp","href":"https:\/\/api.w.org\/{rel}","templated":true}]}}