{"id":50956,"date":"2022-05-05T03:01:49","date_gmt":"2022-05-05T01:01:49","guid":{"rendered":"https:\/\/baportal.sk\/podnajom\/in\/50956\/"},"modified":"2022-05-05T03:01:49","modified_gmt":"2022-05-05T01:01:49","slug":"velkorysy-3i-byt-s-uzasnym-vyhladom-a-dvomi-parkovacimi-miestami","status":"publish","type":"post","link":"https:\/\/baportal.sk\/podnajom\/in\/50956\/","title":{"rendered":"Ve\u013ekorys\u00fd 3i byt s\u00a0\u00fa\u017easn\u00fdm v\u00fdh\u013eadom a\u00a0dvomi parkovac\u00edmi miestami"},"content":{"rendered":"<div class=\"text-inner\">\n                                Arvin &amp; Benet pon\u00faka na pren\u00e1jom ve\u013ekorys\u00fd 3i byt s\u00a0\u00fa\u017easnou atmosf\u00e9rou a\u00a0dych ber\u00facim v\u00fdh\u013eadom, na Kolibe. K\u00a0bytu prisl\u00facha pivnica a\u00a02 parkovacie miesta.<\/p>\n<p>Ak h\u013ead\u00e1te b\u00fdvanie bez kompromisov, tento byt je ur\u010den\u00fd presne pre v\u00e1s. Ihne\u010f po vstupe do bytu v\u00e1s chyt\u00ed za srdce svojou pr\u00edjemnou atmosf\u00e9rou a\u00a0z\u00e1rove\u0148 n\u00e1dhern\u00fdm v\u00fdh\u013eadom na dominanty Bratislavy. U\u017e sa V\u00e1m nebude chcie\u0165 od\u00eds\u0165!<\/p>\n<p>Ve\u013ekoform\u00e1tov\u00e9 okn\u00e1 v\u00a0ka\u017edej z\u00a0izieb byt doslova prep\u00e1jaj\u00fa s\u00a0exteri\u00e9rom a\u00a0vytv\u00e1raj\u00fa pr\u00edjemn\u00fd pocit nekone\u010dn\u00e9ho priestoru, vzdu\u0161nosti a svetlosti. Akoby ste b\u00fdvali jednou nohou vonku. Z\u00e1rove\u0148 je umiestnen\u00fd tak, \u017ee m\u00e1te pocit absol\u00fatneho s\u00fakromia.<\/p>\n<p>Ve\u013ekou v\u00fdhodou bytu je jeho poloha p\u00e1r min\u00fat od centra Bratislavy a\u00a0z\u00e1rove\u0148 v\u00a0tichej lokalite na ulici so z\u00e1stavbou rodinn\u00fdch domov. <\/p>\n<p>Byt:<\/p>\n<p>\u2028Byt sa prenaj\u00edma plne zariaden\u00fd (s\u00a0v\u00fdnimkou detskej izby). V\u0161etky va\u0161e veci si n\u00e1jdu svoje miesto v\u010faka nad\u0161tandardne \u0161tedr\u00fdm \u00falo\u017en\u00fdm priestorom. <br \/>\nVkusn\u00e9 a\u00a0kvalitn\u00e9 zariadenie v\u00a0zemit\u00fdch t\u00f3noch spolu s\u00a0dreven\u00fdmi parketami a\u00a0dostatkom svetla p\u00f4sobia ve\u013emi \u00fatulne a\u00a0harmonicky. <\/p>\n<p>Nehnute\u013enos\u0165 pozostav\u00e1 zo vstupnej chodby s odkladac\u00edm a\u00a0\u00falo\u017en\u00fdm priestorom. Chodba priamo nadv\u00e4zuje na ve\u013ekorys\u00fa ob\u00fdva\u010dku s\u00a0jed\u00e1l\u0148ou a\u00a0kuchy\u0148ou. <\/p>\n<p>V\u00a0nej V\u00e1s v\u00a0lete pr\u00edjemne ochlad\u00ed zabudovan\u00e1 klimatiz\u00e1cia, naopak v\u00a0zime V\u00e1m pocit pohody navod\u00ed zap\u00e1len\u00fd bio krb. Kuchy\u0148a je priestrann\u00e1, v\u00a0nad\u010dasovom dizajne a\u00a0disponuje zabudovan\u00fdmi spotrebi\u010dmi. <\/p>\n<p>No\u010dn\u00e9 trakty s\u00fa umiestnen\u00e9 po oboch stran\u00e1ch centr\u00e1lnej \u010dasti. Obe poskytuj\u00fa vysok\u00fa mieru s\u00fakromia. Vpravo sa nach\u00e1dza detsk\u00e1 izba so zabudovan\u00fdm \u0161atn\u00edkom a\u00a0vlastnou lodgiou. K\u00a0nej prisl\u00facha k\u00fape\u013e\u0148a so sprchov\u00fdm k\u00fatom. Vstup do k\u00fape\u013ene je z\u00a0chodby, tak\u017ee ju m\u00f4\u017ee vyu\u017e\u00edva\u0165 aj pr\u00edpadn\u00e1 n\u00e1v\u0161teva. Je len na V\u00e1s \u010di zostane detskou izbou alebo ju budete vyu\u017e\u00edva\u0165 ako hos\u0165ovsk\u00fa.<\/p>\n<p>V\u013eavo je kompletne samostatn\u00e1 \u010das\u0165 hlavnej sp\u00e1lne a pr\u00edslu\u0161enstva. Disponuje ve\u013ek\u00fdm \u0161atn\u00edkom a vlastnou k\u00fape\u013enou s\u00a0va\u0148ou a\u00a0sprchov\u00fdm k\u00fatom.<\/p>\n<p>Prehliadku nehnute\u013enosti zav\u0155\u0161ime vstupom na naozaj priestrann\u00fd balk\u00f3n, ktor\u00fd sa tiahne pozd\u013a\u017e cel\u00e9ho bytu a\u00a0poskytuje neskuto\u010dn\u00e9 v\u00fdh\u013eady. Jeho juho-v\u00fdchodn\u00e1 orient\u00e1cia V\u00e1m zabezpe\u010d\u00ed slnie\u010dko pre pop\u00edjanie rannej k\u00e1vy a\u00a0tie\u017e pr\u00edjemn\u00fd tie\u0148 pri podve\u010dernom poseden\u00ed. Celkov\u00fd pozit\u00edvny z\u00e1\u017eitok e\u0161te umocn\u00ed mno\u017estvo vkusne rozmiestnenej u\u017e dospelej veget\u00e1cie. <\/p>\n<p>K\u00a0bytu prisl\u00facha pivnica a 2 parkovacie miesta (1 zastre\u0161en\u00e9 a 1 v gar\u00e1\u017ei).<br \/>\n\u2028<br \/>\nLokalita:<\/p>\n<p>Bytov\u00fd dom sa nach\u00e1dza v\u00a0oplotenom are\u00e1li v\u00a0k\u013eudnej uli\u010dke na za\u010diatku bratislavskej Koliby. Jeho nespornou v\u00fdhodou je bl\u00edzkos\u0165 centra mesta, do ktor\u00e9ho sa dostanete do 6 min\u00fat autom alebo trolejbusom. Na zast\u00e1vku MHD vedie prekr\u00e1sna historick\u00e1 uli\u010dka priamo z\u00a0dvora.<\/p>\n<p>N\u00e1kupn\u00e9 centrum Central s\u00a0jeho plnou vybavenos\u0165ou, je vzdialen\u00e9 6 min\u00fat autom. Matersk\u00e1 \u0161k\u00f4lka, zdravotn\u00edcke zariadenie Kram\u00e1re a\u00a0\u010fal\u0161iu ob\u010diansku vybavenos\u0165, v\u0161etko m\u00e1te na skok od domu.<\/p>\n<p>Pre milovn\u00edkov pr\u00edrody a\u00a0prech\u00e1dzok je ve\u013ekou v\u00fdhodou bl\u00edzkos\u0165 lesa ako stvoren\u00e9ho na relax, beh alebo prech\u00e1dzky s\u00a0de\u0165mi po dlhom dni v\u00a0pr\u00e1ci.  <\/p>\n<p>\u2028Cena: 1400 eur \/ mesiac (1150 eur byt + 250 eur energie)\u2028<br \/>\nV\u00fdmera: 127 m\u00b2 (interi\u00e9r 97 m\u00b2, balk\u00f3n 27 m\u00b2, pivnica 3 m\u00b2)\u2028\u2028<\/p>\n<p>Fotografie a text s\u00fa autorsk\u00fdm dielom a majetkom spolo\u010dnosti Arvin &amp; Benet.\u2028\u2028Nehnute\u013enos\u0165 bola naaran\u017eovan\u00e1 a nafoten\u00e1 Homestaging oddelen\u00edm na\u0161ej spolo\u010dnosti, ve\u013emi radi V\u00e1m pom\u00f4\u017eeme pri efekt\u00edvnom a d\u00f4stojnom predaji \u010di pren\u00e1jme aj Va\u0161ej nehnute\u013enosti. Budeme sa te\u0161i\u0165, ke\u010f n\u00e1s budete nez\u00e1v\u00e4zne kontaktova\u0165.                            <\/p><\/div>\n","protected":false},"excerpt":{"rendered":"<p>Arvin &amp; Benet pon\u00faka na pren\u00e1jom ve\u013ekorys\u00fd 3i byt s\u00a0\u00fa\u017easnou atmosf\u00e9rou a\u00a0dych ber\u00facim v\u00fdh\u013eadom, na Kolibe. K\u00a0bytu prisl\u00facha pivnica a\u00a02 parkovacie miesta. Ak h\u013ead\u00e1te b\u00fdvanie bez kompromisov, tento byt je ur\u010den\u00fd presne pre v\u00e1s. Ihne\u010f po vstupe do bytu v\u00e1s chyt\u00ed za srdce svojou pr\u00edjemnou atmosf\u00e9rou a\u00a0z\u00e1rove\u0148 n\u00e1dhern\u00fdm v\u00fdh\u013eadom na dominanty Bratislavy. U\u017e sa V\u00e1m [&hellip;]<\/p>\n","protected":false},"author":1,"featured_media":50957,"comment_status":"open","ping_status":"open","sticky":false,"template":"","format":"standard","meta":{"footnotes":""},"categories":[4],"tags":[],"class_list":["post-50956","post","type-post","status-publish","format-standard","has-post-thumbnail","hentry","category-prenajom-bytu"],"yoast_head":"<!-- This site is optimized with the Yoast SEO plugin v23.1 - https:\/\/yoast.com\/wordpress\/plugins\/seo\/ -->\n<title>Ve\u013ekorys\u00fd 3i byt s\u00a0\u00fa\u017easn\u00fdm v\u00fdh\u013eadom a\u00a0dvomi parkovac\u00edmi miestami | Podn\u00e1jom - Baportal.sk - Bratislava<\/title>\n<meta name=\"description\" content=\"Arvin &amp; Benet pon\u00faka na pren\u00e1jom ve\u013ekorys\u00fd 3i byt s\u00a0\u00fa\u017easnou atmosf\u00e9rou a\u00a0dych ber\u00facim v\u00fdh\u013eadom, na Kolibe. K\u00a0bytu prisl\u00facha pivnica a\u00a02 parkovacie\" \/>\n<meta name=\"robots\" content=\"index, follow, max-snippet:-1, max-image-preview:large, max-video-preview:-1\" \/>\n<link rel=\"canonical\" href=\"https:\/\/baportal.sk\/podnajom\/in\/50956\/\" \/>\n<meta property=\"og:locale\" content=\"sk_SK\" \/>\n<meta property=\"og:type\" content=\"article\" \/>\n<meta property=\"og:title\" content=\"Ve\u013ekorys\u00fd 3i byt s\u00a0\u00fa\u017easn\u00fdm v\u00fdh\u013eadom a\u00a0dvomi parkovac\u00edmi miestami | Podn\u00e1jom - Baportal.sk - Bratislava\" \/>\n<meta property=\"og:description\" content=\"Arvin &amp; Benet pon\u00faka na pren\u00e1jom ve\u013ekorys\u00fd 3i byt s\u00a0\u00fa\u017easnou atmosf\u00e9rou a\u00a0dych ber\u00facim v\u00fdh\u013eadom, na Kolibe. K\u00a0bytu prisl\u00facha pivnica a\u00a02 parkovacie\" \/>\n<meta property=\"og:url\" content=\"https:\/\/baportal.sk\/podnajom\/in\/50956\/\" \/>\n<meta property=\"og:site_name\" content=\"Podn\u00e1jom - Baportal.sk - Bratislava\" \/>\n<meta property=\"article:published_time\" content=\"2022-05-05T01:01:49+00:00\" \/>\n<meta name=\"author\" content=\"marek\" \/>\n<meta name=\"twitter:card\" content=\"summary_large_image\" \/>\n<meta name=\"twitter:label1\" content=\"Autor\" \/>\n\t<meta name=\"twitter:data1\" content=\"marek\" \/>\n\t<meta name=\"twitter:label2\" content=\"Predpokladan\u00fd \u010das \u010d\u00edtania\" \/>\n\t<meta name=\"twitter:data2\" content=\"3 min\u00faty\" \/>\n<script type=\"application\/ld+json\" class=\"yoast-schema-graph\">{\"@context\":\"https:\/\/schema.org\",\"@graph\":[{\"@type\":\"WebPage\",\"@id\":\"https:\/\/baportal.sk\/podnajom\/in\/50956\/\",\"url\":\"https:\/\/baportal.sk\/podnajom\/in\/50956\/\",\"name\":\"Ve\u013ekorys\u00fd 3i byt s\u00a0\u00fa\u017easn\u00fdm v\u00fdh\u013eadom a\u00a0dvomi parkovac\u00edmi miestami | Podn\u00e1jom - Baportal.sk - Bratislava\",\"isPartOf\":{\"@id\":\"https:\/\/baportal.sk\/podnajom\/#website\"},\"primaryImageOfPage\":{\"@id\":\"https:\/\/baportal.sk\/podnajom\/in\/50956\/#primaryimage\"},\"image\":{\"@id\":\"https:\/\/baportal.sk\/podnajom\/in\/50956\/#primaryimage\"},\"thumbnailUrl\":\"https:\/\/baportal.sk\/podnajom\/wp-content\/uploads\/2023\/01\/Velkorysy-3i-byt-s-uzasnym-vyhladom-a-dvomi-parkovacimi-miestami.jpeg\",\"datePublished\":\"2022-05-05T01:01:49+00:00\",\"dateModified\":\"2022-05-05T01:01:49+00:00\",\"author\":{\"@id\":\"https:\/\/baportal.sk\/podnajom\/#\/schema\/person\/1048c08c599b2e93379d6374549bd168\"},\"description\":\"Arvin &amp; Benet pon\u00faka na pren\u00e1jom ve\u013ekorys\u00fd 3i byt s\u00a0\u00fa\u017easnou atmosf\u00e9rou a\u00a0dych ber\u00facim v\u00fdh\u013eadom, na Kolibe. K\u00a0bytu prisl\u00facha pivnica a\u00a02 parkovacie\",\"breadcrumb\":{\"@id\":\"https:\/\/baportal.sk\/podnajom\/in\/50956\/#breadcrumb\"},\"inLanguage\":\"sk-SK\",\"potentialAction\":[{\"@type\":\"ReadAction\",\"target\":[\"https:\/\/baportal.sk\/podnajom\/in\/50956\/\"]}]},{\"@type\":\"ImageObject\",\"inLanguage\":\"sk-SK\",\"@id\":\"https:\/\/baportal.sk\/podnajom\/in\/50956\/#primaryimage\",\"url\":\"https:\/\/baportal.sk\/podnajom\/wp-content\/uploads\/2023\/01\/Velkorysy-3i-byt-s-uzasnym-vyhladom-a-dvomi-parkovacimi-miestami.jpeg\",\"contentUrl\":\"https:\/\/baportal.sk\/podnajom\/wp-content\/uploads\/2023\/01\/Velkorysy-3i-byt-s-uzasnym-vyhladom-a-dvomi-parkovacimi-miestami.jpeg\",\"width\":600,\"height\":315},{\"@type\":\"BreadcrumbList\",\"@id\":\"https:\/\/baportal.sk\/podnajom\/in\/50956\/#breadcrumb\",\"itemListElement\":[{\"@type\":\"ListItem\",\"position\":1,\"name\":\"Domovsk\u00e1 str\u00e1nka\",\"item\":\"https:\/\/baportal.sk\/podnajom\/\"},{\"@type\":\"ListItem\",\"position\":2,\"name\":\"Ve\u013ekorys\u00fd 3i byt s\u00a0\u00fa\u017easn\u00fdm v\u00fdh\u013eadom a\u00a0dvomi parkovac\u00edmi miestami\"}]},{\"@type\":\"WebSite\",\"@id\":\"https:\/\/baportal.sk\/podnajom\/#website\",\"url\":\"https:\/\/baportal.sk\/podnajom\/\",\"name\":\"Podn\u00e1jom - Baportal.sk - Bratislava\",\"description\":\"\",\"potentialAction\":[{\"@type\":\"SearchAction\",\"target\":{\"@type\":\"EntryPoint\",\"urlTemplate\":\"https:\/\/baportal.sk\/podnajom\/?s={search_term_string}\"},\"query-input\":\"required name=search_term_string\"}],\"inLanguage\":\"sk-SK\"},{\"@type\":\"Person\",\"@id\":\"https:\/\/baportal.sk\/podnajom\/#\/schema\/person\/1048c08c599b2e93379d6374549bd168\",\"name\":\"marek\",\"image\":{\"@type\":\"ImageObject\",\"inLanguage\":\"sk-SK\",\"@id\":\"https:\/\/baportal.sk\/podnajom\/#\/schema\/person\/image\/\",\"url\":\"https:\/\/secure.gravatar.com\/avatar\/cdf0fbd37411d455f1afd87f93b867f6?s=96&d=mm&r=g\",\"contentUrl\":\"https:\/\/secure.gravatar.com\/avatar\/cdf0fbd37411d455f1afd87f93b867f6?s=96&d=mm&r=g\",\"caption\":\"marek\"},\"sameAs\":[\"https:\/\/www.baportal.sk\/podnajom\"]}]}<\/script>\n<!-- \/ Yoast SEO plugin. -->","yoast_head_json":{"title":"Ve\u013ekorys\u00fd 3i byt s\u00a0\u00fa\u017easn\u00fdm v\u00fdh\u013eadom a\u00a0dvomi parkovac\u00edmi miestami | Podn\u00e1jom - Baportal.sk - Bratislava","description":"Arvin &amp; Benet pon\u00faka na pren\u00e1jom ve\u013ekorys\u00fd 3i byt s\u00a0\u00fa\u017easnou atmosf\u00e9rou a\u00a0dych ber\u00facim v\u00fdh\u013eadom, na Kolibe. K\u00a0bytu prisl\u00facha pivnica a\u00a02 parkovacie","robots":{"index":"index","follow":"follow","max-snippet":"max-snippet:-1","max-image-preview":"max-image-preview:large","max-video-preview":"max-video-preview:-1"},"canonical":"https:\/\/baportal.sk\/podnajom\/in\/50956\/","og_locale":"sk_SK","og_type":"article","og_title":"Ve\u013ekorys\u00fd 3i byt s\u00a0\u00fa\u017easn\u00fdm v\u00fdh\u013eadom a\u00a0dvomi parkovac\u00edmi miestami | Podn\u00e1jom - Baportal.sk - Bratislava","og_description":"Arvin &amp; Benet pon\u00faka na pren\u00e1jom ve\u013ekorys\u00fd 3i byt s\u00a0\u00fa\u017easnou atmosf\u00e9rou a\u00a0dych ber\u00facim v\u00fdh\u013eadom, na Kolibe. K\u00a0bytu prisl\u00facha pivnica a\u00a02 parkovacie","og_url":"https:\/\/baportal.sk\/podnajom\/in\/50956\/","og_site_name":"Podn\u00e1jom - Baportal.sk - Bratislava","article_published_time":"2022-05-05T01:01:49+00:00","author":"marek","twitter_card":"summary_large_image","twitter_misc":{"Autor":"marek","Predpokladan\u00fd \u010das \u010d\u00edtania":"3 min\u00faty"},"schema":{"@context":"https:\/\/schema.org","@graph":[{"@type":"WebPage","@id":"https:\/\/baportal.sk\/podnajom\/in\/50956\/","url":"https:\/\/baportal.sk\/podnajom\/in\/50956\/","name":"Ve\u013ekorys\u00fd 3i byt s\u00a0\u00fa\u017easn\u00fdm v\u00fdh\u013eadom a\u00a0dvomi parkovac\u00edmi miestami | Podn\u00e1jom - Baportal.sk - Bratislava","isPartOf":{"@id":"https:\/\/baportal.sk\/podnajom\/#website"},"primaryImageOfPage":{"@id":"https:\/\/baportal.sk\/podnajom\/in\/50956\/#primaryimage"},"image":{"@id":"https:\/\/baportal.sk\/podnajom\/in\/50956\/#primaryimage"},"thumbnailUrl":"https:\/\/baportal.sk\/podnajom\/wp-content\/uploads\/2023\/01\/Velkorysy-3i-byt-s-uzasnym-vyhladom-a-dvomi-parkovacimi-miestami.jpeg","datePublished":"2022-05-05T01:01:49+00:00","dateModified":"2022-05-05T01:01:49+00:00","author":{"@id":"https:\/\/baportal.sk\/podnajom\/#\/schema\/person\/1048c08c599b2e93379d6374549bd168"},"description":"Arvin &amp; Benet pon\u00faka na pren\u00e1jom ve\u013ekorys\u00fd 3i byt s\u00a0\u00fa\u017easnou atmosf\u00e9rou a\u00a0dych ber\u00facim v\u00fdh\u013eadom, na Kolibe. K\u00a0bytu prisl\u00facha pivnica a\u00a02 parkovacie","breadcrumb":{"@id":"https:\/\/baportal.sk\/podnajom\/in\/50956\/#breadcrumb"},"inLanguage":"sk-SK","potentialAction":[{"@type":"ReadAction","target":["https:\/\/baportal.sk\/podnajom\/in\/50956\/"]}]},{"@type":"ImageObject","inLanguage":"sk-SK","@id":"https:\/\/baportal.sk\/podnajom\/in\/50956\/#primaryimage","url":"https:\/\/baportal.sk\/podnajom\/wp-content\/uploads\/2023\/01\/Velkorysy-3i-byt-s-uzasnym-vyhladom-a-dvomi-parkovacimi-miestami.jpeg","contentUrl":"https:\/\/baportal.sk\/podnajom\/wp-content\/uploads\/2023\/01\/Velkorysy-3i-byt-s-uzasnym-vyhladom-a-dvomi-parkovacimi-miestami.jpeg","width":600,"height":315},{"@type":"BreadcrumbList","@id":"https:\/\/baportal.sk\/podnajom\/in\/50956\/#breadcrumb","itemListElement":[{"@type":"ListItem","position":1,"name":"Domovsk\u00e1 str\u00e1nka","item":"https:\/\/baportal.sk\/podnajom\/"},{"@type":"ListItem","position":2,"name":"Ve\u013ekorys\u00fd 3i byt s\u00a0\u00fa\u017easn\u00fdm v\u00fdh\u013eadom a\u00a0dvomi parkovac\u00edmi miestami"}]},{"@type":"WebSite","@id":"https:\/\/baportal.sk\/podnajom\/#website","url":"https:\/\/baportal.sk\/podnajom\/","name":"Podn\u00e1jom - Baportal.sk - Bratislava","description":"","potentialAction":[{"@type":"SearchAction","target":{"@type":"EntryPoint","urlTemplate":"https:\/\/baportal.sk\/podnajom\/?s={search_term_string}"},"query-input":"required name=search_term_string"}],"inLanguage":"sk-SK"},{"@type":"Person","@id":"https:\/\/baportal.sk\/podnajom\/#\/schema\/person\/1048c08c599b2e93379d6374549bd168","name":"marek","image":{"@type":"ImageObject","inLanguage":"sk-SK","@id":"https:\/\/baportal.sk\/podnajom\/#\/schema\/person\/image\/","url":"https:\/\/secure.gravatar.com\/avatar\/cdf0fbd37411d455f1afd87f93b867f6?s=96&d=mm&r=g","contentUrl":"https:\/\/secure.gravatar.com\/avatar\/cdf0fbd37411d455f1afd87f93b867f6?s=96&d=mm&r=g","caption":"marek"},"sameAs":["https:\/\/www.baportal.sk\/podnajom"]}]}},"_links":{"self":[{"href":"https:\/\/baportal.sk\/podnajom\/wp-json\/wp\/v2\/posts\/50956"}],"collection":[{"href":"https:\/\/baportal.sk\/podnajom\/wp-json\/wp\/v2\/posts"}],"about":[{"href":"https:\/\/baportal.sk\/podnajom\/wp-json\/wp\/v2\/types\/post"}],"author":[{"embeddable":true,"href":"https:\/\/baportal.sk\/podnajom\/wp-json\/wp\/v2\/users\/1"}],"replies":[{"embeddable":true,"href":"https:\/\/baportal.sk\/podnajom\/wp-json\/wp\/v2\/comments?post=50956"}],"version-history":[{"count":0,"href":"https:\/\/baportal.sk\/podnajom\/wp-json\/wp\/v2\/posts\/50956\/revisions"}],"wp:featuredmedia":[{"embeddable":true,"href":"https:\/\/baportal.sk\/podnajom\/wp-json\/wp\/v2\/media\/50957"}],"wp:attachment":[{"href":"https:\/\/baportal.sk\/podnajom\/wp-json\/wp\/v2\/media?parent=50956"}],"wp:term":[{"taxonomy":"category","embeddable":true,"href":"https:\/\/baportal.sk\/podnajom\/wp-json\/wp\/v2\/categories?post=50956"},{"taxonomy":"post_tag","embeddable":true,"href":"https:\/\/baportal.sk\/podnajom\/wp-json\/wp\/v2\/tags?post=50956"}],"curies":[{"name":"wp","href":"https:\/\/api.w.org\/{rel}","templated":true}]}}