{"id":52078,"date":"2022-05-05T03:01:49","date_gmt":"2022-05-05T01:01:49","guid":{"rendered":"https:\/\/baportal.sk\/podnajom\/in\/52078\/"},"modified":"2022-05-05T03:01:49","modified_gmt":"2022-05-05T01:01:49","slug":"arvin-benet-2i-mestsky-byt-s-jedinecnou-atmosferou-a-rooftop-terasou","status":"publish","type":"post","link":"https:\/\/baportal.sk\/podnajom\/in\/52078\/","title":{"rendered":"Arvin &amp; Benet | 2i mestsk\u00fd byt s\u00a0jedine\u010dnou atmosf\u00e9rou a \u2018rooftop\u2019 terasou"},"content":{"rendered":"<div class=\"text-inner\">\n                                Arvin &amp; Benet pon\u00faka na pren\u00e1jom 2i byt s\u00a0v\u00fdbornou atmosf\u00e9rou ,\u00a0\u2018rooftop\u2019 terasou a pivnicou priamo v centre mesta. <\/p>\n<p>Ak h\u013ead\u00e1te svie\u017ei mestsk\u00fd byt, ktor\u00fd r\u00e1no nakopne Va\u0161u kreativitu a\u00a0popoludn\u00ed V\u00e1m po ru\u0161nom dni pon\u00fakne neskuto\u010dn\u00fa pohodu a pohodlie, tak tento byt je ur\u010den\u00fd pr\u00e1ve pre V\u00e1s. Tomu napom\u00e1ha nielen starostlivo vyberan\u00e9 zariadenie, ale i\u00a0poloha bytu a\u00a0v\u00a0neposlednom rade i\u00a0\u00fa\u017easn\u00e1 stre\u0161n\u00e1 terasa, na ktorej priam c\u00edtite pr\u00edjemne pulzuj\u00face mesto.<\/p>\n<p>Ve\u013ekou v\u00fdhodou bytu je jeho v\u00fdborn\u00e1 poloha priamo v centre Bratislavy a z\u00e1rove\u0148 \u00fapln\u00fd k\u013eud, ktor\u00fd tento byt na 6. poschod\u00ed pr\u00e1ve zrekon\u0161truovan\u00e9ho bytov\u00e9ho domu pon\u00faka. K\u00a0dokonalej pohode V\u00e1m dopom\u00f4\u017ee aj v\u00fdborn\u00e1 kl\u00edma, ktor\u00fa zabezpe\u010d\u00ed zabudovan\u00e1 klimatiz\u00e1cia.<\/p>\n<p>Byt:<\/p>\n<p>\u2028Byt je plne zariaden\u00fd. Zariadenie je v\u00a0neutr\u00e1lnych t\u00f3noch, \u010do d\u00e1va priestor vlastnej kreativite. Ak m\u00e1te ve\u013ea vec\u00ed, nemus\u00edte sa ob\u00e1va\u0165. Pon\u00faka \u0161tedr\u00fd \u00falo\u017en\u00fd priestor na \u0161atstvo \u010di knihy a\u00a0in\u00e9 osobn\u00e9 predmety. <\/p>\n<p>Byt pozost\u00e1va zo vstupnej chodby s\u00a0odkladac\u00edm priestorom, ktor\u00e1 nadv\u00e4zuje na kuchy\u0148u s\u00a0jed\u00e1lenskou \u010das\u0165ou a\u00a0ob\u00fdva\u010dku. <br \/>\nKuchyni dominuje mas\u00edvny jed\u00e1lensk\u00fd st\u00f4l, ktor\u00fd je ako stvoren\u00fd pre stolovanie s\u00a0priate\u013emi.  Kuchynsk\u00e1 linka je v\u00a0nad\u010dasovej bielej farbe a\u00a0disponuje zabudovan\u00fdmi spotrebi\u010dmi. <\/p>\n<p>Ob\u00fdva\u010dka je tie\u017e plne zariaden\u00e1, nech\u00fdba pohodln\u00e1 seda\u010dka, telev\u00edzor a tie\u017e ve\u013ek\u00e1 kni\u017enica. Centr\u00e1lna \u010das\u0165 bytu disponuje neobvykle ve\u013ek\u00fdm po\u010dtom okien, ktor\u00e9 cel\u00fd priestor ve\u013emi pr\u00edjemne presvet\u013euj\u00fa.<\/p>\n<p>Na t\u00fato \u010das\u0165 nadv\u00e4zuje sp\u00e1l\u0148a vybaven\u00e1 plnohodnotnou poste\u013eou a dostato\u010dn\u00fdm \u00falo\u017en\u00fdm priestorom vo vstavanej skrini.<br \/>\nDo k\u00fape\u013ene s oknom vstupujeme zo vstupnej chodby. Disponuje sprchov\u00fdm k\u00fatom a\u00a0pr\u00e1\u010dkou.<\/p>\n<p>Poslednou zast\u00e1vkou je ve\u013ekorys\u00e1 stre\u0161n\u00e1 terasa. Miesto ako stvoren\u00e9 pre pop\u00edjanie rannej k\u00e1vy \u010di no\u010dn\u00e9 pozorovanie hviezd nad mestom. Ako sme u\u017e spom\u00ednali, na terase priam c\u00edti\u0165 mesto naokolo, sta\u010d\u00ed v\u0161ak zavrie\u0165 za sebou dvere a\u00a0u\u017e si u\u017e\u00edvate pohodu, ktor\u00fd tento byt vy\u017earuje.<\/p>\n<p>K\u00a0bytu prisl\u00facha murovan\u00e1 pivnica.<\/p>\n<p>\u2028Lokalita:<\/p>\n<p>Bytov\u00fd dom, ktor\u00fd pre\u0161iel v\u00a0tomto roku kompletnou rekon\u0161trukciou sa nach\u00e1dza priamo v\u00a0srdci Bratislavy, v\u00a0tesnej bl\u00edzkosti historickej \u010dasti Star\u00e9ho Mesta. Svojou polohou je ide\u00e1lny kandid\u00e1t na u\u017e\u00edvanie si spolo\u010densk\u00e9ho mestsk\u00e9ho \u017eivota s\u00a0jeho re\u0161taur\u00e1ciami, obchodmi,\u00a0kaviar\u0148ami, divadlami, ale aj z\u00e1hradami a\u00a0parkami.  V\u010faka zast\u00e1vke MHD, ktor\u00e1 je na skok od bytu, m\u00e1te aj ostatn\u00e9 \u010dasti mesta \u013eahko dostupn\u00e9. <\/p>\n<p>\u2028Cena: 830 eur \/ mesiac (660 eur byt + 170 eur energie vr\u00e1tane internetu)\u2028<br \/>\nV\u00fdmera: 90 m\u00b2 (interi\u00e9r 60 m\u00b2, balk\u00f3n 25 m\u00b2, pivnica 5 m\u00b2)\u2028\u2028<\/p>\n<p>Fotografie a text s\u00fa autorsk\u00fdm dielom a majetkom spolo\u010dnosti Arvin &amp; Benet.<\/p>\n<p>\u2028\u2028Nehnute\u013enos\u0165 bola naaran\u017eovan\u00e1 a nafoten\u00e1 Homestaging oddelen\u00edm na\u0161ej spolo\u010dnosti, ve\u013emi radi V\u00e1m pom\u00f4\u017eeme pri efekt\u00edvnom a d\u00f4stojnom predaji \u010di pren\u00e1jme aj Va\u0161ej nehnute\u013enosti. <\/p>\n<p>Budeme sa te\u0161i\u0165, ke\u010f n\u00e1s budete nez\u00e1v\u00e4zne kontaktova\u0165.                            <\/p><\/div>\n","protected":false},"excerpt":{"rendered":"<p>Arvin &amp; Benet pon\u00faka na pren\u00e1jom 2i byt s\u00a0v\u00fdbornou atmosf\u00e9rou ,\u00a0\u2018rooftop\u2019 terasou a pivnicou priamo v centre mesta. Ak h\u013ead\u00e1te svie\u017ei mestsk\u00fd byt, ktor\u00fd r\u00e1no nakopne Va\u0161u kreativitu a\u00a0popoludn\u00ed V\u00e1m po ru\u0161nom dni pon\u00fakne neskuto\u010dn\u00fa pohodu a pohodlie, tak tento byt je ur\u010den\u00fd pr\u00e1ve pre V\u00e1s. Tomu napom\u00e1ha nielen starostlivo vyberan\u00e9 zariadenie, ale i\u00a0poloha bytu [&hellip;]<\/p>\n","protected":false},"author":1,"featured_media":52079,"comment_status":"open","ping_status":"open","sticky":false,"template":"","format":"standard","meta":{"footnotes":""},"categories":[4],"tags":[],"class_list":["post-52078","post","type-post","status-publish","format-standard","has-post-thumbnail","hentry","category-prenajom-bytu"],"yoast_head":"<!-- This site is optimized with the Yoast SEO plugin v23.1 - https:\/\/yoast.com\/wordpress\/plugins\/seo\/ -->\n<title>Arvin &amp; Benet | 2i mestsk\u00fd byt s\u00a0jedine\u010dnou atmosf\u00e9rou a \u2018rooftop\u2019 terasou | Podn\u00e1jom - Baportal.sk - Bratislava<\/title>\n<meta name=\"description\" content=\"Arvin &amp; Benet pon\u00faka na pren\u00e1jom 2i byt s\u00a0v\u00fdbornou atmosf\u00e9rou ,\u00a0\u2018rooftop\u2019 terasou a pivnicou priamo v centre mesta. Ak h\u013ead\u00e1te svie\u017ei mestsk\u00fd byt,\" \/>\n<meta name=\"robots\" content=\"index, follow, max-snippet:-1, max-image-preview:large, max-video-preview:-1\" \/>\n<link rel=\"canonical\" href=\"https:\/\/baportal.sk\/podnajom\/in\/52078\/\" \/>\n<meta property=\"og:locale\" content=\"sk_SK\" \/>\n<meta property=\"og:type\" content=\"article\" \/>\n<meta property=\"og:title\" content=\"Arvin &amp; Benet | 2i mestsk\u00fd byt s\u00a0jedine\u010dnou atmosf\u00e9rou a \u2018rooftop\u2019 terasou | Podn\u00e1jom - Baportal.sk - Bratislava\" \/>\n<meta property=\"og:description\" content=\"Arvin &amp; Benet pon\u00faka na pren\u00e1jom 2i byt s\u00a0v\u00fdbornou atmosf\u00e9rou ,\u00a0\u2018rooftop\u2019 terasou a pivnicou priamo v centre mesta. Ak h\u013ead\u00e1te svie\u017ei mestsk\u00fd byt,\" \/>\n<meta property=\"og:url\" content=\"https:\/\/baportal.sk\/podnajom\/in\/52078\/\" \/>\n<meta property=\"og:site_name\" content=\"Podn\u00e1jom - Baportal.sk - Bratislava\" \/>\n<meta property=\"article:published_time\" content=\"2022-05-05T01:01:49+00:00\" \/>\n<meta name=\"author\" content=\"marek\" \/>\n<meta name=\"twitter:card\" content=\"summary_large_image\" \/>\n<meta name=\"twitter:label1\" content=\"Autor\" \/>\n\t<meta name=\"twitter:data1\" content=\"marek\" \/>\n\t<meta name=\"twitter:label2\" content=\"Predpokladan\u00fd \u010das \u010d\u00edtania\" \/>\n\t<meta name=\"twitter:data2\" content=\"3 min\u00faty\" \/>\n<script type=\"application\/ld+json\" class=\"yoast-schema-graph\">{\"@context\":\"https:\/\/schema.org\",\"@graph\":[{\"@type\":\"WebPage\",\"@id\":\"https:\/\/baportal.sk\/podnajom\/in\/52078\/\",\"url\":\"https:\/\/baportal.sk\/podnajom\/in\/52078\/\",\"name\":\"Arvin &amp; Benet | 2i mestsk\u00fd byt s\u00a0jedine\u010dnou atmosf\u00e9rou a \u2018rooftop\u2019 terasou | Podn\u00e1jom - Baportal.sk - Bratislava\",\"isPartOf\":{\"@id\":\"https:\/\/baportal.sk\/podnajom\/#website\"},\"primaryImageOfPage\":{\"@id\":\"https:\/\/baportal.sk\/podnajom\/in\/52078\/#primaryimage\"},\"image\":{\"@id\":\"https:\/\/baportal.sk\/podnajom\/in\/52078\/#primaryimage\"},\"thumbnailUrl\":\"https:\/\/baportal.sk\/podnajom\/wp-content\/uploads\/2023\/01\/Arvin-amp-Benet-2i-mestsky-byt-s-jedinecnou-atmosferou-a.jpeg\",\"datePublished\":\"2022-05-05T01:01:49+00:00\",\"dateModified\":\"2022-05-05T01:01:49+00:00\",\"author\":{\"@id\":\"https:\/\/baportal.sk\/podnajom\/#\/schema\/person\/1048c08c599b2e93379d6374549bd168\"},\"description\":\"Arvin &amp; Benet pon\u00faka na pren\u00e1jom 2i byt s\u00a0v\u00fdbornou atmosf\u00e9rou ,\u00a0\u2018rooftop\u2019 terasou a pivnicou priamo v centre mesta. Ak h\u013ead\u00e1te svie\u017ei mestsk\u00fd byt,\",\"breadcrumb\":{\"@id\":\"https:\/\/baportal.sk\/podnajom\/in\/52078\/#breadcrumb\"},\"inLanguage\":\"sk-SK\",\"potentialAction\":[{\"@type\":\"ReadAction\",\"target\":[\"https:\/\/baportal.sk\/podnajom\/in\/52078\/\"]}]},{\"@type\":\"ImageObject\",\"inLanguage\":\"sk-SK\",\"@id\":\"https:\/\/baportal.sk\/podnajom\/in\/52078\/#primaryimage\",\"url\":\"https:\/\/baportal.sk\/podnajom\/wp-content\/uploads\/2023\/01\/Arvin-amp-Benet-2i-mestsky-byt-s-jedinecnou-atmosferou-a.jpeg\",\"contentUrl\":\"https:\/\/baportal.sk\/podnajom\/wp-content\/uploads\/2023\/01\/Arvin-amp-Benet-2i-mestsky-byt-s-jedinecnou-atmosferou-a.jpeg\",\"width\":600,\"height\":315},{\"@type\":\"BreadcrumbList\",\"@id\":\"https:\/\/baportal.sk\/podnajom\/in\/52078\/#breadcrumb\",\"itemListElement\":[{\"@type\":\"ListItem\",\"position\":1,\"name\":\"Domovsk\u00e1 str\u00e1nka\",\"item\":\"https:\/\/baportal.sk\/podnajom\/\"},{\"@type\":\"ListItem\",\"position\":2,\"name\":\"Arvin &amp; Benet | 2i mestsk\u00fd byt s\u00a0jedine\u010dnou atmosf\u00e9rou a \u2018rooftop\u2019 terasou\"}]},{\"@type\":\"WebSite\",\"@id\":\"https:\/\/baportal.sk\/podnajom\/#website\",\"url\":\"https:\/\/baportal.sk\/podnajom\/\",\"name\":\"Podn\u00e1jom - Baportal.sk - Bratislava\",\"description\":\"\",\"potentialAction\":[{\"@type\":\"SearchAction\",\"target\":{\"@type\":\"EntryPoint\",\"urlTemplate\":\"https:\/\/baportal.sk\/podnajom\/?s={search_term_string}\"},\"query-input\":\"required name=search_term_string\"}],\"inLanguage\":\"sk-SK\"},{\"@type\":\"Person\",\"@id\":\"https:\/\/baportal.sk\/podnajom\/#\/schema\/person\/1048c08c599b2e93379d6374549bd168\",\"name\":\"marek\",\"image\":{\"@type\":\"ImageObject\",\"inLanguage\":\"sk-SK\",\"@id\":\"https:\/\/baportal.sk\/podnajom\/#\/schema\/person\/image\/\",\"url\":\"https:\/\/secure.gravatar.com\/avatar\/cdf0fbd37411d455f1afd87f93b867f6?s=96&d=mm&r=g\",\"contentUrl\":\"https:\/\/secure.gravatar.com\/avatar\/cdf0fbd37411d455f1afd87f93b867f6?s=96&d=mm&r=g\",\"caption\":\"marek\"},\"sameAs\":[\"https:\/\/www.baportal.sk\/podnajom\"]}]}<\/script>\n<!-- \/ Yoast SEO plugin. -->","yoast_head_json":{"title":"Arvin &amp; Benet | 2i mestsk\u00fd byt s\u00a0jedine\u010dnou atmosf\u00e9rou a \u2018rooftop\u2019 terasou | Podn\u00e1jom - Baportal.sk - Bratislava","description":"Arvin &amp; Benet pon\u00faka na pren\u00e1jom 2i byt s\u00a0v\u00fdbornou atmosf\u00e9rou ,\u00a0\u2018rooftop\u2019 terasou a pivnicou priamo v centre mesta. Ak h\u013ead\u00e1te svie\u017ei mestsk\u00fd byt,","robots":{"index":"index","follow":"follow","max-snippet":"max-snippet:-1","max-image-preview":"max-image-preview:large","max-video-preview":"max-video-preview:-1"},"canonical":"https:\/\/baportal.sk\/podnajom\/in\/52078\/","og_locale":"sk_SK","og_type":"article","og_title":"Arvin &amp; Benet | 2i mestsk\u00fd byt s\u00a0jedine\u010dnou atmosf\u00e9rou a \u2018rooftop\u2019 terasou | Podn\u00e1jom - Baportal.sk - Bratislava","og_description":"Arvin &amp; Benet pon\u00faka na pren\u00e1jom 2i byt s\u00a0v\u00fdbornou atmosf\u00e9rou ,\u00a0\u2018rooftop\u2019 terasou a pivnicou priamo v centre mesta. Ak h\u013ead\u00e1te svie\u017ei mestsk\u00fd byt,","og_url":"https:\/\/baportal.sk\/podnajom\/in\/52078\/","og_site_name":"Podn\u00e1jom - Baportal.sk - Bratislava","article_published_time":"2022-05-05T01:01:49+00:00","author":"marek","twitter_card":"summary_large_image","twitter_misc":{"Autor":"marek","Predpokladan\u00fd \u010das \u010d\u00edtania":"3 min\u00faty"},"schema":{"@context":"https:\/\/schema.org","@graph":[{"@type":"WebPage","@id":"https:\/\/baportal.sk\/podnajom\/in\/52078\/","url":"https:\/\/baportal.sk\/podnajom\/in\/52078\/","name":"Arvin &amp; Benet | 2i mestsk\u00fd byt s\u00a0jedine\u010dnou atmosf\u00e9rou a \u2018rooftop\u2019 terasou | Podn\u00e1jom - Baportal.sk - Bratislava","isPartOf":{"@id":"https:\/\/baportal.sk\/podnajom\/#website"},"primaryImageOfPage":{"@id":"https:\/\/baportal.sk\/podnajom\/in\/52078\/#primaryimage"},"image":{"@id":"https:\/\/baportal.sk\/podnajom\/in\/52078\/#primaryimage"},"thumbnailUrl":"https:\/\/baportal.sk\/podnajom\/wp-content\/uploads\/2023\/01\/Arvin-amp-Benet-2i-mestsky-byt-s-jedinecnou-atmosferou-a.jpeg","datePublished":"2022-05-05T01:01:49+00:00","dateModified":"2022-05-05T01:01:49+00:00","author":{"@id":"https:\/\/baportal.sk\/podnajom\/#\/schema\/person\/1048c08c599b2e93379d6374549bd168"},"description":"Arvin &amp; Benet pon\u00faka na pren\u00e1jom 2i byt s\u00a0v\u00fdbornou atmosf\u00e9rou ,\u00a0\u2018rooftop\u2019 terasou a pivnicou priamo v centre mesta. Ak h\u013ead\u00e1te svie\u017ei mestsk\u00fd byt,","breadcrumb":{"@id":"https:\/\/baportal.sk\/podnajom\/in\/52078\/#breadcrumb"},"inLanguage":"sk-SK","potentialAction":[{"@type":"ReadAction","target":["https:\/\/baportal.sk\/podnajom\/in\/52078\/"]}]},{"@type":"ImageObject","inLanguage":"sk-SK","@id":"https:\/\/baportal.sk\/podnajom\/in\/52078\/#primaryimage","url":"https:\/\/baportal.sk\/podnajom\/wp-content\/uploads\/2023\/01\/Arvin-amp-Benet-2i-mestsky-byt-s-jedinecnou-atmosferou-a.jpeg","contentUrl":"https:\/\/baportal.sk\/podnajom\/wp-content\/uploads\/2023\/01\/Arvin-amp-Benet-2i-mestsky-byt-s-jedinecnou-atmosferou-a.jpeg","width":600,"height":315},{"@type":"BreadcrumbList","@id":"https:\/\/baportal.sk\/podnajom\/in\/52078\/#breadcrumb","itemListElement":[{"@type":"ListItem","position":1,"name":"Domovsk\u00e1 str\u00e1nka","item":"https:\/\/baportal.sk\/podnajom\/"},{"@type":"ListItem","position":2,"name":"Arvin &amp; Benet | 2i mestsk\u00fd byt s\u00a0jedine\u010dnou atmosf\u00e9rou a \u2018rooftop\u2019 terasou"}]},{"@type":"WebSite","@id":"https:\/\/baportal.sk\/podnajom\/#website","url":"https:\/\/baportal.sk\/podnajom\/","name":"Podn\u00e1jom - Baportal.sk - Bratislava","description":"","potentialAction":[{"@type":"SearchAction","target":{"@type":"EntryPoint","urlTemplate":"https:\/\/baportal.sk\/podnajom\/?s={search_term_string}"},"query-input":"required name=search_term_string"}],"inLanguage":"sk-SK"},{"@type":"Person","@id":"https:\/\/baportal.sk\/podnajom\/#\/schema\/person\/1048c08c599b2e93379d6374549bd168","name":"marek","image":{"@type":"ImageObject","inLanguage":"sk-SK","@id":"https:\/\/baportal.sk\/podnajom\/#\/schema\/person\/image\/","url":"https:\/\/secure.gravatar.com\/avatar\/cdf0fbd37411d455f1afd87f93b867f6?s=96&d=mm&r=g","contentUrl":"https:\/\/secure.gravatar.com\/avatar\/cdf0fbd37411d455f1afd87f93b867f6?s=96&d=mm&r=g","caption":"marek"},"sameAs":["https:\/\/www.baportal.sk\/podnajom"]}]}},"_links":{"self":[{"href":"https:\/\/baportal.sk\/podnajom\/wp-json\/wp\/v2\/posts\/52078"}],"collection":[{"href":"https:\/\/baportal.sk\/podnajom\/wp-json\/wp\/v2\/posts"}],"about":[{"href":"https:\/\/baportal.sk\/podnajom\/wp-json\/wp\/v2\/types\/post"}],"author":[{"embeddable":true,"href":"https:\/\/baportal.sk\/podnajom\/wp-json\/wp\/v2\/users\/1"}],"replies":[{"embeddable":true,"href":"https:\/\/baportal.sk\/podnajom\/wp-json\/wp\/v2\/comments?post=52078"}],"version-history":[{"count":0,"href":"https:\/\/baportal.sk\/podnajom\/wp-json\/wp\/v2\/posts\/52078\/revisions"}],"wp:featuredmedia":[{"embeddable":true,"href":"https:\/\/baportal.sk\/podnajom\/wp-json\/wp\/v2\/media\/52079"}],"wp:attachment":[{"href":"https:\/\/baportal.sk\/podnajom\/wp-json\/wp\/v2\/media?parent=52078"}],"wp:term":[{"taxonomy":"category","embeddable":true,"href":"https:\/\/baportal.sk\/podnajom\/wp-json\/wp\/v2\/categories?post=52078"},{"taxonomy":"post_tag","embeddable":true,"href":"https:\/\/baportal.sk\/podnajom\/wp-json\/wp\/v2\/tags?post=52078"}],"curies":[{"name":"wp","href":"https:\/\/api.w.org\/{rel}","templated":true}]}}