{"id":52907,"date":"2022-05-05T03:01:49","date_gmt":"2022-05-05T01:01:49","guid":{"rendered":"https:\/\/baportal.sk\/podnajom\/in\/52907\/"},"modified":"2022-05-05T03:01:49","modified_gmt":"2022-05-05T01:01:49","slug":"u-nas-stylovy-1i-bytik-novostavba-balkon-klima-centrum-suche-myto","status":"publish","type":"post","link":"https:\/\/baportal.sk\/podnajom\/in\/52907\/","title":{"rendered":"U N\u00c1S !!! \u0160T\u00ddLOVY 1i byt\u00edk, NOVOSTAVBA, BALK\u00d3N, KL\u00cdMA, CENTRUM, Such\u00e9 M\u00fdto"},"content":{"rendered":"<div class=\"text-inner\">\n                                Pon\u00fakame na pren\u00e1jom kr\u00e1sny, slne\u010dn\u00fd kompletne \u0161t\u00fdlovo zariaden\u00fd 1 izbov\u00fd byt orientovan\u00fd do dvora, s balk\u00f3nom a klimatiz\u00e1ciou v novostavbe Modr\u00e1 Gu\u013ea priamo v centre na ulici Such\u00e9 M\u00fdto v mestskej \u010dasti Star\u00e9 Mesto.<\/p>\n<p>Byt sa nach\u00e1dza na 4 poschod\u00ed v 7 poschodovej novostavbe s v\u00fd\u0165ahom s \u00faplnou ob\u010dianskou vybavenos\u0165ou.<\/p>\n<p>V\u00ddHODY:<br \/>\n\u2022priestrann\u00fd byt s balk\u00f3nom<br \/>\n\u2022orientovan\u00fd do vn\u00fatrobloku<br \/>\n\u2022klimatiz\u00e1cia<br \/>\n\u2022kompletne \u0161t\u00fdlovo zariaden\u00fd vr\u00e1tane spotrebi\u010dov s modern\u00fdm n\u00e1bytkom<br \/>\n\u2022novostavba<br \/>\n\u2022centrum<br \/>\n\u2022kompletn\u00e1 ob\u010dianska vybavenos\u0165 v pe\u0161ej dostupnosti<\/p>\n<p>DISPOZ\u00cdCIA<br \/>\nvstupn\u00e1 chodba, ob\u00fdva\u010dka s kuchy\u0148ou so spacou \u010dastou s pr\u00edstupom na balk\u00f3n, k\u00fape\u013e\u0148a so sprchov\u00fdm k\u00fatom spojen\u00e1 s toaletou. B<\/p>\n<p>LOKALITA<br \/>\nBytov\u00fd dom sa nach\u00e1dza vo vyh\u013ead\u00e1vanej tichej a kr\u00e1snej lokalite Star\u00e9ho Mesta s v\u00fdbornou ob\u010dianskou vybavenos\u0165ou. Modr\u00e1 gu\u013ea sa nach\u00e1dza na Suchom m\u00fdte, v centre hlavn\u00e9ho mesta, oproti Prezidentsk\u00e9mu pal\u00e1cu. Pre kozmopolitn\u00e9ho mlad\u00e9ho \u010dloveka pon\u00faka t\u00e1to lokalita nielen v\u0161etky kr\u00e1sy ve\u013ekomesta a pr\u00edle\u017eitosti ku kult\u00farnemu a spolo\u010densk\u00e9mu vy\u017eitiu, ale aj v\u0161etku potrebn\u00fa ob\u010diansku vybavenos\u0165, n\u00e1kupn\u00e9 centr\u00e1, nemocnice, \u0161koly, \u0161k\u00f4lky, gal\u00e9rie, divadl\u00e1, \u010di park Prezidentsk\u00e9ho pal\u00e1ca pre tr\u00e1venie letn\u00fdch dn\u00ed. Prednos\u0165ou je tie\u017e dostupnos\u0165 akejko\u013evek formy dopravy pri doch\u00e1dzan\u00ed za pr\u00e1cou, s priamym napojen\u00edm na v\u0161etky dopravn\u00e9 \u0165ahy mesta. Miesto, kam po st\u00e1ro\u010dia h\u013eadeli o\u010di prezidentov predur\u010duje jedine\u010dnos\u0165, ktor\u00e1 V\u00e1m dod\u00e1 nezabudnute\u013en\u00fd pocit z V\u00e1\u0161ho nov\u00e9ho b\u00fdvania. Miesta, ktor\u00e9 nav\u017edy ostane vo Va\u0161om srdci.<\/p>\n<p>Byt je vo\u013en\u00fd od 1.7.2022 s mo\u017enos\u0165ou obhliadky ihne\u010f.<\/p>\n<p>Cena pren\u00e1jmu predstavuje 600 peuro + 150euro energie.<\/p>\n<p>Kontakt: 0948 902 505  <\/p>\n<p>Email: kiss@primereality.sk                            <\/p><\/div>\n","protected":false},"excerpt":{"rendered":"<p>Pon\u00fakame na pren\u00e1jom kr\u00e1sny, slne\u010dn\u00fd kompletne \u0161t\u00fdlovo zariaden\u00fd 1 izbov\u00fd byt orientovan\u00fd do dvora, s balk\u00f3nom a klimatiz\u00e1ciou v novostavbe Modr\u00e1 Gu\u013ea priamo v centre na ulici Such\u00e9 M\u00fdto v mestskej \u010dasti Star\u00e9 Mesto. Byt sa nach\u00e1dza na 4 poschod\u00ed v 7 poschodovej novostavbe s v\u00fd\u0165ahom s \u00faplnou ob\u010dianskou vybavenos\u0165ou. V\u00ddHODY: \u2022priestrann\u00fd byt s balk\u00f3nom [&hellip;]<\/p>\n","protected":false},"author":1,"featured_media":52908,"comment_status":"open","ping_status":"open","sticky":false,"template":"","format":"standard","meta":{"footnotes":""},"categories":[4],"tags":[],"class_list":["post-52907","post","type-post","status-publish","format-standard","has-post-thumbnail","hentry","category-prenajom-bytu"],"yoast_head":"<!-- This site is optimized with the Yoast SEO plugin v23.1 - https:\/\/yoast.com\/wordpress\/plugins\/seo\/ -->\n<title>U N\u00c1S !!! \u0160T\u00ddLOVY 1i byt\u00edk, NOVOSTAVBA, BALK\u00d3N, KL\u00cdMA, CENTRUM, Such\u00e9 M\u00fdto | Podn\u00e1jom - Baportal.sk - Bratislava<\/title>\n<meta name=\"description\" content=\"Pon\u00fakame na pren\u00e1jom kr\u00e1sny, slne\u010dn\u00fd kompletne \u0161t\u00fdlovo zariaden\u00fd 1 izbov\u00fd byt orientovan\u00fd do dvora, s balk\u00f3nom a klimatiz\u00e1ciou v novostavbe Modr\u00e1 Gu\u013ea\" \/>\n<meta name=\"robots\" content=\"index, follow, max-snippet:-1, max-image-preview:large, max-video-preview:-1\" \/>\n<link rel=\"canonical\" href=\"https:\/\/baportal.sk\/podnajom\/in\/52907\/\" \/>\n<meta property=\"og:locale\" content=\"sk_SK\" \/>\n<meta property=\"og:type\" content=\"article\" \/>\n<meta property=\"og:title\" content=\"U N\u00c1S !!! \u0160T\u00ddLOVY 1i byt\u00edk, NOVOSTAVBA, BALK\u00d3N, KL\u00cdMA, CENTRUM, Such\u00e9 M\u00fdto | Podn\u00e1jom - Baportal.sk - Bratislava\" \/>\n<meta property=\"og:description\" content=\"Pon\u00fakame na pren\u00e1jom kr\u00e1sny, slne\u010dn\u00fd kompletne \u0161t\u00fdlovo zariaden\u00fd 1 izbov\u00fd byt orientovan\u00fd do dvora, s balk\u00f3nom a klimatiz\u00e1ciou v novostavbe Modr\u00e1 Gu\u013ea\" \/>\n<meta property=\"og:url\" content=\"https:\/\/baportal.sk\/podnajom\/in\/52907\/\" \/>\n<meta property=\"og:site_name\" content=\"Podn\u00e1jom - Baportal.sk - Bratislava\" \/>\n<meta property=\"article:published_time\" content=\"2022-05-05T01:01:49+00:00\" \/>\n<meta name=\"author\" content=\"marek\" \/>\n<meta name=\"twitter:card\" content=\"summary_large_image\" \/>\n<meta name=\"twitter:label1\" content=\"Autor\" \/>\n\t<meta name=\"twitter:data1\" content=\"marek\" \/>\n\t<meta name=\"twitter:label2\" content=\"Predpokladan\u00fd \u010das \u010d\u00edtania\" \/>\n\t<meta name=\"twitter:data2\" content=\"2 min\u00faty\" \/>\n<script type=\"application\/ld+json\" class=\"yoast-schema-graph\">{\"@context\":\"https:\/\/schema.org\",\"@graph\":[{\"@type\":\"WebPage\",\"@id\":\"https:\/\/baportal.sk\/podnajom\/in\/52907\/\",\"url\":\"https:\/\/baportal.sk\/podnajom\/in\/52907\/\",\"name\":\"U N\u00c1S !!! \u0160T\u00ddLOVY 1i byt\u00edk, NOVOSTAVBA, BALK\u00d3N, KL\u00cdMA, CENTRUM, Such\u00e9 M\u00fdto | Podn\u00e1jom - Baportal.sk - Bratislava\",\"isPartOf\":{\"@id\":\"https:\/\/baportal.sk\/podnajom\/#website\"},\"primaryImageOfPage\":{\"@id\":\"https:\/\/baportal.sk\/podnajom\/in\/52907\/#primaryimage\"},\"image\":{\"@id\":\"https:\/\/baportal.sk\/podnajom\/in\/52907\/#primaryimage\"},\"thumbnailUrl\":\"https:\/\/baportal.sk\/podnajom\/wp-content\/uploads\/2023\/02\/U-NAS-STYLOVY-1i-bytik-NOVOSTAVBA-BALKON-KLIMA-CENTRUM.jpeg\",\"datePublished\":\"2022-05-05T01:01:49+00:00\",\"dateModified\":\"2022-05-05T01:01:49+00:00\",\"author\":{\"@id\":\"https:\/\/baportal.sk\/podnajom\/#\/schema\/person\/1048c08c599b2e93379d6374549bd168\"},\"description\":\"Pon\u00fakame na pren\u00e1jom kr\u00e1sny, slne\u010dn\u00fd kompletne \u0161t\u00fdlovo zariaden\u00fd 1 izbov\u00fd byt orientovan\u00fd do dvora, s balk\u00f3nom a klimatiz\u00e1ciou v novostavbe Modr\u00e1 Gu\u013ea\",\"breadcrumb\":{\"@id\":\"https:\/\/baportal.sk\/podnajom\/in\/52907\/#breadcrumb\"},\"inLanguage\":\"sk-SK\",\"potentialAction\":[{\"@type\":\"ReadAction\",\"target\":[\"https:\/\/baportal.sk\/podnajom\/in\/52907\/\"]}]},{\"@type\":\"ImageObject\",\"inLanguage\":\"sk-SK\",\"@id\":\"https:\/\/baportal.sk\/podnajom\/in\/52907\/#primaryimage\",\"url\":\"https:\/\/baportal.sk\/podnajom\/wp-content\/uploads\/2023\/02\/U-NAS-STYLOVY-1i-bytik-NOVOSTAVBA-BALKON-KLIMA-CENTRUM.jpeg\",\"contentUrl\":\"https:\/\/baportal.sk\/podnajom\/wp-content\/uploads\/2023\/02\/U-NAS-STYLOVY-1i-bytik-NOVOSTAVBA-BALKON-KLIMA-CENTRUM.jpeg\",\"width\":600,\"height\":315},{\"@type\":\"BreadcrumbList\",\"@id\":\"https:\/\/baportal.sk\/podnajom\/in\/52907\/#breadcrumb\",\"itemListElement\":[{\"@type\":\"ListItem\",\"position\":1,\"name\":\"Domovsk\u00e1 str\u00e1nka\",\"item\":\"https:\/\/baportal.sk\/podnajom\/\"},{\"@type\":\"ListItem\",\"position\":2,\"name\":\"U N\u00c1S !!! \u0160T\u00ddLOVY 1i byt\u00edk, NOVOSTAVBA, BALK\u00d3N, KL\u00cdMA, CENTRUM, Such\u00e9 M\u00fdto\"}]},{\"@type\":\"WebSite\",\"@id\":\"https:\/\/baportal.sk\/podnajom\/#website\",\"url\":\"https:\/\/baportal.sk\/podnajom\/\",\"name\":\"Podn\u00e1jom - Baportal.sk - Bratislava\",\"description\":\"\",\"potentialAction\":[{\"@type\":\"SearchAction\",\"target\":{\"@type\":\"EntryPoint\",\"urlTemplate\":\"https:\/\/baportal.sk\/podnajom\/?s={search_term_string}\"},\"query-input\":\"required name=search_term_string\"}],\"inLanguage\":\"sk-SK\"},{\"@type\":\"Person\",\"@id\":\"https:\/\/baportal.sk\/podnajom\/#\/schema\/person\/1048c08c599b2e93379d6374549bd168\",\"name\":\"marek\",\"image\":{\"@type\":\"ImageObject\",\"inLanguage\":\"sk-SK\",\"@id\":\"https:\/\/baportal.sk\/podnajom\/#\/schema\/person\/image\/\",\"url\":\"https:\/\/secure.gravatar.com\/avatar\/cdf0fbd37411d455f1afd87f93b867f6?s=96&d=mm&r=g\",\"contentUrl\":\"https:\/\/secure.gravatar.com\/avatar\/cdf0fbd37411d455f1afd87f93b867f6?s=96&d=mm&r=g\",\"caption\":\"marek\"},\"sameAs\":[\"https:\/\/www.baportal.sk\/podnajom\"]}]}<\/script>\n<!-- \/ Yoast SEO plugin. -->","yoast_head_json":{"title":"U N\u00c1S !!! \u0160T\u00ddLOVY 1i byt\u00edk, NOVOSTAVBA, BALK\u00d3N, KL\u00cdMA, CENTRUM, Such\u00e9 M\u00fdto | Podn\u00e1jom - Baportal.sk - Bratislava","description":"Pon\u00fakame na pren\u00e1jom kr\u00e1sny, slne\u010dn\u00fd kompletne \u0161t\u00fdlovo zariaden\u00fd 1 izbov\u00fd byt orientovan\u00fd do dvora, s balk\u00f3nom a klimatiz\u00e1ciou v novostavbe Modr\u00e1 Gu\u013ea","robots":{"index":"index","follow":"follow","max-snippet":"max-snippet:-1","max-image-preview":"max-image-preview:large","max-video-preview":"max-video-preview:-1"},"canonical":"https:\/\/baportal.sk\/podnajom\/in\/52907\/","og_locale":"sk_SK","og_type":"article","og_title":"U N\u00c1S !!! \u0160T\u00ddLOVY 1i byt\u00edk, NOVOSTAVBA, BALK\u00d3N, KL\u00cdMA, CENTRUM, Such\u00e9 M\u00fdto | Podn\u00e1jom - Baportal.sk - Bratislava","og_description":"Pon\u00fakame na pren\u00e1jom kr\u00e1sny, slne\u010dn\u00fd kompletne \u0161t\u00fdlovo zariaden\u00fd 1 izbov\u00fd byt orientovan\u00fd do dvora, s balk\u00f3nom a klimatiz\u00e1ciou v novostavbe Modr\u00e1 Gu\u013ea","og_url":"https:\/\/baportal.sk\/podnajom\/in\/52907\/","og_site_name":"Podn\u00e1jom - Baportal.sk - Bratislava","article_published_time":"2022-05-05T01:01:49+00:00","author":"marek","twitter_card":"summary_large_image","twitter_misc":{"Autor":"marek","Predpokladan\u00fd \u010das \u010d\u00edtania":"2 min\u00faty"},"schema":{"@context":"https:\/\/schema.org","@graph":[{"@type":"WebPage","@id":"https:\/\/baportal.sk\/podnajom\/in\/52907\/","url":"https:\/\/baportal.sk\/podnajom\/in\/52907\/","name":"U N\u00c1S !!! \u0160T\u00ddLOVY 1i byt\u00edk, NOVOSTAVBA, BALK\u00d3N, KL\u00cdMA, CENTRUM, Such\u00e9 M\u00fdto | Podn\u00e1jom - Baportal.sk - Bratislava","isPartOf":{"@id":"https:\/\/baportal.sk\/podnajom\/#website"},"primaryImageOfPage":{"@id":"https:\/\/baportal.sk\/podnajom\/in\/52907\/#primaryimage"},"image":{"@id":"https:\/\/baportal.sk\/podnajom\/in\/52907\/#primaryimage"},"thumbnailUrl":"https:\/\/baportal.sk\/podnajom\/wp-content\/uploads\/2023\/02\/U-NAS-STYLOVY-1i-bytik-NOVOSTAVBA-BALKON-KLIMA-CENTRUM.jpeg","datePublished":"2022-05-05T01:01:49+00:00","dateModified":"2022-05-05T01:01:49+00:00","author":{"@id":"https:\/\/baportal.sk\/podnajom\/#\/schema\/person\/1048c08c599b2e93379d6374549bd168"},"description":"Pon\u00fakame na pren\u00e1jom kr\u00e1sny, slne\u010dn\u00fd kompletne \u0161t\u00fdlovo zariaden\u00fd 1 izbov\u00fd byt orientovan\u00fd do dvora, s balk\u00f3nom a klimatiz\u00e1ciou v novostavbe Modr\u00e1 Gu\u013ea","breadcrumb":{"@id":"https:\/\/baportal.sk\/podnajom\/in\/52907\/#breadcrumb"},"inLanguage":"sk-SK","potentialAction":[{"@type":"ReadAction","target":["https:\/\/baportal.sk\/podnajom\/in\/52907\/"]}]},{"@type":"ImageObject","inLanguage":"sk-SK","@id":"https:\/\/baportal.sk\/podnajom\/in\/52907\/#primaryimage","url":"https:\/\/baportal.sk\/podnajom\/wp-content\/uploads\/2023\/02\/U-NAS-STYLOVY-1i-bytik-NOVOSTAVBA-BALKON-KLIMA-CENTRUM.jpeg","contentUrl":"https:\/\/baportal.sk\/podnajom\/wp-content\/uploads\/2023\/02\/U-NAS-STYLOVY-1i-bytik-NOVOSTAVBA-BALKON-KLIMA-CENTRUM.jpeg","width":600,"height":315},{"@type":"BreadcrumbList","@id":"https:\/\/baportal.sk\/podnajom\/in\/52907\/#breadcrumb","itemListElement":[{"@type":"ListItem","position":1,"name":"Domovsk\u00e1 str\u00e1nka","item":"https:\/\/baportal.sk\/podnajom\/"},{"@type":"ListItem","position":2,"name":"U N\u00c1S !!! \u0160T\u00ddLOVY 1i byt\u00edk, NOVOSTAVBA, BALK\u00d3N, KL\u00cdMA, CENTRUM, Such\u00e9 M\u00fdto"}]},{"@type":"WebSite","@id":"https:\/\/baportal.sk\/podnajom\/#website","url":"https:\/\/baportal.sk\/podnajom\/","name":"Podn\u00e1jom - Baportal.sk - Bratislava","description":"","potentialAction":[{"@type":"SearchAction","target":{"@type":"EntryPoint","urlTemplate":"https:\/\/baportal.sk\/podnajom\/?s={search_term_string}"},"query-input":"required name=search_term_string"}],"inLanguage":"sk-SK"},{"@type":"Person","@id":"https:\/\/baportal.sk\/podnajom\/#\/schema\/person\/1048c08c599b2e93379d6374549bd168","name":"marek","image":{"@type":"ImageObject","inLanguage":"sk-SK","@id":"https:\/\/baportal.sk\/podnajom\/#\/schema\/person\/image\/","url":"https:\/\/secure.gravatar.com\/avatar\/cdf0fbd37411d455f1afd87f93b867f6?s=96&d=mm&r=g","contentUrl":"https:\/\/secure.gravatar.com\/avatar\/cdf0fbd37411d455f1afd87f93b867f6?s=96&d=mm&r=g","caption":"marek"},"sameAs":["https:\/\/www.baportal.sk\/podnajom"]}]}},"_links":{"self":[{"href":"https:\/\/baportal.sk\/podnajom\/wp-json\/wp\/v2\/posts\/52907"}],"collection":[{"href":"https:\/\/baportal.sk\/podnajom\/wp-json\/wp\/v2\/posts"}],"about":[{"href":"https:\/\/baportal.sk\/podnajom\/wp-json\/wp\/v2\/types\/post"}],"author":[{"embeddable":true,"href":"https:\/\/baportal.sk\/podnajom\/wp-json\/wp\/v2\/users\/1"}],"replies":[{"embeddable":true,"href":"https:\/\/baportal.sk\/podnajom\/wp-json\/wp\/v2\/comments?post=52907"}],"version-history":[{"count":0,"href":"https:\/\/baportal.sk\/podnajom\/wp-json\/wp\/v2\/posts\/52907\/revisions"}],"wp:featuredmedia":[{"embeddable":true,"href":"https:\/\/baportal.sk\/podnajom\/wp-json\/wp\/v2\/media\/52908"}],"wp:attachment":[{"href":"https:\/\/baportal.sk\/podnajom\/wp-json\/wp\/v2\/media?parent=52907"}],"wp:term":[{"taxonomy":"category","embeddable":true,"href":"https:\/\/baportal.sk\/podnajom\/wp-json\/wp\/v2\/categories?post=52907"},{"taxonomy":"post_tag","embeddable":true,"href":"https:\/\/baportal.sk\/podnajom\/wp-json\/wp\/v2\/tags?post=52907"}],"curies":[{"name":"wp","href":"https:\/\/api.w.org\/{rel}","templated":true}]}}