{"id":53253,"date":"2022-05-05T03:01:49","date_gmt":"2022-05-05T01:01:49","guid":{"rendered":"https:\/\/baportal.sk\/podnajom\/in\/53253\/"},"modified":"2022-05-05T03:01:49","modified_gmt":"2022-05-05T01:01:49","slug":"arvin-benet-premiovy-2i-byt-s-vyhladom-z-nebeskej-perspektivy-v-sky-parku","status":"publish","type":"post","link":"https:\/\/baportal.sk\/podnajom\/in\/53253\/","title":{"rendered":"Arvin &amp; Benet | Pr\u00e9miov\u00fd 2i byt s v\u00fdh\u013eadom z nebeskej perspekt\u00edvy v Sky Parku"},"content":{"rendered":"<div class=\"text-inner\">\n                                Arvin &amp; Benet pon\u00faka na pren\u00e1jom pr\u00e9miov\u00fd 2i byt s v\u00fdh\u013eadom z nebeskej perspekt\u00edvy v Sky Parku.<\/p>\n<p>Byt je ur\u010den\u00fd pre klienta, ktor\u00fd po\u017eaduje vysok\u00fd komfort b\u00fdvania a pocit v\u00fdnimo\u010dnosti umocnen\u00fd v\u00fdh\u013eadmi na Bratislavu, ktor\u00fd m\u00e1 k dispoz\u00edcii 24\/7. Je ako stvoren\u00fd pre niekoho, kto miluje ultim\u00e1tne, ni\u010d\u00edm obmedzovan\u00e9 v\u00fdh\u013eady spojen\u00e9 so s\u00fakrom\u00edm. Byt na tomto poschod\u00ed v symbi\u00f3ze s jeho orient\u00e1ciou v\u00e1s zasiahne priamo do srdca svojou v\u00fdnimo\u010dnos\u0165ou v podobe o\u00e1zy harm\u00f3nie v ruchu metropoly. Nehnute\u013enos\u0165 z\u00e1rove\u0148 svojou v\u00fdbornou ob\u010dianskou vybavenos\u0165ou zastre\u0161uje kompletn\u00e9 spektrum potrebn\u00fdch slu\u017eieb. Pe\u0161ia dostupnos\u0165 do Star\u00e9ho Mesta, alebo do lesov na druh\u00fa stranu Dunaja je u\u017e len \u010dere\u0161ni\u010dkou na torte.<\/p>\n<p>Viac inform\u00e1ci\u00ed n\u00e1jdete na na\u0161ej webovej str\u00e1nke: https:\/\/www.arvinbenet.sk\/sk\/detail-ponuky\/535\/premiovy-2i-byt-s-vyhladom-z-nebeskej-perspektivy-v-sky-parku<\/p>\n<p>Siln\u00fdmi str\u00e1nkami tohto bytu s\u00fa najm\u00e4:<\/p>\n<p>- nov\u00fd prominentn\u00fd bytov\u00fd komplex<br \/>\n- vysok\u00fd kvalitat\u00edvny \u0161tandard bytu (vymyk\u00e1 sa be\u017en\u00fdm ponuk\u00e1m na pren\u00e1jom)<br \/>\n- individu\u00e1lny dizajn s pr\u00edslu\u0161enstvom na mieru<br \/>\n- vzdu\u0161nos\u0165 a svetlos\u0165 bytu<br \/>\n- priestrann\u00fd walk-in \u0161atn\u00edk<br \/>\n- v\u00fdnimo\u010dn\u00e9 v\u00fdh\u013eady z 28. poschodia<br \/>\n- vysok\u00e1 miera \u010distoty a bezpe\u010dia<br \/>\n- ob\u010dianska vybavenos\u0165 na bezkonkuren\u010dnej \u00farovni<br \/>\n- byt je \u00faplne zariaden\u00fd, dosia\u013e neob\u00fdvan\u00fd<br \/>\n- gar\u00e1\u017eov\u00e9 parkovacie st\u00e1tie<br \/>\n- recepcia v nepretr\u017eitej prev\u00e1dzke<\/p>\n<p>Byt:<\/p>\n<p>Byt je laden\u00fd do \u010dist\u00fdch pr\u00edjemn\u00fdch farieb. Jeho priestorom V\u00e1s bud\u00fa sprev\u00e1dza\u0165 tri metre vysok\u00e9 stropy, dreven\u00e9 podlahy a vybavenie nehnute\u013enosti na mieru. Tento byt je z triedy Panoramatic Collection, \u010d\u00edm demon\u0161truje svoje postavenie v r\u00e1mci cel\u00e9ho projektu, a patri\u010dne sa tak hrdo p\u00fd\u0161i na vrchole cel\u00e9ho reziden\u010dn\u00e9ho komplexu.<br \/>\nLuxusnej\u0161ie u\u017e v Skyparku naozaj b\u00fdva\u0165 nejde.\u00a0<\/p>\n<p>Dispoz\u00edcia pozost\u00e1va zo vstupnej chodby, roz\u013eahlej ob\u00fdvacej izby spojenej s modernou a kompletne zariadenou kuchy\u0148ou, sp\u00e1lne s\u00a0walk-in \u0161atn\u00edkom, loggie a k\u00fape\u013ene.<\/p>\n<p>Kuchynsk\u00e1 \u010das\u0165 je dispozi\u010dne zasaden\u00e1 do ve\u013emi praktick\u00e9ho L-ka, pri\u010dom jej dominuje kuchynsk\u00e1 linka na mieru so vstavan\u00fdmi a kvalitn\u00fdmi spotrebi\u010dmi (uv\u00e1dzame pra\u010dku so su\u0161i\u010dkou Whirlpool, multifunk\u010dn\u00fa mikrovlnn\u00fa r\u00faru Samsung, ako aj induk\u010dn\u00fa varn\u00fa dosku, um\u00fdva\u010dku riadu a vstavan\u00fa chladni\u010dku s mrazni\u010dkou zna\u010dky Electrolux).\u00a0<\/p>\n<p>Je spojen\u00e1 s ob\u00fdvacou \u010das\u0165ou jed\u00e1lensk\u00fdm stolom. O pohodlie sa star\u00e1 talianska modulov\u00e1 sedacia s\u00faprava Calia Italia s taburetom a priestor dop\u013a\u0148a telev\u00edzna skrinka na mieru s panelom a TV Samsung 65\u201d. Internet a TV s\u00fa zahrnut\u00e9 v\u00a0cene pren\u00e1jmu.<\/p>\n<p>Do priestrannej sp\u00e1lne sa vstupuje z ob\u00fdvacej izby. Obidve izby prep\u00e1ja priestrann\u00e1 loggia vybaven\u00e1 terasov\u00fdm n\u00e1bytkom, ktor\u00e1 v\u00fdborne posl\u00fa\u017ei pri serv\u00edrovan\u00ed ra\u0148ajok, \u010d\u00edtan\u00ed alebo pri ve\u010dernom poseden\u00ed pri v\u00edne. O va\u0161e pohodlie sa postar\u00e1 kvalitn\u00e1 a komfortn\u00e1 boxspring poste\u013e a priestor sp\u00e1lne na noc kompletne uzavr\u00fa blackout z\u00e1vesy. K dispoz\u00edci\u00ed je aj priestrann\u00fd walk-in \u0161atn\u00edk zariaden\u00fd na mieru.<\/p>\n<p>K\u00fape\u013e\u0148a s WC je laden\u00e1 do pr\u00edjemn\u00e9ho prevedenia ve\u013ekoform\u00e1tovej gresovej dla\u017eby a obkladu, pri\u010dom jej dominuje priestrann\u00fd sprchovac\u00ed k\u00fat.<\/p>\n<p>K bytu prisl\u00facha parkovacie st\u00e1tie v gar\u00e1\u017ei.<\/p>\n<p>Lokalita:<\/p>\n<p>Projekt Sky Park v novovzniknutom downtowne azda netreba nikomu predstavova\u0165. Je to skvel\u00e1 \u0161tvr\u0165 s puncom v\u00fdnimo\u010dnosti v modernom \u0161ate s vizitkou svetovej architekt\u00fary. Pon\u00faka v\u00fdborn\u00fa ob\u010diansku vybavenos\u0165ou, bezkonkuren\u010dn\u00fa dostupnos\u0165 do centra \u010di bl\u00edzkos\u0165 cyklotrasy.\u00a0<\/p>\n<p>Cena: 1 200 eur \/ mesa\u010dne (800 eur byt + 300 eur energie + 100 eur parking)<br \/>\nV\u00fdmera: 47,43 m\u00b2 (43,25 m\u00b2 byt + 4,18 m\u00b2 loggia)<\/p>\n<p>Fotografie a text s\u00fa autorsk\u00fdm dielom a majetkom spolo\u010dnosti Arvin &amp; Benet.<\/p>\n<p>Nehnute\u013enos\u0165 bola naaran\u017eovan\u00e1 a nafoten\u00e1 Homestaging oddelen\u00edm na\u0161ej spolo\u010dnosti, ve\u013emi radi V\u00e1m pom\u00f4\u017eeme pri efekt\u00edvnom a d\u00f4stojnom predaji \u010di pren\u00e1jme aj Va\u0161ej nehnute\u013enosti. Budeme sa te\u0161i\u0165, ke\u010f n\u00e1s budete nez\u00e1v\u00e4zne kontaktova\u0165.                            <\/p><\/div>\n","protected":false},"excerpt":{"rendered":"<p>Arvin &amp; Benet pon\u00faka na pren\u00e1jom pr\u00e9miov\u00fd 2i byt s v\u00fdh\u013eadom z nebeskej perspekt\u00edvy v Sky Parku. Byt je ur\u010den\u00fd pre klienta, ktor\u00fd po\u017eaduje vysok\u00fd komfort b\u00fdvania a pocit v\u00fdnimo\u010dnosti umocnen\u00fd v\u00fdh\u013eadmi na Bratislavu, ktor\u00fd m\u00e1 k dispoz\u00edcii 24\/7. Je ako stvoren\u00fd pre niekoho, kto miluje ultim\u00e1tne, ni\u010d\u00edm obmedzovan\u00e9 v\u00fdh\u013eady spojen\u00e9 so s\u00fakrom\u00edm. Byt na [&hellip;]<\/p>\n","protected":false},"author":1,"featured_media":53254,"comment_status":"open","ping_status":"open","sticky":false,"template":"","format":"standard","meta":{"footnotes":""},"categories":[4],"tags":[],"class_list":["post-53253","post","type-post","status-publish","format-standard","has-post-thumbnail","hentry","category-prenajom-bytu"],"yoast_head":"<!-- This site is optimized with the Yoast SEO plugin v23.1 - https:\/\/yoast.com\/wordpress\/plugins\/seo\/ -->\n<title>Arvin &amp; Benet | Pr\u00e9miov\u00fd 2i byt s v\u00fdh\u013eadom z nebeskej perspekt\u00edvy v Sky Parku | Podn\u00e1jom - Baportal.sk - Bratislava<\/title>\n<meta name=\"description\" content=\"Arvin &amp; Benet pon\u00faka na pren\u00e1jom pr\u00e9miov\u00fd 2i byt s v\u00fdh\u013eadom z nebeskej perspekt\u00edvy v Sky Parku. Byt je ur\u010den\u00fd pre klienta, ktor\u00fd po\u017eaduje vysok\u00fd\" \/>\n<meta name=\"robots\" content=\"index, follow, max-snippet:-1, max-image-preview:large, max-video-preview:-1\" \/>\n<link rel=\"canonical\" href=\"https:\/\/baportal.sk\/podnajom\/in\/53253\/\" \/>\n<meta property=\"og:locale\" content=\"sk_SK\" \/>\n<meta property=\"og:type\" content=\"article\" \/>\n<meta property=\"og:title\" content=\"Arvin &amp; Benet | Pr\u00e9miov\u00fd 2i byt s v\u00fdh\u013eadom z nebeskej perspekt\u00edvy v Sky Parku | Podn\u00e1jom - Baportal.sk - Bratislava\" \/>\n<meta property=\"og:description\" content=\"Arvin &amp; Benet pon\u00faka na pren\u00e1jom pr\u00e9miov\u00fd 2i byt s v\u00fdh\u013eadom z nebeskej perspekt\u00edvy v Sky Parku. Byt je ur\u010den\u00fd pre klienta, ktor\u00fd po\u017eaduje vysok\u00fd\" \/>\n<meta property=\"og:url\" content=\"https:\/\/baportal.sk\/podnajom\/in\/53253\/\" \/>\n<meta property=\"og:site_name\" content=\"Podn\u00e1jom - Baportal.sk - Bratislava\" \/>\n<meta property=\"article:published_time\" content=\"2022-05-05T01:01:49+00:00\" \/>\n<meta name=\"author\" content=\"marek\" \/>\n<meta name=\"twitter:card\" content=\"summary_large_image\" \/>\n<meta name=\"twitter:label1\" content=\"Autor\" \/>\n\t<meta name=\"twitter:data1\" content=\"marek\" \/>\n\t<meta name=\"twitter:label2\" content=\"Predpokladan\u00fd \u010das \u010d\u00edtania\" \/>\n\t<meta name=\"twitter:data2\" content=\"4 min\u00faty\" \/>\n<script type=\"application\/ld+json\" class=\"yoast-schema-graph\">{\"@context\":\"https:\/\/schema.org\",\"@graph\":[{\"@type\":\"WebPage\",\"@id\":\"https:\/\/baportal.sk\/podnajom\/in\/53253\/\",\"url\":\"https:\/\/baportal.sk\/podnajom\/in\/53253\/\",\"name\":\"Arvin &amp; Benet | Pr\u00e9miov\u00fd 2i byt s v\u00fdh\u013eadom z nebeskej perspekt\u00edvy v Sky Parku | Podn\u00e1jom - Baportal.sk - Bratislava\",\"isPartOf\":{\"@id\":\"https:\/\/baportal.sk\/podnajom\/#website\"},\"primaryImageOfPage\":{\"@id\":\"https:\/\/baportal.sk\/podnajom\/in\/53253\/#primaryimage\"},\"image\":{\"@id\":\"https:\/\/baportal.sk\/podnajom\/in\/53253\/#primaryimage\"},\"thumbnailUrl\":\"https:\/\/baportal.sk\/podnajom\/wp-content\/uploads\/2023\/02\/Arvin-amp-Benet-Premiovy-2i-byt-s-vyhladom-z.jpeg\",\"datePublished\":\"2022-05-05T01:01:49+00:00\",\"dateModified\":\"2022-05-05T01:01:49+00:00\",\"author\":{\"@id\":\"https:\/\/baportal.sk\/podnajom\/#\/schema\/person\/1048c08c599b2e93379d6374549bd168\"},\"description\":\"Arvin &amp; Benet pon\u00faka na pren\u00e1jom pr\u00e9miov\u00fd 2i byt s v\u00fdh\u013eadom z nebeskej perspekt\u00edvy v Sky Parku. Byt je ur\u010den\u00fd pre klienta, ktor\u00fd po\u017eaduje vysok\u00fd\",\"breadcrumb\":{\"@id\":\"https:\/\/baportal.sk\/podnajom\/in\/53253\/#breadcrumb\"},\"inLanguage\":\"sk-SK\",\"potentialAction\":[{\"@type\":\"ReadAction\",\"target\":[\"https:\/\/baportal.sk\/podnajom\/in\/53253\/\"]}]},{\"@type\":\"ImageObject\",\"inLanguage\":\"sk-SK\",\"@id\":\"https:\/\/baportal.sk\/podnajom\/in\/53253\/#primaryimage\",\"url\":\"https:\/\/baportal.sk\/podnajom\/wp-content\/uploads\/2023\/02\/Arvin-amp-Benet-Premiovy-2i-byt-s-vyhladom-z.jpeg\",\"contentUrl\":\"https:\/\/baportal.sk\/podnajom\/wp-content\/uploads\/2023\/02\/Arvin-amp-Benet-Premiovy-2i-byt-s-vyhladom-z.jpeg\",\"width\":600,\"height\":315},{\"@type\":\"BreadcrumbList\",\"@id\":\"https:\/\/baportal.sk\/podnajom\/in\/53253\/#breadcrumb\",\"itemListElement\":[{\"@type\":\"ListItem\",\"position\":1,\"name\":\"Domovsk\u00e1 str\u00e1nka\",\"item\":\"https:\/\/baportal.sk\/podnajom\/\"},{\"@type\":\"ListItem\",\"position\":2,\"name\":\"Arvin &amp; Benet | Pr\u00e9miov\u00fd 2i byt s v\u00fdh\u013eadom z nebeskej perspekt\u00edvy v Sky Parku\"}]},{\"@type\":\"WebSite\",\"@id\":\"https:\/\/baportal.sk\/podnajom\/#website\",\"url\":\"https:\/\/baportal.sk\/podnajom\/\",\"name\":\"Podn\u00e1jom - Baportal.sk - Bratislava\",\"description\":\"\",\"potentialAction\":[{\"@type\":\"SearchAction\",\"target\":{\"@type\":\"EntryPoint\",\"urlTemplate\":\"https:\/\/baportal.sk\/podnajom\/?s={search_term_string}\"},\"query-input\":\"required name=search_term_string\"}],\"inLanguage\":\"sk-SK\"},{\"@type\":\"Person\",\"@id\":\"https:\/\/baportal.sk\/podnajom\/#\/schema\/person\/1048c08c599b2e93379d6374549bd168\",\"name\":\"marek\",\"image\":{\"@type\":\"ImageObject\",\"inLanguage\":\"sk-SK\",\"@id\":\"https:\/\/baportal.sk\/podnajom\/#\/schema\/person\/image\/\",\"url\":\"https:\/\/secure.gravatar.com\/avatar\/cdf0fbd37411d455f1afd87f93b867f6?s=96&d=mm&r=g\",\"contentUrl\":\"https:\/\/secure.gravatar.com\/avatar\/cdf0fbd37411d455f1afd87f93b867f6?s=96&d=mm&r=g\",\"caption\":\"marek\"},\"sameAs\":[\"https:\/\/www.baportal.sk\/podnajom\"]}]}<\/script>\n<!-- \/ Yoast SEO plugin. -->","yoast_head_json":{"title":"Arvin &amp; Benet | Pr\u00e9miov\u00fd 2i byt s v\u00fdh\u013eadom z nebeskej perspekt\u00edvy v Sky Parku | Podn\u00e1jom - Baportal.sk - Bratislava","description":"Arvin &amp; Benet pon\u00faka na pren\u00e1jom pr\u00e9miov\u00fd 2i byt s v\u00fdh\u013eadom z nebeskej perspekt\u00edvy v Sky Parku. Byt je ur\u010den\u00fd pre klienta, ktor\u00fd po\u017eaduje vysok\u00fd","robots":{"index":"index","follow":"follow","max-snippet":"max-snippet:-1","max-image-preview":"max-image-preview:large","max-video-preview":"max-video-preview:-1"},"canonical":"https:\/\/baportal.sk\/podnajom\/in\/53253\/","og_locale":"sk_SK","og_type":"article","og_title":"Arvin &amp; Benet | Pr\u00e9miov\u00fd 2i byt s v\u00fdh\u013eadom z nebeskej perspekt\u00edvy v Sky Parku | Podn\u00e1jom - Baportal.sk - Bratislava","og_description":"Arvin &amp; Benet pon\u00faka na pren\u00e1jom pr\u00e9miov\u00fd 2i byt s v\u00fdh\u013eadom z nebeskej perspekt\u00edvy v Sky Parku. Byt je ur\u010den\u00fd pre klienta, ktor\u00fd po\u017eaduje vysok\u00fd","og_url":"https:\/\/baportal.sk\/podnajom\/in\/53253\/","og_site_name":"Podn\u00e1jom - Baportal.sk - Bratislava","article_published_time":"2022-05-05T01:01:49+00:00","author":"marek","twitter_card":"summary_large_image","twitter_misc":{"Autor":"marek","Predpokladan\u00fd \u010das \u010d\u00edtania":"4 min\u00faty"},"schema":{"@context":"https:\/\/schema.org","@graph":[{"@type":"WebPage","@id":"https:\/\/baportal.sk\/podnajom\/in\/53253\/","url":"https:\/\/baportal.sk\/podnajom\/in\/53253\/","name":"Arvin &amp; Benet | Pr\u00e9miov\u00fd 2i byt s v\u00fdh\u013eadom z nebeskej perspekt\u00edvy v Sky Parku | Podn\u00e1jom - Baportal.sk - Bratislava","isPartOf":{"@id":"https:\/\/baportal.sk\/podnajom\/#website"},"primaryImageOfPage":{"@id":"https:\/\/baportal.sk\/podnajom\/in\/53253\/#primaryimage"},"image":{"@id":"https:\/\/baportal.sk\/podnajom\/in\/53253\/#primaryimage"},"thumbnailUrl":"https:\/\/baportal.sk\/podnajom\/wp-content\/uploads\/2023\/02\/Arvin-amp-Benet-Premiovy-2i-byt-s-vyhladom-z.jpeg","datePublished":"2022-05-05T01:01:49+00:00","dateModified":"2022-05-05T01:01:49+00:00","author":{"@id":"https:\/\/baportal.sk\/podnajom\/#\/schema\/person\/1048c08c599b2e93379d6374549bd168"},"description":"Arvin &amp; Benet pon\u00faka na pren\u00e1jom pr\u00e9miov\u00fd 2i byt s v\u00fdh\u013eadom z nebeskej perspekt\u00edvy v Sky Parku. Byt je ur\u010den\u00fd pre klienta, ktor\u00fd po\u017eaduje vysok\u00fd","breadcrumb":{"@id":"https:\/\/baportal.sk\/podnajom\/in\/53253\/#breadcrumb"},"inLanguage":"sk-SK","potentialAction":[{"@type":"ReadAction","target":["https:\/\/baportal.sk\/podnajom\/in\/53253\/"]}]},{"@type":"ImageObject","inLanguage":"sk-SK","@id":"https:\/\/baportal.sk\/podnajom\/in\/53253\/#primaryimage","url":"https:\/\/baportal.sk\/podnajom\/wp-content\/uploads\/2023\/02\/Arvin-amp-Benet-Premiovy-2i-byt-s-vyhladom-z.jpeg","contentUrl":"https:\/\/baportal.sk\/podnajom\/wp-content\/uploads\/2023\/02\/Arvin-amp-Benet-Premiovy-2i-byt-s-vyhladom-z.jpeg","width":600,"height":315},{"@type":"BreadcrumbList","@id":"https:\/\/baportal.sk\/podnajom\/in\/53253\/#breadcrumb","itemListElement":[{"@type":"ListItem","position":1,"name":"Domovsk\u00e1 str\u00e1nka","item":"https:\/\/baportal.sk\/podnajom\/"},{"@type":"ListItem","position":2,"name":"Arvin &amp; Benet | Pr\u00e9miov\u00fd 2i byt s v\u00fdh\u013eadom z nebeskej perspekt\u00edvy v Sky Parku"}]},{"@type":"WebSite","@id":"https:\/\/baportal.sk\/podnajom\/#website","url":"https:\/\/baportal.sk\/podnajom\/","name":"Podn\u00e1jom - Baportal.sk - Bratislava","description":"","potentialAction":[{"@type":"SearchAction","target":{"@type":"EntryPoint","urlTemplate":"https:\/\/baportal.sk\/podnajom\/?s={search_term_string}"},"query-input":"required name=search_term_string"}],"inLanguage":"sk-SK"},{"@type":"Person","@id":"https:\/\/baportal.sk\/podnajom\/#\/schema\/person\/1048c08c599b2e93379d6374549bd168","name":"marek","image":{"@type":"ImageObject","inLanguage":"sk-SK","@id":"https:\/\/baportal.sk\/podnajom\/#\/schema\/person\/image\/","url":"https:\/\/secure.gravatar.com\/avatar\/cdf0fbd37411d455f1afd87f93b867f6?s=96&d=mm&r=g","contentUrl":"https:\/\/secure.gravatar.com\/avatar\/cdf0fbd37411d455f1afd87f93b867f6?s=96&d=mm&r=g","caption":"marek"},"sameAs":["https:\/\/www.baportal.sk\/podnajom"]}]}},"_links":{"self":[{"href":"https:\/\/baportal.sk\/podnajom\/wp-json\/wp\/v2\/posts\/53253"}],"collection":[{"href":"https:\/\/baportal.sk\/podnajom\/wp-json\/wp\/v2\/posts"}],"about":[{"href":"https:\/\/baportal.sk\/podnajom\/wp-json\/wp\/v2\/types\/post"}],"author":[{"embeddable":true,"href":"https:\/\/baportal.sk\/podnajom\/wp-json\/wp\/v2\/users\/1"}],"replies":[{"embeddable":true,"href":"https:\/\/baportal.sk\/podnajom\/wp-json\/wp\/v2\/comments?post=53253"}],"version-history":[{"count":0,"href":"https:\/\/baportal.sk\/podnajom\/wp-json\/wp\/v2\/posts\/53253\/revisions"}],"wp:featuredmedia":[{"embeddable":true,"href":"https:\/\/baportal.sk\/podnajom\/wp-json\/wp\/v2\/media\/53254"}],"wp:attachment":[{"href":"https:\/\/baportal.sk\/podnajom\/wp-json\/wp\/v2\/media?parent=53253"}],"wp:term":[{"taxonomy":"category","embeddable":true,"href":"https:\/\/baportal.sk\/podnajom\/wp-json\/wp\/v2\/categories?post=53253"},{"taxonomy":"post_tag","embeddable":true,"href":"https:\/\/baportal.sk\/podnajom\/wp-json\/wp\/v2\/tags?post=53253"}],"curies":[{"name":"wp","href":"https:\/\/api.w.org\/{rel}","templated":true}]}}