{"id":54492,"date":"2022-05-05T03:01:49","date_gmt":"2022-05-05T01:01:49","guid":{"rendered":"https:\/\/baportal.sk\/podnajom\/in\/54492\/"},"modified":"2022-05-05T03:01:49","modified_gmt":"2022-05-05T01:01:49","slug":"arvin-benet-moderny-a-priestranny-3i-byt-tichom-prostredi","status":"publish","type":"post","link":"https:\/\/baportal.sk\/podnajom\/in\/54492\/","title":{"rendered":"Arvin &amp; Benet | Modern\u00fd a priestrann\u00fd 3i byt tichom prostred\u00ed"},"content":{"rendered":"<div class=\"text-inner\">\n                                Arvin &amp; Benet pon\u00faka na pren\u00e1jom kr\u00e1sny a priestrann\u00fd 3i byt v tichom prostred\u00ed v Petr\u017ealke.<\/p>\n<p>Viac inform\u00e1ci\u00ed na na\u0161ej webovej str\u00e1nke: https:\/\/www.arvinbenet.sk\/sk\/detail-ponuky\/828\/moderny-a-priestranny-3i-byt-tichom-prostredi<\/p>\n<p>B\u00fdvanie v tejto tichej \u010dasti Bratislavy je vhodn\u00e9 pre \u0161irok\u00e9 spektrum \u013eud\u00ed, mlad\u00fd p\u00e1r, ktor\u00fd \u017eije akt\u00edvnym \u017eivotn\u00fdm \u0161t\u00fdlom, alebo \u0161tudentov, ktor\u00ed uprednost\u0148uj\u00fa tich\u00fa lokalitu na neru\u0161en\u00e9 \u0161t\u00fadium. Nehnute\u013enos\u0165 je tie\u017e vhodn\u00e1 pre \u013eud\u00ed vo veku s d\u00f4razom na vy\u0161\u0161iu mieru pokoja a \u00farovne b\u00fdvania.<\/p>\n<p>T\u00fato nehnute\u013enos\u0165 pova\u017eujeme za v\u00fdnimo\u010dn\u00fa a to z viacero d\u00f4vodov. V\u00fdborn\u00e1 lokalita, novostavba a kr\u00e1sne upraven\u00e9 interi\u00e9ry, kuchynsk\u00e1 linka so vstavan\u00fdmi spotrebi\u010dmi z kvalitn\u00e9ho materi\u00e1lu uspokoj\u00ed aj najn\u00e1ro\u010dnej\u0161\u00edch kuch\u00e1rov.<\/p>\n<p>Vzdu\u0161nos\u0165 nehnute\u013enosti dod\u00e1vaj\u00fa ve\u013ek\u00e9 plastov\u00e9 okn\u00e1. V\u00fdznamn\u00fdm benefitom s\u00fa aj dva balk\u00f3ny po celej d\u013a\u017eke bytu, ktor\u00e9 zabezpe\u010duj\u00fa kontakt s okol\u00edm. Byt je orientovan\u00fd na dve najpreferovanej\u0161ie svetov\u00e9 strany, z\u00e1pad a v\u00fdchod.<\/p>\n<p>Byt:<\/p>\n<p>Byt m\u00e1 priestrann\u00fa dispoz\u00edciu, je ve\u013emi dobre vybaven\u00fd a pripraven\u00fd na nov\u00fdch n\u00e1jomcov.<\/p>\n<p>Byt sa nach\u00e1dza na desiatom poschod\u00ed nov\u00e9ho bytov\u00e9ho domu. K s\u00fakromiu prispieva fakt, \u017ee v bytovom dome sa nach\u00e1dza pr\u00edstup pomocou \u010dipu, \u010do zabezpe\u010duje vy\u0161\u0161iu mieru bezpe\u010dnosti a \u010distoty cel\u00e9ho prostredia.<\/p>\n<p>Po vstupe do bytu cez bezpe\u010dnostn\u00e9 dvere sa nach\u00e1dzame vo vstupnej hale. Po \u013eavej strane sa nach\u00e1dza k\u00fape\u013e\u0148a, v ktorej je umiestnen\u00e1 automatick\u00e1 pr\u00e1\u010dka.<\/p>\n<p>Kuchynsk\u00e1 linka so vstavan\u00fdmi spotrebi\u010dmi (um\u00fdva\u010dka riadu, varn\u00e1 doska, \u010di vstavan\u00e1 mikrovlnka a samostatn\u00e1 chladni\u010dka s mrazni\u010dkou) je v kvalitnom preveden\u00ed. Kuchy\u0148a tie\u017e disponuje aj jed\u00e1lensk\u00fdm pultom a dizajn\u00e9rskymi stoli\u010dkami.<\/p>\n<p>Ob\u00fdva\u010dka je vo ve\u013emi pr\u00edjemnom a \u010distom \u0161t\u00fdle, obsahuje komfortn\u00fa seda\u010dku a priestor s trendov\u00fdm poseden\u00edm pre n\u00e1v\u0161tevy a bl\u00edzkych. Podlaha v priestore p\u00f4sob\u00ed ve\u013emi pr\u00edjemne a pou\u017eit\u00e9 drevo vytv\u00e1ra v interi\u00e9ri pocit domova. Sp\u00e1l\u0148a obsahuje komfortn\u00fa dvoj poste\u013e a ve\u013ek\u00fa priestrann\u00fa rolldorov\u00fa skri\u0148u. Pri zaria\u010fovan\u00ed bol kladen\u00fd d\u00f4raz nielen na praktickos\u0165, ale aj dizajn, ergon\u00f3miu a celkov\u00fd pocit vzdu\u0161nosti.<\/p>\n<p>K bytu prisl\u00facha jedno gar\u00e1\u017eov\u00e9 parkovacie st\u00e1tie priamo v suter\u00e9ne bytov\u00e9ho domu. Vjazd do gar\u00e1\u017ee sa ovl\u00e1da dia\u013ekov\u00fdm ovl\u00e1da\u010dom.<\/p>\n<p>Lokalita:<\/p>\n<p>Ulica Zuzany Chalupovej sa nach\u00e1dza v mestskej \u010dasti Petr\u017ealka, s v\u00fdborn\u00fdm napojen\u00edm na Pan\u00f3nsku cestu, v lokalite Slne\u010dnice. Lokalita poskytuje v\u00fdborn\u00fa dostupnos\u0165 autom aj MHD. S\u00fa\u010das\u0165ou okolia s\u00fa potraviny, po\u0161ta a slne\u010dnice market. Iba p\u00e4\u0165 min\u00fat jazdy autom je n\u00e1kupn\u00e9 centrum Aupark a r\u00f4zne obchodn\u00e9 re\u0165azce a prev\u00e1dzky.<\/p>\n<p>Cena n\u00e1jmu: 1000,- eur (800,- eur byt, 100,- eur n\u00e1klady na energie, 100,- eur parkovacie st\u00e1tie)<\/p>\n<p>V\u00fdmera: 79,59 m\u00b2 (64,59 m\u00b2  byt, 15 m\u00b2 balk\u00f3n)<\/p>\n<p>Nehnute\u013enos\u0165 bola naaran\u017eovan\u00e1 a nafoten\u00e1 Homestaging oddelen\u00edm na\u0161ej spolo\u010dnosti, ve\u013emi radi V\u00e1m pom\u00f4\u017eeme pri efekt\u00edvnom a d\u00f4stojnom predaji \u010di pren\u00e1jme aj Va\u0161ej nehnute\u013enosti. Budeme sa te\u0161i\u0165, ke\u010f n\u00e1s budete nez\u00e1v\u00e4zne kontaktova\u0165.<\/p>\n<p>Fotografie a text s\u00fa autorsk\u00fdm dielom a majetkom spolo\u010dnosti Arvin &amp; Benet.                            <\/p><\/div>\n","protected":false},"excerpt":{"rendered":"<p>Arvin &amp; Benet pon\u00faka na pren\u00e1jom kr\u00e1sny a priestrann\u00fd 3i byt v tichom prostred\u00ed v Petr\u017ealke. Viac inform\u00e1ci\u00ed na na\u0161ej webovej str\u00e1nke: https:\/\/www.arvinbenet.sk\/sk\/detail-ponuky\/828\/moderny-a-priestranny-3i-byt-tichom-prostredi B\u00fdvanie v tejto tichej \u010dasti Bratislavy je vhodn\u00e9 pre \u0161irok\u00e9 spektrum \u013eud\u00ed, mlad\u00fd p\u00e1r, ktor\u00fd \u017eije akt\u00edvnym \u017eivotn\u00fdm \u0161t\u00fdlom, alebo \u0161tudentov, ktor\u00ed uprednost\u0148uj\u00fa tich\u00fa lokalitu na neru\u0161en\u00e9 \u0161t\u00fadium. Nehnute\u013enos\u0165 je tie\u017e vhodn\u00e1 [&hellip;]<\/p>\n","protected":false},"author":1,"featured_media":54493,"comment_status":"open","ping_status":"open","sticky":false,"template":"","format":"standard","meta":{"footnotes":""},"categories":[4],"tags":[],"class_list":["post-54492","post","type-post","status-publish","format-standard","has-post-thumbnail","hentry","category-prenajom-bytu"],"yoast_head":"<!-- This site is optimized with the Yoast SEO plugin v23.1 - https:\/\/yoast.com\/wordpress\/plugins\/seo\/ -->\n<title>Arvin &amp; Benet | Modern\u00fd a priestrann\u00fd 3i byt tichom prostred\u00ed | Podn\u00e1jom - Baportal.sk - Bratislava<\/title>\n<meta name=\"description\" content=\"Arvin &amp; Benet pon\u00faka na pren\u00e1jom kr\u00e1sny a priestrann\u00fd 3i byt v tichom prostred\u00ed v Petr\u017ealke. Viac inform\u00e1ci\u00ed na na\u0161ej webovej str\u00e1nke:\" \/>\n<meta name=\"robots\" content=\"index, follow, max-snippet:-1, max-image-preview:large, max-video-preview:-1\" \/>\n<link rel=\"canonical\" href=\"https:\/\/baportal.sk\/podnajom\/in\/54492\/\" \/>\n<meta property=\"og:locale\" content=\"sk_SK\" \/>\n<meta property=\"og:type\" content=\"article\" \/>\n<meta property=\"og:title\" content=\"Arvin &amp; Benet | Modern\u00fd a priestrann\u00fd 3i byt tichom prostred\u00ed | Podn\u00e1jom - Baportal.sk - Bratislava\" \/>\n<meta property=\"og:description\" content=\"Arvin &amp; Benet pon\u00faka na pren\u00e1jom kr\u00e1sny a priestrann\u00fd 3i byt v tichom prostred\u00ed v Petr\u017ealke. Viac inform\u00e1ci\u00ed na na\u0161ej webovej str\u00e1nke:\" \/>\n<meta property=\"og:url\" content=\"https:\/\/baportal.sk\/podnajom\/in\/54492\/\" \/>\n<meta property=\"og:site_name\" content=\"Podn\u00e1jom - Baportal.sk - Bratislava\" \/>\n<meta property=\"article:published_time\" content=\"2022-05-05T01:01:49+00:00\" \/>\n<meta name=\"author\" content=\"marek\" \/>\n<meta name=\"twitter:card\" content=\"summary_large_image\" \/>\n<meta name=\"twitter:label1\" content=\"Autor\" \/>\n\t<meta name=\"twitter:data1\" content=\"marek\" \/>\n\t<meta name=\"twitter:label2\" content=\"Predpokladan\u00fd \u010das \u010d\u00edtania\" \/>\n\t<meta name=\"twitter:data2\" content=\"3 min\u00faty\" \/>\n<script type=\"application\/ld+json\" class=\"yoast-schema-graph\">{\"@context\":\"https:\/\/schema.org\",\"@graph\":[{\"@type\":\"WebPage\",\"@id\":\"https:\/\/baportal.sk\/podnajom\/in\/54492\/\",\"url\":\"https:\/\/baportal.sk\/podnajom\/in\/54492\/\",\"name\":\"Arvin &amp; Benet | Modern\u00fd a priestrann\u00fd 3i byt tichom prostred\u00ed | Podn\u00e1jom - Baportal.sk - Bratislava\",\"isPartOf\":{\"@id\":\"https:\/\/baportal.sk\/podnajom\/#website\"},\"primaryImageOfPage\":{\"@id\":\"https:\/\/baportal.sk\/podnajom\/in\/54492\/#primaryimage\"},\"image\":{\"@id\":\"https:\/\/baportal.sk\/podnajom\/in\/54492\/#primaryimage\"},\"thumbnailUrl\":\"https:\/\/baportal.sk\/podnajom\/wp-content\/uploads\/2023\/03\/Arvin-amp-Benet-Moderny-a-priestranny-3i-byt-tichom.jpeg\",\"datePublished\":\"2022-05-05T01:01:49+00:00\",\"dateModified\":\"2022-05-05T01:01:49+00:00\",\"author\":{\"@id\":\"https:\/\/baportal.sk\/podnajom\/#\/schema\/person\/1048c08c599b2e93379d6374549bd168\"},\"description\":\"Arvin &amp; Benet pon\u00faka na pren\u00e1jom kr\u00e1sny a priestrann\u00fd 3i byt v tichom prostred\u00ed v Petr\u017ealke. Viac inform\u00e1ci\u00ed na na\u0161ej webovej str\u00e1nke:\",\"breadcrumb\":{\"@id\":\"https:\/\/baportal.sk\/podnajom\/in\/54492\/#breadcrumb\"},\"inLanguage\":\"sk-SK\",\"potentialAction\":[{\"@type\":\"ReadAction\",\"target\":[\"https:\/\/baportal.sk\/podnajom\/in\/54492\/\"]}]},{\"@type\":\"ImageObject\",\"inLanguage\":\"sk-SK\",\"@id\":\"https:\/\/baportal.sk\/podnajom\/in\/54492\/#primaryimage\",\"url\":\"https:\/\/baportal.sk\/podnajom\/wp-content\/uploads\/2023\/03\/Arvin-amp-Benet-Moderny-a-priestranny-3i-byt-tichom.jpeg\",\"contentUrl\":\"https:\/\/baportal.sk\/podnajom\/wp-content\/uploads\/2023\/03\/Arvin-amp-Benet-Moderny-a-priestranny-3i-byt-tichom.jpeg\",\"width\":600,\"height\":315},{\"@type\":\"BreadcrumbList\",\"@id\":\"https:\/\/baportal.sk\/podnajom\/in\/54492\/#breadcrumb\",\"itemListElement\":[{\"@type\":\"ListItem\",\"position\":1,\"name\":\"Domovsk\u00e1 str\u00e1nka\",\"item\":\"https:\/\/baportal.sk\/podnajom\/\"},{\"@type\":\"ListItem\",\"position\":2,\"name\":\"Arvin &amp; Benet | Modern\u00fd a priestrann\u00fd 3i byt tichom prostred\u00ed\"}]},{\"@type\":\"WebSite\",\"@id\":\"https:\/\/baportal.sk\/podnajom\/#website\",\"url\":\"https:\/\/baportal.sk\/podnajom\/\",\"name\":\"Podn\u00e1jom - Baportal.sk - Bratislava\",\"description\":\"\",\"potentialAction\":[{\"@type\":\"SearchAction\",\"target\":{\"@type\":\"EntryPoint\",\"urlTemplate\":\"https:\/\/baportal.sk\/podnajom\/?s={search_term_string}\"},\"query-input\":\"required name=search_term_string\"}],\"inLanguage\":\"sk-SK\"},{\"@type\":\"Person\",\"@id\":\"https:\/\/baportal.sk\/podnajom\/#\/schema\/person\/1048c08c599b2e93379d6374549bd168\",\"name\":\"marek\",\"image\":{\"@type\":\"ImageObject\",\"inLanguage\":\"sk-SK\",\"@id\":\"https:\/\/baportal.sk\/podnajom\/#\/schema\/person\/image\/\",\"url\":\"https:\/\/secure.gravatar.com\/avatar\/cdf0fbd37411d455f1afd87f93b867f6?s=96&d=mm&r=g\",\"contentUrl\":\"https:\/\/secure.gravatar.com\/avatar\/cdf0fbd37411d455f1afd87f93b867f6?s=96&d=mm&r=g\",\"caption\":\"marek\"},\"sameAs\":[\"https:\/\/www.baportal.sk\/podnajom\"]}]}<\/script>\n<!-- \/ Yoast SEO plugin. -->","yoast_head_json":{"title":"Arvin &amp; Benet | Modern\u00fd a priestrann\u00fd 3i byt tichom prostred\u00ed | Podn\u00e1jom - Baportal.sk - Bratislava","description":"Arvin &amp; Benet pon\u00faka na pren\u00e1jom kr\u00e1sny a priestrann\u00fd 3i byt v tichom prostred\u00ed v Petr\u017ealke. Viac inform\u00e1ci\u00ed na na\u0161ej webovej str\u00e1nke:","robots":{"index":"index","follow":"follow","max-snippet":"max-snippet:-1","max-image-preview":"max-image-preview:large","max-video-preview":"max-video-preview:-1"},"canonical":"https:\/\/baportal.sk\/podnajom\/in\/54492\/","og_locale":"sk_SK","og_type":"article","og_title":"Arvin &amp; Benet | Modern\u00fd a priestrann\u00fd 3i byt tichom prostred\u00ed | Podn\u00e1jom - Baportal.sk - Bratislava","og_description":"Arvin &amp; Benet pon\u00faka na pren\u00e1jom kr\u00e1sny a priestrann\u00fd 3i byt v tichom prostred\u00ed v Petr\u017ealke. Viac inform\u00e1ci\u00ed na na\u0161ej webovej str\u00e1nke:","og_url":"https:\/\/baportal.sk\/podnajom\/in\/54492\/","og_site_name":"Podn\u00e1jom - Baportal.sk - Bratislava","article_published_time":"2022-05-05T01:01:49+00:00","author":"marek","twitter_card":"summary_large_image","twitter_misc":{"Autor":"marek","Predpokladan\u00fd \u010das \u010d\u00edtania":"3 min\u00faty"},"schema":{"@context":"https:\/\/schema.org","@graph":[{"@type":"WebPage","@id":"https:\/\/baportal.sk\/podnajom\/in\/54492\/","url":"https:\/\/baportal.sk\/podnajom\/in\/54492\/","name":"Arvin &amp; Benet | Modern\u00fd a priestrann\u00fd 3i byt tichom prostred\u00ed | Podn\u00e1jom - Baportal.sk - Bratislava","isPartOf":{"@id":"https:\/\/baportal.sk\/podnajom\/#website"},"primaryImageOfPage":{"@id":"https:\/\/baportal.sk\/podnajom\/in\/54492\/#primaryimage"},"image":{"@id":"https:\/\/baportal.sk\/podnajom\/in\/54492\/#primaryimage"},"thumbnailUrl":"https:\/\/baportal.sk\/podnajom\/wp-content\/uploads\/2023\/03\/Arvin-amp-Benet-Moderny-a-priestranny-3i-byt-tichom.jpeg","datePublished":"2022-05-05T01:01:49+00:00","dateModified":"2022-05-05T01:01:49+00:00","author":{"@id":"https:\/\/baportal.sk\/podnajom\/#\/schema\/person\/1048c08c599b2e93379d6374549bd168"},"description":"Arvin &amp; Benet pon\u00faka na pren\u00e1jom kr\u00e1sny a priestrann\u00fd 3i byt v tichom prostred\u00ed v Petr\u017ealke. Viac inform\u00e1ci\u00ed na na\u0161ej webovej str\u00e1nke:","breadcrumb":{"@id":"https:\/\/baportal.sk\/podnajom\/in\/54492\/#breadcrumb"},"inLanguage":"sk-SK","potentialAction":[{"@type":"ReadAction","target":["https:\/\/baportal.sk\/podnajom\/in\/54492\/"]}]},{"@type":"ImageObject","inLanguage":"sk-SK","@id":"https:\/\/baportal.sk\/podnajom\/in\/54492\/#primaryimage","url":"https:\/\/baportal.sk\/podnajom\/wp-content\/uploads\/2023\/03\/Arvin-amp-Benet-Moderny-a-priestranny-3i-byt-tichom.jpeg","contentUrl":"https:\/\/baportal.sk\/podnajom\/wp-content\/uploads\/2023\/03\/Arvin-amp-Benet-Moderny-a-priestranny-3i-byt-tichom.jpeg","width":600,"height":315},{"@type":"BreadcrumbList","@id":"https:\/\/baportal.sk\/podnajom\/in\/54492\/#breadcrumb","itemListElement":[{"@type":"ListItem","position":1,"name":"Domovsk\u00e1 str\u00e1nka","item":"https:\/\/baportal.sk\/podnajom\/"},{"@type":"ListItem","position":2,"name":"Arvin &amp; Benet | Modern\u00fd a priestrann\u00fd 3i byt tichom prostred\u00ed"}]},{"@type":"WebSite","@id":"https:\/\/baportal.sk\/podnajom\/#website","url":"https:\/\/baportal.sk\/podnajom\/","name":"Podn\u00e1jom - Baportal.sk - Bratislava","description":"","potentialAction":[{"@type":"SearchAction","target":{"@type":"EntryPoint","urlTemplate":"https:\/\/baportal.sk\/podnajom\/?s={search_term_string}"},"query-input":"required name=search_term_string"}],"inLanguage":"sk-SK"},{"@type":"Person","@id":"https:\/\/baportal.sk\/podnajom\/#\/schema\/person\/1048c08c599b2e93379d6374549bd168","name":"marek","image":{"@type":"ImageObject","inLanguage":"sk-SK","@id":"https:\/\/baportal.sk\/podnajom\/#\/schema\/person\/image\/","url":"https:\/\/secure.gravatar.com\/avatar\/cdf0fbd37411d455f1afd87f93b867f6?s=96&d=mm&r=g","contentUrl":"https:\/\/secure.gravatar.com\/avatar\/cdf0fbd37411d455f1afd87f93b867f6?s=96&d=mm&r=g","caption":"marek"},"sameAs":["https:\/\/www.baportal.sk\/podnajom"]}]}},"_links":{"self":[{"href":"https:\/\/baportal.sk\/podnajom\/wp-json\/wp\/v2\/posts\/54492"}],"collection":[{"href":"https:\/\/baportal.sk\/podnajom\/wp-json\/wp\/v2\/posts"}],"about":[{"href":"https:\/\/baportal.sk\/podnajom\/wp-json\/wp\/v2\/types\/post"}],"author":[{"embeddable":true,"href":"https:\/\/baportal.sk\/podnajom\/wp-json\/wp\/v2\/users\/1"}],"replies":[{"embeddable":true,"href":"https:\/\/baportal.sk\/podnajom\/wp-json\/wp\/v2\/comments?post=54492"}],"version-history":[{"count":0,"href":"https:\/\/baportal.sk\/podnajom\/wp-json\/wp\/v2\/posts\/54492\/revisions"}],"wp:featuredmedia":[{"embeddable":true,"href":"https:\/\/baportal.sk\/podnajom\/wp-json\/wp\/v2\/media\/54493"}],"wp:attachment":[{"href":"https:\/\/baportal.sk\/podnajom\/wp-json\/wp\/v2\/media?parent=54492"}],"wp:term":[{"taxonomy":"category","embeddable":true,"href":"https:\/\/baportal.sk\/podnajom\/wp-json\/wp\/v2\/categories?post=54492"},{"taxonomy":"post_tag","embeddable":true,"href":"https:\/\/baportal.sk\/podnajom\/wp-json\/wp\/v2\/tags?post=54492"}],"curies":[{"name":"wp","href":"https:\/\/api.w.org\/{rel}","templated":true}]}}