{"id":54579,"date":"2023-03-05T02:36:45","date_gmt":"2023-03-05T01:36:45","guid":{"rendered":"https:\/\/baportal.sk\/podnajom\/in\/54579\/"},"modified":"2023-03-05T02:36:45","modified_gmt":"2023-03-05T01:36:45","slug":"dam-do-prenajmu-samostatnu-velku-izbu-v-tehlovom-rd-na-kramaroch-so-samostatnym","status":"publish","type":"post","link":"https:\/\/baportal.sk\/podnajom\/in\/54579\/","title":{"rendered":"D\u00e1m do pren\u00e1jmu samostatn\u00fa ve\u013ek\u00fa izbu v tehlovom RD na Kram\u00e1roch so samostatn\u00fdm ..."},"content":{"rendered":"<p><div><span id=\"u_0_l_XL\"><\/p>\n<p>D\u00e1m do pren\u00e1jmu samostatn\u00fa ve\u013ek\u00fa izbu v tehlovom RD na Kram\u00e1roch so samostatn\u00fdm vchodom na pr\u00edzem\u00ed. Obytn\u00e1 plocha izby je 24m2, izba sa nach\u00e1dza v 2 izbovom byte s ve\u013ekou kuchy\u0148ou 10m2,  komorou 3m2 a k\u00fapel\u0148ou 6m2. V druhej izbe b\u00fdva iba jeden pracuj\u00faci mu\u017e. Izba je orientovan\u00e1 na juh.  Vybavenie:...<\/p>\n<p> <a rel=\"nofollow\" href=\"https:\/\/mbasic.facebook.com\/groups\/724349171023932\/permalink\/5741344719324327\/?refid=18&amp;_ft_=encrypted_tracking_data.0AY8-LC3CR-9E4Y1Jjhp0YNHfay8cOHUWswSXxV3sp3VRGHe5lXr4PoCgF1exKaDB8RZWaPHaCcya-cy11ujPR5vQPeGKGx3r-p2n7x2pq83FxB6pXAzczqReH8S5BMTilKSO1oPcnw7monF4_ShttykczlAR0vGmzaIXIOugO4D54kOV4wK6kyEjF30IlZeJDKG0dzt1MrdIXiQEty2Xy-CtqKsrq_iG8afo344fBgG7BGa6ghcZrqDR2w7fo4mQ9HM_qVRRQZNRetYrOCLYXekNx5AwS63XYOh5LgXjkFjTFpgtlD-AYxetv-LeaurpC0KAh2jmD59IlkGimUQ-JNYF_8wnfwb4woFWsRVMsKfFiWGp51__DGpc3Hf6HlWjNKKqK_AAzqsOSoiUN4smWQTXx4R9-ymji2EED7UifxovXflbWK1h-CRi6prrPhDH2o03s1oW8UgGh9lH2ML8yJXZjJbWrz0AI8nMXVfT89e-A1lk5qrULm33ABpZ4_4tB4vBwbVkDN50j9kzdvlxECuAuxcfCJO7aCJh0gR40xMFrWbQK-jnlOPwjNZSkn6FFh7jiqhzdjtY6Bs8F0cqZnkOm0YG-cTgzUYf9EJUjWDXNZMvHpqpiObUZl-NrcUg8TbsH1iMc80IXi7rPRft98JoqFMgBiV0zXZnJRS3IuJXBolrNgUeMcDfpJ0-0aphH5IRJi9mpUeWPfTR9p2a2b0wA-1hs68lDzM1ZmmnWrtc1PMXkcslQyoqEGs65Mp5_gV7e8Wtu5UwoiaAbwZgRrjYsJYiD7XxEqjOPJ0Bw7lR5Wy0sHr-ixW697_Vc0BS2BDra6K3DZ3-mgv89g2uCVAi0pN2F5mNwy6qLolrS1jyivt0cnmy79J2qRLB510WGeV4XQbWsUUd08TrDCl09uVPUcamKojtNITV1naXoJGen_Tz6Lprwhv2T077mdNDiKfBExgUwaRAnmc_p5Mn6PvjwpmS45uyp2NkwLH_9u8DM0pIOJhPYsfBKZakybjWqh7z358_nUM1SxvwDW3VsCytwGABLQLpbzLT4uWHr707sOFla0DplHBaPqHn7aiQvr19IcMcf_a9L2R0XoiCxvoKk8rUBwIgECh87EdNUEmRQwuq7uVmac329PSXwKeP6Di5voJz2vvOTgHRYzYbSwiKbJBRLFfDZGUR7GqDcUW5zMiSKJEJj6XW2DQ7YvFcGF_Aodgyh3R4RJHYmsHpwgWwx0pSVjeAfoDFsYqXTLmcLKwW2uU0wmU&amp;__tn__=%2As-R\">Viac<\/a><\/span><\/div>\n<p><span style=\"display:none\" id=\"u_0_m_Ph\"><\/span>\n<\/p>\n<p> <img loading=\"lazy\" decoding=\"async\" src=\"https:\/\/scontent-prg1-1.xx.fbcdn.net\/v\/t39.30808-6\/333977539_1223378091939663_6206392861232884356_n.jpg?stp=c20.0.118.118a_cp0_dst-jpg_e15_p118x118_q65&_nc_cat=106&ccb=1-7&_nc_sid=5bac3a&_nc_ohc=ZAV6xMp5my0AX82wiLx&_nc_ht=scontent-prg1-1.xx&oh=00_AfDk2S8V16_3AqH8uYnRFvkKpEEpYf42ZIjXL5CoyscaEw&oe=64081223\" width=\"102\" height=\"102\" class=\"cr l\"><img loading=\"lazy\" decoding=\"async\" src=\"https:\/\/scontent-prg1-1.xx.fbcdn.net\/v\/t39.30808-6\/334077673_516094433929449_7935547751078792432_n.jpg?stp=c20.0.117.118a_cp0_dst-jpg_e15_p118x118_q65&_nc_cat=107&ccb=1-7&_nc_sid=5bac3a&_nc_ohc=T4fYWdEwtQwAX-Q-QEm&_nc_ht=scontent-prg1-1.xx&oh=00_AfAPg1Kn0K3nWcum7nw5ZgOEyhb8U70BpGGKcP4VRQ5xOA&oe=640952C4\" width=\"101\" height=\"102\" class=\"cr l\"><img loading=\"lazy\" decoding=\"async\" src=\"https:\/\/scontent-prg1-1.xx.fbcdn.net\/v\/t39.30808-6\/334064986_1344170466403452_2376617524003142834_n.jpg?stp=c0.176.1536.1514a_cp0_dst-jpg_e15_q65_s75x225&_nc_cat=101&ccb=1-7&_nc_sid=5bac3a&_nc_ohc=HxXXiKmzB78AX9VIOwe&_nc_ht=scontent-prg1-1.xx&oh=00_AfAA7l5V6-IB5OuyMl_Qk9KyDxhQrWXQkbcp8ILkqFoh9g&oe=6408B988\" width=\"68\" height=\"67\" class=\"cr l\"><img loading=\"lazy\" decoding=\"async\" src=\"https:\/\/scontent-prg1-1.xx.fbcdn.net\/v\/t39.30808-6\/334281632_1159519261422912_3122317081262040049_n.jpg?stp=c256.0.1536.1536a_cp1_dst-jpg_e15_q65_s75x225&_nc_cat=107&ccb=1-7&_nc_sid=5bac3a&_nc_ohc=B7p2r8u4MW0AX_lPelm&_nc_oc=AQnH3QyFHkwIAD-VQKw8sibluNLe4kmFI_vI8LoHlhflL9_RKkplu9Oyfp3g8wmjr4k&_nc_ht=scontent-prg1-1.xx&oh=00_AfBj6NSrUZOJAKh-LHVQmX4D49amMcgwyf4CkX3eJGFlzQ&oe=6409370C\" width=\"67\" height=\"67\" class=\"cr l\"><img loading=\"lazy\" decoding=\"async\" src=\"https:\/\/scontent-prg1-1.xx.fbcdn.net\/v\/t39.30808-6\/330537707_775327670863879_7436356552947893577_n.jpg?stp=c0.169.1536.1536a_cp1_dst-jpg_e15_q65_s75x225&_nc_cat=100&ccb=1-7&_nc_sid=5bac3a&_nc_ohc=vTgop3Wa8gEAX-RsPGj&_nc_ht=scontent-prg1-1.xx&oh=00_AfASfVizaM6ljd90uLc-DrdWjmNTJZXfzSic6NljiNCLUw&oe=640893DE\" width=\"67\" height=\"67\" class=\"cr l\"><\/p>\n<div id=\"fb-root\"><\/div>\n<p><script>\n\t(function(d, s, id) {\n\t    var js, fjs = d.getElementsByTagName(s)[0];\n\t    if (d.getElementById(id))\n\t        return;\n\t    js = d.createElement(s);\n\t    js.id = id;\n\t    js.src = \"\/\/connect.facebook.net\/en_US\/all.js#xfbml=1\";\n\t    fjs.parentNode.insertBefore(js, fjs);\n\t}(document, 'script', 'facebook-jssdk'));\n\t<\/script><\/p>\n<div class=\"fb-post\" data-href=\"https:\/\/www.facebook.com\/724349171023932\/posts\/5741344719324327\"><\/div>\n","protected":false},"excerpt":{"rendered":"<p>D\u00e1m do pren\u00e1jmu samostatn\u00fa ve\u013ek\u00fa izbu v tehlovom RD na Kram\u00e1roch so samostatn\u00fdm vchodom na pr\u00edzem\u00ed. Obytn\u00e1 plocha izby je 24m2, izba sa nach\u00e1dza v 2 izbovom byte s ve\u013ekou kuchy\u0148ou 10m2, komorou 3m2 a k\u00fapel\u0148ou 6m2. V druhej izbe b\u00fdva iba jeden pracuj\u00faci mu\u017e. Izba je orientovan\u00e1 na juh. Vybavenie:... Viac<\/p>\n","protected":false},"author":1,"featured_media":0,"comment_status":"open","ping_status":"open","sticky":false,"template":"","format":"standard","meta":{"footnotes":""},"categories":[1],"tags":[],"class_list":["post-54579","post","type-post","status-publish","format-standard","hentry","category-nezaradene"],"yoast_head":"<!-- This site is optimized with the Yoast SEO plugin v23.1 - https:\/\/yoast.com\/wordpress\/plugins\/seo\/ -->\n<title>D\u00e1m do pren\u00e1jmu samostatn\u00fa ve\u013ek\u00fa izbu v tehlovom RD na Kram\u00e1roch so samostatn\u00fdm ... | Podn\u00e1jom - Baportal.sk - Bratislava<\/title>\n<meta name=\"description\" content=\"D\u00e1m do pren\u00e1jmu samostatn\u00fa ve\u013ek\u00fa izbu v tehlovom RD na Kram\u00e1roch so samostatn\u00fdm vchodom na pr\u00edzem\u00ed. Obytn\u00e1 plocha izby je 24m2, izba sa nach\u00e1dza v 2\" \/>\n<meta name=\"robots\" content=\"index, follow, max-snippet:-1, max-image-preview:large, max-video-preview:-1\" \/>\n<link rel=\"canonical\" href=\"https:\/\/baportal.sk\/podnajom\/in\/54579\/\" \/>\n<meta property=\"og:locale\" content=\"sk_SK\" \/>\n<meta property=\"og:type\" content=\"article\" \/>\n<meta property=\"og:title\" content=\"D\u00e1m do pren\u00e1jmu samostatn\u00fa ve\u013ek\u00fa izbu v tehlovom RD na Kram\u00e1roch so samostatn\u00fdm ... | Podn\u00e1jom - Baportal.sk - Bratislava\" \/>\n<meta property=\"og:description\" content=\"D\u00e1m do pren\u00e1jmu samostatn\u00fa ve\u013ek\u00fa izbu v tehlovom RD na Kram\u00e1roch so samostatn\u00fdm vchodom na pr\u00edzem\u00ed. Obytn\u00e1 plocha izby je 24m2, izba sa nach\u00e1dza v 2\" \/>\n<meta property=\"og:url\" content=\"https:\/\/baportal.sk\/podnajom\/in\/54579\/\" \/>\n<meta property=\"og:site_name\" content=\"Podn\u00e1jom - Baportal.sk - Bratislava\" \/>\n<meta property=\"article:published_time\" content=\"2023-03-05T01:36:45+00:00\" \/>\n<meta property=\"og:image\" content=\"https:\/\/scontent-prg1-1.xx.fbcdn.net\/v\/t39.30808-6\/333977539_1223378091939663_6206392861232884356_n.jpg?stp=c20.0.118.118a_cp0_dst-jpg_e15_p118x118_q65&_nc_cat=106&ccb=1-7&_nc_sid=5bac3a&_nc_ohc=ZAV6xMp5my0AX82wiLx&_nc_ht=scontent-prg1-1.xx&oh=00_AfDk2S8V16_3AqH8uYnRFvkKpEEpYf42ZIjXL5CoyscaEw&oe=64081223\" \/>\n<meta name=\"author\" content=\"marek\" \/>\n<meta name=\"twitter:card\" content=\"summary_large_image\" \/>\n<meta name=\"twitter:label1\" content=\"Autor\" \/>\n\t<meta name=\"twitter:data1\" content=\"marek\" \/>\n<script type=\"application\/ld+json\" class=\"yoast-schema-graph\">{\"@context\":\"https:\/\/schema.org\",\"@graph\":[{\"@type\":\"WebPage\",\"@id\":\"https:\/\/baportal.sk\/podnajom\/in\/54579\/\",\"url\":\"https:\/\/baportal.sk\/podnajom\/in\/54579\/\",\"name\":\"D\u00e1m do pren\u00e1jmu samostatn\u00fa ve\u013ek\u00fa izbu v tehlovom RD na Kram\u00e1roch so samostatn\u00fdm ... | Podn\u00e1jom - Baportal.sk - Bratislava\",\"isPartOf\":{\"@id\":\"https:\/\/baportal.sk\/podnajom\/#website\"},\"primaryImageOfPage\":{\"@id\":\"https:\/\/baportal.sk\/podnajom\/in\/54579\/#primaryimage\"},\"image\":{\"@id\":\"https:\/\/baportal.sk\/podnajom\/in\/54579\/#primaryimage\"},\"thumbnailUrl\":\"https:\/\/scontent-prg1-1.xx.fbcdn.net\/v\/t39.30808-6\/333977539_1223378091939663_6206392861232884356_n.jpg?stp=c20.0.118.118a_cp0_dst-jpg_e15_p118x118_q65&_nc_cat=106&ccb=1-7&_nc_sid=5bac3a&_nc_ohc=ZAV6xMp5my0AX82wiLx&_nc_ht=scontent-prg1-1.xx&oh=00_AfDk2S8V16_3AqH8uYnRFvkKpEEpYf42ZIjXL5CoyscaEw&oe=64081223\",\"datePublished\":\"2023-03-05T01:36:45+00:00\",\"dateModified\":\"2023-03-05T01:36:45+00:00\",\"author\":{\"@id\":\"https:\/\/baportal.sk\/podnajom\/#\/schema\/person\/1048c08c599b2e93379d6374549bd168\"},\"description\":\"D\u00e1m do pren\u00e1jmu samostatn\u00fa ve\u013ek\u00fa izbu v tehlovom RD na Kram\u00e1roch so samostatn\u00fdm vchodom na pr\u00edzem\u00ed. Obytn\u00e1 plocha izby je 24m2, izba sa nach\u00e1dza v 2\",\"breadcrumb\":{\"@id\":\"https:\/\/baportal.sk\/podnajom\/in\/54579\/#breadcrumb\"},\"inLanguage\":\"sk-SK\",\"potentialAction\":[{\"@type\":\"ReadAction\",\"target\":[\"https:\/\/baportal.sk\/podnajom\/in\/54579\/\"]}]},{\"@type\":\"ImageObject\",\"inLanguage\":\"sk-SK\",\"@id\":\"https:\/\/baportal.sk\/podnajom\/in\/54579\/#primaryimage\",\"url\":\"https:\/\/scontent-prg1-1.xx.fbcdn.net\/v\/t39.30808-6\/333977539_1223378091939663_6206392861232884356_n.jpg?stp=c20.0.118.118a_cp0_dst-jpg_e15_p118x118_q65&_nc_cat=106&ccb=1-7&_nc_sid=5bac3a&_nc_ohc=ZAV6xMp5my0AX82wiLx&_nc_ht=scontent-prg1-1.xx&oh=00_AfDk2S8V16_3AqH8uYnRFvkKpEEpYf42ZIjXL5CoyscaEw&oe=64081223\",\"contentUrl\":\"https:\/\/scontent-prg1-1.xx.fbcdn.net\/v\/t39.30808-6\/333977539_1223378091939663_6206392861232884356_n.jpg?stp=c20.0.118.118a_cp0_dst-jpg_e15_p118x118_q65&_nc_cat=106&ccb=1-7&_nc_sid=5bac3a&_nc_ohc=ZAV6xMp5my0AX82wiLx&_nc_ht=scontent-prg1-1.xx&oh=00_AfDk2S8V16_3AqH8uYnRFvkKpEEpYf42ZIjXL5CoyscaEw&oe=64081223\"},{\"@type\":\"BreadcrumbList\",\"@id\":\"https:\/\/baportal.sk\/podnajom\/in\/54579\/#breadcrumb\",\"itemListElement\":[{\"@type\":\"ListItem\",\"position\":1,\"name\":\"Domovsk\u00e1 str\u00e1nka\",\"item\":\"https:\/\/baportal.sk\/podnajom\/\"},{\"@type\":\"ListItem\",\"position\":2,\"name\":\"D\u00e1m do pren\u00e1jmu samostatn\u00fa ve\u013ek\u00fa izbu v tehlovom RD na Kram\u00e1roch so samostatn\u00fdm ...\"}]},{\"@type\":\"WebSite\",\"@id\":\"https:\/\/baportal.sk\/podnajom\/#website\",\"url\":\"https:\/\/baportal.sk\/podnajom\/\",\"name\":\"Podn\u00e1jom - Baportal.sk - Bratislava\",\"description\":\"\",\"potentialAction\":[{\"@type\":\"SearchAction\",\"target\":{\"@type\":\"EntryPoint\",\"urlTemplate\":\"https:\/\/baportal.sk\/podnajom\/?s={search_term_string}\"},\"query-input\":\"required name=search_term_string\"}],\"inLanguage\":\"sk-SK\"},{\"@type\":\"Person\",\"@id\":\"https:\/\/baportal.sk\/podnajom\/#\/schema\/person\/1048c08c599b2e93379d6374549bd168\",\"name\":\"marek\",\"image\":{\"@type\":\"ImageObject\",\"inLanguage\":\"sk-SK\",\"@id\":\"https:\/\/baportal.sk\/podnajom\/#\/schema\/person\/image\/\",\"url\":\"https:\/\/secure.gravatar.com\/avatar\/cdf0fbd37411d455f1afd87f93b867f6?s=96&d=mm&r=g\",\"contentUrl\":\"https:\/\/secure.gravatar.com\/avatar\/cdf0fbd37411d455f1afd87f93b867f6?s=96&d=mm&r=g\",\"caption\":\"marek\"},\"sameAs\":[\"https:\/\/www.baportal.sk\/podnajom\"]}]}<\/script>\n<!-- \/ Yoast SEO plugin. -->","yoast_head_json":{"title":"D\u00e1m do pren\u00e1jmu samostatn\u00fa ve\u013ek\u00fa izbu v tehlovom RD na Kram\u00e1roch so samostatn\u00fdm ... | Podn\u00e1jom - Baportal.sk - Bratislava","description":"D\u00e1m do pren\u00e1jmu samostatn\u00fa ve\u013ek\u00fa izbu v tehlovom RD na Kram\u00e1roch so samostatn\u00fdm vchodom na pr\u00edzem\u00ed. Obytn\u00e1 plocha izby je 24m2, izba sa nach\u00e1dza v 2","robots":{"index":"index","follow":"follow","max-snippet":"max-snippet:-1","max-image-preview":"max-image-preview:large","max-video-preview":"max-video-preview:-1"},"canonical":"https:\/\/baportal.sk\/podnajom\/in\/54579\/","og_locale":"sk_SK","og_type":"article","og_title":"D\u00e1m do pren\u00e1jmu samostatn\u00fa ve\u013ek\u00fa izbu v tehlovom RD na Kram\u00e1roch so samostatn\u00fdm ... | Podn\u00e1jom - Baportal.sk - Bratislava","og_description":"D\u00e1m do pren\u00e1jmu samostatn\u00fa ve\u013ek\u00fa izbu v tehlovom RD na Kram\u00e1roch so samostatn\u00fdm vchodom na pr\u00edzem\u00ed. Obytn\u00e1 plocha izby je 24m2, izba sa nach\u00e1dza v 2","og_url":"https:\/\/baportal.sk\/podnajom\/in\/54579\/","og_site_name":"Podn\u00e1jom - Baportal.sk - Bratislava","article_published_time":"2023-03-05T01:36:45+00:00","og_image":[{"url":"https:\/\/scontent-prg1-1.xx.fbcdn.net\/v\/t39.30808-6\/333977539_1223378091939663_6206392861232884356_n.jpg?stp=c20.0.118.118a_cp0_dst-jpg_e15_p118x118_q65&_nc_cat=106&ccb=1-7&_nc_sid=5bac3a&_nc_ohc=ZAV6xMp5my0AX82wiLx&_nc_ht=scontent-prg1-1.xx&oh=00_AfDk2S8V16_3AqH8uYnRFvkKpEEpYf42ZIjXL5CoyscaEw&oe=64081223"}],"author":"marek","twitter_card":"summary_large_image","twitter_misc":{"Autor":"marek"},"schema":{"@context":"https:\/\/schema.org","@graph":[{"@type":"WebPage","@id":"https:\/\/baportal.sk\/podnajom\/in\/54579\/","url":"https:\/\/baportal.sk\/podnajom\/in\/54579\/","name":"D\u00e1m do pren\u00e1jmu samostatn\u00fa ve\u013ek\u00fa izbu v tehlovom RD na Kram\u00e1roch so samostatn\u00fdm ... | Podn\u00e1jom - Baportal.sk - Bratislava","isPartOf":{"@id":"https:\/\/baportal.sk\/podnajom\/#website"},"primaryImageOfPage":{"@id":"https:\/\/baportal.sk\/podnajom\/in\/54579\/#primaryimage"},"image":{"@id":"https:\/\/baportal.sk\/podnajom\/in\/54579\/#primaryimage"},"thumbnailUrl":"https:\/\/scontent-prg1-1.xx.fbcdn.net\/v\/t39.30808-6\/333977539_1223378091939663_6206392861232884356_n.jpg?stp=c20.0.118.118a_cp0_dst-jpg_e15_p118x118_q65&_nc_cat=106&ccb=1-7&_nc_sid=5bac3a&_nc_ohc=ZAV6xMp5my0AX82wiLx&_nc_ht=scontent-prg1-1.xx&oh=00_AfDk2S8V16_3AqH8uYnRFvkKpEEpYf42ZIjXL5CoyscaEw&oe=64081223","datePublished":"2023-03-05T01:36:45+00:00","dateModified":"2023-03-05T01:36:45+00:00","author":{"@id":"https:\/\/baportal.sk\/podnajom\/#\/schema\/person\/1048c08c599b2e93379d6374549bd168"},"description":"D\u00e1m do pren\u00e1jmu samostatn\u00fa ve\u013ek\u00fa izbu v tehlovom RD na Kram\u00e1roch so samostatn\u00fdm vchodom na pr\u00edzem\u00ed. Obytn\u00e1 plocha izby je 24m2, izba sa nach\u00e1dza v 2","breadcrumb":{"@id":"https:\/\/baportal.sk\/podnajom\/in\/54579\/#breadcrumb"},"inLanguage":"sk-SK","potentialAction":[{"@type":"ReadAction","target":["https:\/\/baportal.sk\/podnajom\/in\/54579\/"]}]},{"@type":"ImageObject","inLanguage":"sk-SK","@id":"https:\/\/baportal.sk\/podnajom\/in\/54579\/#primaryimage","url":"https:\/\/scontent-prg1-1.xx.fbcdn.net\/v\/t39.30808-6\/333977539_1223378091939663_6206392861232884356_n.jpg?stp=c20.0.118.118a_cp0_dst-jpg_e15_p118x118_q65&_nc_cat=106&ccb=1-7&_nc_sid=5bac3a&_nc_ohc=ZAV6xMp5my0AX82wiLx&_nc_ht=scontent-prg1-1.xx&oh=00_AfDk2S8V16_3AqH8uYnRFvkKpEEpYf42ZIjXL5CoyscaEw&oe=64081223","contentUrl":"https:\/\/scontent-prg1-1.xx.fbcdn.net\/v\/t39.30808-6\/333977539_1223378091939663_6206392861232884356_n.jpg?stp=c20.0.118.118a_cp0_dst-jpg_e15_p118x118_q65&_nc_cat=106&ccb=1-7&_nc_sid=5bac3a&_nc_ohc=ZAV6xMp5my0AX82wiLx&_nc_ht=scontent-prg1-1.xx&oh=00_AfDk2S8V16_3AqH8uYnRFvkKpEEpYf42ZIjXL5CoyscaEw&oe=64081223"},{"@type":"BreadcrumbList","@id":"https:\/\/baportal.sk\/podnajom\/in\/54579\/#breadcrumb","itemListElement":[{"@type":"ListItem","position":1,"name":"Domovsk\u00e1 str\u00e1nka","item":"https:\/\/baportal.sk\/podnajom\/"},{"@type":"ListItem","position":2,"name":"D\u00e1m do pren\u00e1jmu samostatn\u00fa ve\u013ek\u00fa izbu v tehlovom RD na Kram\u00e1roch so samostatn\u00fdm ..."}]},{"@type":"WebSite","@id":"https:\/\/baportal.sk\/podnajom\/#website","url":"https:\/\/baportal.sk\/podnajom\/","name":"Podn\u00e1jom - Baportal.sk - Bratislava","description":"","potentialAction":[{"@type":"SearchAction","target":{"@type":"EntryPoint","urlTemplate":"https:\/\/baportal.sk\/podnajom\/?s={search_term_string}"},"query-input":"required name=search_term_string"}],"inLanguage":"sk-SK"},{"@type":"Person","@id":"https:\/\/baportal.sk\/podnajom\/#\/schema\/person\/1048c08c599b2e93379d6374549bd168","name":"marek","image":{"@type":"ImageObject","inLanguage":"sk-SK","@id":"https:\/\/baportal.sk\/podnajom\/#\/schema\/person\/image\/","url":"https:\/\/secure.gravatar.com\/avatar\/cdf0fbd37411d455f1afd87f93b867f6?s=96&d=mm&r=g","contentUrl":"https:\/\/secure.gravatar.com\/avatar\/cdf0fbd37411d455f1afd87f93b867f6?s=96&d=mm&r=g","caption":"marek"},"sameAs":["https:\/\/www.baportal.sk\/podnajom"]}]}},"_links":{"self":[{"href":"https:\/\/baportal.sk\/podnajom\/wp-json\/wp\/v2\/posts\/54579"}],"collection":[{"href":"https:\/\/baportal.sk\/podnajom\/wp-json\/wp\/v2\/posts"}],"about":[{"href":"https:\/\/baportal.sk\/podnajom\/wp-json\/wp\/v2\/types\/post"}],"author":[{"embeddable":true,"href":"https:\/\/baportal.sk\/podnajom\/wp-json\/wp\/v2\/users\/1"}],"replies":[{"embeddable":true,"href":"https:\/\/baportal.sk\/podnajom\/wp-json\/wp\/v2\/comments?post=54579"}],"version-history":[{"count":0,"href":"https:\/\/baportal.sk\/podnajom\/wp-json\/wp\/v2\/posts\/54579\/revisions"}],"wp:attachment":[{"href":"https:\/\/baportal.sk\/podnajom\/wp-json\/wp\/v2\/media?parent=54579"}],"wp:term":[{"taxonomy":"category","embeddable":true,"href":"https:\/\/baportal.sk\/podnajom\/wp-json\/wp\/v2\/categories?post=54579"},{"taxonomy":"post_tag","embeddable":true,"href":"https:\/\/baportal.sk\/podnajom\/wp-json\/wp\/v2\/tags?post=54579"}],"curies":[{"name":"wp","href":"https:\/\/api.w.org\/{rel}","templated":true}]}}