{"id":54983,"date":"2022-05-05T03:01:49","date_gmt":"2022-05-05T01:01:49","guid":{"rendered":"https:\/\/baportal.sk\/podnajom\/in\/54983\/"},"modified":"2022-05-05T03:01:49","modified_gmt":"2022-05-05T01:01:49","slug":"arvin-benet-exkluzivny-3i-byt-s-garazou-v-krasnej-vile-pri-palisadach-2","status":"publish","type":"post","link":"https:\/\/baportal.sk\/podnajom\/in\/54983\/","title":{"rendered":"Arvin &amp; Benet | Exkluz\u00edvny 3i byt s gar\u00e1\u017eou v\u00a0kr\u00e1snej vile pri Palis\u00e1dach"},"content":{"rendered":"<div class=\"text-inner\">\n                                Arvin &amp; Benet pon\u00faka na pren\u00e1jom v\u00fdnimo\u010dn\u00fd 3i byt ne\u010faleko Prezidentsk\u00e9ho pal\u00e1ca v\u00a0kr\u00e1snej historickej vile, pokojnej a lukrat\u00edvnej lokalite na Gunduli\u010dovej ulici v\u00a0Starom Meste.<\/p>\n<p>Viac inform\u00e1ci\u00ed n\u00e1jdete na na\u0161ej webovej str\u00e1nke: https:\/\/www.arvinbenet.sk\/sk\/detail-ponuky\/822\/exkluzivny-3i-byt-s-garazou-v-krasnej-vile-pri-palisadach<\/p>\n<p>Tento dizajnov\u00fd byt zaru\u010dene spln\u00ed aj n\u00e1ro\u010dn\u00e9 predstavy o\u00a0vyh\u013ead\u00e1vanom b\u00fdvan\u00ed v\u00a0klasickom staromestskom byte. Kompletn\u00e1 rekon\u0161trukcia tohto bytu bola pr\u00e1ve dokon\u010den\u00e1 a\u00a0exkluz\u00edvne zariadenie a\u00a0vybavenie bytu je zatia\u013e nepou\u017e\u00edvan\u00e9. Pri rekon\u0161trukcii sa dbalo na najkvalitnej\u0161ie materi\u00e1ly a\u00a0povrchy.  Vysok\u00e9 stropy, dubov\u00e9 parkety, dvojkr\u00eddlov\u00e9 dreven\u00e9 dvere a\u00a0\u0161paletov\u00e9 okn\u00e1 sa zrenovovali a dod\u00e1vaj\u00fa b\u00fdvaniu v\u00fdnimo\u010dn\u00fd elegantn\u00fd \u0161t\u00fdl. K\u00a0dispoz\u00edcii na oddych m\u00e1te aj vlastn\u00fa \u010das\u0165 z\u00e1hrady a\u00a0benefitom je aj parkovanie pre dve aut\u00e1.<\/p>\n<p>Byt: <br \/>\n\u2028Byt sa nach\u00e1dza na pr\u00edzem\u00ed 3 poschodovej vily, ktor\u00e1 m\u00e1 vlastn\u00fd dvor. Po vstupe sa ocitnete v predsieni s\u00a0praktick\u00fdm \u0161atn\u00edkom a vstavanou skri\u0148ou s\u00a0technick\u00fdm z\u00e1zem\u00edm, pr\u00e1\u010dkou a su\u0161i\u010dkou. V\u013eavo vojdete do samostatn\u00e9ho WC s um\u00fdvadlom. <\/p>\n<p>\u010ealej z predsiene pokra\u010dujete do priestrannej kuchyne s\u00a0kompletne vybavenou a\u00a0zariadenou kuchynskou linkou so vstavan\u00fdmi elektrospotrebi\u010dmi (elektrick\u00e1 r\u00fara s\u00a0varnou doskou a\u00a0digestorom, chladni\u010dka s\u00a0mrazni\u010dkou) a\u00a0\u0161peci\u00e1lnym zabudovan\u00fdm filtrom na pitn\u00fa vodu. <\/p>\n<p>V\u00a0ob\u00fdvacej \u010dasti sa nach\u00e1dzaj\u00fa pohodln\u00e9 seda\u010dky s\u00a0konferen\u010dn\u00fdm stol\u00edkom, okr\u00fahlym jed\u00e1lensk\u00fdm stolom so stoli\u010dkami a\u00a0mas\u00edvnou drevenou kni\u017enicou po celej stene s\u00a0posuvn\u00fdm modulom pre telev\u00edziu. <\/p>\n<p>V\u00a0priestrannej sp\u00e1lni budete spa\u0165 na nad\u0161tandardne ve\u013ekej a pohodlnej man\u017eelskej posteli, vybaven\u00e1 je vysok\u00fdmi skri\u0148ami a\u00a0dizajnovou komodou.<br \/>\nTretia izba disponuje p\u00edsac\u00edm stolom so\u00a0stoli\u010dkou, \u00falo\u017en\u00fdm priestorom a netradi\u010dne ve\u013ekou poschodovou poste\u013eou vyrobenou na mieru, umiestnenou vo v\u00fd\u0161ke dostupnou rebr\u00edkom, \u010do vytv\u00e1ra v\u00a0izbe dodato\u010dn\u00fd priestor pre ka\u017edodenn\u00e9 aktivity.<\/p>\n<p>Priestrann\u00e1 k\u00fape\u013e\u0148a v\u00a0n\u00e1dhernom dizajne mramoru disponuje ve\u013ekou walk-in sprchou aj\u00a0va\u0148ou, um\u00fdvadlom so zrkadlom. A\u00a0denn\u00e9 svetlo do nej priv\u00e1dza ve\u013ek\u00e9 okno. <br \/>\nK\u00a0bytu prisl\u00facha aj pivnica v\u00a0suter\u00e9ne bytov\u00e9ho domu a\u00a0samostatn\u00e1 gar\u00e1\u017e, pred ktorou je miesto na zaparkovanie druh\u00e9ho auta. <br \/>\nNavy\u0161e m\u00e1te k\u00a0dispoz\u00edcii aj kus vlastnej z\u00e1hrady pred bytom, ktor\u00fa m\u00f4\u017eete vyu\u017ei\u0165 ako priestor na oddych. <\/p>\n<p>Lokalita:\u2028<\/p>\n<p>Byt sa nach\u00e1dza v\u00a0srdci Star\u00e9ho Mesta ne\u010faleko ob\u013e\u00faben\u00fdch Palis\u00e1d, \u010di Prezidentsk\u00e9ho pal\u00e1ca a\u00a0Prezidentskej (Grasalkovi\u010dovej) z\u00e1hrady s\u00a0v\u00fdbornou ob\u010dianskou vybavenos\u0165ou. V\u00a0pe\u0161ej dostupnosti sa nach\u00e1dza historick\u00e9 centrum Bratislavy. Ne\u010faleko bytov\u00e9ho domu je tie\u017e zast\u00e1vka MHD a\u00a0s\u00a0ostatn\u00fdmi \u010das\u0165ami Bratislavy V\u00e1s sp\u00e1ja hne\u010f nieko\u013eko autobusov a\u00a0trolejbusov, \u010di elektri\u010dky. <\/p>\n<p>Cena: 1750 eur \/ mesiac ( 1 300 \u20ac\/mesiac byt, 250 EUR energie, 200 gar\u00e1\u017e)<br \/>\n\u2028V\u00fdmera: 107 m\u00b2 (interi\u00e9r 99 m\u00b2, pivnica 8 m\u00b2)<\/p>\n<p>\u2028\u2028Fotografie a text s\u00fa autorsk\u00fdm dielom a majetkom spolo\u010dnosti Arvin &amp; Benet.<\/p>\n<p>\u2028\u2028Nehnute\u013enos\u0165 bola naaran\u017eovan\u00e1 a nafoten\u00e1 Homestaging oddelen\u00edm na\u0161ej spolo\u010dnosti, ve\u013emi radi V\u00e1m pom\u00f4\u017eeme pri efekt\u00edvnom a d\u00f4stojnom predaji \u010di pren\u00e1jme aj Va\u0161ej nehnute\u013enosti. <\/p>\n<p>Budeme sa te\u0161i\u0165, ke\u010f n\u00e1s budete nez\u00e1v\u00e4zne kontaktova\u0165.                            <\/p><\/div>\n","protected":false},"excerpt":{"rendered":"<p>Arvin &amp; Benet pon\u00faka na pren\u00e1jom v\u00fdnimo\u010dn\u00fd 3i byt ne\u010faleko Prezidentsk\u00e9ho pal\u00e1ca v\u00a0kr\u00e1snej historickej vile, pokojnej a lukrat\u00edvnej lokalite na Gunduli\u010dovej ulici v\u00a0Starom Meste. Viac inform\u00e1ci\u00ed n\u00e1jdete na na\u0161ej webovej str\u00e1nke: https:\/\/www.arvinbenet.sk\/sk\/detail-ponuky\/822\/exkluzivny-3i-byt-s-garazou-v-krasnej-vile-pri-palisadach Tento dizajnov\u00fd byt zaru\u010dene spln\u00ed aj n\u00e1ro\u010dn\u00e9 predstavy o\u00a0vyh\u013ead\u00e1vanom b\u00fdvan\u00ed v\u00a0klasickom staromestskom byte. Kompletn\u00e1 rekon\u0161trukcia tohto bytu bola pr\u00e1ve dokon\u010den\u00e1 a\u00a0exkluz\u00edvne zariadenie a\u00a0vybavenie [&hellip;]<\/p>\n","protected":false},"author":1,"featured_media":54984,"comment_status":"open","ping_status":"open","sticky":false,"template":"","format":"standard","meta":{"footnotes":""},"categories":[4],"tags":[],"class_list":["post-54983","post","type-post","status-publish","format-standard","has-post-thumbnail","hentry","category-prenajom-bytu"],"yoast_head":"<!-- This site is optimized with the Yoast SEO plugin v23.1 - https:\/\/yoast.com\/wordpress\/plugins\/seo\/ -->\n<title>Arvin &amp; Benet | Exkluz\u00edvny 3i byt s gar\u00e1\u017eou v\u00a0kr\u00e1snej vile pri Palis\u00e1dach | Podn\u00e1jom - Baportal.sk - Bratislava<\/title>\n<meta name=\"description\" content=\"Arvin &amp; Benet pon\u00faka na pren\u00e1jom v\u00fdnimo\u010dn\u00fd 3i byt ne\u010faleko Prezidentsk\u00e9ho pal\u00e1ca v\u00a0kr\u00e1snej historickej vile, pokojnej a lukrat\u00edvnej lokalite na\" \/>\n<meta name=\"robots\" content=\"index, follow, max-snippet:-1, max-image-preview:large, max-video-preview:-1\" \/>\n<link rel=\"canonical\" href=\"https:\/\/baportal.sk\/podnajom\/in\/54983\/\" \/>\n<meta property=\"og:locale\" content=\"sk_SK\" \/>\n<meta property=\"og:type\" content=\"article\" \/>\n<meta property=\"og:title\" content=\"Arvin &amp; Benet | Exkluz\u00edvny 3i byt s gar\u00e1\u017eou v\u00a0kr\u00e1snej vile pri Palis\u00e1dach | Podn\u00e1jom - Baportal.sk - Bratislava\" \/>\n<meta property=\"og:description\" content=\"Arvin &amp; Benet pon\u00faka na pren\u00e1jom v\u00fdnimo\u010dn\u00fd 3i byt ne\u010faleko Prezidentsk\u00e9ho pal\u00e1ca v\u00a0kr\u00e1snej historickej vile, pokojnej a lukrat\u00edvnej lokalite na\" \/>\n<meta property=\"og:url\" content=\"https:\/\/baportal.sk\/podnajom\/in\/54983\/\" \/>\n<meta property=\"og:site_name\" content=\"Podn\u00e1jom - Baportal.sk - Bratislava\" \/>\n<meta property=\"article:published_time\" content=\"2022-05-05T01:01:49+00:00\" \/>\n<meta name=\"author\" content=\"marek\" \/>\n<meta name=\"twitter:card\" content=\"summary_large_image\" \/>\n<meta name=\"twitter:label1\" content=\"Autor\" \/>\n\t<meta name=\"twitter:data1\" content=\"marek\" \/>\n\t<meta name=\"twitter:label2\" content=\"Predpokladan\u00fd \u010das \u010d\u00edtania\" \/>\n\t<meta name=\"twitter:data2\" content=\"3 min\u00faty\" \/>\n<script type=\"application\/ld+json\" class=\"yoast-schema-graph\">{\"@context\":\"https:\/\/schema.org\",\"@graph\":[{\"@type\":\"WebPage\",\"@id\":\"https:\/\/baportal.sk\/podnajom\/in\/54983\/\",\"url\":\"https:\/\/baportal.sk\/podnajom\/in\/54983\/\",\"name\":\"Arvin &amp; Benet | Exkluz\u00edvny 3i byt s gar\u00e1\u017eou v\u00a0kr\u00e1snej vile pri Palis\u00e1dach | Podn\u00e1jom - Baportal.sk - Bratislava\",\"isPartOf\":{\"@id\":\"https:\/\/baportal.sk\/podnajom\/#website\"},\"primaryImageOfPage\":{\"@id\":\"https:\/\/baportal.sk\/podnajom\/in\/54983\/#primaryimage\"},\"image\":{\"@id\":\"https:\/\/baportal.sk\/podnajom\/in\/54983\/#primaryimage\"},\"thumbnailUrl\":\"https:\/\/baportal.sk\/podnajom\/wp-content\/uploads\/2023\/03\/Arvin-amp-Benet-Exkluzivny-3i-byt-s-garazou-v-krasnej.jpeg\",\"datePublished\":\"2022-05-05T01:01:49+00:00\",\"dateModified\":\"2022-05-05T01:01:49+00:00\",\"author\":{\"@id\":\"https:\/\/baportal.sk\/podnajom\/#\/schema\/person\/1048c08c599b2e93379d6374549bd168\"},\"description\":\"Arvin &amp; Benet pon\u00faka na pren\u00e1jom v\u00fdnimo\u010dn\u00fd 3i byt ne\u010faleko Prezidentsk\u00e9ho pal\u00e1ca v\u00a0kr\u00e1snej historickej vile, pokojnej a lukrat\u00edvnej lokalite na\",\"breadcrumb\":{\"@id\":\"https:\/\/baportal.sk\/podnajom\/in\/54983\/#breadcrumb\"},\"inLanguage\":\"sk-SK\",\"potentialAction\":[{\"@type\":\"ReadAction\",\"target\":[\"https:\/\/baportal.sk\/podnajom\/in\/54983\/\"]}]},{\"@type\":\"ImageObject\",\"inLanguage\":\"sk-SK\",\"@id\":\"https:\/\/baportal.sk\/podnajom\/in\/54983\/#primaryimage\",\"url\":\"https:\/\/baportal.sk\/podnajom\/wp-content\/uploads\/2023\/03\/Arvin-amp-Benet-Exkluzivny-3i-byt-s-garazou-v-krasnej.jpeg\",\"contentUrl\":\"https:\/\/baportal.sk\/podnajom\/wp-content\/uploads\/2023\/03\/Arvin-amp-Benet-Exkluzivny-3i-byt-s-garazou-v-krasnej.jpeg\",\"width\":600,\"height\":315},{\"@type\":\"BreadcrumbList\",\"@id\":\"https:\/\/baportal.sk\/podnajom\/in\/54983\/#breadcrumb\",\"itemListElement\":[{\"@type\":\"ListItem\",\"position\":1,\"name\":\"Domovsk\u00e1 str\u00e1nka\",\"item\":\"https:\/\/baportal.sk\/podnajom\/\"},{\"@type\":\"ListItem\",\"position\":2,\"name\":\"Arvin &amp; Benet | Exkluz\u00edvny 3i byt s gar\u00e1\u017eou v\u00a0kr\u00e1snej vile pri Palis\u00e1dach\"}]},{\"@type\":\"WebSite\",\"@id\":\"https:\/\/baportal.sk\/podnajom\/#website\",\"url\":\"https:\/\/baportal.sk\/podnajom\/\",\"name\":\"Podn\u00e1jom - Baportal.sk - Bratislava\",\"description\":\"\",\"potentialAction\":[{\"@type\":\"SearchAction\",\"target\":{\"@type\":\"EntryPoint\",\"urlTemplate\":\"https:\/\/baportal.sk\/podnajom\/?s={search_term_string}\"},\"query-input\":\"required name=search_term_string\"}],\"inLanguage\":\"sk-SK\"},{\"@type\":\"Person\",\"@id\":\"https:\/\/baportal.sk\/podnajom\/#\/schema\/person\/1048c08c599b2e93379d6374549bd168\",\"name\":\"marek\",\"image\":{\"@type\":\"ImageObject\",\"inLanguage\":\"sk-SK\",\"@id\":\"https:\/\/baportal.sk\/podnajom\/#\/schema\/person\/image\/\",\"url\":\"https:\/\/secure.gravatar.com\/avatar\/cdf0fbd37411d455f1afd87f93b867f6?s=96&d=mm&r=g\",\"contentUrl\":\"https:\/\/secure.gravatar.com\/avatar\/cdf0fbd37411d455f1afd87f93b867f6?s=96&d=mm&r=g\",\"caption\":\"marek\"},\"sameAs\":[\"https:\/\/www.baportal.sk\/podnajom\"]}]}<\/script>\n<!-- \/ Yoast SEO plugin. -->","yoast_head_json":{"title":"Arvin &amp; Benet | Exkluz\u00edvny 3i byt s gar\u00e1\u017eou v\u00a0kr\u00e1snej vile pri Palis\u00e1dach | Podn\u00e1jom - Baportal.sk - Bratislava","description":"Arvin &amp; Benet pon\u00faka na pren\u00e1jom v\u00fdnimo\u010dn\u00fd 3i byt ne\u010faleko Prezidentsk\u00e9ho pal\u00e1ca v\u00a0kr\u00e1snej historickej vile, pokojnej a lukrat\u00edvnej lokalite na","robots":{"index":"index","follow":"follow","max-snippet":"max-snippet:-1","max-image-preview":"max-image-preview:large","max-video-preview":"max-video-preview:-1"},"canonical":"https:\/\/baportal.sk\/podnajom\/in\/54983\/","og_locale":"sk_SK","og_type":"article","og_title":"Arvin &amp; Benet | Exkluz\u00edvny 3i byt s gar\u00e1\u017eou v\u00a0kr\u00e1snej vile pri Palis\u00e1dach | Podn\u00e1jom - Baportal.sk - Bratislava","og_description":"Arvin &amp; Benet pon\u00faka na pren\u00e1jom v\u00fdnimo\u010dn\u00fd 3i byt ne\u010faleko Prezidentsk\u00e9ho pal\u00e1ca v\u00a0kr\u00e1snej historickej vile, pokojnej a lukrat\u00edvnej lokalite na","og_url":"https:\/\/baportal.sk\/podnajom\/in\/54983\/","og_site_name":"Podn\u00e1jom - Baportal.sk - Bratislava","article_published_time":"2022-05-05T01:01:49+00:00","author":"marek","twitter_card":"summary_large_image","twitter_misc":{"Autor":"marek","Predpokladan\u00fd \u010das \u010d\u00edtania":"3 min\u00faty"},"schema":{"@context":"https:\/\/schema.org","@graph":[{"@type":"WebPage","@id":"https:\/\/baportal.sk\/podnajom\/in\/54983\/","url":"https:\/\/baportal.sk\/podnajom\/in\/54983\/","name":"Arvin &amp; Benet | Exkluz\u00edvny 3i byt s gar\u00e1\u017eou v\u00a0kr\u00e1snej vile pri Palis\u00e1dach | Podn\u00e1jom - Baportal.sk - Bratislava","isPartOf":{"@id":"https:\/\/baportal.sk\/podnajom\/#website"},"primaryImageOfPage":{"@id":"https:\/\/baportal.sk\/podnajom\/in\/54983\/#primaryimage"},"image":{"@id":"https:\/\/baportal.sk\/podnajom\/in\/54983\/#primaryimage"},"thumbnailUrl":"https:\/\/baportal.sk\/podnajom\/wp-content\/uploads\/2023\/03\/Arvin-amp-Benet-Exkluzivny-3i-byt-s-garazou-v-krasnej.jpeg","datePublished":"2022-05-05T01:01:49+00:00","dateModified":"2022-05-05T01:01:49+00:00","author":{"@id":"https:\/\/baportal.sk\/podnajom\/#\/schema\/person\/1048c08c599b2e93379d6374549bd168"},"description":"Arvin &amp; Benet pon\u00faka na pren\u00e1jom v\u00fdnimo\u010dn\u00fd 3i byt ne\u010faleko Prezidentsk\u00e9ho pal\u00e1ca v\u00a0kr\u00e1snej historickej vile, pokojnej a lukrat\u00edvnej lokalite na","breadcrumb":{"@id":"https:\/\/baportal.sk\/podnajom\/in\/54983\/#breadcrumb"},"inLanguage":"sk-SK","potentialAction":[{"@type":"ReadAction","target":["https:\/\/baportal.sk\/podnajom\/in\/54983\/"]}]},{"@type":"ImageObject","inLanguage":"sk-SK","@id":"https:\/\/baportal.sk\/podnajom\/in\/54983\/#primaryimage","url":"https:\/\/baportal.sk\/podnajom\/wp-content\/uploads\/2023\/03\/Arvin-amp-Benet-Exkluzivny-3i-byt-s-garazou-v-krasnej.jpeg","contentUrl":"https:\/\/baportal.sk\/podnajom\/wp-content\/uploads\/2023\/03\/Arvin-amp-Benet-Exkluzivny-3i-byt-s-garazou-v-krasnej.jpeg","width":600,"height":315},{"@type":"BreadcrumbList","@id":"https:\/\/baportal.sk\/podnajom\/in\/54983\/#breadcrumb","itemListElement":[{"@type":"ListItem","position":1,"name":"Domovsk\u00e1 str\u00e1nka","item":"https:\/\/baportal.sk\/podnajom\/"},{"@type":"ListItem","position":2,"name":"Arvin &amp; Benet | Exkluz\u00edvny 3i byt s gar\u00e1\u017eou v\u00a0kr\u00e1snej vile pri Palis\u00e1dach"}]},{"@type":"WebSite","@id":"https:\/\/baportal.sk\/podnajom\/#website","url":"https:\/\/baportal.sk\/podnajom\/","name":"Podn\u00e1jom - Baportal.sk - Bratislava","description":"","potentialAction":[{"@type":"SearchAction","target":{"@type":"EntryPoint","urlTemplate":"https:\/\/baportal.sk\/podnajom\/?s={search_term_string}"},"query-input":"required name=search_term_string"}],"inLanguage":"sk-SK"},{"@type":"Person","@id":"https:\/\/baportal.sk\/podnajom\/#\/schema\/person\/1048c08c599b2e93379d6374549bd168","name":"marek","image":{"@type":"ImageObject","inLanguage":"sk-SK","@id":"https:\/\/baportal.sk\/podnajom\/#\/schema\/person\/image\/","url":"https:\/\/secure.gravatar.com\/avatar\/cdf0fbd37411d455f1afd87f93b867f6?s=96&d=mm&r=g","contentUrl":"https:\/\/secure.gravatar.com\/avatar\/cdf0fbd37411d455f1afd87f93b867f6?s=96&d=mm&r=g","caption":"marek"},"sameAs":["https:\/\/www.baportal.sk\/podnajom"]}]}},"_links":{"self":[{"href":"https:\/\/baportal.sk\/podnajom\/wp-json\/wp\/v2\/posts\/54983"}],"collection":[{"href":"https:\/\/baportal.sk\/podnajom\/wp-json\/wp\/v2\/posts"}],"about":[{"href":"https:\/\/baportal.sk\/podnajom\/wp-json\/wp\/v2\/types\/post"}],"author":[{"embeddable":true,"href":"https:\/\/baportal.sk\/podnajom\/wp-json\/wp\/v2\/users\/1"}],"replies":[{"embeddable":true,"href":"https:\/\/baportal.sk\/podnajom\/wp-json\/wp\/v2\/comments?post=54983"}],"version-history":[{"count":0,"href":"https:\/\/baportal.sk\/podnajom\/wp-json\/wp\/v2\/posts\/54983\/revisions"}],"wp:featuredmedia":[{"embeddable":true,"href":"https:\/\/baportal.sk\/podnajom\/wp-json\/wp\/v2\/media\/54984"}],"wp:attachment":[{"href":"https:\/\/baportal.sk\/podnajom\/wp-json\/wp\/v2\/media?parent=54983"}],"wp:term":[{"taxonomy":"category","embeddable":true,"href":"https:\/\/baportal.sk\/podnajom\/wp-json\/wp\/v2\/categories?post=54983"},{"taxonomy":"post_tag","embeddable":true,"href":"https:\/\/baportal.sk\/podnajom\/wp-json\/wp\/v2\/tags?post=54983"}],"curies":[{"name":"wp","href":"https:\/\/api.w.org\/{rel}","templated":true}]}}