{"id":55285,"date":"2023-03-15T01:17:02","date_gmt":"2023-03-15T00:17:02","guid":{"rendered":"https:\/\/baportal.sk\/podnajom\/in\/55285\/"},"modified":"2023-03-15T01:17:02","modified_gmt":"2023-03-15T00:17:02","slug":"dobry-den-ahojte-hladam-si-v-tomto-obdobi-samostatnu-izbu-na-prenajom-v-vyz","status":"publish","type":"post","link":"https:\/\/baportal.sk\/podnajom\/in\/55285\/","title":{"rendered":"Dobr\u00fd de\u0148, ahojte. H\u013ead\u00e1m si v tomto obdob\u00ed samostatn\u00fa izbu na pren\u00e1jom v +- vyz..."},"content":{"rendered":"<div><span id=\"u_0_g_nF\"><\/p>\n<p>Dobr\u00fd de\u0148, ahojte. H\u013ead\u00e1m si v tomto obdob\u00ed samostatn\u00fa izbu na pren\u00e1jom v +- vyzna\u010denej lokalite do 350\u20ac mesa\u010dne. Som mlad\u00e1 a pracuj\u00faca.<\/p>\n<p> Po\u017eiadavky:<br \/> - moderne zariaden\u00fd, \u010dist\u00fd byt, pekn\u00e1 \u00fatuln\u00e1, zariaden\u00e1 izba<br \/> - Jeden a\u017e dvaja tie\u017e mlad\u00ed spolubyvajuci\/e<br \/> - Pr\u00edjemn\u00e1 atmosf\u00e9r\u00e1 na byte <\/p>\n<p> Ak ti pasujem do...<\/p>\n<p> <a rel=\"nofollow\" href=\"https:\/\/mbasic.facebook.com\/groups\/673598812677373\/permalink\/5912986612071874\/?refid=18&amp;_ft_=encrypted_tracking_data.0AY_qraX35MuOYHkScdnk6fX9WhjHuOKZhfSboW3tLBOukLOKVhmznA61wN9tXk9e8-eaWY3fZ1ayAwHcmt2D0x65tuU8BsCXBY-SlvwMuoJG-G7LUn5s0xWvYfF_Z3nDpa8PGP67zNv95cZUsbY-VWl1RSqjqhvapzmL4Qnoh2KrBMiaFiVWy55k5iZBsGO2x3Y_n8GfhaRKMOlqBY8bHs81jUGvaclNgQTY1yQPV5GYxd3J5Kv6Va7RG6vTLGQ_9vYldzNU35HsPAMDcUhh9MCNfb13hvOz0qo5Qv991yUq10cN7PjuhZOD3YZKzO4ndIItUoZG7B4QaFaVUboD5d1-xXFQe58cyU0MoU4dm5-Xo8XswqMVgSHkuPtlEG7dh-IqgIuNsuawtlpiyrQAFmhz4hyMsWoqKKSqzEZ3EqHAgGjLX4AQ75D-QwnVrp7TMtrxXp6_G_rUz0r4f9Az-1QHzGTLZDB0_u3mOQxJ3WQCrn9LeVY90B4S-FygWivs8pU8P_Qsy4D_SEkGuqHFdeXX0FBBaQJlbXKS9hcFtLIhTjIHrksK0qdI47U4Xl-1ThJ3yJX3aCk0ZNU1EFtFiWy9tLYr9sRBx17N6LUyJvBEp9t490_HQMUit1iWDKsMn-Avpr3fGOY1g61whl2mrZe4hvbPAxLXzul0sim99rWPfgrvyDDjJnw7jE0hV7j4IOe20doSpSFxl8UVyDxxEytexTxB-T894Fi8CDAUM7NLLDW8ClFw99FBuXw5BLuVPsFqUW7CDeRnnHRGUdKIPIW290vW_US6qPKiB9zYWOjiwwjzx-PFUasMZqMEjEdM6DM99xxbz4265YQ3fiOw_ZLtmV7m_79I48QY-ekJjm7Tv2XCVjAWts-mJdcRbwCahgXO7h69P5LTF_AEaU6zwxt7Zr_4NAZsaeZmAjhq27QJaQcSdMBtCKYdy4FNKetqDe5zHah6Cpl96JCG5_GZ0ZYRSdqdPapRIhLIaypglk0K3_OVdGLYIBZ-GLs4JP2B4RlWx91jxEJHkrfT3ecJ2hxzhFcrBIWB-hys6oR1kvRDP8dCKXvRmmnG0mh3et662X45QQFAkii7-lTBrxw&amp;__tn__=%2As-R\">Viac<\/a><\/span><\/div>\n<p><span style=\"display:none\" id=\"u_0_h_aT\"><\/span><br \/>\n<img loading=\"lazy\" decoding=\"async\" src=\"https:\/\/scontent-prg1-1.xx.fbcdn.net\/v\/t39.30808-6\/335704254_936511217677473_7034574390449203958_n.jpg?stp=cp1_dst-jpg_e15_q65_s206x206&_nc_cat=105&ccb=1-7&_nc_sid=5bac3a&_nc_ohc=B2dvdJY2j74AX-ohEmQ&_nc_ht=scontent-prg1-1.xx&oh=00_AfB5oj2eJaVpaQKiThjmc5KQLqciTaqmi6VhABUrPj_20A&oe=6415D622\" width=\"120\" height=\"200\" class=\"l\"><\/p>\n<div id=\"fb-root\"><\/div>\n<p><script>\n\t(function(d, s, id) {\n\t    var js, fjs = d.getElementsByTagName(s)[0];\n\t    if (d.getElementById(id))\n\t        return;\n\t    js = d.createElement(s);\n\t    js.id = id;\n\t    js.src = \"\/\/connect.facebook.net\/en_US\/all.js#xfbml=1\";\n\t    fjs.parentNode.insertBefore(js, fjs);\n\t}(document, 'script', 'facebook-jssdk'));\n\t<\/script><\/p>\n<div class=\"fb-post\" data-href=\"https:\/\/www.facebook.com\/673598812677373\/posts\/5912986612071874\"><\/div>\n","protected":false},"excerpt":{"rendered":"<p>Dobr\u00fd de\u0148, ahojte. H\u013ead\u00e1m si v tomto obdob\u00ed samostatn\u00fa izbu na pren\u00e1jom v +- vyzna\u010denej lokalite do 350\u20ac mesa\u010dne. Som mlad\u00e1 a pracuj\u00faca. Po\u017eiadavky: - moderne zariaden\u00fd, \u010dist\u00fd byt, pekn\u00e1 \u00fatuln\u00e1, zariaden\u00e1 izba - Jeden a\u017e dvaja tie\u017e mlad\u00ed spolubyvajuci\/e - Pr\u00edjemn\u00e1 atmosf\u00e9r\u00e1 na byte Ak ti pasujem do... Viac<\/p>\n","protected":false},"author":1,"featured_media":0,"comment_status":"open","ping_status":"open","sticky":false,"template":"","format":"standard","meta":{"footnotes":""},"categories":[3],"tags":[],"class_list":["post-55285","post","type-post","status-publish","format-standard","hentry","category-prenajom-izby"],"yoast_head":"<!-- This site is optimized with the Yoast SEO plugin v23.1 - https:\/\/yoast.com\/wordpress\/plugins\/seo\/ -->\n<title>Dobr\u00fd de\u0148, ahojte. H\u013ead\u00e1m si v tomto obdob\u00ed samostatn\u00fa izbu na pren\u00e1jom v +- vyz... | Podn\u00e1jom - Baportal.sk - Bratislava<\/title>\n<meta name=\"description\" content=\"Dobr\u00fd de\u0148, ahojte. H\u013ead\u00e1m si v tomto obdob\u00ed samostatn\u00fa izbu na pren\u00e1jom v +- vyzna\u010denej lokalite do 350\u20ac mesa\u010dne. Som mlad\u00e1 a pracuj\u00faca. Po\u017eiadavky: -\" \/>\n<meta name=\"robots\" content=\"index, follow, max-snippet:-1, max-image-preview:large, max-video-preview:-1\" \/>\n<link rel=\"canonical\" href=\"https:\/\/baportal.sk\/podnajom\/in\/55285\/\" \/>\n<meta property=\"og:locale\" content=\"sk_SK\" \/>\n<meta property=\"og:type\" content=\"article\" \/>\n<meta property=\"og:title\" content=\"Dobr\u00fd de\u0148, ahojte. H\u013ead\u00e1m si v tomto obdob\u00ed samostatn\u00fa izbu na pren\u00e1jom v +- vyz... | Podn\u00e1jom - Baportal.sk - Bratislava\" \/>\n<meta property=\"og:description\" content=\"Dobr\u00fd de\u0148, ahojte. H\u013ead\u00e1m si v tomto obdob\u00ed samostatn\u00fa izbu na pren\u00e1jom v +- vyzna\u010denej lokalite do 350\u20ac mesa\u010dne. Som mlad\u00e1 a pracuj\u00faca. Po\u017eiadavky: -\" \/>\n<meta property=\"og:url\" content=\"https:\/\/baportal.sk\/podnajom\/in\/55285\/\" \/>\n<meta property=\"og:site_name\" content=\"Podn\u00e1jom - Baportal.sk - Bratislava\" \/>\n<meta property=\"article:published_time\" content=\"2023-03-15T00:17:02+00:00\" \/>\n<meta property=\"og:image\" content=\"https:\/\/scontent-prg1-1.xx.fbcdn.net\/v\/t39.30808-6\/335704254_936511217677473_7034574390449203958_n.jpg?stp=cp1_dst-jpg_e15_q65_s206x206&_nc_cat=105&ccb=1-7&_nc_sid=5bac3a&_nc_ohc=B2dvdJY2j74AX-ohEmQ&_nc_ht=scontent-prg1-1.xx&oh=00_AfB5oj2eJaVpaQKiThjmc5KQLqciTaqmi6VhABUrPj_20A&oe=6415D622\" \/>\n<meta name=\"author\" content=\"marek\" \/>\n<meta name=\"twitter:card\" content=\"summary_large_image\" \/>\n<meta name=\"twitter:label1\" content=\"Autor\" \/>\n\t<meta name=\"twitter:data1\" content=\"marek\" \/>\n<script type=\"application\/ld+json\" class=\"yoast-schema-graph\">{\"@context\":\"https:\/\/schema.org\",\"@graph\":[{\"@type\":\"WebPage\",\"@id\":\"https:\/\/baportal.sk\/podnajom\/in\/55285\/\",\"url\":\"https:\/\/baportal.sk\/podnajom\/in\/55285\/\",\"name\":\"Dobr\u00fd de\u0148, ahojte. H\u013ead\u00e1m si v tomto obdob\u00ed samostatn\u00fa izbu na pren\u00e1jom v +- vyz... | Podn\u00e1jom - Baportal.sk - Bratislava\",\"isPartOf\":{\"@id\":\"https:\/\/baportal.sk\/podnajom\/#website\"},\"primaryImageOfPage\":{\"@id\":\"https:\/\/baportal.sk\/podnajom\/in\/55285\/#primaryimage\"},\"image\":{\"@id\":\"https:\/\/baportal.sk\/podnajom\/in\/55285\/#primaryimage\"},\"thumbnailUrl\":\"https:\/\/scontent-prg1-1.xx.fbcdn.net\/v\/t39.30808-6\/335704254_936511217677473_7034574390449203958_n.jpg?stp=cp1_dst-jpg_e15_q65_s206x206&_nc_cat=105&ccb=1-7&_nc_sid=5bac3a&_nc_ohc=B2dvdJY2j74AX-ohEmQ&_nc_ht=scontent-prg1-1.xx&oh=00_AfB5oj2eJaVpaQKiThjmc5KQLqciTaqmi6VhABUrPj_20A&oe=6415D622\",\"datePublished\":\"2023-03-15T00:17:02+00:00\",\"dateModified\":\"2023-03-15T00:17:02+00:00\",\"author\":{\"@id\":\"https:\/\/baportal.sk\/podnajom\/#\/schema\/person\/1048c08c599b2e93379d6374549bd168\"},\"description\":\"Dobr\u00fd de\u0148, ahojte. H\u013ead\u00e1m si v tomto obdob\u00ed samostatn\u00fa izbu na pren\u00e1jom v +- vyzna\u010denej lokalite do 350\u20ac mesa\u010dne. Som mlad\u00e1 a pracuj\u00faca. Po\u017eiadavky: -\",\"breadcrumb\":{\"@id\":\"https:\/\/baportal.sk\/podnajom\/in\/55285\/#breadcrumb\"},\"inLanguage\":\"sk-SK\",\"potentialAction\":[{\"@type\":\"ReadAction\",\"target\":[\"https:\/\/baportal.sk\/podnajom\/in\/55285\/\"]}]},{\"@type\":\"ImageObject\",\"inLanguage\":\"sk-SK\",\"@id\":\"https:\/\/baportal.sk\/podnajom\/in\/55285\/#primaryimage\",\"url\":\"https:\/\/scontent-prg1-1.xx.fbcdn.net\/v\/t39.30808-6\/335704254_936511217677473_7034574390449203958_n.jpg?stp=cp1_dst-jpg_e15_q65_s206x206&_nc_cat=105&ccb=1-7&_nc_sid=5bac3a&_nc_ohc=B2dvdJY2j74AX-ohEmQ&_nc_ht=scontent-prg1-1.xx&oh=00_AfB5oj2eJaVpaQKiThjmc5KQLqciTaqmi6VhABUrPj_20A&oe=6415D622\",\"contentUrl\":\"https:\/\/scontent-prg1-1.xx.fbcdn.net\/v\/t39.30808-6\/335704254_936511217677473_7034574390449203958_n.jpg?stp=cp1_dst-jpg_e15_q65_s206x206&_nc_cat=105&ccb=1-7&_nc_sid=5bac3a&_nc_ohc=B2dvdJY2j74AX-ohEmQ&_nc_ht=scontent-prg1-1.xx&oh=00_AfB5oj2eJaVpaQKiThjmc5KQLqciTaqmi6VhABUrPj_20A&oe=6415D622\"},{\"@type\":\"BreadcrumbList\",\"@id\":\"https:\/\/baportal.sk\/podnajom\/in\/55285\/#breadcrumb\",\"itemListElement\":[{\"@type\":\"ListItem\",\"position\":1,\"name\":\"Domovsk\u00e1 str\u00e1nka\",\"item\":\"https:\/\/baportal.sk\/podnajom\/\"},{\"@type\":\"ListItem\",\"position\":2,\"name\":\"Dobr\u00fd de\u0148, ahojte. H\u013ead\u00e1m si v tomto obdob\u00ed samostatn\u00fa izbu na pren\u00e1jom v +- vyz...\"}]},{\"@type\":\"WebSite\",\"@id\":\"https:\/\/baportal.sk\/podnajom\/#website\",\"url\":\"https:\/\/baportal.sk\/podnajom\/\",\"name\":\"Podn\u00e1jom - Baportal.sk - Bratislava\",\"description\":\"\",\"potentialAction\":[{\"@type\":\"SearchAction\",\"target\":{\"@type\":\"EntryPoint\",\"urlTemplate\":\"https:\/\/baportal.sk\/podnajom\/?s={search_term_string}\"},\"query-input\":\"required name=search_term_string\"}],\"inLanguage\":\"sk-SK\"},{\"@type\":\"Person\",\"@id\":\"https:\/\/baportal.sk\/podnajom\/#\/schema\/person\/1048c08c599b2e93379d6374549bd168\",\"name\":\"marek\",\"image\":{\"@type\":\"ImageObject\",\"inLanguage\":\"sk-SK\",\"@id\":\"https:\/\/baportal.sk\/podnajom\/#\/schema\/person\/image\/\",\"url\":\"https:\/\/secure.gravatar.com\/avatar\/cdf0fbd37411d455f1afd87f93b867f6?s=96&d=mm&r=g\",\"contentUrl\":\"https:\/\/secure.gravatar.com\/avatar\/cdf0fbd37411d455f1afd87f93b867f6?s=96&d=mm&r=g\",\"caption\":\"marek\"},\"sameAs\":[\"https:\/\/www.baportal.sk\/podnajom\"]}]}<\/script>\n<!-- \/ Yoast SEO plugin. -->","yoast_head_json":{"title":"Dobr\u00fd de\u0148, ahojte. H\u013ead\u00e1m si v tomto obdob\u00ed samostatn\u00fa izbu na pren\u00e1jom v +- vyz... | Podn\u00e1jom - Baportal.sk - Bratislava","description":"Dobr\u00fd de\u0148, ahojte. H\u013ead\u00e1m si v tomto obdob\u00ed samostatn\u00fa izbu na pren\u00e1jom v +- vyzna\u010denej lokalite do 350\u20ac mesa\u010dne. Som mlad\u00e1 a pracuj\u00faca. Po\u017eiadavky: -","robots":{"index":"index","follow":"follow","max-snippet":"max-snippet:-1","max-image-preview":"max-image-preview:large","max-video-preview":"max-video-preview:-1"},"canonical":"https:\/\/baportal.sk\/podnajom\/in\/55285\/","og_locale":"sk_SK","og_type":"article","og_title":"Dobr\u00fd de\u0148, ahojte. H\u013ead\u00e1m si v tomto obdob\u00ed samostatn\u00fa izbu na pren\u00e1jom v +- vyz... | Podn\u00e1jom - Baportal.sk - Bratislava","og_description":"Dobr\u00fd de\u0148, ahojte. H\u013ead\u00e1m si v tomto obdob\u00ed samostatn\u00fa izbu na pren\u00e1jom v +- vyzna\u010denej lokalite do 350\u20ac mesa\u010dne. Som mlad\u00e1 a pracuj\u00faca. Po\u017eiadavky: -","og_url":"https:\/\/baportal.sk\/podnajom\/in\/55285\/","og_site_name":"Podn\u00e1jom - Baportal.sk - Bratislava","article_published_time":"2023-03-15T00:17:02+00:00","og_image":[{"url":"https:\/\/scontent-prg1-1.xx.fbcdn.net\/v\/t39.30808-6\/335704254_936511217677473_7034574390449203958_n.jpg?stp=cp1_dst-jpg_e15_q65_s206x206&_nc_cat=105&ccb=1-7&_nc_sid=5bac3a&_nc_ohc=B2dvdJY2j74AX-ohEmQ&_nc_ht=scontent-prg1-1.xx&oh=00_AfB5oj2eJaVpaQKiThjmc5KQLqciTaqmi6VhABUrPj_20A&oe=6415D622"}],"author":"marek","twitter_card":"summary_large_image","twitter_misc":{"Autor":"marek"},"schema":{"@context":"https:\/\/schema.org","@graph":[{"@type":"WebPage","@id":"https:\/\/baportal.sk\/podnajom\/in\/55285\/","url":"https:\/\/baportal.sk\/podnajom\/in\/55285\/","name":"Dobr\u00fd de\u0148, ahojte. H\u013ead\u00e1m si v tomto obdob\u00ed samostatn\u00fa izbu na pren\u00e1jom v +- vyz... | Podn\u00e1jom - Baportal.sk - Bratislava","isPartOf":{"@id":"https:\/\/baportal.sk\/podnajom\/#website"},"primaryImageOfPage":{"@id":"https:\/\/baportal.sk\/podnajom\/in\/55285\/#primaryimage"},"image":{"@id":"https:\/\/baportal.sk\/podnajom\/in\/55285\/#primaryimage"},"thumbnailUrl":"https:\/\/scontent-prg1-1.xx.fbcdn.net\/v\/t39.30808-6\/335704254_936511217677473_7034574390449203958_n.jpg?stp=cp1_dst-jpg_e15_q65_s206x206&_nc_cat=105&ccb=1-7&_nc_sid=5bac3a&_nc_ohc=B2dvdJY2j74AX-ohEmQ&_nc_ht=scontent-prg1-1.xx&oh=00_AfB5oj2eJaVpaQKiThjmc5KQLqciTaqmi6VhABUrPj_20A&oe=6415D622","datePublished":"2023-03-15T00:17:02+00:00","dateModified":"2023-03-15T00:17:02+00:00","author":{"@id":"https:\/\/baportal.sk\/podnajom\/#\/schema\/person\/1048c08c599b2e93379d6374549bd168"},"description":"Dobr\u00fd de\u0148, ahojte. H\u013ead\u00e1m si v tomto obdob\u00ed samostatn\u00fa izbu na pren\u00e1jom v +- vyzna\u010denej lokalite do 350\u20ac mesa\u010dne. Som mlad\u00e1 a pracuj\u00faca. Po\u017eiadavky: -","breadcrumb":{"@id":"https:\/\/baportal.sk\/podnajom\/in\/55285\/#breadcrumb"},"inLanguage":"sk-SK","potentialAction":[{"@type":"ReadAction","target":["https:\/\/baportal.sk\/podnajom\/in\/55285\/"]}]},{"@type":"ImageObject","inLanguage":"sk-SK","@id":"https:\/\/baportal.sk\/podnajom\/in\/55285\/#primaryimage","url":"https:\/\/scontent-prg1-1.xx.fbcdn.net\/v\/t39.30808-6\/335704254_936511217677473_7034574390449203958_n.jpg?stp=cp1_dst-jpg_e15_q65_s206x206&_nc_cat=105&ccb=1-7&_nc_sid=5bac3a&_nc_ohc=B2dvdJY2j74AX-ohEmQ&_nc_ht=scontent-prg1-1.xx&oh=00_AfB5oj2eJaVpaQKiThjmc5KQLqciTaqmi6VhABUrPj_20A&oe=6415D622","contentUrl":"https:\/\/scontent-prg1-1.xx.fbcdn.net\/v\/t39.30808-6\/335704254_936511217677473_7034574390449203958_n.jpg?stp=cp1_dst-jpg_e15_q65_s206x206&_nc_cat=105&ccb=1-7&_nc_sid=5bac3a&_nc_ohc=B2dvdJY2j74AX-ohEmQ&_nc_ht=scontent-prg1-1.xx&oh=00_AfB5oj2eJaVpaQKiThjmc5KQLqciTaqmi6VhABUrPj_20A&oe=6415D622"},{"@type":"BreadcrumbList","@id":"https:\/\/baportal.sk\/podnajom\/in\/55285\/#breadcrumb","itemListElement":[{"@type":"ListItem","position":1,"name":"Domovsk\u00e1 str\u00e1nka","item":"https:\/\/baportal.sk\/podnajom\/"},{"@type":"ListItem","position":2,"name":"Dobr\u00fd de\u0148, ahojte. H\u013ead\u00e1m si v tomto obdob\u00ed samostatn\u00fa izbu na pren\u00e1jom v +- vyz..."}]},{"@type":"WebSite","@id":"https:\/\/baportal.sk\/podnajom\/#website","url":"https:\/\/baportal.sk\/podnajom\/","name":"Podn\u00e1jom - Baportal.sk - Bratislava","description":"","potentialAction":[{"@type":"SearchAction","target":{"@type":"EntryPoint","urlTemplate":"https:\/\/baportal.sk\/podnajom\/?s={search_term_string}"},"query-input":"required name=search_term_string"}],"inLanguage":"sk-SK"},{"@type":"Person","@id":"https:\/\/baportal.sk\/podnajom\/#\/schema\/person\/1048c08c599b2e93379d6374549bd168","name":"marek","image":{"@type":"ImageObject","inLanguage":"sk-SK","@id":"https:\/\/baportal.sk\/podnajom\/#\/schema\/person\/image\/","url":"https:\/\/secure.gravatar.com\/avatar\/cdf0fbd37411d455f1afd87f93b867f6?s=96&d=mm&r=g","contentUrl":"https:\/\/secure.gravatar.com\/avatar\/cdf0fbd37411d455f1afd87f93b867f6?s=96&d=mm&r=g","caption":"marek"},"sameAs":["https:\/\/www.baportal.sk\/podnajom"]}]}},"_links":{"self":[{"href":"https:\/\/baportal.sk\/podnajom\/wp-json\/wp\/v2\/posts\/55285"}],"collection":[{"href":"https:\/\/baportal.sk\/podnajom\/wp-json\/wp\/v2\/posts"}],"about":[{"href":"https:\/\/baportal.sk\/podnajom\/wp-json\/wp\/v2\/types\/post"}],"author":[{"embeddable":true,"href":"https:\/\/baportal.sk\/podnajom\/wp-json\/wp\/v2\/users\/1"}],"replies":[{"embeddable":true,"href":"https:\/\/baportal.sk\/podnajom\/wp-json\/wp\/v2\/comments?post=55285"}],"version-history":[{"count":0,"href":"https:\/\/baportal.sk\/podnajom\/wp-json\/wp\/v2\/posts\/55285\/revisions"}],"wp:attachment":[{"href":"https:\/\/baportal.sk\/podnajom\/wp-json\/wp\/v2\/media?parent=55285"}],"wp:term":[{"taxonomy":"category","embeddable":true,"href":"https:\/\/baportal.sk\/podnajom\/wp-json\/wp\/v2\/categories?post=55285"},{"taxonomy":"post_tag","embeddable":true,"href":"https:\/\/baportal.sk\/podnajom\/wp-json\/wp\/v2\/tags?post=55285"}],"curies":[{"name":"wp","href":"https:\/\/api.w.org\/{rel}","templated":true}]}}