{"id":55287,"date":"2023-03-15T01:23:53","date_gmt":"2023-03-15T00:23:53","guid":{"rendered":"https:\/\/baportal.sk\/podnajom\/in\/55287\/"},"modified":"2023-03-15T01:23:53","modified_gmt":"2023-03-15T00:23:53","slug":"ponukam-na-prenajom-2-izbovy-prijemny-zariadeny-byt-v-tehlovom-bytovom-dome-n","status":"publish","type":"post","link":"https:\/\/baportal.sk\/podnajom\/in\/55287\/","title":{"rendered":"Pon\u00fakam na pren\u00e1jom 2-izbov\u00fd pr\u00edjemn\u00fd, zariaden\u00fd byt,  v tehlovom bytovom dome n..."},"content":{"rendered":"<p><div><span><\/p>\n<p>Pon\u00fakam na pren\u00e1jom 2-izbov\u00fd pr\u00edjemn\u00fd, zariaden\u00fd byt,  v tehlovom bytovom dome na ul. Sib\u00edrska v Bratislave.<br \/> BYT<br \/> 2 izb. byt na  1. poschod\u00ed (nie pr\u00edzemie),  bez balk\u00f3na, v  zateplenom  dome s v\u00fd\u0165ahom<br \/> dispoz\u00edcia: chodba, toaleta, k\u00fape\u013e\u0148a s va\u0148ou, kuchy\u0148a, 2 izby so samostatn\u00fdm vstupom<br \/> centr\u00e1lne...<\/p>\n<p> <a rel=\"nofollow\" href=\"https:\/\/mbasic.facebook.com\/groups\/673598812677373\/permalink\/5913074675396401\/?refid=18&amp;_ft_=encrypted_tracking_data.0AY-z0vbEH78XAgp3WJTUaFhJiDVWv0xsrexM1Mz7wRqnnpqxV4x3urAxgEteDcOEvq-NpwHlOLTX3Dr9DKwa9zibGu6-6dU28h-o3DDC-ly6YuLV8-oJ1sK8rPpBzBYqmXf7T4B8hdxpVYA4VsiIxbRzq4fMH5gAdni__y56qwdw8DX-bMZqnnqjkcseu1EyqCpT_5TrMIVHR9o1QdOr1iooFptwZfdKwJNBil5HkrWxiGl6FL_SPdZvBtG8NLs05ROwcJSzSwNRUnjLQgwdgcIvmAlyMtRciNyiwQCEck_sY4tNuANv1lSnp04wCy6bONO62uoGFUQYMo1npceJ24Ih0zjT2zYOnk2ZRelYduWQT9R9aArMf5o6EXUwgm800nvFt4I4JtpW0rWhyfyRUen2a0IPLLI6JR4SCinEDkV2Lp_MCGpdYCtbCXbqs9S2hNlLqUKXppNTmcKSQu6HNAEyAaDb6LFRRuLxvUeElTx9SNSYw-64krGytbD5BYIeSsSYFkIJITYnPib-RcfzozMU3b1xdJqdMQGJ6AS3zoKQkjUHEOj8gUwVM_DPu5RWeJaqT7X34Zbw1yQPKz14v3SLOShMJRMW7YHHjfA9F8kHrRMCkU9tDusnsEgDh6O9ZrzhRVx04S5-6DrbRCg4damiuVGIaHFtYHJ2n8GMPhig95FAB61WZGcJeLlJhm360ZZYvuiFJp03UDf-Q30-LlhLVQzPQLWnlXjuhemYJ-lD_iYVWMJTkaZiYJSfdWubYoCWAS3GuzD0gPRLxjBpt7-rCt_7llWV7cmL7iHwQt1mkb8APgBTp3aBongiAd2hUmqMQuHUVlK2SMjUi92tCwRwylv_lFdHXBnrzwYVe2Jvz4L2_Gp_vMn25W8k-j9MDof6HRj442L5oa95njtePUdcX4RXvfn5F9cSVlwY3L_i-HIsLvFLM0YmK7XJ886fn6Mu83POMpiVvdDrQOMld0E6i2eulnFdeDWpc9hRN0qcz5jCP7o4FvztXYJpq3EdCLDUF76GIzMNsPZY5oRJnWLolKLlpX9mbETHH69xLZh2YgXYPzK1RSEPceCWaSZQlNTLnncj-Rux5AK1fVZZGKAKvQPsEfY9Wyz3P4mohzIW214X3Z3Qg1L146h7JulrqBYqsIR7IycD3Lf8XO-pr188d6awD_R3XoQaiA9B0JBIj5cYsfX8hTWSiv_5To9YjXVUbBG-OV7I3yNaBN5PBPeiToNI-BTt5jtlq_LfdqdziwdXGBBQjTaAbrJeFz6g7kDTn4sXO9osYwDNSkFVPBEOVpW3uiFL1fyrNBvlBHsxsW6jg_j35cbs0YjCuys5XUCLyjxGrOd8866fsbrFayu1zO8V1SHFZ6xshx0luwKlsDGCUxCHBRL-KchVtAVaCfgtX5xlIhPaCoBrRjrairk1K4eHdUEWb384oZ5HtCMa-6UOpfxNJ-ukRf0rKLnwd2cEhoBMjX_6fX9X-5e76MJlcaPX_Fes51XtvwFnBrgIuLWZIgake-BGUgq_tXwX5QC-xgjW5vs-AP-F8yk31U286VN7KBfSWbn4IgoV3ffoHqamv4_E6q69qNSUugbpABrgota29xjwTNFjR5zkwkN3WGYRXU8A1Byg4Me5D2gpwzgKuTXcNVxO5IDiVOHRO7dSHQ5Jw12Gwk0WAVBy7UZ6HEkzDg0uMkBGYhMO1Uey3JqPbkI2RmkOrrN6p2F7QzWa0UAoLMsrmhdjWiJ98vyzfzz3-5e9wQ0u3LOezgflhv9sortkEUiJCcd6qjQLZK29728yGzYv_PtrIwJKKvYdTUKUggdEd73KORdYGE9W7NbdhHUy4a_ZaULz44XBtj_kjAL8adJWmV3fNcXtyIbsGj25Iz0gAD1glM7CX9nIgBR-uTPEia2f9SbC3TzSkxBjsXcxN3ssfVg8zJ4mrErZUlnAOmAOanoBALj7s6xNjSk_bziegOP-_WYd1ZQIi_qPtMXv4BPnXhcHXl9dzLzsWycFIsbs_dkH4Jufl6Ly-Zndb31-3s1nZTQzaBCa-RbCLYbqZ22N5O95UEE3org5KUE6LPqkKnv8VI5l2be13V5phKwQia3AAYkq8QHNmB1NQ1-5oBOuHcbAOJFByycr0KmBTWsH_iLro-glOMUto_c94Kql9nVul44ThrBg9OYDTWsWOKYJ7B2Y_C4iXZjhJ2MDQawPlfNRxGavhV-ZDyHbzqsCLoJUXYL4cet5UxRWtdfnpvJYbrB95kp95ZbbWUzoZkU8VQHj85dRn3gSsxKjXWuiRPfBUBy31Fo2AJG67ZDTVptxXNf4-d8hkCCDyduoaAoSnAC07u3S1hF1G4UNIzaqv-BhZMHgkzxAl4O_2Y52WBo57RShlxLfy8wDnXRUP41KsL2mqgPefwsQLCXc8MxHI4KvlH3FDO-8fhCD3SR6r9pEilmxbIaUQmjD800uXczKE7CH4OTUmGRTSUPTuMkv5xDiPqWauGQ3wUbnjzsSUg7KlaPu04tDjhC8FtlgoMwBh-IWpeMJNKkzrUYjxZgHuqVIi9QwnSxTUtlqoIrP-W8L1L2Ua0wj27VGdhuEFllF-yHRWmP_uNZPs3SOnSpRxnt_jPgnIam8yLh7JOCZ8GgjpV0vt4Mh33ggyTarU_86xWLRhUhW0p3PHQa6tEqKbyGsKgWRwoWSVHi_uwNloG8cQnZzyfuTaVHelu4KSQK49bV-lZglbDjmdIPiVz5iwckqOaUqGObrFK_E0-ujipNgnYWXEB93x7ds320F95S8o1t6gUboL7TsEenwle5getCiLw6ALCZHuYz6QQQpH0tybi0wlyCgpLpW_kmPMXGIY_I_h3L1GgXUeaKs60hHhYaHCIz_Fla0KD6LhJtsdy3N2K3zM411WpI1tY1Kx--2QmSEDL6nvwNSM2hp6PW0ZkIYtLHuTJHtGJ2skkqwM2M7XY5VB_9J7uxU_q3SzeYyTPekZaES19m8GRNKnLqlBsz-QjNsn9JciTTJN2mWwTFlmojcFpFGgOe24xM46GKp8Kq3PTm2vP37C5xZqlFDHhSuWyAk3dZM1TRIZFicryBubr6LaSA_r3fgI-Rwo4oCZ9t1q8cfDPX9hJYsA_H0zXNa4vD4vWmG54XyFlsBftCz0AwypRMlxFbJEf48G0SQfcEfS9h3rSVG0LswE4HgZeSRMrlug_3kuIVKM9zQfNfueTc5SqaI48VXBj3Agw-2AEDfICtdts_hmpu6LFr-6_c7g3he10Rc1UJBvYI72-HBB2YFRGp2r6nMTUdd6yPpFrIlSQZPP4pqRiNgpKLFc--1FiFLLlEoN-75-9etM2wYxYSpA9Gywht4H43q17kXRB-zKhRJKcgCLvOi-vAOkxC6IrZBX5eLwy5CWYsI5UrCPsjtZmEPBkSU6cJgy4g77hQRsc1HOcvjX3qO_XUyeB4BDuk0TMaI7_G-_asB_6e0bIPr84tuxj_20bTtl-CZzRpG-lBsyM4mbyOwj6dix0_HOqi8wcKGEOBgwlss8gTNWiOB3F0WI0YKezm58guPLGnf6bo3YtwSAWel2Q_D2z-RonD8SrfUJAvLlRryBE4NH3b3mGzubMGnogprNtxU0kd1W93L9h3z3V4d4gJYZJelkPZfpH06hAZs8deQHz6SEENdQIW_0k_ptqMqZYTxy4cmFDIByjblYgucpsvjgwEH24ZcQS5Qn5FCOlHYO1rfRaF7VMfhFyyXP-FurlKISB1cFe-RfWO_L1_3H_bZO2mlF01JflR8hUJ86WPShRlafSLkFFVDGhJ2IIlf7tjPLz1vuFnuhJd05anluV_g_o18mEYcPTXwoeIa3E413rm-qH-EdvokFdoZG1pB4hUDqrl6wyBRM3PejYI4ZCb2B-bb4Amrg65wwleZ6Cg57tLtunT-8Arm6Ukn-XsVPMm7_QWg_RP-pnqVrT9z6bauig7c3Vr_8Bl0oM9RP8J7GbX5bs9aqjwZ1UVquNVGNm0GDzRmF57QK-U7f--arRpol7V3PiwB3fH3aIf7eO_sWXA5bjPfZmu-Wlo4XRRxSoMvjRktQO0NmMCQiWjiG8I_yVxnapK99ioSRKs5hz4Afj8rvavBlJdIeeOrDemigI2IMng&amp;__tn__=%2As-R\">Viac<\/a><\/span><\/div>\n<\/p>\n<p> <img loading=\"lazy\" decoding=\"async\" src=\"https:\/\/scontent-prg1-1.xx.fbcdn.net\/v\/t39.30808-6\/335408784_907833930424938_897605406387951147_n.jpg?stp=c0.28.110.110a_cp0_dst-jpg_e15_p110x80_q65&_nc_cat=106&ccb=1-7&_nc_sid=5bac3a&_nc_ohc=nLP-ofk4mBMAX8I7ZmA&_nc_ht=scontent-prg1-1.xx&oh=00_AfBTdzXwTiPL9aHrLNwAfOoEycn7XUEbsJL1jgLpUbw6ng&oe=64168916\" width=\"102\" height=\"102\" class=\"co l\"><img loading=\"lazy\" decoding=\"async\" src=\"https:\/\/scontent-prg1-1.xx.fbcdn.net\/v\/t39.30808-6\/335432976_609352497679648_8626091283107661189_n.jpg?stp=c16.0.101.100a_cp0_dst-jpg_e15_p100x100_q65&_nc_cat=110&ccb=1-7&_nc_sid=5bac3a&_nc_ohc=VWUMgIFeCFQAX9fM4KR&_nc_ht=scontent-prg1-1.xx&oh=00_AfB13eeEV-1yp19hgq2ghQ1VPy5QYhfyeewgEHvrP4tt8A&oe=641573C2\" width=\"102\" height=\"101\" class=\"co l\"><img loading=\"lazy\" decoding=\"async\" src=\"https:\/\/scontent-prg1-1.xx.fbcdn.net\/v\/t39.30808-6\/335522903_185493877532467_619186773349328369_n.jpg?stp=c0.52.2048.1379a_cp0_dst-jpg_e15_q65_s100x100&_nc_cat=100&ccb=1-7&_nc_sid=5bac3a&_nc_ohc=yIg2qnkxNCUAX_OYzT4&_nc_ht=scontent-prg1-1.xx&oh=00_AfAJmhW7Q_ERy3YF5bcBFuYyYc-A-Qp7anUTM4Sr4fOjoA&oe=64162B05\" width=\"101\" height=\"68\" class=\"co l\"><img loading=\"lazy\" decoding=\"async\" src=\"https:\/\/scontent-prg1-1.xx.fbcdn.net\/v\/t39.30808-6\/335458672_6016386035111882_8383436652378877065_n.jpg?stp=c0.11.100.66a_cp0_dst-jpg_e15_p100x100_q65&_nc_cat=101&ccb=1-7&_nc_sid=5bac3a&_nc_ohc=8jEJ3RZewi4AX9IRALC&_nc_ht=scontent-prg1-1.xx&oh=00_AfBhUVmb1n2sWhAKD5YwtrWp1_LLO6C8WGSBqf7o0NlhVw&oe=6416311C\" width=\"101\" height=\"67\" class=\"co l\"><img loading=\"lazy\" decoding=\"async\" src=\"https:\/\/scontent-prg1-1.xx.fbcdn.net\/v\/t39.30808-6\/335481269_1567025227126729_4186529466166721159_n.jpg?stp=c122.0.1355.899a_cp0_dst-jpg_e15_q65_s110x80&_nc_cat=103&ccb=1-7&_nc_sid=5bac3a&_nc_ohc=X6w0Fs6Q7LYAX9L2DLM&_nc_ht=scontent-prg1-1.xx&oh=00_AfAOZ_A-ADPuCtMfYUM0McF3BYKhcvwk56psL3yTuAb89A&oe=6416704B\" width=\"101\" height=\"67\" class=\"co l\"><\/p>\n<div id=\"fb-root\"><\/div>\n<p><script>\n\t(function(d, s, id) {\n\t    var js, fjs = d.getElementsByTagName(s)[0];\n\t    if (d.getElementById(id))\n\t        return;\n\t    js = d.createElement(s);\n\t    js.id = id;\n\t    js.src = \"\/\/connect.facebook.net\/en_US\/all.js#xfbml=1\";\n\t    fjs.parentNode.insertBefore(js, fjs);\n\t}(document, 'script', 'facebook-jssdk'));\n\t<\/script><\/p>\n<div class=\"fb-post\" data-href=\"https:\/\/www.facebook.com\/673598812677373\/posts\/5913074675396401\"><\/div>\n","protected":false},"excerpt":{"rendered":"<p>Pon\u00fakam na pren\u00e1jom 2-izbov\u00fd pr\u00edjemn\u00fd, zariaden\u00fd byt, v tehlovom bytovom dome na ul. Sib\u00edrska v Bratislave. BYT 2 izb. byt na 1. poschod\u00ed (nie pr\u00edzemie), bez balk\u00f3na, v zateplenom dome s v\u00fd\u0165ahom dispoz\u00edcia: chodba, toaleta, k\u00fape\u013e\u0148a s va\u0148ou, kuchy\u0148a, 2 izby so samostatn\u00fdm vstupom centr\u00e1lne... Viac<\/p>\n","protected":false},"author":1,"featured_media":0,"comment_status":"open","ping_status":"open","sticky":false,"template":"","format":"standard","meta":{"footnotes":""},"categories":[1],"tags":[],"class_list":["post-55287","post","type-post","status-publish","format-standard","hentry","category-nezaradene"],"yoast_head":"<!-- This site is optimized with the Yoast SEO plugin v23.1 - https:\/\/yoast.com\/wordpress\/plugins\/seo\/ -->\n<title>Pon\u00fakam na pren\u00e1jom 2-izbov\u00fd pr\u00edjemn\u00fd, zariaden\u00fd byt, v tehlovom bytovom dome n... | Podn\u00e1jom - Baportal.sk - Bratislava<\/title>\n<meta name=\"description\" content=\"Pon\u00fakam na pren\u00e1jom 2-izbov\u00fd pr\u00edjemn\u00fd, zariaden\u00fd byt, v tehlovom bytovom dome na ul. Sib\u00edrska v Bratislave. BYT 2 izb. byt na 1. poschod\u00ed (nie pr\u00edzemie),\" \/>\n<meta name=\"robots\" content=\"index, follow, max-snippet:-1, max-image-preview:large, max-video-preview:-1\" \/>\n<link rel=\"canonical\" href=\"https:\/\/baportal.sk\/podnajom\/in\/55287\/\" \/>\n<meta property=\"og:locale\" content=\"sk_SK\" \/>\n<meta property=\"og:type\" content=\"article\" \/>\n<meta property=\"og:title\" content=\"Pon\u00fakam na pren\u00e1jom 2-izbov\u00fd pr\u00edjemn\u00fd, zariaden\u00fd byt, v tehlovom bytovom dome n... | Podn\u00e1jom - Baportal.sk - Bratislava\" \/>\n<meta property=\"og:description\" content=\"Pon\u00fakam na pren\u00e1jom 2-izbov\u00fd pr\u00edjemn\u00fd, zariaden\u00fd byt, v tehlovom bytovom dome na ul. Sib\u00edrska v Bratislave. BYT 2 izb. byt na 1. poschod\u00ed (nie pr\u00edzemie),\" \/>\n<meta property=\"og:url\" content=\"https:\/\/baportal.sk\/podnajom\/in\/55287\/\" \/>\n<meta property=\"og:site_name\" content=\"Podn\u00e1jom - Baportal.sk - Bratislava\" \/>\n<meta property=\"article:published_time\" content=\"2023-03-15T00:23:53+00:00\" \/>\n<meta property=\"og:image\" content=\"https:\/\/scontent-prg1-1.xx.fbcdn.net\/v\/t39.30808-6\/335408784_907833930424938_897605406387951147_n.jpg?stp=c0.28.110.110a_cp0_dst-jpg_e15_p110x80_q65&_nc_cat=106&ccb=1-7&_nc_sid=5bac3a&_nc_ohc=nLP-ofk4mBMAX8I7ZmA&_nc_ht=scontent-prg1-1.xx&oh=00_AfBTdzXwTiPL9aHrLNwAfOoEycn7XUEbsJL1jgLpUbw6ng&oe=64168916\" \/>\n<meta name=\"author\" content=\"marek\" \/>\n<meta name=\"twitter:card\" content=\"summary_large_image\" \/>\n<meta name=\"twitter:label1\" content=\"Autor\" \/>\n\t<meta name=\"twitter:data1\" content=\"marek\" \/>\n<script type=\"application\/ld+json\" class=\"yoast-schema-graph\">{\"@context\":\"https:\/\/schema.org\",\"@graph\":[{\"@type\":\"WebPage\",\"@id\":\"https:\/\/baportal.sk\/podnajom\/in\/55287\/\",\"url\":\"https:\/\/baportal.sk\/podnajom\/in\/55287\/\",\"name\":\"Pon\u00fakam na pren\u00e1jom 2-izbov\u00fd pr\u00edjemn\u00fd, zariaden\u00fd byt, v tehlovom bytovom dome n... | Podn\u00e1jom - Baportal.sk - Bratislava\",\"isPartOf\":{\"@id\":\"https:\/\/baportal.sk\/podnajom\/#website\"},\"primaryImageOfPage\":{\"@id\":\"https:\/\/baportal.sk\/podnajom\/in\/55287\/#primaryimage\"},\"image\":{\"@id\":\"https:\/\/baportal.sk\/podnajom\/in\/55287\/#primaryimage\"},\"thumbnailUrl\":\"https:\/\/scontent-prg1-1.xx.fbcdn.net\/v\/t39.30808-6\/335408784_907833930424938_897605406387951147_n.jpg?stp=c0.28.110.110a_cp0_dst-jpg_e15_p110x80_q65&_nc_cat=106&ccb=1-7&_nc_sid=5bac3a&_nc_ohc=nLP-ofk4mBMAX8I7ZmA&_nc_ht=scontent-prg1-1.xx&oh=00_AfBTdzXwTiPL9aHrLNwAfOoEycn7XUEbsJL1jgLpUbw6ng&oe=64168916\",\"datePublished\":\"2023-03-15T00:23:53+00:00\",\"dateModified\":\"2023-03-15T00:23:53+00:00\",\"author\":{\"@id\":\"https:\/\/baportal.sk\/podnajom\/#\/schema\/person\/1048c08c599b2e93379d6374549bd168\"},\"description\":\"Pon\u00fakam na pren\u00e1jom 2-izbov\u00fd pr\u00edjemn\u00fd, zariaden\u00fd byt, v tehlovom bytovom dome na ul. Sib\u00edrska v Bratislave. BYT 2 izb. byt na 1. poschod\u00ed (nie pr\u00edzemie),\",\"breadcrumb\":{\"@id\":\"https:\/\/baportal.sk\/podnajom\/in\/55287\/#breadcrumb\"},\"inLanguage\":\"sk-SK\",\"potentialAction\":[{\"@type\":\"ReadAction\",\"target\":[\"https:\/\/baportal.sk\/podnajom\/in\/55287\/\"]}]},{\"@type\":\"ImageObject\",\"inLanguage\":\"sk-SK\",\"@id\":\"https:\/\/baportal.sk\/podnajom\/in\/55287\/#primaryimage\",\"url\":\"https:\/\/scontent-prg1-1.xx.fbcdn.net\/v\/t39.30808-6\/335408784_907833930424938_897605406387951147_n.jpg?stp=c0.28.110.110a_cp0_dst-jpg_e15_p110x80_q65&_nc_cat=106&ccb=1-7&_nc_sid=5bac3a&_nc_ohc=nLP-ofk4mBMAX8I7ZmA&_nc_ht=scontent-prg1-1.xx&oh=00_AfBTdzXwTiPL9aHrLNwAfOoEycn7XUEbsJL1jgLpUbw6ng&oe=64168916\",\"contentUrl\":\"https:\/\/scontent-prg1-1.xx.fbcdn.net\/v\/t39.30808-6\/335408784_907833930424938_897605406387951147_n.jpg?stp=c0.28.110.110a_cp0_dst-jpg_e15_p110x80_q65&_nc_cat=106&ccb=1-7&_nc_sid=5bac3a&_nc_ohc=nLP-ofk4mBMAX8I7ZmA&_nc_ht=scontent-prg1-1.xx&oh=00_AfBTdzXwTiPL9aHrLNwAfOoEycn7XUEbsJL1jgLpUbw6ng&oe=64168916\"},{\"@type\":\"BreadcrumbList\",\"@id\":\"https:\/\/baportal.sk\/podnajom\/in\/55287\/#breadcrumb\",\"itemListElement\":[{\"@type\":\"ListItem\",\"position\":1,\"name\":\"Domovsk\u00e1 str\u00e1nka\",\"item\":\"https:\/\/baportal.sk\/podnajom\/\"},{\"@type\":\"ListItem\",\"position\":2,\"name\":\"Pon\u00fakam na pren\u00e1jom 2-izbov\u00fd pr\u00edjemn\u00fd, zariaden\u00fd byt, v tehlovom bytovom dome n...\"}]},{\"@type\":\"WebSite\",\"@id\":\"https:\/\/baportal.sk\/podnajom\/#website\",\"url\":\"https:\/\/baportal.sk\/podnajom\/\",\"name\":\"Podn\u00e1jom - Baportal.sk - Bratislava\",\"description\":\"\",\"potentialAction\":[{\"@type\":\"SearchAction\",\"target\":{\"@type\":\"EntryPoint\",\"urlTemplate\":\"https:\/\/baportal.sk\/podnajom\/?s={search_term_string}\"},\"query-input\":\"required name=search_term_string\"}],\"inLanguage\":\"sk-SK\"},{\"@type\":\"Person\",\"@id\":\"https:\/\/baportal.sk\/podnajom\/#\/schema\/person\/1048c08c599b2e93379d6374549bd168\",\"name\":\"marek\",\"image\":{\"@type\":\"ImageObject\",\"inLanguage\":\"sk-SK\",\"@id\":\"https:\/\/baportal.sk\/podnajom\/#\/schema\/person\/image\/\",\"url\":\"https:\/\/secure.gravatar.com\/avatar\/cdf0fbd37411d455f1afd87f93b867f6?s=96&d=mm&r=g\",\"contentUrl\":\"https:\/\/secure.gravatar.com\/avatar\/cdf0fbd37411d455f1afd87f93b867f6?s=96&d=mm&r=g\",\"caption\":\"marek\"},\"sameAs\":[\"https:\/\/www.baportal.sk\/podnajom\"]}]}<\/script>\n<!-- \/ Yoast SEO plugin. -->","yoast_head_json":{"title":"Pon\u00fakam na pren\u00e1jom 2-izbov\u00fd pr\u00edjemn\u00fd, zariaden\u00fd byt, v tehlovom bytovom dome n... | Podn\u00e1jom - Baportal.sk - Bratislava","description":"Pon\u00fakam na pren\u00e1jom 2-izbov\u00fd pr\u00edjemn\u00fd, zariaden\u00fd byt, v tehlovom bytovom dome na ul. Sib\u00edrska v Bratislave. BYT 2 izb. byt na 1. poschod\u00ed (nie pr\u00edzemie),","robots":{"index":"index","follow":"follow","max-snippet":"max-snippet:-1","max-image-preview":"max-image-preview:large","max-video-preview":"max-video-preview:-1"},"canonical":"https:\/\/baportal.sk\/podnajom\/in\/55287\/","og_locale":"sk_SK","og_type":"article","og_title":"Pon\u00fakam na pren\u00e1jom 2-izbov\u00fd pr\u00edjemn\u00fd, zariaden\u00fd byt, v tehlovom bytovom dome n... | Podn\u00e1jom - Baportal.sk - Bratislava","og_description":"Pon\u00fakam na pren\u00e1jom 2-izbov\u00fd pr\u00edjemn\u00fd, zariaden\u00fd byt, v tehlovom bytovom dome na ul. Sib\u00edrska v Bratislave. BYT 2 izb. byt na 1. poschod\u00ed (nie pr\u00edzemie),","og_url":"https:\/\/baportal.sk\/podnajom\/in\/55287\/","og_site_name":"Podn\u00e1jom - Baportal.sk - Bratislava","article_published_time":"2023-03-15T00:23:53+00:00","og_image":[{"url":"https:\/\/scontent-prg1-1.xx.fbcdn.net\/v\/t39.30808-6\/335408784_907833930424938_897605406387951147_n.jpg?stp=c0.28.110.110a_cp0_dst-jpg_e15_p110x80_q65&_nc_cat=106&ccb=1-7&_nc_sid=5bac3a&_nc_ohc=nLP-ofk4mBMAX8I7ZmA&_nc_ht=scontent-prg1-1.xx&oh=00_AfBTdzXwTiPL9aHrLNwAfOoEycn7XUEbsJL1jgLpUbw6ng&oe=64168916"}],"author":"marek","twitter_card":"summary_large_image","twitter_misc":{"Autor":"marek"},"schema":{"@context":"https:\/\/schema.org","@graph":[{"@type":"WebPage","@id":"https:\/\/baportal.sk\/podnajom\/in\/55287\/","url":"https:\/\/baportal.sk\/podnajom\/in\/55287\/","name":"Pon\u00fakam na pren\u00e1jom 2-izbov\u00fd pr\u00edjemn\u00fd, zariaden\u00fd byt, v tehlovom bytovom dome n... | Podn\u00e1jom - Baportal.sk - Bratislava","isPartOf":{"@id":"https:\/\/baportal.sk\/podnajom\/#website"},"primaryImageOfPage":{"@id":"https:\/\/baportal.sk\/podnajom\/in\/55287\/#primaryimage"},"image":{"@id":"https:\/\/baportal.sk\/podnajom\/in\/55287\/#primaryimage"},"thumbnailUrl":"https:\/\/scontent-prg1-1.xx.fbcdn.net\/v\/t39.30808-6\/335408784_907833930424938_897605406387951147_n.jpg?stp=c0.28.110.110a_cp0_dst-jpg_e15_p110x80_q65&_nc_cat=106&ccb=1-7&_nc_sid=5bac3a&_nc_ohc=nLP-ofk4mBMAX8I7ZmA&_nc_ht=scontent-prg1-1.xx&oh=00_AfBTdzXwTiPL9aHrLNwAfOoEycn7XUEbsJL1jgLpUbw6ng&oe=64168916","datePublished":"2023-03-15T00:23:53+00:00","dateModified":"2023-03-15T00:23:53+00:00","author":{"@id":"https:\/\/baportal.sk\/podnajom\/#\/schema\/person\/1048c08c599b2e93379d6374549bd168"},"description":"Pon\u00fakam na pren\u00e1jom 2-izbov\u00fd pr\u00edjemn\u00fd, zariaden\u00fd byt, v tehlovom bytovom dome na ul. Sib\u00edrska v Bratislave. BYT 2 izb. byt na 1. poschod\u00ed (nie pr\u00edzemie),","breadcrumb":{"@id":"https:\/\/baportal.sk\/podnajom\/in\/55287\/#breadcrumb"},"inLanguage":"sk-SK","potentialAction":[{"@type":"ReadAction","target":["https:\/\/baportal.sk\/podnajom\/in\/55287\/"]}]},{"@type":"ImageObject","inLanguage":"sk-SK","@id":"https:\/\/baportal.sk\/podnajom\/in\/55287\/#primaryimage","url":"https:\/\/scontent-prg1-1.xx.fbcdn.net\/v\/t39.30808-6\/335408784_907833930424938_897605406387951147_n.jpg?stp=c0.28.110.110a_cp0_dst-jpg_e15_p110x80_q65&_nc_cat=106&ccb=1-7&_nc_sid=5bac3a&_nc_ohc=nLP-ofk4mBMAX8I7ZmA&_nc_ht=scontent-prg1-1.xx&oh=00_AfBTdzXwTiPL9aHrLNwAfOoEycn7XUEbsJL1jgLpUbw6ng&oe=64168916","contentUrl":"https:\/\/scontent-prg1-1.xx.fbcdn.net\/v\/t39.30808-6\/335408784_907833930424938_897605406387951147_n.jpg?stp=c0.28.110.110a_cp0_dst-jpg_e15_p110x80_q65&_nc_cat=106&ccb=1-7&_nc_sid=5bac3a&_nc_ohc=nLP-ofk4mBMAX8I7ZmA&_nc_ht=scontent-prg1-1.xx&oh=00_AfBTdzXwTiPL9aHrLNwAfOoEycn7XUEbsJL1jgLpUbw6ng&oe=64168916"},{"@type":"BreadcrumbList","@id":"https:\/\/baportal.sk\/podnajom\/in\/55287\/#breadcrumb","itemListElement":[{"@type":"ListItem","position":1,"name":"Domovsk\u00e1 str\u00e1nka","item":"https:\/\/baportal.sk\/podnajom\/"},{"@type":"ListItem","position":2,"name":"Pon\u00fakam na pren\u00e1jom 2-izbov\u00fd pr\u00edjemn\u00fd, zariaden\u00fd byt, v tehlovom bytovom dome n..."}]},{"@type":"WebSite","@id":"https:\/\/baportal.sk\/podnajom\/#website","url":"https:\/\/baportal.sk\/podnajom\/","name":"Podn\u00e1jom - Baportal.sk - Bratislava","description":"","potentialAction":[{"@type":"SearchAction","target":{"@type":"EntryPoint","urlTemplate":"https:\/\/baportal.sk\/podnajom\/?s={search_term_string}"},"query-input":"required name=search_term_string"}],"inLanguage":"sk-SK"},{"@type":"Person","@id":"https:\/\/baportal.sk\/podnajom\/#\/schema\/person\/1048c08c599b2e93379d6374549bd168","name":"marek","image":{"@type":"ImageObject","inLanguage":"sk-SK","@id":"https:\/\/baportal.sk\/podnajom\/#\/schema\/person\/image\/","url":"https:\/\/secure.gravatar.com\/avatar\/cdf0fbd37411d455f1afd87f93b867f6?s=96&d=mm&r=g","contentUrl":"https:\/\/secure.gravatar.com\/avatar\/cdf0fbd37411d455f1afd87f93b867f6?s=96&d=mm&r=g","caption":"marek"},"sameAs":["https:\/\/www.baportal.sk\/podnajom"]}]}},"_links":{"self":[{"href":"https:\/\/baportal.sk\/podnajom\/wp-json\/wp\/v2\/posts\/55287"}],"collection":[{"href":"https:\/\/baportal.sk\/podnajom\/wp-json\/wp\/v2\/posts"}],"about":[{"href":"https:\/\/baportal.sk\/podnajom\/wp-json\/wp\/v2\/types\/post"}],"author":[{"embeddable":true,"href":"https:\/\/baportal.sk\/podnajom\/wp-json\/wp\/v2\/users\/1"}],"replies":[{"embeddable":true,"href":"https:\/\/baportal.sk\/podnajom\/wp-json\/wp\/v2\/comments?post=55287"}],"version-history":[{"count":0,"href":"https:\/\/baportal.sk\/podnajom\/wp-json\/wp\/v2\/posts\/55287\/revisions"}],"wp:attachment":[{"href":"https:\/\/baportal.sk\/podnajom\/wp-json\/wp\/v2\/media?parent=55287"}],"wp:term":[{"taxonomy":"category","embeddable":true,"href":"https:\/\/baportal.sk\/podnajom\/wp-json\/wp\/v2\/categories?post=55287"},{"taxonomy":"post_tag","embeddable":true,"href":"https:\/\/baportal.sk\/podnajom\/wp-json\/wp\/v2\/tags?post=55287"}],"curies":[{"name":"wp","href":"https:\/\/api.w.org\/{rel}","templated":true}]}}