{"id":55337,"date":"2022-05-05T03:01:49","date_gmt":"2022-05-05T01:01:49","guid":{"rendered":"https:\/\/baportal.sk\/podnajom\/in\/55337\/"},"modified":"2022-05-05T03:01:49","modified_gmt":"2022-05-05T01:01:49","slug":"exkluzivne-stylovy-2i-byt-rekonstrukcia-medicka-zahrada-ulica-29-augusta-stare-mesto-5","status":"publish","type":"post","link":"https:\/\/baportal.sk\/podnajom\/in\/55337\/","title":{"rendered":"EXKLUZ\u00cdVNE, \u0160T\u00ddLOV\u00dd 2i byt, REKON\u0160TRUKCIA, MEDICK\u00c1 Z\u00c1HRADA, ulica 29.augusta, Star\u00e9 Mesto"},"content":{"rendered":"<div class=\"text-inner\">\n                                Pon\u00fakame V\u00e1m na pren\u00e1jom ve\u013emi pekn\u00fd, tich\u00fd, \u0161t\u00fdlov\u00fd 2i - izbov\u00fd byt, orientovan\u00fd do tich\u00e9ho dvora, kompletne nanovo dizajnovo zariaden\u00fd, po kompletnej rekon\u0161trukcii, so samostatnou kuchynskou linkou, dvomi nepriechodn\u00fdmi izbami a pivni\u010dnou kobkou a s mno\u017estvom \u00falo\u017en\u00e9ho priestoru vo vyh\u013ead\u00e1vanej a lukrat\u00edvnej lokalite v historickom centre v bl\u00edzkosti Medickej z\u00e1hrady a Eurovei na ulici 29.augusta v mestskej \u010dasti Star\u00e9 Mesto.<\/p>\n<p>Podlahov\u00e1 plocha bytu predstavuje 57 m2 + pivni\u010dn\u00e1 kobka 5 m2. Byt je v osobnom vlastn\u00edctve. Byt sa nach\u00e1dza na zv\u00fd\u0161enom pr\u00edzem\u00ed v 5 \u2013 poschodovej historickej tehlovej bytovej jednotke s v\u00fd\u0165ahom. V okol\u00ed kompletn\u00e1 ob\u010dianska vybavenos\u0165.<\/p>\n<p>Byt sa prenaj\u00edma \u0161t\u00fdlovo kompletne zariaden\u00fd s kuchynskou linkou na mieru so spotrebi\u010dmi: sklo keramickou varnou doskou a elektrickou r\u00farou na pe\u010denie, s digestorom, s vo\u013ene stojacou chladni\u010dkou s mrazni\u010dkou, jed\u00e1lensk\u00fdm stolom a so \u0161atn\u00edkovou skri\u0148ou na mieru na chodbe a v sp\u00e1lni. V k\u00fape\u013eni sa nach\u00e1dza sprchov\u00fd k\u00fat, zrkadlo, um\u00fdvadlo, k\u00fape\u013e\u0148ov\u00fd n\u00e1bytok, odkladacia poli\u010dka a pr\u00e1\u010dka. V sp\u00e1lni je pripraven\u00e1 man\u017eelsk\u00e1 poste\u013e a komoda. Ob\u00fdvacia izba je vybaven\u00e1 dizajnovou rozkladacou sedacou s\u00fapravou, konferen\u010dn\u00fdm stol\u00edkom a TV.<\/p>\n<p>Dispozi\u010dn\u00e9 rie\u0161enie bytu: vstupn\u00e1 chodba, kuchy\u0148a, ob\u00fdva\u010dka, sp\u00e1l\u0148a, k\u00fape\u013e\u0148a a toaleta.<\/p>\n<p>Bytov\u00fd dom sa nach\u00e1dza vo ve\u013emi tichej a vyh\u013ead\u00e1vanej historickej lokalite v centre v mestskej \u010dasti Star\u00e9 mesto s \u00faplnou ob\u010dianskou vybavenos\u0165ou. Ulica 29. augusta sa tiahne od Mickiewiczovej ulice po Karad\u017ei\u010dovu a kri\u017euje \u0160pit\u00e1lsku ulicu. Cukrov\u00e1, Ferien\u010d\u00edkova, Cintor\u00ednska, Dunajsk\u00e1 a Gr\u00f6sslingov\u00e1 s\u00fa na \u0148u kolm\u00e9. Na ulici sa nach\u00e1dza Ondrejsk\u00fd cintor\u00edn, ktor\u00fd vznikol v roku 1784, je n\u00e1rodnou kult\u00farnou pamiatkou. V r\u00e1mci cintor\u00edna sa nach\u00e1dza gr\u00e9ckokatol\u00edcky Chr\u00e1m Pov\u00fd\u0161enia vzne\u0161en\u00e9ho a \u017eivotodarn\u00e9ho kr\u00ed\u017ea. V bl\u00edzkosti bytovej jednotky sa nach\u00e1dzaj\u00fa potraviny Billa, re\u0161taur\u00e1cie, kaviarne, Mamut bub, Medick\u00e1 z\u00e1hrada, Eurovea, Panorama City, Twin City,  Nemocnica Sv.Michala, obchody a slu\u017eby r\u00f4zneho zamerania a taktie\u017e z\u00e1stavky MHD \u2013 autobusy, elektri\u010dky.<\/p>\n<p>Ve\u013emi pekn\u00e9 pr\u00edjemn\u00e9 a hlavne tich\u00e9 b\u00fdvanie s historick\u00fdm n\u00e1dychom, treba vidie\u0165.<\/p>\n<p>Byt je vo\u013en\u00fd ihne\u010f. <\/p>\n<p>Mesa\u010dn\u00fd pren\u00e1jom predstavuje 600 \u20ac\/mesiac + 18.30 \u20ac energie vr\u00e1tane poplatku za internet.<\/p>\n<p>Kontakt: 0948 902 505<\/p>\n<p>Email: kiss@primereality.sk                            <\/p><\/div>\n","protected":false},"excerpt":{"rendered":"<p>Pon\u00fakame V\u00e1m na pren\u00e1jom ve\u013emi pekn\u00fd, tich\u00fd, \u0161t\u00fdlov\u00fd 2i - izbov\u00fd byt, orientovan\u00fd do tich\u00e9ho dvora, kompletne nanovo dizajnovo zariaden\u00fd, po kompletnej rekon\u0161trukcii, so samostatnou kuchynskou linkou, dvomi nepriechodn\u00fdmi izbami a pivni\u010dnou kobkou a s mno\u017estvom \u00falo\u017en\u00e9ho priestoru vo vyh\u013ead\u00e1vanej a lukrat\u00edvnej lokalite v historickom centre v bl\u00edzkosti Medickej z\u00e1hrady a Eurovei na ulici 29.augusta [&hellip;]<\/p>\n","protected":false},"author":1,"featured_media":54907,"comment_status":"open","ping_status":"open","sticky":false,"template":"","format":"standard","meta":{"footnotes":""},"categories":[4],"tags":[],"class_list":["post-55337","post","type-post","status-publish","format-standard","has-post-thumbnail","hentry","category-prenajom-bytu"],"yoast_head":"<!-- This site is optimized with the Yoast SEO plugin v23.1 - https:\/\/yoast.com\/wordpress\/plugins\/seo\/ -->\n<title>EXKLUZ\u00cdVNE, \u0160T\u00ddLOV\u00dd 2i byt, REKON\u0160TRUKCIA, MEDICK\u00c1 Z\u00c1HRADA, ulica 29.augusta, Star\u00e9 Mesto | Podn\u00e1jom - Baportal.sk - Bratislava<\/title>\n<meta name=\"description\" content=\"Pon\u00fakame V\u00e1m na pren\u00e1jom ve\u013emi pekn\u00fd, tich\u00fd, \u0161t\u00fdlov\u00fd 2i - izbov\u00fd byt, orientovan\u00fd do tich\u00e9ho dvora, kompletne nanovo dizajnovo zariaden\u00fd, po kompletnej\" \/>\n<meta name=\"robots\" content=\"index, follow, max-snippet:-1, max-image-preview:large, max-video-preview:-1\" \/>\n<link rel=\"canonical\" href=\"https:\/\/baportal.sk\/podnajom\/in\/55337\/\" \/>\n<meta property=\"og:locale\" content=\"sk_SK\" \/>\n<meta property=\"og:type\" content=\"article\" \/>\n<meta property=\"og:title\" content=\"EXKLUZ\u00cdVNE, \u0160T\u00ddLOV\u00dd 2i byt, REKON\u0160TRUKCIA, MEDICK\u00c1 Z\u00c1HRADA, ulica 29.augusta, Star\u00e9 Mesto | Podn\u00e1jom - Baportal.sk - Bratislava\" \/>\n<meta property=\"og:description\" content=\"Pon\u00fakame V\u00e1m na pren\u00e1jom ve\u013emi pekn\u00fd, tich\u00fd, \u0161t\u00fdlov\u00fd 2i - izbov\u00fd byt, orientovan\u00fd do tich\u00e9ho dvora, kompletne nanovo dizajnovo zariaden\u00fd, po kompletnej\" \/>\n<meta property=\"og:url\" content=\"https:\/\/baportal.sk\/podnajom\/in\/55337\/\" \/>\n<meta property=\"og:site_name\" content=\"Podn\u00e1jom - Baportal.sk - Bratislava\" \/>\n<meta property=\"article:published_time\" content=\"2022-05-05T01:01:49+00:00\" \/>\n<meta name=\"author\" content=\"marek\" \/>\n<meta name=\"twitter:card\" content=\"summary_large_image\" \/>\n<meta name=\"twitter:label1\" content=\"Autor\" \/>\n\t<meta name=\"twitter:data1\" content=\"marek\" \/>\n\t<meta name=\"twitter:label2\" content=\"Predpokladan\u00fd \u010das \u010d\u00edtania\" \/>\n\t<meta name=\"twitter:data2\" content=\"2 min\u00faty\" \/>\n<script type=\"application\/ld+json\" class=\"yoast-schema-graph\">{\"@context\":\"https:\/\/schema.org\",\"@graph\":[{\"@type\":\"WebPage\",\"@id\":\"https:\/\/baportal.sk\/podnajom\/in\/55337\/\",\"url\":\"https:\/\/baportal.sk\/podnajom\/in\/55337\/\",\"name\":\"EXKLUZ\u00cdVNE, \u0160T\u00ddLOV\u00dd 2i byt, REKON\u0160TRUKCIA, MEDICK\u00c1 Z\u00c1HRADA, ulica 29.augusta, Star\u00e9 Mesto | Podn\u00e1jom - Baportal.sk - Bratislava\",\"isPartOf\":{\"@id\":\"https:\/\/baportal.sk\/podnajom\/#website\"},\"primaryImageOfPage\":{\"@id\":\"https:\/\/baportal.sk\/podnajom\/in\/55337\/#primaryimage\"},\"image\":{\"@id\":\"https:\/\/baportal.sk\/podnajom\/in\/55337\/#primaryimage\"},\"thumbnailUrl\":\"https:\/\/baportal.sk\/podnajom\/wp-content\/uploads\/2023\/03\/EXKLUZIVNE-STYLOVY-2i-byt-REKONSTRUKCIA-MEDICKA-ZAHRADA-ulica-29augusta-Stare.jpeg\",\"datePublished\":\"2022-05-05T01:01:49+00:00\",\"dateModified\":\"2022-05-05T01:01:49+00:00\",\"author\":{\"@id\":\"https:\/\/baportal.sk\/podnajom\/#\/schema\/person\/1048c08c599b2e93379d6374549bd168\"},\"description\":\"Pon\u00fakame V\u00e1m na pren\u00e1jom ve\u013emi pekn\u00fd, tich\u00fd, \u0161t\u00fdlov\u00fd 2i - izbov\u00fd byt, orientovan\u00fd do tich\u00e9ho dvora, kompletne nanovo dizajnovo zariaden\u00fd, po kompletnej\",\"breadcrumb\":{\"@id\":\"https:\/\/baportal.sk\/podnajom\/in\/55337\/#breadcrumb\"},\"inLanguage\":\"sk-SK\",\"potentialAction\":[{\"@type\":\"ReadAction\",\"target\":[\"https:\/\/baportal.sk\/podnajom\/in\/55337\/\"]}]},{\"@type\":\"ImageObject\",\"inLanguage\":\"sk-SK\",\"@id\":\"https:\/\/baportal.sk\/podnajom\/in\/55337\/#primaryimage\",\"url\":\"https:\/\/baportal.sk\/podnajom\/wp-content\/uploads\/2023\/03\/EXKLUZIVNE-STYLOVY-2i-byt-REKONSTRUKCIA-MEDICKA-ZAHRADA-ulica-29augusta-Stare.jpeg\",\"contentUrl\":\"https:\/\/baportal.sk\/podnajom\/wp-content\/uploads\/2023\/03\/EXKLUZIVNE-STYLOVY-2i-byt-REKONSTRUKCIA-MEDICKA-ZAHRADA-ulica-29augusta-Stare.jpeg\",\"width\":600,\"height\":315},{\"@type\":\"BreadcrumbList\",\"@id\":\"https:\/\/baportal.sk\/podnajom\/in\/55337\/#breadcrumb\",\"itemListElement\":[{\"@type\":\"ListItem\",\"position\":1,\"name\":\"Domovsk\u00e1 str\u00e1nka\",\"item\":\"https:\/\/baportal.sk\/podnajom\/\"},{\"@type\":\"ListItem\",\"position\":2,\"name\":\"EXKLUZ\u00cdVNE, \u0160T\u00ddLOV\u00dd 2i byt, REKON\u0160TRUKCIA, MEDICK\u00c1 Z\u00c1HRADA, ulica 29.augusta, Star\u00e9 Mesto\"}]},{\"@type\":\"WebSite\",\"@id\":\"https:\/\/baportal.sk\/podnajom\/#website\",\"url\":\"https:\/\/baportal.sk\/podnajom\/\",\"name\":\"Podn\u00e1jom - Baportal.sk - Bratislava\",\"description\":\"\",\"potentialAction\":[{\"@type\":\"SearchAction\",\"target\":{\"@type\":\"EntryPoint\",\"urlTemplate\":\"https:\/\/baportal.sk\/podnajom\/?s={search_term_string}\"},\"query-input\":\"required name=search_term_string\"}],\"inLanguage\":\"sk-SK\"},{\"@type\":\"Person\",\"@id\":\"https:\/\/baportal.sk\/podnajom\/#\/schema\/person\/1048c08c599b2e93379d6374549bd168\",\"name\":\"marek\",\"image\":{\"@type\":\"ImageObject\",\"inLanguage\":\"sk-SK\",\"@id\":\"https:\/\/baportal.sk\/podnajom\/#\/schema\/person\/image\/\",\"url\":\"https:\/\/secure.gravatar.com\/avatar\/cdf0fbd37411d455f1afd87f93b867f6?s=96&d=mm&r=g\",\"contentUrl\":\"https:\/\/secure.gravatar.com\/avatar\/cdf0fbd37411d455f1afd87f93b867f6?s=96&d=mm&r=g\",\"caption\":\"marek\"},\"sameAs\":[\"https:\/\/www.baportal.sk\/podnajom\"]}]}<\/script>\n<!-- \/ Yoast SEO plugin. -->","yoast_head_json":{"title":"EXKLUZ\u00cdVNE, \u0160T\u00ddLOV\u00dd 2i byt, REKON\u0160TRUKCIA, MEDICK\u00c1 Z\u00c1HRADA, ulica 29.augusta, Star\u00e9 Mesto | Podn\u00e1jom - Baportal.sk - Bratislava","description":"Pon\u00fakame V\u00e1m na pren\u00e1jom ve\u013emi pekn\u00fd, tich\u00fd, \u0161t\u00fdlov\u00fd 2i - izbov\u00fd byt, orientovan\u00fd do tich\u00e9ho dvora, kompletne nanovo dizajnovo zariaden\u00fd, po kompletnej","robots":{"index":"index","follow":"follow","max-snippet":"max-snippet:-1","max-image-preview":"max-image-preview:large","max-video-preview":"max-video-preview:-1"},"canonical":"https:\/\/baportal.sk\/podnajom\/in\/55337\/","og_locale":"sk_SK","og_type":"article","og_title":"EXKLUZ\u00cdVNE, \u0160T\u00ddLOV\u00dd 2i byt, REKON\u0160TRUKCIA, MEDICK\u00c1 Z\u00c1HRADA, ulica 29.augusta, Star\u00e9 Mesto | Podn\u00e1jom - Baportal.sk - Bratislava","og_description":"Pon\u00fakame V\u00e1m na pren\u00e1jom ve\u013emi pekn\u00fd, tich\u00fd, \u0161t\u00fdlov\u00fd 2i - izbov\u00fd byt, orientovan\u00fd do tich\u00e9ho dvora, kompletne nanovo dizajnovo zariaden\u00fd, po kompletnej","og_url":"https:\/\/baportal.sk\/podnajom\/in\/55337\/","og_site_name":"Podn\u00e1jom - Baportal.sk - Bratislava","article_published_time":"2022-05-05T01:01:49+00:00","author":"marek","twitter_card":"summary_large_image","twitter_misc":{"Autor":"marek","Predpokladan\u00fd \u010das \u010d\u00edtania":"2 min\u00faty"},"schema":{"@context":"https:\/\/schema.org","@graph":[{"@type":"WebPage","@id":"https:\/\/baportal.sk\/podnajom\/in\/55337\/","url":"https:\/\/baportal.sk\/podnajom\/in\/55337\/","name":"EXKLUZ\u00cdVNE, \u0160T\u00ddLOV\u00dd 2i byt, REKON\u0160TRUKCIA, MEDICK\u00c1 Z\u00c1HRADA, ulica 29.augusta, Star\u00e9 Mesto | Podn\u00e1jom - Baportal.sk - Bratislava","isPartOf":{"@id":"https:\/\/baportal.sk\/podnajom\/#website"},"primaryImageOfPage":{"@id":"https:\/\/baportal.sk\/podnajom\/in\/55337\/#primaryimage"},"image":{"@id":"https:\/\/baportal.sk\/podnajom\/in\/55337\/#primaryimage"},"thumbnailUrl":"https:\/\/baportal.sk\/podnajom\/wp-content\/uploads\/2023\/03\/EXKLUZIVNE-STYLOVY-2i-byt-REKONSTRUKCIA-MEDICKA-ZAHRADA-ulica-29augusta-Stare.jpeg","datePublished":"2022-05-05T01:01:49+00:00","dateModified":"2022-05-05T01:01:49+00:00","author":{"@id":"https:\/\/baportal.sk\/podnajom\/#\/schema\/person\/1048c08c599b2e93379d6374549bd168"},"description":"Pon\u00fakame V\u00e1m na pren\u00e1jom ve\u013emi pekn\u00fd, tich\u00fd, \u0161t\u00fdlov\u00fd 2i - izbov\u00fd byt, orientovan\u00fd do tich\u00e9ho dvora, kompletne nanovo dizajnovo zariaden\u00fd, po kompletnej","breadcrumb":{"@id":"https:\/\/baportal.sk\/podnajom\/in\/55337\/#breadcrumb"},"inLanguage":"sk-SK","potentialAction":[{"@type":"ReadAction","target":["https:\/\/baportal.sk\/podnajom\/in\/55337\/"]}]},{"@type":"ImageObject","inLanguage":"sk-SK","@id":"https:\/\/baportal.sk\/podnajom\/in\/55337\/#primaryimage","url":"https:\/\/baportal.sk\/podnajom\/wp-content\/uploads\/2023\/03\/EXKLUZIVNE-STYLOVY-2i-byt-REKONSTRUKCIA-MEDICKA-ZAHRADA-ulica-29augusta-Stare.jpeg","contentUrl":"https:\/\/baportal.sk\/podnajom\/wp-content\/uploads\/2023\/03\/EXKLUZIVNE-STYLOVY-2i-byt-REKONSTRUKCIA-MEDICKA-ZAHRADA-ulica-29augusta-Stare.jpeg","width":600,"height":315},{"@type":"BreadcrumbList","@id":"https:\/\/baportal.sk\/podnajom\/in\/55337\/#breadcrumb","itemListElement":[{"@type":"ListItem","position":1,"name":"Domovsk\u00e1 str\u00e1nka","item":"https:\/\/baportal.sk\/podnajom\/"},{"@type":"ListItem","position":2,"name":"EXKLUZ\u00cdVNE, \u0160T\u00ddLOV\u00dd 2i byt, REKON\u0160TRUKCIA, MEDICK\u00c1 Z\u00c1HRADA, ulica 29.augusta, Star\u00e9 Mesto"}]},{"@type":"WebSite","@id":"https:\/\/baportal.sk\/podnajom\/#website","url":"https:\/\/baportal.sk\/podnajom\/","name":"Podn\u00e1jom - Baportal.sk - Bratislava","description":"","potentialAction":[{"@type":"SearchAction","target":{"@type":"EntryPoint","urlTemplate":"https:\/\/baportal.sk\/podnajom\/?s={search_term_string}"},"query-input":"required name=search_term_string"}],"inLanguage":"sk-SK"},{"@type":"Person","@id":"https:\/\/baportal.sk\/podnajom\/#\/schema\/person\/1048c08c599b2e93379d6374549bd168","name":"marek","image":{"@type":"ImageObject","inLanguage":"sk-SK","@id":"https:\/\/baportal.sk\/podnajom\/#\/schema\/person\/image\/","url":"https:\/\/secure.gravatar.com\/avatar\/cdf0fbd37411d455f1afd87f93b867f6?s=96&d=mm&r=g","contentUrl":"https:\/\/secure.gravatar.com\/avatar\/cdf0fbd37411d455f1afd87f93b867f6?s=96&d=mm&r=g","caption":"marek"},"sameAs":["https:\/\/www.baportal.sk\/podnajom"]}]}},"_links":{"self":[{"href":"https:\/\/baportal.sk\/podnajom\/wp-json\/wp\/v2\/posts\/55337"}],"collection":[{"href":"https:\/\/baportal.sk\/podnajom\/wp-json\/wp\/v2\/posts"}],"about":[{"href":"https:\/\/baportal.sk\/podnajom\/wp-json\/wp\/v2\/types\/post"}],"author":[{"embeddable":true,"href":"https:\/\/baportal.sk\/podnajom\/wp-json\/wp\/v2\/users\/1"}],"replies":[{"embeddable":true,"href":"https:\/\/baportal.sk\/podnajom\/wp-json\/wp\/v2\/comments?post=55337"}],"version-history":[{"count":0,"href":"https:\/\/baportal.sk\/podnajom\/wp-json\/wp\/v2\/posts\/55337\/revisions"}],"wp:featuredmedia":[{"embeddable":true,"href":"https:\/\/baportal.sk\/podnajom\/wp-json\/wp\/v2\/media\/54907"}],"wp:attachment":[{"href":"https:\/\/baportal.sk\/podnajom\/wp-json\/wp\/v2\/media?parent=55337"}],"wp:term":[{"taxonomy":"category","embeddable":true,"href":"https:\/\/baportal.sk\/podnajom\/wp-json\/wp\/v2\/categories?post=55337"},{"taxonomy":"post_tag","embeddable":true,"href":"https:\/\/baportal.sk\/podnajom\/wp-json\/wp\/v2\/tags?post=55337"}],"curies":[{"name":"wp","href":"https:\/\/api.w.org\/{rel}","templated":true}]}}