{"id":55784,"date":"2022-05-05T03:01:49","date_gmt":"2022-05-05T01:01:49","guid":{"rendered":"https:\/\/baportal.sk\/podnajom\/in\/55784\/"},"modified":"2022-05-05T03:01:49","modified_gmt":"2022-05-05T01:01:49","slug":"arvin-benet-2i-byt-po-cerstvej-kompletnej-rekonstrukcii","status":"publish","type":"post","link":"https:\/\/baportal.sk\/podnajom\/in\/55784\/","title":{"rendered":"Arvin &amp; Benet | 2i byt po \u010derstvej kompletnej rekon\u0161trukcii"},"content":{"rendered":"<div class=\"text-inner\">\n                                Arvin &amp; Benet pon\u00faka na pren\u00e1jom, modern\u00fd, zariaden\u00fd 2i byt s\u00a0dvomi loggiami a\u00a0pivnicou na Dlh\u00fdch dieloch.\u2028\u2028Viac inform\u00e1ci\u00ed n\u00e1jdete na na\u0161ej webovej str\u00e1nke: \u2028\u2028Priestrann\u00fd, zariaden\u00fd a modern\u00fd 2i byt ocen\u00ed ka\u017ed\u00fd, kto si pri h\u013eadan\u00ed nov\u00e9ho b\u00fdvania potrp\u00ed na aspekty ako:\u2028\u2028\u00b7 nehnute\u013enos\u0165 je po kompletnej rekon\u0161trukcii \u2013 bytov\u00fd dom aj byt<br \/>\n\u00b7 v\u00fdborn\u00e1 svetlos\u0165 a\u00a0vzdu\u0161nos\u0165 \u2013 juhov\u00fdchodn\u00e1 orient\u00e1cia <br \/>\n\u00b7 samostatn\u00e1 kuchy\u0148a a\u00a0samostatn\u00e9 WC<br \/>\n\u00b7 dve loggie<br \/>\n\u00b7 optick\u00fd internet\u2028                                                                                                                                                                                                                                     <br \/>\n \u00b7 praktick\u00e1 dispoz\u00edcia a\u00a0ve\u013ea \u00falo\u017en\u00e9ho priestoru                                                                                                                                                                                   \u2028\u00b7 byt je zariaden\u00fd \u00faplne nov\u00fdm a nepou\u017eit\u00fdm n\u00e1bytkom a\u00a0spotrebi\u010dmi\u2028<br \/>\n\u00b7 \u010dist\u00fd a slu\u0161n\u00fd vchod do bytov\u00e9ho domu z\u00a0dvoch str\u00e1n zabezpe\u010den\u00fd elektronick\u00fdmi dverami a\u00a0kamerov\u00fdm syst\u00e9mom\u2028\u2028\u2028<\/p>\n<p>Lokalita pon\u00faka v\u00fdborn\u00fa dostupnos\u0165 do centra, na obchvat ako i\u00a0na bl\u00edzku Dev\u00ednsku Kobylu za \u0161portom \u010di oddychom. Dopravn\u00e1 infra\u0161trukt\u00fara, MHD, \u0161kolsk\u00e9 zariadenia, obchodn\u00e9 re\u0165azce, re\u0161taur\u00e1cie \u010di plav\u00e1re\u0148, to v\u0161etko m\u00e1te v\u00a0pe\u0161ej dostupnosti. \u2028\u2028<\/p>\n<p>Cena: 700 EUR (n\u00e1jom 500 EUR + energie 200 EUR)\u2028\u2028<br \/>\nV\u00fdmera: 66,02 m\u00b2 (interi\u00e9r 60,73 m\u00b2 + 2 loggie spolu 4,23 m\u00b2 a\u00a0pivnica 1,06 m\u00b2)\u2028\u2028<\/p>\n<p>Kompletn\u00e9 sprocesovanie k\u00fapy nehnute\u013enosti vr\u00e1tane zabezpe\u010denia financovania a in\u00fdch n\u00e1le\u017eitost\u00ed zabezpe\u010duje Arvin &amp; Benet, \u010di\u017ee cel\u00fd proces je plynul\u00fd a bez starost\u00ed.\u2028\u2028Nehnute\u013enos\u0165 bola naaran\u017eovan\u00e1 a nafoten\u00e1 Homestaging oddelen\u00edm na\u0161ej spolo\u010dnosti, ve\u013emi radi V\u00e1m pom\u00f4\u017eeme pri efekt\u00edvnom a d\u00f4stojnom predaji \u010di pren\u00e1jme aj Va\u0161ej nehnute\u013enosti. Budeme sa te\u0161i\u0165, ke\u010f n\u00e1s budete nez\u00e1v\u00e4zne kontaktova\u0165.\u2028\u2028Fotografie a text s\u00fa autorsk\u00fdm dielom a majetkom spolo\u010dnosti Arvin &amp; Benet.                            <\/p><\/div>\n","protected":false},"excerpt":{"rendered":"<p>Arvin &amp; Benet pon\u00faka na pren\u00e1jom, modern\u00fd, zariaden\u00fd 2i byt s\u00a0dvomi loggiami a\u00a0pivnicou na Dlh\u00fdch dieloch.\u2028\u2028Viac inform\u00e1ci\u00ed n\u00e1jdete na na\u0161ej webovej str\u00e1nke: \u2028\u2028Priestrann\u00fd, zariaden\u00fd a modern\u00fd 2i byt ocen\u00ed ka\u017ed\u00fd, kto si pri h\u013eadan\u00ed nov\u00e9ho b\u00fdvania potrp\u00ed na aspekty ako:\u2028\u2028\u00b7 nehnute\u013enos\u0165 je po kompletnej rekon\u0161trukcii \u2013 bytov\u00fd dom aj byt \u00b7 v\u00fdborn\u00e1 svetlos\u0165 a\u00a0vzdu\u0161nos\u0165 \u2013 [&hellip;]<\/p>\n","protected":false},"author":1,"featured_media":55785,"comment_status":"open","ping_status":"open","sticky":false,"template":"","format":"standard","meta":{"footnotes":""},"categories":[4],"tags":[],"class_list":["post-55784","post","type-post","status-publish","format-standard","has-post-thumbnail","hentry","category-prenajom-bytu"],"yoast_head":"<!-- This site is optimized with the Yoast SEO plugin v23.1 - https:\/\/yoast.com\/wordpress\/plugins\/seo\/ -->\n<title>Arvin &amp; Benet | 2i byt po \u010derstvej kompletnej rekon\u0161trukcii | Podn\u00e1jom - Baportal.sk - Bratislava<\/title>\n<meta name=\"description\" content=\"Arvin &amp; Benet pon\u00faka na pren\u00e1jom, modern\u00fd, zariaden\u00fd 2i byt s\u00a0dvomi loggiami a\u00a0pivnicou na Dlh\u00fdch dieloch.\u2028\u2028Viac inform\u00e1ci\u00ed n\u00e1jdete na na\u0161ej webovej\" \/>\n<meta name=\"robots\" content=\"index, follow, max-snippet:-1, max-image-preview:large, max-video-preview:-1\" \/>\n<link rel=\"canonical\" href=\"https:\/\/baportal.sk\/podnajom\/in\/55784\/\" \/>\n<meta property=\"og:locale\" content=\"sk_SK\" \/>\n<meta property=\"og:type\" content=\"article\" \/>\n<meta property=\"og:title\" content=\"Arvin &amp; Benet | 2i byt po \u010derstvej kompletnej rekon\u0161trukcii | Podn\u00e1jom - Baportal.sk - Bratislava\" \/>\n<meta property=\"og:description\" content=\"Arvin &amp; Benet pon\u00faka na pren\u00e1jom, modern\u00fd, zariaden\u00fd 2i byt s\u00a0dvomi loggiami a\u00a0pivnicou na Dlh\u00fdch dieloch.\u2028\u2028Viac inform\u00e1ci\u00ed n\u00e1jdete na na\u0161ej webovej\" \/>\n<meta property=\"og:url\" content=\"https:\/\/baportal.sk\/podnajom\/in\/55784\/\" \/>\n<meta property=\"og:site_name\" content=\"Podn\u00e1jom - Baportal.sk - Bratislava\" \/>\n<meta property=\"article:published_time\" content=\"2022-05-05T01:01:49+00:00\" \/>\n<meta name=\"author\" content=\"marek\" \/>\n<meta name=\"twitter:card\" content=\"summary_large_image\" \/>\n<meta name=\"twitter:label1\" content=\"Autor\" \/>\n\t<meta name=\"twitter:data1\" content=\"marek\" \/>\n\t<meta name=\"twitter:label2\" content=\"Predpokladan\u00fd \u010das \u010d\u00edtania\" \/>\n\t<meta name=\"twitter:data2\" content=\"1 min\u00fata\" \/>\n<script type=\"application\/ld+json\" class=\"yoast-schema-graph\">{\"@context\":\"https:\/\/schema.org\",\"@graph\":[{\"@type\":\"WebPage\",\"@id\":\"https:\/\/baportal.sk\/podnajom\/in\/55784\/\",\"url\":\"https:\/\/baportal.sk\/podnajom\/in\/55784\/\",\"name\":\"Arvin &amp; Benet | 2i byt po \u010derstvej kompletnej rekon\u0161trukcii | Podn\u00e1jom - Baportal.sk - Bratislava\",\"isPartOf\":{\"@id\":\"https:\/\/baportal.sk\/podnajom\/#website\"},\"primaryImageOfPage\":{\"@id\":\"https:\/\/baportal.sk\/podnajom\/in\/55784\/#primaryimage\"},\"image\":{\"@id\":\"https:\/\/baportal.sk\/podnajom\/in\/55784\/#primaryimage\"},\"thumbnailUrl\":\"https:\/\/baportal.sk\/podnajom\/wp-content\/uploads\/2023\/03\/Arvin-amp-Benet-2i-byt-po-cerstvej-kompletnej-rekonstrukcii.jpeg\",\"datePublished\":\"2022-05-05T01:01:49+00:00\",\"dateModified\":\"2022-05-05T01:01:49+00:00\",\"author\":{\"@id\":\"https:\/\/baportal.sk\/podnajom\/#\/schema\/person\/1048c08c599b2e93379d6374549bd168\"},\"description\":\"Arvin &amp; Benet pon\u00faka na pren\u00e1jom, modern\u00fd, zariaden\u00fd 2i byt s\u00a0dvomi loggiami a\u00a0pivnicou na Dlh\u00fdch dieloch.\\u2028\\u2028Viac inform\u00e1ci\u00ed n\u00e1jdete na na\u0161ej webovej\",\"breadcrumb\":{\"@id\":\"https:\/\/baportal.sk\/podnajom\/in\/55784\/#breadcrumb\"},\"inLanguage\":\"sk-SK\",\"potentialAction\":[{\"@type\":\"ReadAction\",\"target\":[\"https:\/\/baportal.sk\/podnajom\/in\/55784\/\"]}]},{\"@type\":\"ImageObject\",\"inLanguage\":\"sk-SK\",\"@id\":\"https:\/\/baportal.sk\/podnajom\/in\/55784\/#primaryimage\",\"url\":\"https:\/\/baportal.sk\/podnajom\/wp-content\/uploads\/2023\/03\/Arvin-amp-Benet-2i-byt-po-cerstvej-kompletnej-rekonstrukcii.jpeg\",\"contentUrl\":\"https:\/\/baportal.sk\/podnajom\/wp-content\/uploads\/2023\/03\/Arvin-amp-Benet-2i-byt-po-cerstvej-kompletnej-rekonstrukcii.jpeg\",\"width\":600,\"height\":315},{\"@type\":\"BreadcrumbList\",\"@id\":\"https:\/\/baportal.sk\/podnajom\/in\/55784\/#breadcrumb\",\"itemListElement\":[{\"@type\":\"ListItem\",\"position\":1,\"name\":\"Domovsk\u00e1 str\u00e1nka\",\"item\":\"https:\/\/baportal.sk\/podnajom\/\"},{\"@type\":\"ListItem\",\"position\":2,\"name\":\"Arvin &amp; Benet | 2i byt po \u010derstvej kompletnej rekon\u0161trukcii\"}]},{\"@type\":\"WebSite\",\"@id\":\"https:\/\/baportal.sk\/podnajom\/#website\",\"url\":\"https:\/\/baportal.sk\/podnajom\/\",\"name\":\"Podn\u00e1jom - Baportal.sk - Bratislava\",\"description\":\"\",\"potentialAction\":[{\"@type\":\"SearchAction\",\"target\":{\"@type\":\"EntryPoint\",\"urlTemplate\":\"https:\/\/baportal.sk\/podnajom\/?s={search_term_string}\"},\"query-input\":\"required name=search_term_string\"}],\"inLanguage\":\"sk-SK\"},{\"@type\":\"Person\",\"@id\":\"https:\/\/baportal.sk\/podnajom\/#\/schema\/person\/1048c08c599b2e93379d6374549bd168\",\"name\":\"marek\",\"image\":{\"@type\":\"ImageObject\",\"inLanguage\":\"sk-SK\",\"@id\":\"https:\/\/baportal.sk\/podnajom\/#\/schema\/person\/image\/\",\"url\":\"https:\/\/secure.gravatar.com\/avatar\/cdf0fbd37411d455f1afd87f93b867f6?s=96&d=mm&r=g\",\"contentUrl\":\"https:\/\/secure.gravatar.com\/avatar\/cdf0fbd37411d455f1afd87f93b867f6?s=96&d=mm&r=g\",\"caption\":\"marek\"},\"sameAs\":[\"https:\/\/www.baportal.sk\/podnajom\"]}]}<\/script>\n<!-- \/ Yoast SEO plugin. -->","yoast_head_json":{"title":"Arvin &amp; Benet | 2i byt po \u010derstvej kompletnej rekon\u0161trukcii | Podn\u00e1jom - Baportal.sk - Bratislava","description":"Arvin &amp; Benet pon\u00faka na pren\u00e1jom, modern\u00fd, zariaden\u00fd 2i byt s\u00a0dvomi loggiami a\u00a0pivnicou na Dlh\u00fdch dieloch.\u2028\u2028Viac inform\u00e1ci\u00ed n\u00e1jdete na na\u0161ej webovej","robots":{"index":"index","follow":"follow","max-snippet":"max-snippet:-1","max-image-preview":"max-image-preview:large","max-video-preview":"max-video-preview:-1"},"canonical":"https:\/\/baportal.sk\/podnajom\/in\/55784\/","og_locale":"sk_SK","og_type":"article","og_title":"Arvin &amp; Benet | 2i byt po \u010derstvej kompletnej rekon\u0161trukcii | Podn\u00e1jom - Baportal.sk - Bratislava","og_description":"Arvin &amp; Benet pon\u00faka na pren\u00e1jom, modern\u00fd, zariaden\u00fd 2i byt s\u00a0dvomi loggiami a\u00a0pivnicou na Dlh\u00fdch dieloch.\u2028\u2028Viac inform\u00e1ci\u00ed n\u00e1jdete na na\u0161ej webovej","og_url":"https:\/\/baportal.sk\/podnajom\/in\/55784\/","og_site_name":"Podn\u00e1jom - Baportal.sk - Bratislava","article_published_time":"2022-05-05T01:01:49+00:00","author":"marek","twitter_card":"summary_large_image","twitter_misc":{"Autor":"marek","Predpokladan\u00fd \u010das \u010d\u00edtania":"1 min\u00fata"},"schema":{"@context":"https:\/\/schema.org","@graph":[{"@type":"WebPage","@id":"https:\/\/baportal.sk\/podnajom\/in\/55784\/","url":"https:\/\/baportal.sk\/podnajom\/in\/55784\/","name":"Arvin &amp; Benet | 2i byt po \u010derstvej kompletnej rekon\u0161trukcii | Podn\u00e1jom - Baportal.sk - Bratislava","isPartOf":{"@id":"https:\/\/baportal.sk\/podnajom\/#website"},"primaryImageOfPage":{"@id":"https:\/\/baportal.sk\/podnajom\/in\/55784\/#primaryimage"},"image":{"@id":"https:\/\/baportal.sk\/podnajom\/in\/55784\/#primaryimage"},"thumbnailUrl":"https:\/\/baportal.sk\/podnajom\/wp-content\/uploads\/2023\/03\/Arvin-amp-Benet-2i-byt-po-cerstvej-kompletnej-rekonstrukcii.jpeg","datePublished":"2022-05-05T01:01:49+00:00","dateModified":"2022-05-05T01:01:49+00:00","author":{"@id":"https:\/\/baportal.sk\/podnajom\/#\/schema\/person\/1048c08c599b2e93379d6374549bd168"},"description":"Arvin &amp; Benet pon\u00faka na pren\u00e1jom, modern\u00fd, zariaden\u00fd 2i byt s\u00a0dvomi loggiami a\u00a0pivnicou na Dlh\u00fdch dieloch.\u2028\u2028Viac inform\u00e1ci\u00ed n\u00e1jdete na na\u0161ej webovej","breadcrumb":{"@id":"https:\/\/baportal.sk\/podnajom\/in\/55784\/#breadcrumb"},"inLanguage":"sk-SK","potentialAction":[{"@type":"ReadAction","target":["https:\/\/baportal.sk\/podnajom\/in\/55784\/"]}]},{"@type":"ImageObject","inLanguage":"sk-SK","@id":"https:\/\/baportal.sk\/podnajom\/in\/55784\/#primaryimage","url":"https:\/\/baportal.sk\/podnajom\/wp-content\/uploads\/2023\/03\/Arvin-amp-Benet-2i-byt-po-cerstvej-kompletnej-rekonstrukcii.jpeg","contentUrl":"https:\/\/baportal.sk\/podnajom\/wp-content\/uploads\/2023\/03\/Arvin-amp-Benet-2i-byt-po-cerstvej-kompletnej-rekonstrukcii.jpeg","width":600,"height":315},{"@type":"BreadcrumbList","@id":"https:\/\/baportal.sk\/podnajom\/in\/55784\/#breadcrumb","itemListElement":[{"@type":"ListItem","position":1,"name":"Domovsk\u00e1 str\u00e1nka","item":"https:\/\/baportal.sk\/podnajom\/"},{"@type":"ListItem","position":2,"name":"Arvin &amp; Benet | 2i byt po \u010derstvej kompletnej rekon\u0161trukcii"}]},{"@type":"WebSite","@id":"https:\/\/baportal.sk\/podnajom\/#website","url":"https:\/\/baportal.sk\/podnajom\/","name":"Podn\u00e1jom - Baportal.sk - Bratislava","description":"","potentialAction":[{"@type":"SearchAction","target":{"@type":"EntryPoint","urlTemplate":"https:\/\/baportal.sk\/podnajom\/?s={search_term_string}"},"query-input":"required name=search_term_string"}],"inLanguage":"sk-SK"},{"@type":"Person","@id":"https:\/\/baportal.sk\/podnajom\/#\/schema\/person\/1048c08c599b2e93379d6374549bd168","name":"marek","image":{"@type":"ImageObject","inLanguage":"sk-SK","@id":"https:\/\/baportal.sk\/podnajom\/#\/schema\/person\/image\/","url":"https:\/\/secure.gravatar.com\/avatar\/cdf0fbd37411d455f1afd87f93b867f6?s=96&d=mm&r=g","contentUrl":"https:\/\/secure.gravatar.com\/avatar\/cdf0fbd37411d455f1afd87f93b867f6?s=96&d=mm&r=g","caption":"marek"},"sameAs":["https:\/\/www.baportal.sk\/podnajom"]}]}},"_links":{"self":[{"href":"https:\/\/baportal.sk\/podnajom\/wp-json\/wp\/v2\/posts\/55784"}],"collection":[{"href":"https:\/\/baportal.sk\/podnajom\/wp-json\/wp\/v2\/posts"}],"about":[{"href":"https:\/\/baportal.sk\/podnajom\/wp-json\/wp\/v2\/types\/post"}],"author":[{"embeddable":true,"href":"https:\/\/baportal.sk\/podnajom\/wp-json\/wp\/v2\/users\/1"}],"replies":[{"embeddable":true,"href":"https:\/\/baportal.sk\/podnajom\/wp-json\/wp\/v2\/comments?post=55784"}],"version-history":[{"count":0,"href":"https:\/\/baportal.sk\/podnajom\/wp-json\/wp\/v2\/posts\/55784\/revisions"}],"wp:featuredmedia":[{"embeddable":true,"href":"https:\/\/baportal.sk\/podnajom\/wp-json\/wp\/v2\/media\/55785"}],"wp:attachment":[{"href":"https:\/\/baportal.sk\/podnajom\/wp-json\/wp\/v2\/media?parent=55784"}],"wp:term":[{"taxonomy":"category","embeddable":true,"href":"https:\/\/baportal.sk\/podnajom\/wp-json\/wp\/v2\/categories?post=55784"},{"taxonomy":"post_tag","embeddable":true,"href":"https:\/\/baportal.sk\/podnajom\/wp-json\/wp\/v2\/tags?post=55784"}],"curies":[{"name":"wp","href":"https:\/\/api.w.org\/{rel}","templated":true}]}}