{"id":55792,"date":"2022-05-05T03:01:49","date_gmt":"2022-05-05T01:01:49","guid":{"rendered":"https:\/\/baportal.sk\/podnajom\/in\/55792\/"},"modified":"2022-05-05T03:01:49","modified_gmt":"2022-05-05T01:01:49","slug":"3-izbovy-byt-s-terasou-a-balkonom-98-m2","status":"publish","type":"post","link":"https:\/\/baportal.sk\/podnajom\/in\/55792\/","title":{"rendered":"3-izbov\u00fd byt s terasou a balk\u00f3nom 98 m2"},"content":{"rendered":"<div class=\"text-inner\">\n                                Slne\u010dn\u00fd a priestrann\u00fd 3-izbov\u00fd byt v rodinnom dome v slepej uli\u010dke na hradnom vrchu v srdci Bratislavy. Lokalita je tich\u00e1 a pln\u00e1 zelene a nach\u00e1dza sa 15-20 min\u00fat ch\u00f4dzou od centra mesta. Parkovanie jedn\u00e9ho osobn\u00e9ho auta je mo\u017en\u00e9 pred br\u00e1nou.<\/p>\n<p>Byt je \u010diasto\u010dne zariaden\u00fd a zaber\u00e1 cel\u00e9 prv\u00e9 poschodie v starostlivo udr\u017eiavanom rodinnom dome, ktor\u00fd pre\u0161iel rekon\u0161trukciou. M\u00e1 nov\u00fa strechu so zateplen\u00edm a sol\u00e1rnym panelom, zrenovovan\u00fa terasu, vyma\u013eovan\u00e9 priestory, nalakovan\u00e9 parkety a zak\u00fapen\u00e9 viacer\u00e9 nov\u00e9 spotrebi\u010de.<\/p>\n<p>Byt m\u00e1 jednu priestrann\u00fa miestnos\u0165 s v\u00fdh\u013eadom do z\u00e1hrady a pr\u00edstupom na ve\u013ek\u00fa terasu (20 m2) a dve \u010fal\u0161ie do seba otv\u00e1raj\u00face izby s v\u00fdh\u013eadmi na mesto a vstupom na balk\u00f3n (4 m2). Zariadenie izieb tvor\u00ed man\u017eelsk\u00e1 poste\u013e, 2 komody, zrkadlo, stoli\u010dky, st\u00f4l, 2 \u0161atn\u00edkov\u00e9 skrine. Izby je mo\u017en\u00e9 \u013eubovo\u013ene rozdeli\u0165 na sp\u00e1lne, obytn\u00e9 alebo pracovn\u00e9 miestnosti.<\/p>\n<p>V priestrannej chodbe, ktor\u00e1 sa d\u00e1 vyu\u017ei\u0165 ako \u0161tvrt\u00e1 miestnos\u0165 - jed\u00e1le\u0148, sa nach\u00e1dza ve\u013ek\u00e1 dreven\u00e1 komoda s ve\u0161iakom. Chodba plynulo prech\u00e1dza do kuchyne. <\/p>\n<p>Kuchy\u0148a je vybaven\u00e1 novou induk\u010dnou varnou doskou (4 varn\u00e9 miesta), elektrickou r\u00farou, ve\u013ekou chladni\u010dkou a mrazni\u010dkou, um\u00fdva\u010dkou riadu, novou pr\u00e1\u010dkou a ve\u013ek\u00fdm mno\u017estvom \u00falo\u017en\u00fdch priestorov. V pr\u00edpade z\u00e1ujmu dopln\u00edm o mikrovlnku alebo in\u00fd spotrebi\u010d. Kuchy\u0148a m\u00e1 v\u00fdh\u013ead do kor\u00fan stromov a na okolit\u00e9 kopce. <\/p>\n<p>Izby s\u00fa je orientovan\u00e9 na juhov\u00fdchod, kuchy\u0148a na severoz\u00e1pad.<\/p>\n<p>Byt m\u00e1 zariaden\u00fa k\u00fape\u013e\u0148u a samostatn\u00e9 wc.<\/p>\n<p>Vstup do bytu vedie cez kr\u00e1sne to\u010dit\u00e9 dreven\u00e9 schodisko a pod n\u00edm sa nach\u00e1dza odkladac\u00ed priestor.<\/p>\n<p>Na pr\u00edzem\u00ed sa pred uzamykate\u013en\u00fdm vchodom do bytu nach\u00e1dza vstupn\u00e1 veranda, ktor\u00e1 je spolo\u010dn\u00fdm priestorom aj pre byt na pr\u00edzem\u00ed. Ve\u013ek\u00fa udr\u017eiavan\u00fa z\u00e1hradu je po dohode mo\u017en\u00e9 kedyko\u013evek vyu\u017e\u00edva\u0165 pre posedenie alebo host\u00ed.<\/p>\n<p>Byt je vhodn\u00fd pre firmy, rodiny, p\u00e1ry alebo jednotlivcov, ktor\u00ed vyh\u013ead\u00e1vaj\u00fa pokojn\u00e9 ubytovanie a \u010derstv\u00fd vzduch.<br \/>\nPo dohode je mo\u017en\u00e9 ubytova\u0165 dom\u00e1ce zviera v z\u00e1vislosti na jeho druhu a povahe.<\/p>\n<p>Faj\u010denie v byte nie je povolen\u00e9.<\/p>\n<p>Byt je pohodln\u00fd, svetl\u00fd a v chladnom po\u010das\u00ed pr\u00edjemne vyhriaty v\u010faka stre\u0161n\u00e9mu zatepleniu a automatick\u00e9mu k\u00fareniu. V zime je zabezpe\u010den\u00e1 \u00fadr\u017eba vstupn\u00fdch chodn\u00edkov. <br \/>\nO v\u0161etko v dome je postaran\u00e9 a v pr\u00edpade ak\u00fdchko\u013evek po\u017eiadaviek V\u00e1m radi pom\u00f4\u017eeme.<\/p>\n<p>P\u00e1r metrov ch\u00f4dze je park Kochova z\u00e1hrada, 10 min\u00fat pe\u0161o s\u00fa potraviny. Zast\u00e1vka MHD  je 2 min\u00faty od domu.<\/p>\n<p>V byte je kvalitn\u00e9 wifi pripojenie. <br \/>\nJe k dispoz\u00edcii od 1.4.2023.<\/p>\n<p>N\u00e1jom je 1500\u20ac\/ mesiac. Energie s\u00fa v cene n\u00e1jmu.<\/p>\n<p>Vratn\u00e1 kaucia je 1500\u20ac.                            <\/p><\/div>\n","protected":false},"excerpt":{"rendered":"<p>Slne\u010dn\u00fd a priestrann\u00fd 3-izbov\u00fd byt v rodinnom dome v slepej uli\u010dke na hradnom vrchu v srdci Bratislavy. Lokalita je tich\u00e1 a pln\u00e1 zelene a nach\u00e1dza sa 15-20 min\u00fat ch\u00f4dzou od centra mesta. Parkovanie jedn\u00e9ho osobn\u00e9ho auta je mo\u017en\u00e9 pred br\u00e1nou. Byt je \u010diasto\u010dne zariaden\u00fd a zaber\u00e1 cel\u00e9 prv\u00e9 poschodie v starostlivo udr\u017eiavanom rodinnom dome, ktor\u00fd [&hellip;]<\/p>\n","protected":false},"author":1,"featured_media":55793,"comment_status":"open","ping_status":"open","sticky":false,"template":"","format":"standard","meta":{"footnotes":""},"categories":[4],"tags":[],"class_list":["post-55792","post","type-post","status-publish","format-standard","has-post-thumbnail","hentry","category-prenajom-bytu"],"yoast_head":"<!-- This site is optimized with the Yoast SEO plugin v23.1 - https:\/\/yoast.com\/wordpress\/plugins\/seo\/ -->\n<title>3-izbov\u00fd byt s terasou a balk\u00f3nom 98 m2 | Podn\u00e1jom - Baportal.sk - Bratislava<\/title>\n<meta name=\"description\" content=\"Slne\u010dn\u00fd a priestrann\u00fd 3-izbov\u00fd byt v rodinnom dome v slepej uli\u010dke na hradnom vrchu v srdci Bratislavy. Lokalita je tich\u00e1 a pln\u00e1 zelene a nach\u00e1dza sa\" \/>\n<meta name=\"robots\" content=\"index, follow, max-snippet:-1, max-image-preview:large, max-video-preview:-1\" \/>\n<link rel=\"canonical\" href=\"https:\/\/baportal.sk\/podnajom\/in\/55792\/\" \/>\n<meta property=\"og:locale\" content=\"sk_SK\" \/>\n<meta property=\"og:type\" content=\"article\" \/>\n<meta property=\"og:title\" content=\"3-izbov\u00fd byt s terasou a balk\u00f3nom 98 m2 | Podn\u00e1jom - Baportal.sk - Bratislava\" \/>\n<meta property=\"og:description\" content=\"Slne\u010dn\u00fd a priestrann\u00fd 3-izbov\u00fd byt v rodinnom dome v slepej uli\u010dke na hradnom vrchu v srdci Bratislavy. Lokalita je tich\u00e1 a pln\u00e1 zelene a nach\u00e1dza sa\" \/>\n<meta property=\"og:url\" content=\"https:\/\/baportal.sk\/podnajom\/in\/55792\/\" \/>\n<meta property=\"og:site_name\" content=\"Podn\u00e1jom - Baportal.sk - Bratislava\" \/>\n<meta property=\"article:published_time\" content=\"2022-05-05T01:01:49+00:00\" \/>\n<meta name=\"author\" content=\"marek\" \/>\n<meta name=\"twitter:card\" content=\"summary_large_image\" \/>\n<meta name=\"twitter:label1\" content=\"Autor\" \/>\n\t<meta name=\"twitter:data1\" content=\"marek\" \/>\n\t<meta name=\"twitter:label2\" content=\"Predpokladan\u00fd \u010das \u010d\u00edtania\" \/>\n\t<meta name=\"twitter:data2\" content=\"2 min\u00faty\" \/>\n<script type=\"application\/ld+json\" class=\"yoast-schema-graph\">{\"@context\":\"https:\/\/schema.org\",\"@graph\":[{\"@type\":\"WebPage\",\"@id\":\"https:\/\/baportal.sk\/podnajom\/in\/55792\/\",\"url\":\"https:\/\/baportal.sk\/podnajom\/in\/55792\/\",\"name\":\"3-izbov\u00fd byt s terasou a balk\u00f3nom 98 m2 | Podn\u00e1jom - Baportal.sk - Bratislava\",\"isPartOf\":{\"@id\":\"https:\/\/baportal.sk\/podnajom\/#website\"},\"primaryImageOfPage\":{\"@id\":\"https:\/\/baportal.sk\/podnajom\/in\/55792\/#primaryimage\"},\"image\":{\"@id\":\"https:\/\/baportal.sk\/podnajom\/in\/55792\/#primaryimage\"},\"thumbnailUrl\":\"https:\/\/baportal.sk\/podnajom\/wp-content\/uploads\/2023\/03\/3-izbovy-byt-s-terasou-a-balkonom-98-m2.jpeg\",\"datePublished\":\"2022-05-05T01:01:49+00:00\",\"dateModified\":\"2022-05-05T01:01:49+00:00\",\"author\":{\"@id\":\"https:\/\/baportal.sk\/podnajom\/#\/schema\/person\/1048c08c599b2e93379d6374549bd168\"},\"description\":\"Slne\u010dn\u00fd a priestrann\u00fd 3-izbov\u00fd byt v rodinnom dome v slepej uli\u010dke na hradnom vrchu v srdci Bratislavy. Lokalita je tich\u00e1 a pln\u00e1 zelene a nach\u00e1dza sa\",\"breadcrumb\":{\"@id\":\"https:\/\/baportal.sk\/podnajom\/in\/55792\/#breadcrumb\"},\"inLanguage\":\"sk-SK\",\"potentialAction\":[{\"@type\":\"ReadAction\",\"target\":[\"https:\/\/baportal.sk\/podnajom\/in\/55792\/\"]}]},{\"@type\":\"ImageObject\",\"inLanguage\":\"sk-SK\",\"@id\":\"https:\/\/baportal.sk\/podnajom\/in\/55792\/#primaryimage\",\"url\":\"https:\/\/baportal.sk\/podnajom\/wp-content\/uploads\/2023\/03\/3-izbovy-byt-s-terasou-a-balkonom-98-m2.jpeg\",\"contentUrl\":\"https:\/\/baportal.sk\/podnajom\/wp-content\/uploads\/2023\/03\/3-izbovy-byt-s-terasou-a-balkonom-98-m2.jpeg\",\"width\":600,\"height\":315},{\"@type\":\"BreadcrumbList\",\"@id\":\"https:\/\/baportal.sk\/podnajom\/in\/55792\/#breadcrumb\",\"itemListElement\":[{\"@type\":\"ListItem\",\"position\":1,\"name\":\"Domovsk\u00e1 str\u00e1nka\",\"item\":\"https:\/\/baportal.sk\/podnajom\/\"},{\"@type\":\"ListItem\",\"position\":2,\"name\":\"3-izbov\u00fd byt s terasou a balk\u00f3nom 98 m2\"}]},{\"@type\":\"WebSite\",\"@id\":\"https:\/\/baportal.sk\/podnajom\/#website\",\"url\":\"https:\/\/baportal.sk\/podnajom\/\",\"name\":\"Podn\u00e1jom - Baportal.sk - Bratislava\",\"description\":\"\",\"potentialAction\":[{\"@type\":\"SearchAction\",\"target\":{\"@type\":\"EntryPoint\",\"urlTemplate\":\"https:\/\/baportal.sk\/podnajom\/?s={search_term_string}\"},\"query-input\":\"required name=search_term_string\"}],\"inLanguage\":\"sk-SK\"},{\"@type\":\"Person\",\"@id\":\"https:\/\/baportal.sk\/podnajom\/#\/schema\/person\/1048c08c599b2e93379d6374549bd168\",\"name\":\"marek\",\"image\":{\"@type\":\"ImageObject\",\"inLanguage\":\"sk-SK\",\"@id\":\"https:\/\/baportal.sk\/podnajom\/#\/schema\/person\/image\/\",\"url\":\"https:\/\/secure.gravatar.com\/avatar\/cdf0fbd37411d455f1afd87f93b867f6?s=96&d=mm&r=g\",\"contentUrl\":\"https:\/\/secure.gravatar.com\/avatar\/cdf0fbd37411d455f1afd87f93b867f6?s=96&d=mm&r=g\",\"caption\":\"marek\"},\"sameAs\":[\"https:\/\/www.baportal.sk\/podnajom\"]}]}<\/script>\n<!-- \/ Yoast SEO plugin. -->","yoast_head_json":{"title":"3-izbov\u00fd byt s terasou a balk\u00f3nom 98 m2 | Podn\u00e1jom - Baportal.sk - Bratislava","description":"Slne\u010dn\u00fd a priestrann\u00fd 3-izbov\u00fd byt v rodinnom dome v slepej uli\u010dke na hradnom vrchu v srdci Bratislavy. Lokalita je tich\u00e1 a pln\u00e1 zelene a nach\u00e1dza sa","robots":{"index":"index","follow":"follow","max-snippet":"max-snippet:-1","max-image-preview":"max-image-preview:large","max-video-preview":"max-video-preview:-1"},"canonical":"https:\/\/baportal.sk\/podnajom\/in\/55792\/","og_locale":"sk_SK","og_type":"article","og_title":"3-izbov\u00fd byt s terasou a balk\u00f3nom 98 m2 | Podn\u00e1jom - Baportal.sk - Bratislava","og_description":"Slne\u010dn\u00fd a priestrann\u00fd 3-izbov\u00fd byt v rodinnom dome v slepej uli\u010dke na hradnom vrchu v srdci Bratislavy. Lokalita je tich\u00e1 a pln\u00e1 zelene a nach\u00e1dza sa","og_url":"https:\/\/baportal.sk\/podnajom\/in\/55792\/","og_site_name":"Podn\u00e1jom - Baportal.sk - Bratislava","article_published_time":"2022-05-05T01:01:49+00:00","author":"marek","twitter_card":"summary_large_image","twitter_misc":{"Autor":"marek","Predpokladan\u00fd \u010das \u010d\u00edtania":"2 min\u00faty"},"schema":{"@context":"https:\/\/schema.org","@graph":[{"@type":"WebPage","@id":"https:\/\/baportal.sk\/podnajom\/in\/55792\/","url":"https:\/\/baportal.sk\/podnajom\/in\/55792\/","name":"3-izbov\u00fd byt s terasou a balk\u00f3nom 98 m2 | Podn\u00e1jom - Baportal.sk - Bratislava","isPartOf":{"@id":"https:\/\/baportal.sk\/podnajom\/#website"},"primaryImageOfPage":{"@id":"https:\/\/baportal.sk\/podnajom\/in\/55792\/#primaryimage"},"image":{"@id":"https:\/\/baportal.sk\/podnajom\/in\/55792\/#primaryimage"},"thumbnailUrl":"https:\/\/baportal.sk\/podnajom\/wp-content\/uploads\/2023\/03\/3-izbovy-byt-s-terasou-a-balkonom-98-m2.jpeg","datePublished":"2022-05-05T01:01:49+00:00","dateModified":"2022-05-05T01:01:49+00:00","author":{"@id":"https:\/\/baportal.sk\/podnajom\/#\/schema\/person\/1048c08c599b2e93379d6374549bd168"},"description":"Slne\u010dn\u00fd a priestrann\u00fd 3-izbov\u00fd byt v rodinnom dome v slepej uli\u010dke na hradnom vrchu v srdci Bratislavy. Lokalita je tich\u00e1 a pln\u00e1 zelene a nach\u00e1dza sa","breadcrumb":{"@id":"https:\/\/baportal.sk\/podnajom\/in\/55792\/#breadcrumb"},"inLanguage":"sk-SK","potentialAction":[{"@type":"ReadAction","target":["https:\/\/baportal.sk\/podnajom\/in\/55792\/"]}]},{"@type":"ImageObject","inLanguage":"sk-SK","@id":"https:\/\/baportal.sk\/podnajom\/in\/55792\/#primaryimage","url":"https:\/\/baportal.sk\/podnajom\/wp-content\/uploads\/2023\/03\/3-izbovy-byt-s-terasou-a-balkonom-98-m2.jpeg","contentUrl":"https:\/\/baportal.sk\/podnajom\/wp-content\/uploads\/2023\/03\/3-izbovy-byt-s-terasou-a-balkonom-98-m2.jpeg","width":600,"height":315},{"@type":"BreadcrumbList","@id":"https:\/\/baportal.sk\/podnajom\/in\/55792\/#breadcrumb","itemListElement":[{"@type":"ListItem","position":1,"name":"Domovsk\u00e1 str\u00e1nka","item":"https:\/\/baportal.sk\/podnajom\/"},{"@type":"ListItem","position":2,"name":"3-izbov\u00fd byt s terasou a balk\u00f3nom 98 m2"}]},{"@type":"WebSite","@id":"https:\/\/baportal.sk\/podnajom\/#website","url":"https:\/\/baportal.sk\/podnajom\/","name":"Podn\u00e1jom - Baportal.sk - Bratislava","description":"","potentialAction":[{"@type":"SearchAction","target":{"@type":"EntryPoint","urlTemplate":"https:\/\/baportal.sk\/podnajom\/?s={search_term_string}"},"query-input":"required name=search_term_string"}],"inLanguage":"sk-SK"},{"@type":"Person","@id":"https:\/\/baportal.sk\/podnajom\/#\/schema\/person\/1048c08c599b2e93379d6374549bd168","name":"marek","image":{"@type":"ImageObject","inLanguage":"sk-SK","@id":"https:\/\/baportal.sk\/podnajom\/#\/schema\/person\/image\/","url":"https:\/\/secure.gravatar.com\/avatar\/cdf0fbd37411d455f1afd87f93b867f6?s=96&d=mm&r=g","contentUrl":"https:\/\/secure.gravatar.com\/avatar\/cdf0fbd37411d455f1afd87f93b867f6?s=96&d=mm&r=g","caption":"marek"},"sameAs":["https:\/\/www.baportal.sk\/podnajom"]}]}},"_links":{"self":[{"href":"https:\/\/baportal.sk\/podnajom\/wp-json\/wp\/v2\/posts\/55792"}],"collection":[{"href":"https:\/\/baportal.sk\/podnajom\/wp-json\/wp\/v2\/posts"}],"about":[{"href":"https:\/\/baportal.sk\/podnajom\/wp-json\/wp\/v2\/types\/post"}],"author":[{"embeddable":true,"href":"https:\/\/baportal.sk\/podnajom\/wp-json\/wp\/v2\/users\/1"}],"replies":[{"embeddable":true,"href":"https:\/\/baportal.sk\/podnajom\/wp-json\/wp\/v2\/comments?post=55792"}],"version-history":[{"count":0,"href":"https:\/\/baportal.sk\/podnajom\/wp-json\/wp\/v2\/posts\/55792\/revisions"}],"wp:featuredmedia":[{"embeddable":true,"href":"https:\/\/baportal.sk\/podnajom\/wp-json\/wp\/v2\/media\/55793"}],"wp:attachment":[{"href":"https:\/\/baportal.sk\/podnajom\/wp-json\/wp\/v2\/media?parent=55792"}],"wp:term":[{"taxonomy":"category","embeddable":true,"href":"https:\/\/baportal.sk\/podnajom\/wp-json\/wp\/v2\/categories?post=55792"},{"taxonomy":"post_tag","embeddable":true,"href":"https:\/\/baportal.sk\/podnajom\/wp-json\/wp\/v2\/tags?post=55792"}],"curies":[{"name":"wp","href":"https:\/\/api.w.org\/{rel}","templated":true}]}}