{"id":56173,"date":"2022-05-05T03:01:49","date_gmt":"2022-05-05T01:01:49","guid":{"rendered":"https:\/\/baportal.sk\/podnajom\/in\/56173\/"},"modified":"2022-05-05T03:01:49","modified_gmt":"2022-05-05T01:01:49","slug":"bosen-prenajom-2-izbovy-byt-s-vyhladom-na-hrad-terasou-a-parkovacim-miestom-klingerka-bratis","status":"publish","type":"post","link":"https:\/\/baportal.sk\/podnajom\/in\/56173\/","title":{"rendered":"BOSEN | Pren\u00e1jom  2 - izbov\u00fd byt s v\u00fdh\u013eadom na hrad, terasou a parkovac\u00edm miestom, KLINGERKA, Bratis"},"content":{"rendered":"<div class=\"text-inner\">\n                                Bosen Group V\u00e1m pon\u00faka na pren\u00e1jom NEZARIADEN\u00dd 2 izbov\u00fd byt s terasou v projekte Klingerka, Bratislava \u2013 mestsk\u00e1 \u010das\u0165 Ru\u017einov. <\/p>\n<p>BYT: Byt m\u00e1 v\u00fdmeru 57,5 m2 plus terasa 5 m2. Nach\u00e1dza sa na 28\/35 poschod\u00ed bytov\u00e9ho domu s v\u00fdh\u013eadom na hrad a Dunaj. K bytu prisl\u00facha pivnica. <\/p>\n<p>DISPOZ\u00cdCIA: Vstupn\u00e1 chodba, presvetlen\u00e1 ob\u00fdvacia \u010das\u0165 spojen\u00e1 s kuchy\u0148ou s v\u00fdstupom na terasu, sp\u00e1l\u0148a, k\u00fape\u013e\u0148a s va\u0148ou a WC.<\/p>\n<p>ZARIADNIE: Kuchynsk\u00e1 linka, vstavan\u00e9 spotrebi\u010de \u2013 zabudovan\u00e1 um\u00fdva\u010dka riadu, mikrovlnn\u00e1 r\u00fara, elektrick\u00e1 r\u00fara, induk\u010dn\u00e1 doska, chladni\u010dka s mrazni\u010dkou, digestor. Ve\u0161iakov\u00e1 zostava vo vstupnej chodbe, zrkadlo, vstavan\u00e1 rolldorov\u00e1 skri\u0148a v izbe. V k\u00fape\u013eni je k dispoz\u00edcii nov\u00e1 pr\u00e1\u010dka a su\u0161i\u010dka. <\/p>\n<p>3D VIRTU\u00c1LNA PREHLIADKA : https:\/\/my.matterport.com\/show\/?m=wB6s5giJjvU<\/p>\n<p>PARKOVANIE: Parkovacie st\u00e1tie v gar\u00e1\u017ei bytov\u00e9ho domu. <\/p>\n<p>LOKALITA: Novoskolaudovan\u00fd projekt KLINGERKA sa nach\u00e1dza na hranici Star\u00e9ho Mesta a Ru\u017einova v rozrastaj\u00facej sa \u0161tvrti, ktor\u00e1 je jednou z najvyh\u013ead\u00e1vanej\u0161\u00edch \u010dasti Bratislavy. V tesne bl\u00edzkosti n\u00e1jdete hne\u010f dve ve\u013ek\u00e9 n\u00e1kupn\u00e9 centr\u00e1 a to Eurovea a Nivy, ktor\u00fdch s\u00fa\u010das\u0165ou je aj nov\u00e1 autobusov\u00e1 stanica. Okolie pon\u00faka kompletn\u00fa ob\u010diansku vybavenos\u0165, r\u00fdchle napojenie na dia\u013eni\u010dn\u00fd obchvat. V tesnej bl\u00edzkosti sa nach\u00e1dzaj\u00fa zast\u00e1vky MHD, cyklotrasa. <\/p>\n<p>CENA: 800 \u20ac n\u00e1jom\/mesiac + 200 \u20ac energie\/mesiac + 100 \u20ac gar\u00e1\u017eov\u00e9 st\u00e1tie\/mesiac + depozit vo v\u00fd\u0161ke dvojmesa\u010dn\u00e9ho n\u00e1jomn\u00e9ho <\/p>\n<p>Internet, TV a elektrina nie je zahrnut\u00fd v cene energi\u00ed a je v r\u00e9\u017ei\u00ed n\u00e1jomcu. <\/p>\n<p>Byt je vhodn\u00fd pre jednu, maxim\u00e1lne dve osoby, povolen\u00fd je aj mal\u00fd ps\u00edk. Byt je vo\u013en\u00fd ihne\u010f. <\/p>\n<p>Realitn\u00e1 kancel\u00e1ria Bosen Group je \u010dlenom Realitnej \u00fanie SR a riadi sa jej Realitn\u00fdm k\u00f3dexom. Uveden\u00e1 cena je kone\u010dn\u00e1, zah\u0155\u0148a pr\u00e1vny servis zabezpe\u010dovan\u00fd advok\u00e1tskou kancel\u00e1riou a poradenstvo pri pren\u00e1jme nehnute\u013enosti.                            <\/p><\/div>\n","protected":false},"excerpt":{"rendered":"<p>Bosen Group V\u00e1m pon\u00faka na pren\u00e1jom NEZARIADEN\u00dd 2 izbov\u00fd byt s terasou v projekte Klingerka, Bratislava \u2013 mestsk\u00e1 \u010das\u0165 Ru\u017einov. BYT: Byt m\u00e1 v\u00fdmeru 57,5 m2 plus terasa 5 m2. Nach\u00e1dza sa na 28\/35 poschod\u00ed bytov\u00e9ho domu s v\u00fdh\u013eadom na hrad a Dunaj. K bytu prisl\u00facha pivnica. DISPOZ\u00cdCIA: Vstupn\u00e1 chodba, presvetlen\u00e1 ob\u00fdvacia \u010das\u0165 spojen\u00e1 s [&hellip;]<\/p>\n","protected":false},"author":1,"featured_media":56174,"comment_status":"open","ping_status":"open","sticky":false,"template":"","format":"standard","meta":{"footnotes":""},"categories":[4],"tags":[],"class_list":["post-56173","post","type-post","status-publish","format-standard","has-post-thumbnail","hentry","category-prenajom-bytu"],"yoast_head":"<!-- This site is optimized with the Yoast SEO plugin v23.1 - https:\/\/yoast.com\/wordpress\/plugins\/seo\/ -->\n<title>BOSEN | Pren\u00e1jom 2 - izbov\u00fd byt s v\u00fdh\u013eadom na hrad, terasou a parkovac\u00edm miestom, KLINGERKA, Bratis | Podn\u00e1jom - Baportal.sk - Bratislava<\/title>\n<meta name=\"description\" content=\"Bosen Group V\u00e1m pon\u00faka na pren\u00e1jom NEZARIADEN\u00dd 2 izbov\u00fd byt s terasou v projekte Klingerka, Bratislava \u2013 mestsk\u00e1 \u010das\u0165 Ru\u017einov. BYT: Byt m\u00e1 v\u00fdmeru 57,5 m2\" \/>\n<meta name=\"robots\" content=\"index, follow, max-snippet:-1, max-image-preview:large, max-video-preview:-1\" \/>\n<link rel=\"canonical\" href=\"https:\/\/baportal.sk\/podnajom\/in\/56173\/\" \/>\n<meta property=\"og:locale\" content=\"sk_SK\" \/>\n<meta property=\"og:type\" content=\"article\" \/>\n<meta property=\"og:title\" content=\"BOSEN | Pren\u00e1jom 2 - izbov\u00fd byt s v\u00fdh\u013eadom na hrad, terasou a parkovac\u00edm miestom, KLINGERKA, Bratis | Podn\u00e1jom - Baportal.sk - Bratislava\" \/>\n<meta property=\"og:description\" content=\"Bosen Group V\u00e1m pon\u00faka na pren\u00e1jom NEZARIADEN\u00dd 2 izbov\u00fd byt s terasou v projekte Klingerka, Bratislava \u2013 mestsk\u00e1 \u010das\u0165 Ru\u017einov. BYT: Byt m\u00e1 v\u00fdmeru 57,5 m2\" \/>\n<meta property=\"og:url\" content=\"https:\/\/baportal.sk\/podnajom\/in\/56173\/\" \/>\n<meta property=\"og:site_name\" content=\"Podn\u00e1jom - Baportal.sk - Bratislava\" \/>\n<meta property=\"article:published_time\" content=\"2022-05-05T01:01:49+00:00\" \/>\n<meta name=\"author\" content=\"marek\" \/>\n<meta name=\"twitter:card\" content=\"summary_large_image\" \/>\n<meta name=\"twitter:label1\" content=\"Autor\" \/>\n\t<meta name=\"twitter:data1\" content=\"marek\" \/>\n\t<meta name=\"twitter:label2\" content=\"Predpokladan\u00fd \u010das \u010d\u00edtania\" \/>\n\t<meta name=\"twitter:data2\" content=\"2 min\u00faty\" \/>\n<script type=\"application\/ld+json\" class=\"yoast-schema-graph\">{\"@context\":\"https:\/\/schema.org\",\"@graph\":[{\"@type\":\"WebPage\",\"@id\":\"https:\/\/baportal.sk\/podnajom\/in\/56173\/\",\"url\":\"https:\/\/baportal.sk\/podnajom\/in\/56173\/\",\"name\":\"BOSEN | Pren\u00e1jom 2 - izbov\u00fd byt s v\u00fdh\u013eadom na hrad, terasou a parkovac\u00edm miestom, KLINGERKA, Bratis | Podn\u00e1jom - Baportal.sk - Bratislava\",\"isPartOf\":{\"@id\":\"https:\/\/baportal.sk\/podnajom\/#website\"},\"primaryImageOfPage\":{\"@id\":\"https:\/\/baportal.sk\/podnajom\/in\/56173\/#primaryimage\"},\"image\":{\"@id\":\"https:\/\/baportal.sk\/podnajom\/in\/56173\/#primaryimage\"},\"thumbnailUrl\":\"https:\/\/baportal.sk\/podnajom\/wp-content\/uploads\/2023\/03\/1680004030_BOSEN-Prenajom-2-izbovy-byt-s-vyhladom-na.jpeg\",\"datePublished\":\"2022-05-05T01:01:49+00:00\",\"dateModified\":\"2022-05-05T01:01:49+00:00\",\"author\":{\"@id\":\"https:\/\/baportal.sk\/podnajom\/#\/schema\/person\/1048c08c599b2e93379d6374549bd168\"},\"description\":\"Bosen Group V\u00e1m pon\u00faka na pren\u00e1jom NEZARIADEN\u00dd 2 izbov\u00fd byt s terasou v projekte Klingerka, Bratislava \u2013 mestsk\u00e1 \u010das\u0165 Ru\u017einov. BYT: Byt m\u00e1 v\u00fdmeru 57,5 m2\",\"breadcrumb\":{\"@id\":\"https:\/\/baportal.sk\/podnajom\/in\/56173\/#breadcrumb\"},\"inLanguage\":\"sk-SK\",\"potentialAction\":[{\"@type\":\"ReadAction\",\"target\":[\"https:\/\/baportal.sk\/podnajom\/in\/56173\/\"]}]},{\"@type\":\"ImageObject\",\"inLanguage\":\"sk-SK\",\"@id\":\"https:\/\/baportal.sk\/podnajom\/in\/56173\/#primaryimage\",\"url\":\"https:\/\/baportal.sk\/podnajom\/wp-content\/uploads\/2023\/03\/1680004030_BOSEN-Prenajom-2-izbovy-byt-s-vyhladom-na.jpeg\",\"contentUrl\":\"https:\/\/baportal.sk\/podnajom\/wp-content\/uploads\/2023\/03\/1680004030_BOSEN-Prenajom-2-izbovy-byt-s-vyhladom-na.jpeg\",\"width\":600,\"height\":315},{\"@type\":\"BreadcrumbList\",\"@id\":\"https:\/\/baportal.sk\/podnajom\/in\/56173\/#breadcrumb\",\"itemListElement\":[{\"@type\":\"ListItem\",\"position\":1,\"name\":\"Domovsk\u00e1 str\u00e1nka\",\"item\":\"https:\/\/baportal.sk\/podnajom\/\"},{\"@type\":\"ListItem\",\"position\":2,\"name\":\"BOSEN | Pren\u00e1jom 2 - izbov\u00fd byt s v\u00fdh\u013eadom na hrad, terasou a parkovac\u00edm miestom, KLINGERKA, Bratis\"}]},{\"@type\":\"WebSite\",\"@id\":\"https:\/\/baportal.sk\/podnajom\/#website\",\"url\":\"https:\/\/baportal.sk\/podnajom\/\",\"name\":\"Podn\u00e1jom - Baportal.sk - Bratislava\",\"description\":\"\",\"potentialAction\":[{\"@type\":\"SearchAction\",\"target\":{\"@type\":\"EntryPoint\",\"urlTemplate\":\"https:\/\/baportal.sk\/podnajom\/?s={search_term_string}\"},\"query-input\":\"required name=search_term_string\"}],\"inLanguage\":\"sk-SK\"},{\"@type\":\"Person\",\"@id\":\"https:\/\/baportal.sk\/podnajom\/#\/schema\/person\/1048c08c599b2e93379d6374549bd168\",\"name\":\"marek\",\"image\":{\"@type\":\"ImageObject\",\"inLanguage\":\"sk-SK\",\"@id\":\"https:\/\/baportal.sk\/podnajom\/#\/schema\/person\/image\/\",\"url\":\"https:\/\/secure.gravatar.com\/avatar\/cdf0fbd37411d455f1afd87f93b867f6?s=96&d=mm&r=g\",\"contentUrl\":\"https:\/\/secure.gravatar.com\/avatar\/cdf0fbd37411d455f1afd87f93b867f6?s=96&d=mm&r=g\",\"caption\":\"marek\"},\"sameAs\":[\"https:\/\/www.baportal.sk\/podnajom\"]}]}<\/script>\n<!-- \/ Yoast SEO plugin. -->","yoast_head_json":{"title":"BOSEN | Pren\u00e1jom 2 - izbov\u00fd byt s v\u00fdh\u013eadom na hrad, terasou a parkovac\u00edm miestom, KLINGERKA, Bratis | Podn\u00e1jom - Baportal.sk - Bratislava","description":"Bosen Group V\u00e1m pon\u00faka na pren\u00e1jom NEZARIADEN\u00dd 2 izbov\u00fd byt s terasou v projekte Klingerka, Bratislava \u2013 mestsk\u00e1 \u010das\u0165 Ru\u017einov. BYT: Byt m\u00e1 v\u00fdmeru 57,5 m2","robots":{"index":"index","follow":"follow","max-snippet":"max-snippet:-1","max-image-preview":"max-image-preview:large","max-video-preview":"max-video-preview:-1"},"canonical":"https:\/\/baportal.sk\/podnajom\/in\/56173\/","og_locale":"sk_SK","og_type":"article","og_title":"BOSEN | Pren\u00e1jom 2 - izbov\u00fd byt s v\u00fdh\u013eadom na hrad, terasou a parkovac\u00edm miestom, KLINGERKA, Bratis | Podn\u00e1jom - Baportal.sk - Bratislava","og_description":"Bosen Group V\u00e1m pon\u00faka na pren\u00e1jom NEZARIADEN\u00dd 2 izbov\u00fd byt s terasou v projekte Klingerka, Bratislava \u2013 mestsk\u00e1 \u010das\u0165 Ru\u017einov. BYT: Byt m\u00e1 v\u00fdmeru 57,5 m2","og_url":"https:\/\/baportal.sk\/podnajom\/in\/56173\/","og_site_name":"Podn\u00e1jom - Baportal.sk - Bratislava","article_published_time":"2022-05-05T01:01:49+00:00","author":"marek","twitter_card":"summary_large_image","twitter_misc":{"Autor":"marek","Predpokladan\u00fd \u010das \u010d\u00edtania":"2 min\u00faty"},"schema":{"@context":"https:\/\/schema.org","@graph":[{"@type":"WebPage","@id":"https:\/\/baportal.sk\/podnajom\/in\/56173\/","url":"https:\/\/baportal.sk\/podnajom\/in\/56173\/","name":"BOSEN | Pren\u00e1jom 2 - izbov\u00fd byt s v\u00fdh\u013eadom na hrad, terasou a parkovac\u00edm miestom, KLINGERKA, Bratis | Podn\u00e1jom - Baportal.sk - Bratislava","isPartOf":{"@id":"https:\/\/baportal.sk\/podnajom\/#website"},"primaryImageOfPage":{"@id":"https:\/\/baportal.sk\/podnajom\/in\/56173\/#primaryimage"},"image":{"@id":"https:\/\/baportal.sk\/podnajom\/in\/56173\/#primaryimage"},"thumbnailUrl":"https:\/\/baportal.sk\/podnajom\/wp-content\/uploads\/2023\/03\/1680004030_BOSEN-Prenajom-2-izbovy-byt-s-vyhladom-na.jpeg","datePublished":"2022-05-05T01:01:49+00:00","dateModified":"2022-05-05T01:01:49+00:00","author":{"@id":"https:\/\/baportal.sk\/podnajom\/#\/schema\/person\/1048c08c599b2e93379d6374549bd168"},"description":"Bosen Group V\u00e1m pon\u00faka na pren\u00e1jom NEZARIADEN\u00dd 2 izbov\u00fd byt s terasou v projekte Klingerka, Bratislava \u2013 mestsk\u00e1 \u010das\u0165 Ru\u017einov. BYT: Byt m\u00e1 v\u00fdmeru 57,5 m2","breadcrumb":{"@id":"https:\/\/baportal.sk\/podnajom\/in\/56173\/#breadcrumb"},"inLanguage":"sk-SK","potentialAction":[{"@type":"ReadAction","target":["https:\/\/baportal.sk\/podnajom\/in\/56173\/"]}]},{"@type":"ImageObject","inLanguage":"sk-SK","@id":"https:\/\/baportal.sk\/podnajom\/in\/56173\/#primaryimage","url":"https:\/\/baportal.sk\/podnajom\/wp-content\/uploads\/2023\/03\/1680004030_BOSEN-Prenajom-2-izbovy-byt-s-vyhladom-na.jpeg","contentUrl":"https:\/\/baportal.sk\/podnajom\/wp-content\/uploads\/2023\/03\/1680004030_BOSEN-Prenajom-2-izbovy-byt-s-vyhladom-na.jpeg","width":600,"height":315},{"@type":"BreadcrumbList","@id":"https:\/\/baportal.sk\/podnajom\/in\/56173\/#breadcrumb","itemListElement":[{"@type":"ListItem","position":1,"name":"Domovsk\u00e1 str\u00e1nka","item":"https:\/\/baportal.sk\/podnajom\/"},{"@type":"ListItem","position":2,"name":"BOSEN | Pren\u00e1jom 2 - izbov\u00fd byt s v\u00fdh\u013eadom na hrad, terasou a parkovac\u00edm miestom, KLINGERKA, Bratis"}]},{"@type":"WebSite","@id":"https:\/\/baportal.sk\/podnajom\/#website","url":"https:\/\/baportal.sk\/podnajom\/","name":"Podn\u00e1jom - Baportal.sk - Bratislava","description":"","potentialAction":[{"@type":"SearchAction","target":{"@type":"EntryPoint","urlTemplate":"https:\/\/baportal.sk\/podnajom\/?s={search_term_string}"},"query-input":"required name=search_term_string"}],"inLanguage":"sk-SK"},{"@type":"Person","@id":"https:\/\/baportal.sk\/podnajom\/#\/schema\/person\/1048c08c599b2e93379d6374549bd168","name":"marek","image":{"@type":"ImageObject","inLanguage":"sk-SK","@id":"https:\/\/baportal.sk\/podnajom\/#\/schema\/person\/image\/","url":"https:\/\/secure.gravatar.com\/avatar\/cdf0fbd37411d455f1afd87f93b867f6?s=96&d=mm&r=g","contentUrl":"https:\/\/secure.gravatar.com\/avatar\/cdf0fbd37411d455f1afd87f93b867f6?s=96&d=mm&r=g","caption":"marek"},"sameAs":["https:\/\/www.baportal.sk\/podnajom"]}]}},"_links":{"self":[{"href":"https:\/\/baportal.sk\/podnajom\/wp-json\/wp\/v2\/posts\/56173"}],"collection":[{"href":"https:\/\/baportal.sk\/podnajom\/wp-json\/wp\/v2\/posts"}],"about":[{"href":"https:\/\/baportal.sk\/podnajom\/wp-json\/wp\/v2\/types\/post"}],"author":[{"embeddable":true,"href":"https:\/\/baportal.sk\/podnajom\/wp-json\/wp\/v2\/users\/1"}],"replies":[{"embeddable":true,"href":"https:\/\/baportal.sk\/podnajom\/wp-json\/wp\/v2\/comments?post=56173"}],"version-history":[{"count":0,"href":"https:\/\/baportal.sk\/podnajom\/wp-json\/wp\/v2\/posts\/56173\/revisions"}],"wp:featuredmedia":[{"embeddable":true,"href":"https:\/\/baportal.sk\/podnajom\/wp-json\/wp\/v2\/media\/56174"}],"wp:attachment":[{"href":"https:\/\/baportal.sk\/podnajom\/wp-json\/wp\/v2\/media?parent=56173"}],"wp:term":[{"taxonomy":"category","embeddable":true,"href":"https:\/\/baportal.sk\/podnajom\/wp-json\/wp\/v2\/categories?post=56173"},{"taxonomy":"post_tag","embeddable":true,"href":"https:\/\/baportal.sk\/podnajom\/wp-json\/wp\/v2\/tags?post=56173"}],"curies":[{"name":"wp","href":"https:\/\/api.w.org\/{rel}","templated":true}]}}