{"id":56199,"date":"2022-05-05T03:01:49","date_gmt":"2022-05-05T01:01:49","guid":{"rendered":"https:\/\/baportal.sk\/podnajom\/in\/56199\/"},"modified":"2022-05-05T03:01:49","modified_gmt":"2022-05-05T01:01:49","slug":"bosen-2-izb-byt-s-loggiou-na-18-poschodi-v-projekte-klingerka-sukennicka-58-m2","status":"publish","type":"post","link":"https:\/\/baportal.sk\/podnajom\/in\/56199\/","title":{"rendered":"BOSEN | 2 izb.byt s loggiou na 18. poschod\u00ed v projekte KLINGERKA, S\u00fakenn\u00edcka, 58 m2"},"content":{"rendered":"<div class=\"text-inner\">\n                                Bosen Group V\u00e1m pon\u00faka na pren\u00e1jom nov\u00fd 2 izbov\u00fd zariaden\u00fd byt s loggiou a parkingom v novostavbe projektu KLINGERKA. Nach\u00e1dza sa vo ve\u013emi ob\u013e\u00fabenej lokalite na hranici Star\u00e9ho Mesta a Ru\u017einova - S\u00fakenn\u00edcka ulica. <\/p>\n<p>BYT: V\u00fdmera bytu je 58,1 m2 vr\u00e1tane loggie 4,8 m2 plus 2,5 m2 pivnica. Kompletne zariaden\u00fd byt so z\u00e1padnou orient\u00e1ciou a v\u00fdh\u013eadom na Star\u00e9 Mesto. Nach\u00e1dza sa na 18. poschod\u00ed z 35.<\/p>\n<p>DISPOZ\u00cdCIA: vstupn\u00e1 hala so vstavanou skri\u0148ou, k\u00fape\u013e\u0148a s WC, ob\u00fdvacia izba s kuchy\u0148ou a v\u00fdstupom na loggiu<\/p>\n<p>LOKALITA: Byt je zasaden\u00fd v lokalite, ktor\u00e1 sp\u00e1ja dohromady b\u00fdvanie v novom centre Bratislavy, mo\u017enos\u0165 prech\u00e1dzky na promen\u00e1de pri rieke Dunaj a v\u00fdborn\u00fa ob\u010diansku vybavenos\u0165. Priamo pri dome je n\u00e1kupn\u00e9 centrum Eurovea a mo\u017enosti bezprobl\u00e9mov\u00e9ho dopravn\u00e9ho spojenia.<\/p>\n<p>CENA: 990 \u20ac\/mesiac + n\u00e1klady na byt 200 \u20ac + 100 \u20ac parkovanie<\/p>\n<p>Realitn\u00e1 kancel\u00e1ria Bosen Group je \u010dlenom Realitnej \u00fanie SR a riadi sa jej Realitn\u00fdm k\u00f3dexom. Uveden\u00e1 cena je kone\u010dn\u00e1, zah\u0155\u0148a prov\u00edziu realitnej kancel\u00e1rie, pr\u00e1vny servis zabezpe\u010dovan\u00fd advok\u00e1tskou kancel\u00e1riou.                            <\/p><\/div>\n","protected":false},"excerpt":{"rendered":"<p>Bosen Group V\u00e1m pon\u00faka na pren\u00e1jom nov\u00fd 2 izbov\u00fd zariaden\u00fd byt s loggiou a parkingom v novostavbe projektu KLINGERKA. Nach\u00e1dza sa vo ve\u013emi ob\u013e\u00fabenej lokalite na hranici Star\u00e9ho Mesta a Ru\u017einova - S\u00fakenn\u00edcka ulica. BYT: V\u00fdmera bytu je 58,1 m2 vr\u00e1tane loggie 4,8 m2 plus 2,5 m2 pivnica. Kompletne zariaden\u00fd byt so z\u00e1padnou orient\u00e1ciou a [&hellip;]<\/p>\n","protected":false},"author":1,"featured_media":56200,"comment_status":"open","ping_status":"open","sticky":false,"template":"","format":"standard","meta":{"footnotes":""},"categories":[4],"tags":[],"class_list":["post-56199","post","type-post","status-publish","format-standard","has-post-thumbnail","hentry","category-prenajom-bytu"],"yoast_head":"<!-- This site is optimized with the Yoast SEO plugin v23.1 - https:\/\/yoast.com\/wordpress\/plugins\/seo\/ -->\n<title>BOSEN | 2 izb.byt s loggiou na 18. poschod\u00ed v projekte KLINGERKA, S\u00fakenn\u00edcka, 58 m2 | Podn\u00e1jom - Baportal.sk - Bratislava<\/title>\n<meta name=\"description\" content=\"Bosen Group V\u00e1m pon\u00faka na pren\u00e1jom nov\u00fd 2 izbov\u00fd zariaden\u00fd byt s loggiou a parkingom v novostavbe projektu KLINGERKA. Nach\u00e1dza sa vo ve\u013emi ob\u013e\u00fabenej\" \/>\n<meta name=\"robots\" content=\"index, follow, max-snippet:-1, max-image-preview:large, max-video-preview:-1\" \/>\n<link rel=\"canonical\" href=\"https:\/\/baportal.sk\/podnajom\/in\/56199\/\" \/>\n<meta property=\"og:locale\" content=\"sk_SK\" \/>\n<meta property=\"og:type\" content=\"article\" \/>\n<meta property=\"og:title\" content=\"BOSEN | 2 izb.byt s loggiou na 18. poschod\u00ed v projekte KLINGERKA, S\u00fakenn\u00edcka, 58 m2 | Podn\u00e1jom - Baportal.sk - Bratislava\" \/>\n<meta property=\"og:description\" content=\"Bosen Group V\u00e1m pon\u00faka na pren\u00e1jom nov\u00fd 2 izbov\u00fd zariaden\u00fd byt s loggiou a parkingom v novostavbe projektu KLINGERKA. Nach\u00e1dza sa vo ve\u013emi ob\u013e\u00fabenej\" \/>\n<meta property=\"og:url\" content=\"https:\/\/baportal.sk\/podnajom\/in\/56199\/\" \/>\n<meta property=\"og:site_name\" content=\"Podn\u00e1jom - Baportal.sk - Bratislava\" \/>\n<meta property=\"article:published_time\" content=\"2022-05-05T01:01:49+00:00\" \/>\n<meta name=\"author\" content=\"marek\" \/>\n<meta name=\"twitter:card\" content=\"summary_large_image\" \/>\n<meta name=\"twitter:label1\" content=\"Autor\" \/>\n\t<meta name=\"twitter:data1\" content=\"marek\" \/>\n\t<meta name=\"twitter:label2\" content=\"Predpokladan\u00fd \u010das \u010d\u00edtania\" \/>\n\t<meta name=\"twitter:data2\" content=\"1 min\u00fata\" \/>\n<script type=\"application\/ld+json\" class=\"yoast-schema-graph\">{\"@context\":\"https:\/\/schema.org\",\"@graph\":[{\"@type\":\"WebPage\",\"@id\":\"https:\/\/baportal.sk\/podnajom\/in\/56199\/\",\"url\":\"https:\/\/baportal.sk\/podnajom\/in\/56199\/\",\"name\":\"BOSEN | 2 izb.byt s loggiou na 18. poschod\u00ed v projekte KLINGERKA, S\u00fakenn\u00edcka, 58 m2 | Podn\u00e1jom - Baportal.sk - Bratislava\",\"isPartOf\":{\"@id\":\"https:\/\/baportal.sk\/podnajom\/#website\"},\"primaryImageOfPage\":{\"@id\":\"https:\/\/baportal.sk\/podnajom\/in\/56199\/#primaryimage\"},\"image\":{\"@id\":\"https:\/\/baportal.sk\/podnajom\/in\/56199\/#primaryimage\"},\"thumbnailUrl\":\"https:\/\/baportal.sk\/podnajom\/wp-content\/uploads\/2023\/03\/BOSEN-2-izbbyt-s-loggiou-na-18-poschodi-v.jpeg\",\"datePublished\":\"2022-05-05T01:01:49+00:00\",\"dateModified\":\"2022-05-05T01:01:49+00:00\",\"author\":{\"@id\":\"https:\/\/baportal.sk\/podnajom\/#\/schema\/person\/1048c08c599b2e93379d6374549bd168\"},\"description\":\"Bosen Group V\u00e1m pon\u00faka na pren\u00e1jom nov\u00fd 2 izbov\u00fd zariaden\u00fd byt s loggiou a parkingom v novostavbe projektu KLINGERKA. Nach\u00e1dza sa vo ve\u013emi ob\u013e\u00fabenej\",\"breadcrumb\":{\"@id\":\"https:\/\/baportal.sk\/podnajom\/in\/56199\/#breadcrumb\"},\"inLanguage\":\"sk-SK\",\"potentialAction\":[{\"@type\":\"ReadAction\",\"target\":[\"https:\/\/baportal.sk\/podnajom\/in\/56199\/\"]}]},{\"@type\":\"ImageObject\",\"inLanguage\":\"sk-SK\",\"@id\":\"https:\/\/baportal.sk\/podnajom\/in\/56199\/#primaryimage\",\"url\":\"https:\/\/baportal.sk\/podnajom\/wp-content\/uploads\/2023\/03\/BOSEN-2-izbbyt-s-loggiou-na-18-poschodi-v.jpeg\",\"contentUrl\":\"https:\/\/baportal.sk\/podnajom\/wp-content\/uploads\/2023\/03\/BOSEN-2-izbbyt-s-loggiou-na-18-poschodi-v.jpeg\",\"width\":600,\"height\":315},{\"@type\":\"BreadcrumbList\",\"@id\":\"https:\/\/baportal.sk\/podnajom\/in\/56199\/#breadcrumb\",\"itemListElement\":[{\"@type\":\"ListItem\",\"position\":1,\"name\":\"Domovsk\u00e1 str\u00e1nka\",\"item\":\"https:\/\/baportal.sk\/podnajom\/\"},{\"@type\":\"ListItem\",\"position\":2,\"name\":\"BOSEN | 2 izb.byt s loggiou na 18. poschod\u00ed v projekte KLINGERKA, S\u00fakenn\u00edcka, 58 m2\"}]},{\"@type\":\"WebSite\",\"@id\":\"https:\/\/baportal.sk\/podnajom\/#website\",\"url\":\"https:\/\/baportal.sk\/podnajom\/\",\"name\":\"Podn\u00e1jom - Baportal.sk - Bratislava\",\"description\":\"\",\"potentialAction\":[{\"@type\":\"SearchAction\",\"target\":{\"@type\":\"EntryPoint\",\"urlTemplate\":\"https:\/\/baportal.sk\/podnajom\/?s={search_term_string}\"},\"query-input\":\"required name=search_term_string\"}],\"inLanguage\":\"sk-SK\"},{\"@type\":\"Person\",\"@id\":\"https:\/\/baportal.sk\/podnajom\/#\/schema\/person\/1048c08c599b2e93379d6374549bd168\",\"name\":\"marek\",\"image\":{\"@type\":\"ImageObject\",\"inLanguage\":\"sk-SK\",\"@id\":\"https:\/\/baportal.sk\/podnajom\/#\/schema\/person\/image\/\",\"url\":\"https:\/\/secure.gravatar.com\/avatar\/cdf0fbd37411d455f1afd87f93b867f6?s=96&d=mm&r=g\",\"contentUrl\":\"https:\/\/secure.gravatar.com\/avatar\/cdf0fbd37411d455f1afd87f93b867f6?s=96&d=mm&r=g\",\"caption\":\"marek\"},\"sameAs\":[\"https:\/\/www.baportal.sk\/podnajom\"]}]}<\/script>\n<!-- \/ Yoast SEO plugin. -->","yoast_head_json":{"title":"BOSEN | 2 izb.byt s loggiou na 18. poschod\u00ed v projekte KLINGERKA, S\u00fakenn\u00edcka, 58 m2 | Podn\u00e1jom - Baportal.sk - Bratislava","description":"Bosen Group V\u00e1m pon\u00faka na pren\u00e1jom nov\u00fd 2 izbov\u00fd zariaden\u00fd byt s loggiou a parkingom v novostavbe projektu KLINGERKA. Nach\u00e1dza sa vo ve\u013emi ob\u013e\u00fabenej","robots":{"index":"index","follow":"follow","max-snippet":"max-snippet:-1","max-image-preview":"max-image-preview:large","max-video-preview":"max-video-preview:-1"},"canonical":"https:\/\/baportal.sk\/podnajom\/in\/56199\/","og_locale":"sk_SK","og_type":"article","og_title":"BOSEN | 2 izb.byt s loggiou na 18. poschod\u00ed v projekte KLINGERKA, S\u00fakenn\u00edcka, 58 m2 | Podn\u00e1jom - Baportal.sk - Bratislava","og_description":"Bosen Group V\u00e1m pon\u00faka na pren\u00e1jom nov\u00fd 2 izbov\u00fd zariaden\u00fd byt s loggiou a parkingom v novostavbe projektu KLINGERKA. Nach\u00e1dza sa vo ve\u013emi ob\u013e\u00fabenej","og_url":"https:\/\/baportal.sk\/podnajom\/in\/56199\/","og_site_name":"Podn\u00e1jom - Baportal.sk - Bratislava","article_published_time":"2022-05-05T01:01:49+00:00","author":"marek","twitter_card":"summary_large_image","twitter_misc":{"Autor":"marek","Predpokladan\u00fd \u010das \u010d\u00edtania":"1 min\u00fata"},"schema":{"@context":"https:\/\/schema.org","@graph":[{"@type":"WebPage","@id":"https:\/\/baportal.sk\/podnajom\/in\/56199\/","url":"https:\/\/baportal.sk\/podnajom\/in\/56199\/","name":"BOSEN | 2 izb.byt s loggiou na 18. poschod\u00ed v projekte KLINGERKA, S\u00fakenn\u00edcka, 58 m2 | Podn\u00e1jom - Baportal.sk - Bratislava","isPartOf":{"@id":"https:\/\/baportal.sk\/podnajom\/#website"},"primaryImageOfPage":{"@id":"https:\/\/baportal.sk\/podnajom\/in\/56199\/#primaryimage"},"image":{"@id":"https:\/\/baportal.sk\/podnajom\/in\/56199\/#primaryimage"},"thumbnailUrl":"https:\/\/baportal.sk\/podnajom\/wp-content\/uploads\/2023\/03\/BOSEN-2-izbbyt-s-loggiou-na-18-poschodi-v.jpeg","datePublished":"2022-05-05T01:01:49+00:00","dateModified":"2022-05-05T01:01:49+00:00","author":{"@id":"https:\/\/baportal.sk\/podnajom\/#\/schema\/person\/1048c08c599b2e93379d6374549bd168"},"description":"Bosen Group V\u00e1m pon\u00faka na pren\u00e1jom nov\u00fd 2 izbov\u00fd zariaden\u00fd byt s loggiou a parkingom v novostavbe projektu KLINGERKA. Nach\u00e1dza sa vo ve\u013emi ob\u013e\u00fabenej","breadcrumb":{"@id":"https:\/\/baportal.sk\/podnajom\/in\/56199\/#breadcrumb"},"inLanguage":"sk-SK","potentialAction":[{"@type":"ReadAction","target":["https:\/\/baportal.sk\/podnajom\/in\/56199\/"]}]},{"@type":"ImageObject","inLanguage":"sk-SK","@id":"https:\/\/baportal.sk\/podnajom\/in\/56199\/#primaryimage","url":"https:\/\/baportal.sk\/podnajom\/wp-content\/uploads\/2023\/03\/BOSEN-2-izbbyt-s-loggiou-na-18-poschodi-v.jpeg","contentUrl":"https:\/\/baportal.sk\/podnajom\/wp-content\/uploads\/2023\/03\/BOSEN-2-izbbyt-s-loggiou-na-18-poschodi-v.jpeg","width":600,"height":315},{"@type":"BreadcrumbList","@id":"https:\/\/baportal.sk\/podnajom\/in\/56199\/#breadcrumb","itemListElement":[{"@type":"ListItem","position":1,"name":"Domovsk\u00e1 str\u00e1nka","item":"https:\/\/baportal.sk\/podnajom\/"},{"@type":"ListItem","position":2,"name":"BOSEN | 2 izb.byt s loggiou na 18. poschod\u00ed v projekte KLINGERKA, S\u00fakenn\u00edcka, 58 m2"}]},{"@type":"WebSite","@id":"https:\/\/baportal.sk\/podnajom\/#website","url":"https:\/\/baportal.sk\/podnajom\/","name":"Podn\u00e1jom - Baportal.sk - Bratislava","description":"","potentialAction":[{"@type":"SearchAction","target":{"@type":"EntryPoint","urlTemplate":"https:\/\/baportal.sk\/podnajom\/?s={search_term_string}"},"query-input":"required name=search_term_string"}],"inLanguage":"sk-SK"},{"@type":"Person","@id":"https:\/\/baportal.sk\/podnajom\/#\/schema\/person\/1048c08c599b2e93379d6374549bd168","name":"marek","image":{"@type":"ImageObject","inLanguage":"sk-SK","@id":"https:\/\/baportal.sk\/podnajom\/#\/schema\/person\/image\/","url":"https:\/\/secure.gravatar.com\/avatar\/cdf0fbd37411d455f1afd87f93b867f6?s=96&d=mm&r=g","contentUrl":"https:\/\/secure.gravatar.com\/avatar\/cdf0fbd37411d455f1afd87f93b867f6?s=96&d=mm&r=g","caption":"marek"},"sameAs":["https:\/\/www.baportal.sk\/podnajom"]}]}},"_links":{"self":[{"href":"https:\/\/baportal.sk\/podnajom\/wp-json\/wp\/v2\/posts\/56199"}],"collection":[{"href":"https:\/\/baportal.sk\/podnajom\/wp-json\/wp\/v2\/posts"}],"about":[{"href":"https:\/\/baportal.sk\/podnajom\/wp-json\/wp\/v2\/types\/post"}],"author":[{"embeddable":true,"href":"https:\/\/baportal.sk\/podnajom\/wp-json\/wp\/v2\/users\/1"}],"replies":[{"embeddable":true,"href":"https:\/\/baportal.sk\/podnajom\/wp-json\/wp\/v2\/comments?post=56199"}],"version-history":[{"count":0,"href":"https:\/\/baportal.sk\/podnajom\/wp-json\/wp\/v2\/posts\/56199\/revisions"}],"wp:featuredmedia":[{"embeddable":true,"href":"https:\/\/baportal.sk\/podnajom\/wp-json\/wp\/v2\/media\/56200"}],"wp:attachment":[{"href":"https:\/\/baportal.sk\/podnajom\/wp-json\/wp\/v2\/media?parent=56199"}],"wp:term":[{"taxonomy":"category","embeddable":true,"href":"https:\/\/baportal.sk\/podnajom\/wp-json\/wp\/v2\/categories?post=56199"},{"taxonomy":"post_tag","embeddable":true,"href":"https:\/\/baportal.sk\/podnajom\/wp-json\/wp\/v2\/tags?post=56199"}],"curies":[{"name":"wp","href":"https:\/\/api.w.org\/{rel}","templated":true}]}}