{"id":59990,"date":"2022-05-05T03:01:49","date_gmt":"2022-05-05T01:01:49","guid":{"rendered":"https:\/\/baportal.sk\/podnajom\/in\/59990\/"},"modified":"2022-05-05T03:01:49","modified_gmt":"2022-05-05T01:01:49","slug":"uplne-novy-dizajnovy-zariadeny-2-izb-byt-s-velkou-terasou-a-parkovacim-miestom-caka-na-svojho-najom-3","status":"publish","type":"post","link":"https:\/\/baportal.sk\/podnajom\/in\/59990\/","title":{"rendered":"\u00daPLNE NOV\u00dd DIZAJNOV\u00dd ZARIADEN\u00dd 2-IZB. BYT S VE\u013dKOU TERASOU A PARKOVAC\u00cdM MIESTOM \u010cAK\u00c1 NA SVOJHO N\u00c1JOM"},"content":{"rendered":"<div class=\"text-inner\">\n                                \u00daPLNE NOV\u00dd DIZAJNOV\u00dd ZARIADEN\u00dd 2-IZB. BYT S VE\u013dKOU TERASOU A PARKOVAN\u00cdM \u010cAK\u00c1 NA SVOJHO N\u00c1JOMCU,PETR\u017dALKA Byt sa nachadza na 6\/7 posch. v novostavbe bytoveho domu Slnecnice -zona mesto na ulici Zuzany Chalupovej, Bratislava-Petrzalka. V\u00fdmera: 60 m2 + terasa 25 m2 S\u00fakromie zabezpe\u010duje vonkaj\u0161ie elektrick\u00e9 \u017eal\u00fazie na v\u0161etk\u00fdch okn\u00e1ch Byt sa prenajima kompletne moderne zariadeny novym nabytkom a spotrebicmi: chladni\u010dka s mrazni\u010dkou, varn\u00e1 doska, el. r\u00fara, MW, digestor Klarstein, kuchynsk\u00e9 vybavenie.. Dispoz\u00edcia: prakticky oddelen\u00e1 ob\u00fdvacia a spacia \u010das\u0165 -terasa so seden\u00edm po celej d\u013a\u017eke bytu Byt sa nachadza v lokalite s vybornou ob\u010dianskou vybavenostou a rychlym pristupom do centra mesta. Byt je tich\u00fd a svetl\u00fd, kompletn\u00e1 ob\u010dianska vybavenos\u0165: \u0161k\u00f4lka, obchody, potraviny, MHD... Cena prenajmu je 750Eur \/ mes \u00a0 K dispoz\u00edcii parkovacie miesto v podzemnej garazi v cene najmu! Okam\u017eite k dispoz\u00edcii. Kontakt: Ivor Slav\u010dev 0903 224 211                            <\/div>\n","protected":false},"excerpt":{"rendered":"<p>\u00daPLNE NOV\u00dd DIZAJNOV\u00dd ZARIADEN\u00dd 2-IZB. BYT S VE\u013dKOU TERASOU A PARKOVAN\u00cdM \u010cAK\u00c1 NA SVOJHO N\u00c1JOMCU,PETR\u017dALKA Byt sa nachadza na 6\/7 posch. v novostavbe bytoveho domu Slnecnice -zona mesto na ulici Zuzany Chalupovej, Bratislava-Petrzalka. V\u00fdmera: 60 m2 + terasa 25 m2 S\u00fakromie zabezpe\u010duje vonkaj\u0161ie elektrick\u00e9 \u017eal\u00fazie na v\u0161etk\u00fdch okn\u00e1ch Byt sa prenajima kompletne moderne zariadeny novym [&hellip;]<\/p>\n","protected":false},"author":1,"featured_media":59020,"comment_status":"open","ping_status":"open","sticky":false,"template":"","format":"standard","meta":{"footnotes":""},"categories":[4],"tags":[],"class_list":["post-59990","post","type-post","status-publish","format-standard","has-post-thumbnail","hentry","category-prenajom-bytu"],"yoast_head":"<!-- This site is optimized with the Yoast SEO plugin v23.1 - https:\/\/yoast.com\/wordpress\/plugins\/seo\/ -->\n<title>\u00daPLNE NOV\u00dd DIZAJNOV\u00dd ZARIADEN\u00dd 2-IZB. BYT S VE\u013dKOU TERASOU A PARKOVAC\u00cdM MIESTOM \u010cAK\u00c1 NA SVOJHO N\u00c1JOM | Podn\u00e1jom - Baportal.sk - Bratislava<\/title>\n<meta name=\"description\" content=\"\u00daPLNE NOV\u00dd DIZAJNOV\u00dd ZARIADEN\u00dd 2-IZB. BYT S VE\u013dKOU TERASOU A PARKOVAN\u00cdM \u010cAK\u00c1 NA SVOJHO N\u00c1JOMCU,PETR\u017dALKA Byt sa nachadza na 6\/7 posch. v novostavbe\" \/>\n<meta name=\"robots\" content=\"index, follow, max-snippet:-1, max-image-preview:large, max-video-preview:-1\" \/>\n<link rel=\"canonical\" href=\"https:\/\/baportal.sk\/podnajom\/in\/59990\/\" \/>\n<meta property=\"og:locale\" content=\"sk_SK\" \/>\n<meta property=\"og:type\" content=\"article\" \/>\n<meta property=\"og:title\" content=\"\u00daPLNE NOV\u00dd DIZAJNOV\u00dd ZARIADEN\u00dd 2-IZB. BYT S VE\u013dKOU TERASOU A PARKOVAC\u00cdM MIESTOM \u010cAK\u00c1 NA SVOJHO N\u00c1JOM | Podn\u00e1jom - Baportal.sk - Bratislava\" \/>\n<meta property=\"og:description\" content=\"\u00daPLNE NOV\u00dd DIZAJNOV\u00dd ZARIADEN\u00dd 2-IZB. BYT S VE\u013dKOU TERASOU A PARKOVAN\u00cdM \u010cAK\u00c1 NA SVOJHO N\u00c1JOMCU,PETR\u017dALKA Byt sa nachadza na 6\/7 posch. v novostavbe\" \/>\n<meta property=\"og:url\" content=\"https:\/\/baportal.sk\/podnajom\/in\/59990\/\" \/>\n<meta property=\"og:site_name\" content=\"Podn\u00e1jom - Baportal.sk - Bratislava\" \/>\n<meta property=\"article:published_time\" content=\"2022-05-05T01:01:49+00:00\" \/>\n<meta name=\"author\" content=\"marek\" \/>\n<meta name=\"twitter:card\" content=\"summary_large_image\" \/>\n<meta name=\"twitter:label1\" content=\"Autor\" \/>\n\t<meta name=\"twitter:data1\" content=\"marek\" \/>\n\t<meta name=\"twitter:label2\" content=\"Predpokladan\u00fd \u010das \u010d\u00edtania\" \/>\n\t<meta name=\"twitter:data2\" content=\"1 min\u00fata\" \/>\n<script type=\"application\/ld+json\" class=\"yoast-schema-graph\">{\"@context\":\"https:\/\/schema.org\",\"@graph\":[{\"@type\":\"WebPage\",\"@id\":\"https:\/\/baportal.sk\/podnajom\/in\/59990\/\",\"url\":\"https:\/\/baportal.sk\/podnajom\/in\/59990\/\",\"name\":\"\u00daPLNE NOV\u00dd DIZAJNOV\u00dd ZARIADEN\u00dd 2-IZB. BYT S VE\u013dKOU TERASOU A PARKOVAC\u00cdM MIESTOM \u010cAK\u00c1 NA SVOJHO N\u00c1JOM | Podn\u00e1jom - Baportal.sk - Bratislava\",\"isPartOf\":{\"@id\":\"https:\/\/baportal.sk\/podnajom\/#website\"},\"primaryImageOfPage\":{\"@id\":\"https:\/\/baportal.sk\/podnajom\/in\/59990\/#primaryimage\"},\"image\":{\"@id\":\"https:\/\/baportal.sk\/podnajom\/in\/59990\/#primaryimage\"},\"thumbnailUrl\":\"https:\/\/baportal.sk\/podnajom\/wp-content\/uploads\/2023\/05\/UPLNE-NOVY-DIZAJNOVY-ZARIADENY-2-IZB-BYT-S-VELKOU-TERASOU-A.jpeg\",\"datePublished\":\"2022-05-05T01:01:49+00:00\",\"dateModified\":\"2022-05-05T01:01:49+00:00\",\"author\":{\"@id\":\"https:\/\/baportal.sk\/podnajom\/#\/schema\/person\/1048c08c599b2e93379d6374549bd168\"},\"description\":\"\u00daPLNE NOV\u00dd DIZAJNOV\u00dd ZARIADEN\u00dd 2-IZB. BYT S VE\u013dKOU TERASOU A PARKOVAN\u00cdM \u010cAK\u00c1 NA SVOJHO N\u00c1JOMCU,PETR\u017dALKA Byt sa nachadza na 6\/7 posch. v novostavbe\",\"breadcrumb\":{\"@id\":\"https:\/\/baportal.sk\/podnajom\/in\/59990\/#breadcrumb\"},\"inLanguage\":\"sk-SK\",\"potentialAction\":[{\"@type\":\"ReadAction\",\"target\":[\"https:\/\/baportal.sk\/podnajom\/in\/59990\/\"]}]},{\"@type\":\"ImageObject\",\"inLanguage\":\"sk-SK\",\"@id\":\"https:\/\/baportal.sk\/podnajom\/in\/59990\/#primaryimage\",\"url\":\"https:\/\/baportal.sk\/podnajom\/wp-content\/uploads\/2023\/05\/UPLNE-NOVY-DIZAJNOVY-ZARIADENY-2-IZB-BYT-S-VELKOU-TERASOU-A.jpeg\",\"contentUrl\":\"https:\/\/baportal.sk\/podnajom\/wp-content\/uploads\/2023\/05\/UPLNE-NOVY-DIZAJNOVY-ZARIADENY-2-IZB-BYT-S-VELKOU-TERASOU-A.jpeg\",\"width\":600,\"height\":315},{\"@type\":\"BreadcrumbList\",\"@id\":\"https:\/\/baportal.sk\/podnajom\/in\/59990\/#breadcrumb\",\"itemListElement\":[{\"@type\":\"ListItem\",\"position\":1,\"name\":\"Domovsk\u00e1 str\u00e1nka\",\"item\":\"https:\/\/baportal.sk\/podnajom\/\"},{\"@type\":\"ListItem\",\"position\":2,\"name\":\"\u00daPLNE NOV\u00dd DIZAJNOV\u00dd ZARIADEN\u00dd 2-IZB. BYT S VE\u013dKOU TERASOU A PARKOVAC\u00cdM MIESTOM \u010cAK\u00c1 NA SVOJHO N\u00c1JOM\"}]},{\"@type\":\"WebSite\",\"@id\":\"https:\/\/baportal.sk\/podnajom\/#website\",\"url\":\"https:\/\/baportal.sk\/podnajom\/\",\"name\":\"Podn\u00e1jom - Baportal.sk - Bratislava\",\"description\":\"\",\"potentialAction\":[{\"@type\":\"SearchAction\",\"target\":{\"@type\":\"EntryPoint\",\"urlTemplate\":\"https:\/\/baportal.sk\/podnajom\/?s={search_term_string}\"},\"query-input\":\"required name=search_term_string\"}],\"inLanguage\":\"sk-SK\"},{\"@type\":\"Person\",\"@id\":\"https:\/\/baportal.sk\/podnajom\/#\/schema\/person\/1048c08c599b2e93379d6374549bd168\",\"name\":\"marek\",\"image\":{\"@type\":\"ImageObject\",\"inLanguage\":\"sk-SK\",\"@id\":\"https:\/\/baportal.sk\/podnajom\/#\/schema\/person\/image\/\",\"url\":\"https:\/\/secure.gravatar.com\/avatar\/cdf0fbd37411d455f1afd87f93b867f6?s=96&d=mm&r=g\",\"contentUrl\":\"https:\/\/secure.gravatar.com\/avatar\/cdf0fbd37411d455f1afd87f93b867f6?s=96&d=mm&r=g\",\"caption\":\"marek\"},\"sameAs\":[\"https:\/\/www.baportal.sk\/podnajom\"]}]}<\/script>\n<!-- \/ Yoast SEO plugin. -->","yoast_head_json":{"title":"\u00daPLNE NOV\u00dd DIZAJNOV\u00dd ZARIADEN\u00dd 2-IZB. BYT S VE\u013dKOU TERASOU A PARKOVAC\u00cdM MIESTOM \u010cAK\u00c1 NA SVOJHO N\u00c1JOM | Podn\u00e1jom - Baportal.sk - Bratislava","description":"\u00daPLNE NOV\u00dd DIZAJNOV\u00dd ZARIADEN\u00dd 2-IZB. BYT S VE\u013dKOU TERASOU A PARKOVAN\u00cdM \u010cAK\u00c1 NA SVOJHO N\u00c1JOMCU,PETR\u017dALKA Byt sa nachadza na 6\/7 posch. v novostavbe","robots":{"index":"index","follow":"follow","max-snippet":"max-snippet:-1","max-image-preview":"max-image-preview:large","max-video-preview":"max-video-preview:-1"},"canonical":"https:\/\/baportal.sk\/podnajom\/in\/59990\/","og_locale":"sk_SK","og_type":"article","og_title":"\u00daPLNE NOV\u00dd DIZAJNOV\u00dd ZARIADEN\u00dd 2-IZB. BYT S VE\u013dKOU TERASOU A PARKOVAC\u00cdM MIESTOM \u010cAK\u00c1 NA SVOJHO N\u00c1JOM | Podn\u00e1jom - Baportal.sk - Bratislava","og_description":"\u00daPLNE NOV\u00dd DIZAJNOV\u00dd ZARIADEN\u00dd 2-IZB. BYT S VE\u013dKOU TERASOU A PARKOVAN\u00cdM \u010cAK\u00c1 NA SVOJHO N\u00c1JOMCU,PETR\u017dALKA Byt sa nachadza na 6\/7 posch. v novostavbe","og_url":"https:\/\/baportal.sk\/podnajom\/in\/59990\/","og_site_name":"Podn\u00e1jom - Baportal.sk - Bratislava","article_published_time":"2022-05-05T01:01:49+00:00","author":"marek","twitter_card":"summary_large_image","twitter_misc":{"Autor":"marek","Predpokladan\u00fd \u010das \u010d\u00edtania":"1 min\u00fata"},"schema":{"@context":"https:\/\/schema.org","@graph":[{"@type":"WebPage","@id":"https:\/\/baportal.sk\/podnajom\/in\/59990\/","url":"https:\/\/baportal.sk\/podnajom\/in\/59990\/","name":"\u00daPLNE NOV\u00dd DIZAJNOV\u00dd ZARIADEN\u00dd 2-IZB. BYT S VE\u013dKOU TERASOU A PARKOVAC\u00cdM MIESTOM \u010cAK\u00c1 NA SVOJHO N\u00c1JOM | Podn\u00e1jom - Baportal.sk - Bratislava","isPartOf":{"@id":"https:\/\/baportal.sk\/podnajom\/#website"},"primaryImageOfPage":{"@id":"https:\/\/baportal.sk\/podnajom\/in\/59990\/#primaryimage"},"image":{"@id":"https:\/\/baportal.sk\/podnajom\/in\/59990\/#primaryimage"},"thumbnailUrl":"https:\/\/baportal.sk\/podnajom\/wp-content\/uploads\/2023\/05\/UPLNE-NOVY-DIZAJNOVY-ZARIADENY-2-IZB-BYT-S-VELKOU-TERASOU-A.jpeg","datePublished":"2022-05-05T01:01:49+00:00","dateModified":"2022-05-05T01:01:49+00:00","author":{"@id":"https:\/\/baportal.sk\/podnajom\/#\/schema\/person\/1048c08c599b2e93379d6374549bd168"},"description":"\u00daPLNE NOV\u00dd DIZAJNOV\u00dd ZARIADEN\u00dd 2-IZB. BYT S VE\u013dKOU TERASOU A PARKOVAN\u00cdM \u010cAK\u00c1 NA SVOJHO N\u00c1JOMCU,PETR\u017dALKA Byt sa nachadza na 6\/7 posch. v novostavbe","breadcrumb":{"@id":"https:\/\/baportal.sk\/podnajom\/in\/59990\/#breadcrumb"},"inLanguage":"sk-SK","potentialAction":[{"@type":"ReadAction","target":["https:\/\/baportal.sk\/podnajom\/in\/59990\/"]}]},{"@type":"ImageObject","inLanguage":"sk-SK","@id":"https:\/\/baportal.sk\/podnajom\/in\/59990\/#primaryimage","url":"https:\/\/baportal.sk\/podnajom\/wp-content\/uploads\/2023\/05\/UPLNE-NOVY-DIZAJNOVY-ZARIADENY-2-IZB-BYT-S-VELKOU-TERASOU-A.jpeg","contentUrl":"https:\/\/baportal.sk\/podnajom\/wp-content\/uploads\/2023\/05\/UPLNE-NOVY-DIZAJNOVY-ZARIADENY-2-IZB-BYT-S-VELKOU-TERASOU-A.jpeg","width":600,"height":315},{"@type":"BreadcrumbList","@id":"https:\/\/baportal.sk\/podnajom\/in\/59990\/#breadcrumb","itemListElement":[{"@type":"ListItem","position":1,"name":"Domovsk\u00e1 str\u00e1nka","item":"https:\/\/baportal.sk\/podnajom\/"},{"@type":"ListItem","position":2,"name":"\u00daPLNE NOV\u00dd DIZAJNOV\u00dd ZARIADEN\u00dd 2-IZB. BYT S VE\u013dKOU TERASOU A PARKOVAC\u00cdM MIESTOM \u010cAK\u00c1 NA SVOJHO N\u00c1JOM"}]},{"@type":"WebSite","@id":"https:\/\/baportal.sk\/podnajom\/#website","url":"https:\/\/baportal.sk\/podnajom\/","name":"Podn\u00e1jom - Baportal.sk - Bratislava","description":"","potentialAction":[{"@type":"SearchAction","target":{"@type":"EntryPoint","urlTemplate":"https:\/\/baportal.sk\/podnajom\/?s={search_term_string}"},"query-input":"required name=search_term_string"}],"inLanguage":"sk-SK"},{"@type":"Person","@id":"https:\/\/baportal.sk\/podnajom\/#\/schema\/person\/1048c08c599b2e93379d6374549bd168","name":"marek","image":{"@type":"ImageObject","inLanguage":"sk-SK","@id":"https:\/\/baportal.sk\/podnajom\/#\/schema\/person\/image\/","url":"https:\/\/secure.gravatar.com\/avatar\/cdf0fbd37411d455f1afd87f93b867f6?s=96&d=mm&r=g","contentUrl":"https:\/\/secure.gravatar.com\/avatar\/cdf0fbd37411d455f1afd87f93b867f6?s=96&d=mm&r=g","caption":"marek"},"sameAs":["https:\/\/www.baportal.sk\/podnajom"]}]}},"_links":{"self":[{"href":"https:\/\/baportal.sk\/podnajom\/wp-json\/wp\/v2\/posts\/59990"}],"collection":[{"href":"https:\/\/baportal.sk\/podnajom\/wp-json\/wp\/v2\/posts"}],"about":[{"href":"https:\/\/baportal.sk\/podnajom\/wp-json\/wp\/v2\/types\/post"}],"author":[{"embeddable":true,"href":"https:\/\/baportal.sk\/podnajom\/wp-json\/wp\/v2\/users\/1"}],"replies":[{"embeddable":true,"href":"https:\/\/baportal.sk\/podnajom\/wp-json\/wp\/v2\/comments?post=59990"}],"version-history":[{"count":0,"href":"https:\/\/baportal.sk\/podnajom\/wp-json\/wp\/v2\/posts\/59990\/revisions"}],"wp:featuredmedia":[{"embeddable":true,"href":"https:\/\/baportal.sk\/podnajom\/wp-json\/wp\/v2\/media\/59020"}],"wp:attachment":[{"href":"https:\/\/baportal.sk\/podnajom\/wp-json\/wp\/v2\/media?parent=59990"}],"wp:term":[{"taxonomy":"category","embeddable":true,"href":"https:\/\/baportal.sk\/podnajom\/wp-json\/wp\/v2\/categories?post=59990"},{"taxonomy":"post_tag","embeddable":true,"href":"https:\/\/baportal.sk\/podnajom\/wp-json\/wp\/v2\/tags?post=59990"}],"curies":[{"name":"wp","href":"https:\/\/api.w.org\/{rel}","templated":true}]}}