{"id":60059,"date":"2022-05-05T03:01:49","date_gmt":"2022-05-05T01:01:49","guid":{"rendered":"https:\/\/baportal.sk\/podnajom\/in\/60059\/"},"modified":"2022-05-05T03:01:49","modified_gmt":"2022-05-05T01:01:49","slug":"novy-moderny-zariadeny-2-izbovy-byt-ovocne-sady","status":"publish","type":"post","link":"https:\/\/baportal.sk\/podnajom\/in\/60059\/","title":{"rendered":"Nov\u00fd, modern\u00fd, zariaden\u00fd 2-izbov\u00fd byt Ovocn\u00e9 sady"},"content":{"rendered":"<div class=\"text-inner\">\n                                Pon\u00fakam na dlhodob\u00fd pren\u00e1jom nov\u00fd, zariaden\u00fd 2 izbov\u00fd byt v novostavbe v projekte Ovocn\u00e9 sady na Iv\u00e1nskej ceste.<\/p>\n<p>Byt sa nach\u00e1dza na 4. poschod\u00ed z celkovo 6 poschod\u00ed bytov\u00e9ho domu s dvoma v\u00fd\u0165ahmi. Je orientovan\u00fd na v\u00fdchod a sever. Podlahov\u00e1 plocha bytu je 42 m2, balk\u00f3n 3,2 m2, k bytu patr\u00ed pivni\u010dn\u00e1 kobka s plochou 2 m2 na pr\u00edzem\u00ed. Po dohode je mo\u017en\u00e9 s bytom u\u017e\u00edva\u0165 aj vonkaj\u0161ie parkovacie st\u00e1tie priamo pred bytov\u00fdm domom s v\u00fdh\u013eadom na parkovacie miesto z bytu. Byt je vhodn\u00fd pre najviac dve osoby bez zviera\u0165a.<\/p>\n<p>Byt tvor\u00ed ob\u00fdva\u010dka prepojen\u00e1 s kuchy\u0148ou, sp\u00e1l\u0148a, k\u00fape\u013e\u0148a, vstupn\u00e1 chodba a balk\u00f3n. V\u0161etky miestnosti s\u00fa kompletne zariaden\u00e9 (nov\u00e9 spotrebi\u010de SAMSUNG - vstavan\u00e1  chladni\u010dka s mrazni\u010dkou, digestor, mikrovlnka, induk\u010dn\u00e1 varn\u00e1 doska, elektrick\u00e1 r\u00fara, pr\u00e1\u010dka a telev\u00edzor). N\u00e1bytok je preva\u017ene nov\u00fd, v sp\u00e1lni je vstavan\u00e1 skri\u0148a. Kuchy\u0148a je vybaven\u00e1 riadom, pr\u00edborom, r\u00fdchlovarnou kanvicou a \u010fal\u0161\u00edm kuchynsk\u00fdm vybaven\u00edm. Byt nebol doteraz u\u017e\u00edvan\u00fd.<\/p>\n<p>Byt je pripraven\u00fd k nas\u0165ahovaniu ihne\u010f.<\/p>\n<p>Lokalita je dopravne napojen\u00e1 na dia\u013eni\u010dn\u00fd obchvat s r\u00fdchlim pr\u00edstupom do centra mesta. V bl\u00edzkosti sa nach\u00e1dza z\u00e1stavka MHD. V novovybudovanej \u0161tvrti je ve\u013ek\u00fd park vr\u00e1tane relax z\u00f3ny so zariadeniami na opekanie a detsk\u00e9 ihrisko. Okrem aktiv\u00edt v centr\u00e1lnom parku pon\u00fakaj\u00fa Ovocn\u00e9 sady aj zauj\u00edmav\u00e9 pr\u00edle\u017eitosti na relax a \u0161port v okol\u00ed. V susedstve projektu sa nach\u00e1dza \u0161portov\u00e9 centrum Aircraft. V pe\u0161ej dostupnosti s\u00fa obchodn\u00e9 centr\u00e1 Avion, IKEA, Pharos a Korzo. Priamo v projekte bud\u00fa otvoren\u00e9 potraviny.<\/p>\n<p>N\u00e1jomn\u00e9 za byt je 580,- EUR mesa\u010dne plus z\u00e1loha na energie vo v\u00fd\u0161ke 150 EUR mesa\u010dne (vr\u00e1tane TV sign\u00e1lu a internetov\u00fdch slu\u017eieb v programe M). Z\u00e1loha na energie je uveden\u00e1 pre jednu osobu.<br \/>\nPri odovzdan\u00ed bytu je splatn\u00fd vratn\u00fd depozit vo v\u00fd\u0161ke 730,- EUR.                            <\/div>\n","protected":false},"excerpt":{"rendered":"<p>Pon\u00fakam na dlhodob\u00fd pren\u00e1jom nov\u00fd, zariaden\u00fd 2 izbov\u00fd byt v novostavbe v projekte Ovocn\u00e9 sady na Iv\u00e1nskej ceste. Byt sa nach\u00e1dza na 4. poschod\u00ed z celkovo 6 poschod\u00ed bytov\u00e9ho domu s dvoma v\u00fd\u0165ahmi. Je orientovan\u00fd na v\u00fdchod a sever. Podlahov\u00e1 plocha bytu je 42 m2, balk\u00f3n 3,2 m2, k bytu patr\u00ed pivni\u010dn\u00e1 kobka s plochou [&hellip;]<\/p>\n","protected":false},"author":1,"featured_media":60060,"comment_status":"open","ping_status":"open","sticky":false,"template":"","format":"standard","meta":{"footnotes":""},"categories":[4],"tags":[],"class_list":["post-60059","post","type-post","status-publish","format-standard","has-post-thumbnail","hentry","category-prenajom-bytu"],"yoast_head":"<!-- This site is optimized with the Yoast SEO plugin v23.1 - https:\/\/yoast.com\/wordpress\/plugins\/seo\/ -->\n<title>Nov\u00fd, modern\u00fd, zariaden\u00fd 2-izbov\u00fd byt Ovocn\u00e9 sady | Podn\u00e1jom - Baportal.sk - Bratislava<\/title>\n<meta name=\"description\" content=\"Pon\u00fakam na dlhodob\u00fd pren\u00e1jom nov\u00fd, zariaden\u00fd 2 izbov\u00fd byt v novostavbe v projekte Ovocn\u00e9 sady na Iv\u00e1nskej ceste. Byt sa nach\u00e1dza na 4. poschod\u00ed z celkovo\" \/>\n<meta name=\"robots\" content=\"index, follow, max-snippet:-1, max-image-preview:large, max-video-preview:-1\" \/>\n<link rel=\"canonical\" href=\"https:\/\/baportal.sk\/podnajom\/in\/60059\/\" \/>\n<meta property=\"og:locale\" content=\"sk_SK\" \/>\n<meta property=\"og:type\" content=\"article\" \/>\n<meta property=\"og:title\" content=\"Nov\u00fd, modern\u00fd, zariaden\u00fd 2-izbov\u00fd byt Ovocn\u00e9 sady | Podn\u00e1jom - Baportal.sk - Bratislava\" \/>\n<meta property=\"og:description\" content=\"Pon\u00fakam na dlhodob\u00fd pren\u00e1jom nov\u00fd, zariaden\u00fd 2 izbov\u00fd byt v novostavbe v projekte Ovocn\u00e9 sady na Iv\u00e1nskej ceste. Byt sa nach\u00e1dza na 4. poschod\u00ed z celkovo\" \/>\n<meta property=\"og:url\" content=\"https:\/\/baportal.sk\/podnajom\/in\/60059\/\" \/>\n<meta property=\"og:site_name\" content=\"Podn\u00e1jom - Baportal.sk - Bratislava\" \/>\n<meta property=\"article:published_time\" content=\"2022-05-05T01:01:49+00:00\" \/>\n<meta name=\"author\" content=\"marek\" \/>\n<meta name=\"twitter:card\" content=\"summary_large_image\" \/>\n<meta name=\"twitter:label1\" content=\"Autor\" \/>\n\t<meta name=\"twitter:data1\" content=\"marek\" \/>\n\t<meta name=\"twitter:label2\" content=\"Predpokladan\u00fd \u010das \u010d\u00edtania\" \/>\n\t<meta name=\"twitter:data2\" content=\"2 min\u00faty\" \/>\n<script type=\"application\/ld+json\" class=\"yoast-schema-graph\">{\"@context\":\"https:\/\/schema.org\",\"@graph\":[{\"@type\":\"WebPage\",\"@id\":\"https:\/\/baportal.sk\/podnajom\/in\/60059\/\",\"url\":\"https:\/\/baportal.sk\/podnajom\/in\/60059\/\",\"name\":\"Nov\u00fd, modern\u00fd, zariaden\u00fd 2-izbov\u00fd byt Ovocn\u00e9 sady | Podn\u00e1jom - Baportal.sk - Bratislava\",\"isPartOf\":{\"@id\":\"https:\/\/baportal.sk\/podnajom\/#website\"},\"primaryImageOfPage\":{\"@id\":\"https:\/\/baportal.sk\/podnajom\/in\/60059\/#primaryimage\"},\"image\":{\"@id\":\"https:\/\/baportal.sk\/podnajom\/in\/60059\/#primaryimage\"},\"thumbnailUrl\":\"https:\/\/baportal.sk\/podnajom\/wp-content\/uploads\/2023\/05\/Novy-moderny-zariadeny-2-izbovy-byt-Ovocne-sady.jpeg\",\"datePublished\":\"2022-05-05T01:01:49+00:00\",\"dateModified\":\"2022-05-05T01:01:49+00:00\",\"author\":{\"@id\":\"https:\/\/baportal.sk\/podnajom\/#\/schema\/person\/1048c08c599b2e93379d6374549bd168\"},\"description\":\"Pon\u00fakam na dlhodob\u00fd pren\u00e1jom nov\u00fd, zariaden\u00fd 2 izbov\u00fd byt v novostavbe v projekte Ovocn\u00e9 sady na Iv\u00e1nskej ceste. Byt sa nach\u00e1dza na 4. poschod\u00ed z celkovo\",\"breadcrumb\":{\"@id\":\"https:\/\/baportal.sk\/podnajom\/in\/60059\/#breadcrumb\"},\"inLanguage\":\"sk-SK\",\"potentialAction\":[{\"@type\":\"ReadAction\",\"target\":[\"https:\/\/baportal.sk\/podnajom\/in\/60059\/\"]}]},{\"@type\":\"ImageObject\",\"inLanguage\":\"sk-SK\",\"@id\":\"https:\/\/baportal.sk\/podnajom\/in\/60059\/#primaryimage\",\"url\":\"https:\/\/baportal.sk\/podnajom\/wp-content\/uploads\/2023\/05\/Novy-moderny-zariadeny-2-izbovy-byt-Ovocne-sady.jpeg\",\"contentUrl\":\"https:\/\/baportal.sk\/podnajom\/wp-content\/uploads\/2023\/05\/Novy-moderny-zariadeny-2-izbovy-byt-Ovocne-sady.jpeg\",\"width\":600,\"height\":315},{\"@type\":\"BreadcrumbList\",\"@id\":\"https:\/\/baportal.sk\/podnajom\/in\/60059\/#breadcrumb\",\"itemListElement\":[{\"@type\":\"ListItem\",\"position\":1,\"name\":\"Domovsk\u00e1 str\u00e1nka\",\"item\":\"https:\/\/baportal.sk\/podnajom\/\"},{\"@type\":\"ListItem\",\"position\":2,\"name\":\"Nov\u00fd, modern\u00fd, zariaden\u00fd 2-izbov\u00fd byt Ovocn\u00e9 sady\"}]},{\"@type\":\"WebSite\",\"@id\":\"https:\/\/baportal.sk\/podnajom\/#website\",\"url\":\"https:\/\/baportal.sk\/podnajom\/\",\"name\":\"Podn\u00e1jom - Baportal.sk - Bratislava\",\"description\":\"\",\"potentialAction\":[{\"@type\":\"SearchAction\",\"target\":{\"@type\":\"EntryPoint\",\"urlTemplate\":\"https:\/\/baportal.sk\/podnajom\/?s={search_term_string}\"},\"query-input\":\"required name=search_term_string\"}],\"inLanguage\":\"sk-SK\"},{\"@type\":\"Person\",\"@id\":\"https:\/\/baportal.sk\/podnajom\/#\/schema\/person\/1048c08c599b2e93379d6374549bd168\",\"name\":\"marek\",\"image\":{\"@type\":\"ImageObject\",\"inLanguage\":\"sk-SK\",\"@id\":\"https:\/\/baportal.sk\/podnajom\/#\/schema\/person\/image\/\",\"url\":\"https:\/\/secure.gravatar.com\/avatar\/cdf0fbd37411d455f1afd87f93b867f6?s=96&d=mm&r=g\",\"contentUrl\":\"https:\/\/secure.gravatar.com\/avatar\/cdf0fbd37411d455f1afd87f93b867f6?s=96&d=mm&r=g\",\"caption\":\"marek\"},\"sameAs\":[\"https:\/\/www.baportal.sk\/podnajom\"]}]}<\/script>\n<!-- \/ Yoast SEO plugin. -->","yoast_head_json":{"title":"Nov\u00fd, modern\u00fd, zariaden\u00fd 2-izbov\u00fd byt Ovocn\u00e9 sady | Podn\u00e1jom - Baportal.sk - Bratislava","description":"Pon\u00fakam na dlhodob\u00fd pren\u00e1jom nov\u00fd, zariaden\u00fd 2 izbov\u00fd byt v novostavbe v projekte Ovocn\u00e9 sady na Iv\u00e1nskej ceste. Byt sa nach\u00e1dza na 4. poschod\u00ed z celkovo","robots":{"index":"index","follow":"follow","max-snippet":"max-snippet:-1","max-image-preview":"max-image-preview:large","max-video-preview":"max-video-preview:-1"},"canonical":"https:\/\/baportal.sk\/podnajom\/in\/60059\/","og_locale":"sk_SK","og_type":"article","og_title":"Nov\u00fd, modern\u00fd, zariaden\u00fd 2-izbov\u00fd byt Ovocn\u00e9 sady | Podn\u00e1jom - Baportal.sk - Bratislava","og_description":"Pon\u00fakam na dlhodob\u00fd pren\u00e1jom nov\u00fd, zariaden\u00fd 2 izbov\u00fd byt v novostavbe v projekte Ovocn\u00e9 sady na Iv\u00e1nskej ceste. Byt sa nach\u00e1dza na 4. poschod\u00ed z celkovo","og_url":"https:\/\/baportal.sk\/podnajom\/in\/60059\/","og_site_name":"Podn\u00e1jom - Baportal.sk - Bratislava","article_published_time":"2022-05-05T01:01:49+00:00","author":"marek","twitter_card":"summary_large_image","twitter_misc":{"Autor":"marek","Predpokladan\u00fd \u010das \u010d\u00edtania":"2 min\u00faty"},"schema":{"@context":"https:\/\/schema.org","@graph":[{"@type":"WebPage","@id":"https:\/\/baportal.sk\/podnajom\/in\/60059\/","url":"https:\/\/baportal.sk\/podnajom\/in\/60059\/","name":"Nov\u00fd, modern\u00fd, zariaden\u00fd 2-izbov\u00fd byt Ovocn\u00e9 sady | Podn\u00e1jom - Baportal.sk - Bratislava","isPartOf":{"@id":"https:\/\/baportal.sk\/podnajom\/#website"},"primaryImageOfPage":{"@id":"https:\/\/baportal.sk\/podnajom\/in\/60059\/#primaryimage"},"image":{"@id":"https:\/\/baportal.sk\/podnajom\/in\/60059\/#primaryimage"},"thumbnailUrl":"https:\/\/baportal.sk\/podnajom\/wp-content\/uploads\/2023\/05\/Novy-moderny-zariadeny-2-izbovy-byt-Ovocne-sady.jpeg","datePublished":"2022-05-05T01:01:49+00:00","dateModified":"2022-05-05T01:01:49+00:00","author":{"@id":"https:\/\/baportal.sk\/podnajom\/#\/schema\/person\/1048c08c599b2e93379d6374549bd168"},"description":"Pon\u00fakam na dlhodob\u00fd pren\u00e1jom nov\u00fd, zariaden\u00fd 2 izbov\u00fd byt v novostavbe v projekte Ovocn\u00e9 sady na Iv\u00e1nskej ceste. Byt sa nach\u00e1dza na 4. poschod\u00ed z celkovo","breadcrumb":{"@id":"https:\/\/baportal.sk\/podnajom\/in\/60059\/#breadcrumb"},"inLanguage":"sk-SK","potentialAction":[{"@type":"ReadAction","target":["https:\/\/baportal.sk\/podnajom\/in\/60059\/"]}]},{"@type":"ImageObject","inLanguage":"sk-SK","@id":"https:\/\/baportal.sk\/podnajom\/in\/60059\/#primaryimage","url":"https:\/\/baportal.sk\/podnajom\/wp-content\/uploads\/2023\/05\/Novy-moderny-zariadeny-2-izbovy-byt-Ovocne-sady.jpeg","contentUrl":"https:\/\/baportal.sk\/podnajom\/wp-content\/uploads\/2023\/05\/Novy-moderny-zariadeny-2-izbovy-byt-Ovocne-sady.jpeg","width":600,"height":315},{"@type":"BreadcrumbList","@id":"https:\/\/baportal.sk\/podnajom\/in\/60059\/#breadcrumb","itemListElement":[{"@type":"ListItem","position":1,"name":"Domovsk\u00e1 str\u00e1nka","item":"https:\/\/baportal.sk\/podnajom\/"},{"@type":"ListItem","position":2,"name":"Nov\u00fd, modern\u00fd, zariaden\u00fd 2-izbov\u00fd byt Ovocn\u00e9 sady"}]},{"@type":"WebSite","@id":"https:\/\/baportal.sk\/podnajom\/#website","url":"https:\/\/baportal.sk\/podnajom\/","name":"Podn\u00e1jom - Baportal.sk - Bratislava","description":"","potentialAction":[{"@type":"SearchAction","target":{"@type":"EntryPoint","urlTemplate":"https:\/\/baportal.sk\/podnajom\/?s={search_term_string}"},"query-input":"required name=search_term_string"}],"inLanguage":"sk-SK"},{"@type":"Person","@id":"https:\/\/baportal.sk\/podnajom\/#\/schema\/person\/1048c08c599b2e93379d6374549bd168","name":"marek","image":{"@type":"ImageObject","inLanguage":"sk-SK","@id":"https:\/\/baportal.sk\/podnajom\/#\/schema\/person\/image\/","url":"https:\/\/secure.gravatar.com\/avatar\/cdf0fbd37411d455f1afd87f93b867f6?s=96&d=mm&r=g","contentUrl":"https:\/\/secure.gravatar.com\/avatar\/cdf0fbd37411d455f1afd87f93b867f6?s=96&d=mm&r=g","caption":"marek"},"sameAs":["https:\/\/www.baportal.sk\/podnajom"]}]}},"_links":{"self":[{"href":"https:\/\/baportal.sk\/podnajom\/wp-json\/wp\/v2\/posts\/60059"}],"collection":[{"href":"https:\/\/baportal.sk\/podnajom\/wp-json\/wp\/v2\/posts"}],"about":[{"href":"https:\/\/baportal.sk\/podnajom\/wp-json\/wp\/v2\/types\/post"}],"author":[{"embeddable":true,"href":"https:\/\/baportal.sk\/podnajom\/wp-json\/wp\/v2\/users\/1"}],"replies":[{"embeddable":true,"href":"https:\/\/baportal.sk\/podnajom\/wp-json\/wp\/v2\/comments?post=60059"}],"version-history":[{"count":0,"href":"https:\/\/baportal.sk\/podnajom\/wp-json\/wp\/v2\/posts\/60059\/revisions"}],"wp:featuredmedia":[{"embeddable":true,"href":"https:\/\/baportal.sk\/podnajom\/wp-json\/wp\/v2\/media\/60060"}],"wp:attachment":[{"href":"https:\/\/baportal.sk\/podnajom\/wp-json\/wp\/v2\/media?parent=60059"}],"wp:term":[{"taxonomy":"category","embeddable":true,"href":"https:\/\/baportal.sk\/podnajom\/wp-json\/wp\/v2\/categories?post=60059"},{"taxonomy":"post_tag","embeddable":true,"href":"https:\/\/baportal.sk\/podnajom\/wp-json\/wp\/v2\/tags?post=60059"}],"curies":[{"name":"wp","href":"https:\/\/api.w.org\/{rel}","templated":true}]}}