{"id":60117,"date":"2022-05-05T03:01:49","date_gmt":"2022-05-05T01:01:49","guid":{"rendered":"https:\/\/baportal.sk\/podnajom\/in\/60117\/"},"modified":"2022-05-05T03:01:49","modified_gmt":"2022-05-05T01:01:49","slug":"arvin-benet-velkometrazna-novostavba-s-2-loggiami-kimou-a-satnikom","status":"publish","type":"post","link":"https:\/\/baportal.sk\/podnajom\/in\/60117\/","title":{"rendered":"Arvin &amp; Benet | Ve\u013ekometr\u00e1\u017ena novostavba s 2 loggiami, k\u00edmou a \u0161atn\u00edkom"},"content":{"rendered":"<div class=\"text-inner\">\n                                Za najv\u00e4\u010d\u0161ie benefity tejto nehnute\u013enosti pova\u017eujeme:\u2028\u2028<\/p>\n<p>Nad\u0161tandardn\u00fa v\u00fdmeru\u2028<br \/>\n2 loggie\u2028<br \/>\n\u0160atn\u00edk a\u00a0ve\u013ea \u00falo\u017en\u00e9ho priestoru\u2028<br \/>\n4 klimatiza\u010dn\u00e9 jednotky\u2028<br \/>\nSamostatn\u00fa kuchy\u0148u s komorou a\u00a0samostatn\u00e9 WC\u2028<br \/>\nKompletne zariaden\u00fd byt, v\u00e1m sta\u010d\u00ed pr\u00eds\u0165 s\u00a0osobn\u00fdmi vecami<br \/>\n\u20282 neprechodn\u00e9 sp\u00e1lne<br \/>\n\u2028\u00daplne nov\u00fa kuchynsk\u00fa dosku a\u00a0sedaciu s\u00fapravu\u2028<br \/>\nZ\u00e1padn\u00fa orient\u00e1ciu do tich\u00e9ho vn\u00fatrobloku\u2028<\/p>\n<p>\nMajitelia preferuj\u00fa n\u00e1jomcov bez dom\u00e1cich zvierat a\u00a0deti od 5 rokov.<\/p>\n<p>\n\u2028Byt:\u2028<br \/>\nPozost\u00e1va zo vstupnej chodby, v\u00a0ktorej sa nach\u00e1dza samostatn\u00fd \u0161atn\u00edk ako aj priestrann\u00e1 vstavan\u00e1 skri\u0148a s\u00a0\u00falo\u017en\u00fdmi kapacitami. Z chodby je mo\u017en\u00fd vstup do k\u00fape\u013ene s va\u0148ou. WC m\u00e1 samostatn\u00fd vstup. Byt sa \u010falej \u010dlen\u00ed na tri miestnosti \u2013 dve samostatn\u00e9 sp\u00e1lne s\u00a0man\u017eelsk\u00fdmi poste\u013eami, z\u00a0ktor\u00fdch k\u00a0jednej prisl\u00facha loggia a\u00a0na ob\u00fdvaciu miestnos\u0165 taktie\u017e so vstupom na loggiu. \u2028\u2028\u2028\u2028<\/p>\n<p>\nLokalita:\u2028\u2028\u2028<br \/>\nZa\u010diatok Petr\u017ealky je st\u00e1le viac vyh\u013ead\u00e1vanou a\u00a0\u017eiadanou lokalitou na b\u00fdvanie.\u2028Dostupnos\u0165 autom, pe\u0161o i MHD do centra, Auparku \u010di \u010falej do Petr\u017ealky je st\u00e1le viac cenen\u00fdm benefitom. Kompletn\u00e1 ob\u010dianska vybavenos\u0165 a\u00a0slu\u017eby aj priamo v\u00a0r\u00e1mci bytov\u00e9ho domu, ktor\u00fdm je v\u00a0tomto pr\u00edpade zateplen\u00e1 novostavba z\u00a0roku 2005 dod\u00e1vaj\u00fa tejto lokalite vizitku kvalitnej adresy.<\/p>\n<p>\u2028\u2028\u2028Cena: 900 eur\/mesiac (pren\u00e1jom 700 eur + 200 eur energie pre dve osoby)\u2028\u2028<br \/>\nV\u00fdmera: 106 m\u00b2 (interi\u00e9r 96 m\u00b2 + loggia 5 m\u00b2 + loggia 5 m\u00b2)<\/p>\n<p>\u2028\u2028\u2028\u2028Nehnute\u013enos\u0165 bola naaran\u017eovan\u00e1 a nafoten\u00e1 Homestaging oddelen\u00edm na\u0161ej spolo\u010dnosti, ve\u013emi radi V\u00e1m pom\u00f4\u017eeme pri efekt\u00edvnom a d\u00f4stojnom predaji \u010di pren\u00e1jme aj Va\u0161ej nehnute\u013enosti. Budeme sa te\u0161i\u0165, ke\u010f n\u00e1s budete nez\u00e1v\u00e4zne kontaktova\u0165                            <\/p><\/div>\n","protected":false},"excerpt":{"rendered":"<p>Za najv\u00e4\u010d\u0161ie benefity tejto nehnute\u013enosti pova\u017eujeme:\u2028\u2028 Nad\u0161tandardn\u00fa v\u00fdmeru\u2028 2 loggie\u2028 \u0160atn\u00edk a\u00a0ve\u013ea \u00falo\u017en\u00e9ho priestoru\u2028 4 klimatiza\u010dn\u00e9 jednotky\u2028 Samostatn\u00fa kuchy\u0148u s komorou a\u00a0samostatn\u00e9 WC\u2028 Kompletne zariaden\u00fd byt, v\u00e1m sta\u010d\u00ed pr\u00eds\u0165 s\u00a0osobn\u00fdmi vecami \u20282 neprechodn\u00e9 sp\u00e1lne \u2028\u00daplne nov\u00fa kuchynsk\u00fa dosku a\u00a0sedaciu s\u00fapravu\u2028 Z\u00e1padn\u00fa orient\u00e1ciu do tich\u00e9ho vn\u00fatrobloku\u2028 Majitelia preferuj\u00fa n\u00e1jomcov bez dom\u00e1cich zvierat a\u00a0deti od 5 rokov. [&hellip;]<\/p>\n","protected":false},"author":1,"featured_media":60118,"comment_status":"open","ping_status":"open","sticky":false,"template":"","format":"standard","meta":{"footnotes":""},"categories":[4],"tags":[],"class_list":["post-60117","post","type-post","status-publish","format-standard","has-post-thumbnail","hentry","category-prenajom-bytu"],"yoast_head":"<!-- This site is optimized with the Yoast SEO plugin v23.1 - https:\/\/yoast.com\/wordpress\/plugins\/seo\/ -->\n<title>Arvin &amp; Benet | Ve\u013ekometr\u00e1\u017ena novostavba s 2 loggiami, k\u00edmou a \u0161atn\u00edkom | Podn\u00e1jom - Baportal.sk - Bratislava<\/title>\n<meta name=\"description\" content=\"Za najv\u00e4\u010d\u0161ie benefity tejto nehnute\u013enosti pova\u017eujeme:\u2028\u2028 Nad\u0161tandardn\u00fa v\u00fdmeru\u2028 2 loggie\u2028 \u0160atn\u00edk a\u00a0ve\u013ea \u00falo\u017en\u00e9ho priestoru\u2028 4 klimatiza\u010dn\u00e9 jednotky\u2028\" \/>\n<meta name=\"robots\" content=\"index, follow, max-snippet:-1, max-image-preview:large, max-video-preview:-1\" \/>\n<link rel=\"canonical\" href=\"https:\/\/baportal.sk\/podnajom\/in\/60117\/\" \/>\n<meta property=\"og:locale\" content=\"sk_SK\" \/>\n<meta property=\"og:type\" content=\"article\" \/>\n<meta property=\"og:title\" content=\"Arvin &amp; Benet | Ve\u013ekometr\u00e1\u017ena novostavba s 2 loggiami, k\u00edmou a \u0161atn\u00edkom | Podn\u00e1jom - Baportal.sk - Bratislava\" \/>\n<meta property=\"og:description\" content=\"Za najv\u00e4\u010d\u0161ie benefity tejto nehnute\u013enosti pova\u017eujeme:\u2028\u2028 Nad\u0161tandardn\u00fa v\u00fdmeru\u2028 2 loggie\u2028 \u0160atn\u00edk a\u00a0ve\u013ea \u00falo\u017en\u00e9ho priestoru\u2028 4 klimatiza\u010dn\u00e9 jednotky\u2028\" \/>\n<meta property=\"og:url\" content=\"https:\/\/baportal.sk\/podnajom\/in\/60117\/\" \/>\n<meta property=\"og:site_name\" content=\"Podn\u00e1jom - Baportal.sk - Bratislava\" \/>\n<meta property=\"article:published_time\" content=\"2022-05-05T01:01:49+00:00\" \/>\n<meta name=\"author\" content=\"marek\" \/>\n<meta name=\"twitter:card\" content=\"summary_large_image\" \/>\n<meta name=\"twitter:label1\" content=\"Autor\" \/>\n\t<meta name=\"twitter:data1\" content=\"marek\" \/>\n\t<meta name=\"twitter:label2\" content=\"Predpokladan\u00fd \u010das \u010d\u00edtania\" \/>\n\t<meta name=\"twitter:data2\" content=\"1 min\u00fata\" \/>\n<script type=\"application\/ld+json\" class=\"yoast-schema-graph\">{\"@context\":\"https:\/\/schema.org\",\"@graph\":[{\"@type\":\"WebPage\",\"@id\":\"https:\/\/baportal.sk\/podnajom\/in\/60117\/\",\"url\":\"https:\/\/baportal.sk\/podnajom\/in\/60117\/\",\"name\":\"Arvin &amp; Benet | Ve\u013ekometr\u00e1\u017ena novostavba s 2 loggiami, k\u00edmou a \u0161atn\u00edkom | Podn\u00e1jom - Baportal.sk - Bratislava\",\"isPartOf\":{\"@id\":\"https:\/\/baportal.sk\/podnajom\/#website\"},\"primaryImageOfPage\":{\"@id\":\"https:\/\/baportal.sk\/podnajom\/in\/60117\/#primaryimage\"},\"image\":{\"@id\":\"https:\/\/baportal.sk\/podnajom\/in\/60117\/#primaryimage\"},\"thumbnailUrl\":\"https:\/\/baportal.sk\/podnajom\/wp-content\/uploads\/2023\/05\/Arvin-amp-Benet-Velkometrazna-novostavba-s-2-loggiami-kimou.jpeg\",\"datePublished\":\"2022-05-05T01:01:49+00:00\",\"dateModified\":\"2022-05-05T01:01:49+00:00\",\"author\":{\"@id\":\"https:\/\/baportal.sk\/podnajom\/#\/schema\/person\/1048c08c599b2e93379d6374549bd168\"},\"description\":\"Za najv\u00e4\u010d\u0161ie benefity tejto nehnute\u013enosti pova\u017eujeme:\\u2028\\u2028 Nad\u0161tandardn\u00fa v\u00fdmeru\\u2028 2 loggie\\u2028 \u0160atn\u00edk a\u00a0ve\u013ea \u00falo\u017en\u00e9ho priestoru\\u2028 4 klimatiza\u010dn\u00e9 jednotky\\u2028\",\"breadcrumb\":{\"@id\":\"https:\/\/baportal.sk\/podnajom\/in\/60117\/#breadcrumb\"},\"inLanguage\":\"sk-SK\",\"potentialAction\":[{\"@type\":\"ReadAction\",\"target\":[\"https:\/\/baportal.sk\/podnajom\/in\/60117\/\"]}]},{\"@type\":\"ImageObject\",\"inLanguage\":\"sk-SK\",\"@id\":\"https:\/\/baportal.sk\/podnajom\/in\/60117\/#primaryimage\",\"url\":\"https:\/\/baportal.sk\/podnajom\/wp-content\/uploads\/2023\/05\/Arvin-amp-Benet-Velkometrazna-novostavba-s-2-loggiami-kimou.jpeg\",\"contentUrl\":\"https:\/\/baportal.sk\/podnajom\/wp-content\/uploads\/2023\/05\/Arvin-amp-Benet-Velkometrazna-novostavba-s-2-loggiami-kimou.jpeg\",\"width\":600,\"height\":315},{\"@type\":\"BreadcrumbList\",\"@id\":\"https:\/\/baportal.sk\/podnajom\/in\/60117\/#breadcrumb\",\"itemListElement\":[{\"@type\":\"ListItem\",\"position\":1,\"name\":\"Domovsk\u00e1 str\u00e1nka\",\"item\":\"https:\/\/baportal.sk\/podnajom\/\"},{\"@type\":\"ListItem\",\"position\":2,\"name\":\"Arvin &amp; Benet | Ve\u013ekometr\u00e1\u017ena novostavba s 2 loggiami, k\u00edmou a \u0161atn\u00edkom\"}]},{\"@type\":\"WebSite\",\"@id\":\"https:\/\/baportal.sk\/podnajom\/#website\",\"url\":\"https:\/\/baportal.sk\/podnajom\/\",\"name\":\"Podn\u00e1jom - Baportal.sk - Bratislava\",\"description\":\"\",\"potentialAction\":[{\"@type\":\"SearchAction\",\"target\":{\"@type\":\"EntryPoint\",\"urlTemplate\":\"https:\/\/baportal.sk\/podnajom\/?s={search_term_string}\"},\"query-input\":\"required name=search_term_string\"}],\"inLanguage\":\"sk-SK\"},{\"@type\":\"Person\",\"@id\":\"https:\/\/baportal.sk\/podnajom\/#\/schema\/person\/1048c08c599b2e93379d6374549bd168\",\"name\":\"marek\",\"image\":{\"@type\":\"ImageObject\",\"inLanguage\":\"sk-SK\",\"@id\":\"https:\/\/baportal.sk\/podnajom\/#\/schema\/person\/image\/\",\"url\":\"https:\/\/secure.gravatar.com\/avatar\/cdf0fbd37411d455f1afd87f93b867f6?s=96&d=mm&r=g\",\"contentUrl\":\"https:\/\/secure.gravatar.com\/avatar\/cdf0fbd37411d455f1afd87f93b867f6?s=96&d=mm&r=g\",\"caption\":\"marek\"},\"sameAs\":[\"https:\/\/www.baportal.sk\/podnajom\"]}]}<\/script>\n<!-- \/ Yoast SEO plugin. -->","yoast_head_json":{"title":"Arvin &amp; Benet | Ve\u013ekometr\u00e1\u017ena novostavba s 2 loggiami, k\u00edmou a \u0161atn\u00edkom | Podn\u00e1jom - Baportal.sk - Bratislava","description":"Za najv\u00e4\u010d\u0161ie benefity tejto nehnute\u013enosti pova\u017eujeme:\u2028\u2028 Nad\u0161tandardn\u00fa v\u00fdmeru\u2028 2 loggie\u2028 \u0160atn\u00edk a\u00a0ve\u013ea \u00falo\u017en\u00e9ho priestoru\u2028 4 klimatiza\u010dn\u00e9 jednotky\u2028","robots":{"index":"index","follow":"follow","max-snippet":"max-snippet:-1","max-image-preview":"max-image-preview:large","max-video-preview":"max-video-preview:-1"},"canonical":"https:\/\/baportal.sk\/podnajom\/in\/60117\/","og_locale":"sk_SK","og_type":"article","og_title":"Arvin &amp; Benet | Ve\u013ekometr\u00e1\u017ena novostavba s 2 loggiami, k\u00edmou a \u0161atn\u00edkom | Podn\u00e1jom - Baportal.sk - Bratislava","og_description":"Za najv\u00e4\u010d\u0161ie benefity tejto nehnute\u013enosti pova\u017eujeme:\u2028\u2028 Nad\u0161tandardn\u00fa v\u00fdmeru\u2028 2 loggie\u2028 \u0160atn\u00edk a\u00a0ve\u013ea \u00falo\u017en\u00e9ho priestoru\u2028 4 klimatiza\u010dn\u00e9 jednotky\u2028","og_url":"https:\/\/baportal.sk\/podnajom\/in\/60117\/","og_site_name":"Podn\u00e1jom - Baportal.sk - Bratislava","article_published_time":"2022-05-05T01:01:49+00:00","author":"marek","twitter_card":"summary_large_image","twitter_misc":{"Autor":"marek","Predpokladan\u00fd \u010das \u010d\u00edtania":"1 min\u00fata"},"schema":{"@context":"https:\/\/schema.org","@graph":[{"@type":"WebPage","@id":"https:\/\/baportal.sk\/podnajom\/in\/60117\/","url":"https:\/\/baportal.sk\/podnajom\/in\/60117\/","name":"Arvin &amp; Benet | Ve\u013ekometr\u00e1\u017ena novostavba s 2 loggiami, k\u00edmou a \u0161atn\u00edkom | Podn\u00e1jom - Baportal.sk - Bratislava","isPartOf":{"@id":"https:\/\/baportal.sk\/podnajom\/#website"},"primaryImageOfPage":{"@id":"https:\/\/baportal.sk\/podnajom\/in\/60117\/#primaryimage"},"image":{"@id":"https:\/\/baportal.sk\/podnajom\/in\/60117\/#primaryimage"},"thumbnailUrl":"https:\/\/baportal.sk\/podnajom\/wp-content\/uploads\/2023\/05\/Arvin-amp-Benet-Velkometrazna-novostavba-s-2-loggiami-kimou.jpeg","datePublished":"2022-05-05T01:01:49+00:00","dateModified":"2022-05-05T01:01:49+00:00","author":{"@id":"https:\/\/baportal.sk\/podnajom\/#\/schema\/person\/1048c08c599b2e93379d6374549bd168"},"description":"Za najv\u00e4\u010d\u0161ie benefity tejto nehnute\u013enosti pova\u017eujeme:\u2028\u2028 Nad\u0161tandardn\u00fa v\u00fdmeru\u2028 2 loggie\u2028 \u0160atn\u00edk a\u00a0ve\u013ea \u00falo\u017en\u00e9ho priestoru\u2028 4 klimatiza\u010dn\u00e9 jednotky\u2028","breadcrumb":{"@id":"https:\/\/baportal.sk\/podnajom\/in\/60117\/#breadcrumb"},"inLanguage":"sk-SK","potentialAction":[{"@type":"ReadAction","target":["https:\/\/baportal.sk\/podnajom\/in\/60117\/"]}]},{"@type":"ImageObject","inLanguage":"sk-SK","@id":"https:\/\/baportal.sk\/podnajom\/in\/60117\/#primaryimage","url":"https:\/\/baportal.sk\/podnajom\/wp-content\/uploads\/2023\/05\/Arvin-amp-Benet-Velkometrazna-novostavba-s-2-loggiami-kimou.jpeg","contentUrl":"https:\/\/baportal.sk\/podnajom\/wp-content\/uploads\/2023\/05\/Arvin-amp-Benet-Velkometrazna-novostavba-s-2-loggiami-kimou.jpeg","width":600,"height":315},{"@type":"BreadcrumbList","@id":"https:\/\/baportal.sk\/podnajom\/in\/60117\/#breadcrumb","itemListElement":[{"@type":"ListItem","position":1,"name":"Domovsk\u00e1 str\u00e1nka","item":"https:\/\/baportal.sk\/podnajom\/"},{"@type":"ListItem","position":2,"name":"Arvin &amp; Benet | Ve\u013ekometr\u00e1\u017ena novostavba s 2 loggiami, k\u00edmou a \u0161atn\u00edkom"}]},{"@type":"WebSite","@id":"https:\/\/baportal.sk\/podnajom\/#website","url":"https:\/\/baportal.sk\/podnajom\/","name":"Podn\u00e1jom - Baportal.sk - Bratislava","description":"","potentialAction":[{"@type":"SearchAction","target":{"@type":"EntryPoint","urlTemplate":"https:\/\/baportal.sk\/podnajom\/?s={search_term_string}"},"query-input":"required name=search_term_string"}],"inLanguage":"sk-SK"},{"@type":"Person","@id":"https:\/\/baportal.sk\/podnajom\/#\/schema\/person\/1048c08c599b2e93379d6374549bd168","name":"marek","image":{"@type":"ImageObject","inLanguage":"sk-SK","@id":"https:\/\/baportal.sk\/podnajom\/#\/schema\/person\/image\/","url":"https:\/\/secure.gravatar.com\/avatar\/cdf0fbd37411d455f1afd87f93b867f6?s=96&d=mm&r=g","contentUrl":"https:\/\/secure.gravatar.com\/avatar\/cdf0fbd37411d455f1afd87f93b867f6?s=96&d=mm&r=g","caption":"marek"},"sameAs":["https:\/\/www.baportal.sk\/podnajom"]}]}},"_links":{"self":[{"href":"https:\/\/baportal.sk\/podnajom\/wp-json\/wp\/v2\/posts\/60117"}],"collection":[{"href":"https:\/\/baportal.sk\/podnajom\/wp-json\/wp\/v2\/posts"}],"about":[{"href":"https:\/\/baportal.sk\/podnajom\/wp-json\/wp\/v2\/types\/post"}],"author":[{"embeddable":true,"href":"https:\/\/baportal.sk\/podnajom\/wp-json\/wp\/v2\/users\/1"}],"replies":[{"embeddable":true,"href":"https:\/\/baportal.sk\/podnajom\/wp-json\/wp\/v2\/comments?post=60117"}],"version-history":[{"count":0,"href":"https:\/\/baportal.sk\/podnajom\/wp-json\/wp\/v2\/posts\/60117\/revisions"}],"wp:featuredmedia":[{"embeddable":true,"href":"https:\/\/baportal.sk\/podnajom\/wp-json\/wp\/v2\/media\/60118"}],"wp:attachment":[{"href":"https:\/\/baportal.sk\/podnajom\/wp-json\/wp\/v2\/media?parent=60117"}],"wp:term":[{"taxonomy":"category","embeddable":true,"href":"https:\/\/baportal.sk\/podnajom\/wp-json\/wp\/v2\/categories?post=60117"},{"taxonomy":"post_tag","embeddable":true,"href":"https:\/\/baportal.sk\/podnajom\/wp-json\/wp\/v2\/tags?post=60117"}],"curies":[{"name":"wp","href":"https:\/\/api.w.org\/{rel}","templated":true}]}}