{"id":61485,"date":"2022-05-05T03:01:49","date_gmt":"2022-05-05T01:01:49","guid":{"rendered":"https:\/\/baportal.sk\/podnajom\/in\/61485\/"},"modified":"2022-05-05T03:01:49","modified_gmt":"2022-05-05T01:01:49","slug":"prenajom-zariadeny-apartman-s-loggiou-pri-oc-central-4-7-p-klimatizacia-krasny-vyhlad-vyborna-l","status":"publish","type":"post","link":"https:\/\/baportal.sk\/podnajom\/in\/61485\/","title":{"rendered":"Pren\u00e1jom zariaden\u00fd APARTM\u00c1N s loggiou pri OC CENTR\u00c1L, 4\/7 p., klimatiz\u00e1cia, kr\u00e1sny v\u00fdh\u013ead, v\u00fdborn\u00e1 l"},"content":{"rendered":"<div class=\"text-inner\">\n                                Pon\u00fakame na pren\u00e1jom \u00fatuln\u00fd byt apartm\u00e1nov\u00e9ho typu s ve\u013ekou loggiou, orientovan\u00fd na slne\u010dn\u00fa stranu, v novo zrekon\u0161truovanej polyfunk\u010dnej budove na Mileti\u010dovej ulici \u010d. 5 oproti n\u00e1kupn\u00e9mu centru Centr\u00e1l.  <\/p>\n<p>Byt sa nach\u00e1dza na 4. podla\u017e\u00ed s v\u00fdh\u013eadom do parku, na ulicu, s v\u00fdh\u013eadom na Centr\u00e1l, 2x v\u00fd\u0165ah, regulovate\u013en\u00e9 k\u00farenie s termostatom, video vr\u00e1tnik, bezpe\u010dnostn\u00e9 dvere, Franc\u00fazke okn\u00e1, komplet moderne zariaden\u00fd a vybaven\u00fd. <\/p>\n<p>POPIS: Vstupuje sa do vstupnej haly v ktorej sa nach\u00e1dza ve\u013ek\u00e1 vstavan\u00e1 skri\u0148a. Z haly je vstup do modernej k\u00fape\u013ene so sprchovac\u00edm k\u00fatom, toaletou. \u010ealej sa vstupuje do priestrannej miestnosti v ktorej sa nach\u00e1dza modern\u00e1 vysok\u00e1 kuchynsk\u00e1 linka so zabudovan\u00fdmi spotrebi\u010dmi \u2013 pr\u00e1\u010dka, teplovzdu\u0161n\u00e1 r\u00fara, chladni\u010dka, elektrick\u00e1 varn\u00e1 doska, digestor. Pracovn\u00fd pult je vkusne vyrie\u0161en\u00fd aj na stolovanie s dvomi barov\u00fdmi stoli\u010dkami. Obytn\u00e1 \u010das\u0165 pozost\u00e1va s rozkladacej rohovej sedacej pohovky, odkladacia skrinka pod TV, TV, koberec \u2013 vid foto.<\/p>\n<p>Po celej \u0161\u00edrke miestnosti je ve\u013ek\u00e1 loggia s dla\u017ebou, v\u00fdh\u013ead na Centr\u00e1l.  <\/p>\n<p>Celkov\u00e1 podlahov\u00e1 plocha \u2013 28,28 m2 z toho loggia 4,11 m2  <\/p>\n<p>V\u00fdborn\u00e1 lokalita ne\u010faleko Trnavsk\u00e9ho m\u00fdta, MHD, vysok\u00e1 ob\u010dianska vybavenos\u0165 \u2013 treba vidie\u0165.  <\/p>\n<p>Cena n\u00e1jom: 450,- EUR + 70,- EUR z\u00e1lohy na slu\u017eby a energie, spolu 520,- EUR mesa\u010dne<br \/>\nPlus prov\u00edzia pre RK <br \/>\nPri podpise zmluvy sa sklad\u00e1 aj depozit.<\/p>\n<p>V byte je pripojenie na z\u00e1kladn\u00fd s\u00fabor TV na domov\u00fa ant\u00e9nu, internet nie je v cene.<\/p>\n<p>Byt je vhodn\u00fd pre 1 - 2 osoby, nie zahrani\u010dn\u00ed z\u00e1ujemcovia..<\/p>\n<p>Kontakt: licencovan\u00e1 realitn\u00e1 kancel\u00e1ria 4people real plus, s.r.o., riadny \u010dlen NARKS, Gabriela Pint\u00e9rov\u00e1 0903 418 572. V pr\u00edpade na\u0161ej nepr\u00edtomnosti a z\u00e1ujmu o ponuku pren\u00e1jmu, pr\u00edpadne bli\u017e\u0161ie inform\u00e1cie n\u00e1m pros\u00edme za\u0161lite SMS 0903 418 572, pr\u00edp. Email - gabriela@4peoplereal.sk, budeme V\u00e1s kontaktova\u0165. \u010eakujeme.                            <\/p><\/div>\n","protected":false},"excerpt":{"rendered":"<p>Pon\u00fakame na pren\u00e1jom \u00fatuln\u00fd byt apartm\u00e1nov\u00e9ho typu s ve\u013ekou loggiou, orientovan\u00fd na slne\u010dn\u00fa stranu, v novo zrekon\u0161truovanej polyfunk\u010dnej budove na Mileti\u010dovej ulici \u010d. 5 oproti n\u00e1kupn\u00e9mu centru Centr\u00e1l. Byt sa nach\u00e1dza na 4. podla\u017e\u00ed s v\u00fdh\u013eadom do parku, na ulicu, s v\u00fdh\u013eadom na Centr\u00e1l, 2x v\u00fd\u0165ah, regulovate\u013en\u00e9 k\u00farenie s termostatom, video vr\u00e1tnik, bezpe\u010dnostn\u00e9 dvere, Franc\u00fazke [&hellip;]<\/p>\n","protected":false},"author":1,"featured_media":61486,"comment_status":"open","ping_status":"open","sticky":false,"template":"","format":"standard","meta":{"footnotes":""},"categories":[4],"tags":[],"class_list":["post-61485","post","type-post","status-publish","format-standard","has-post-thumbnail","hentry","category-prenajom-bytu"],"yoast_head":"<!-- This site is optimized with the Yoast SEO plugin v23.1 - https:\/\/yoast.com\/wordpress\/plugins\/seo\/ -->\n<title>Pren\u00e1jom zariaden\u00fd APARTM\u00c1N s loggiou pri OC CENTR\u00c1L, 4\/7 p., klimatiz\u00e1cia, kr\u00e1sny v\u00fdh\u013ead, v\u00fdborn\u00e1 l | Podn\u00e1jom - Baportal.sk - Bratislava<\/title>\n<meta name=\"description\" content=\"Pon\u00fakame na pren\u00e1jom \u00fatuln\u00fd byt apartm\u00e1nov\u00e9ho typu s ve\u013ekou loggiou, orientovan\u00fd na slne\u010dn\u00fa stranu, v novo zrekon\u0161truovanej polyfunk\u010dnej budove na\" \/>\n<meta name=\"robots\" content=\"index, follow, max-snippet:-1, max-image-preview:large, max-video-preview:-1\" \/>\n<link rel=\"canonical\" href=\"https:\/\/baportal.sk\/podnajom\/in\/61485\/\" \/>\n<meta property=\"og:locale\" content=\"sk_SK\" \/>\n<meta property=\"og:type\" content=\"article\" \/>\n<meta property=\"og:title\" content=\"Pren\u00e1jom zariaden\u00fd APARTM\u00c1N s loggiou pri OC CENTR\u00c1L, 4\/7 p., klimatiz\u00e1cia, kr\u00e1sny v\u00fdh\u013ead, v\u00fdborn\u00e1 l | Podn\u00e1jom - Baportal.sk - Bratislava\" \/>\n<meta property=\"og:description\" content=\"Pon\u00fakame na pren\u00e1jom \u00fatuln\u00fd byt apartm\u00e1nov\u00e9ho typu s ve\u013ekou loggiou, orientovan\u00fd na slne\u010dn\u00fa stranu, v novo zrekon\u0161truovanej polyfunk\u010dnej budove na\" \/>\n<meta property=\"og:url\" content=\"https:\/\/baportal.sk\/podnajom\/in\/61485\/\" \/>\n<meta property=\"og:site_name\" content=\"Podn\u00e1jom - Baportal.sk - Bratislava\" \/>\n<meta property=\"article:published_time\" content=\"2022-05-05T01:01:49+00:00\" \/>\n<meta name=\"author\" content=\"marek\" \/>\n<meta name=\"twitter:card\" content=\"summary_large_image\" \/>\n<meta name=\"twitter:label1\" content=\"Autor\" \/>\n\t<meta name=\"twitter:data1\" content=\"marek\" \/>\n\t<meta name=\"twitter:label2\" content=\"Predpokladan\u00fd \u010das \u010d\u00edtania\" \/>\n\t<meta name=\"twitter:data2\" content=\"2 min\u00faty\" \/>\n<script type=\"application\/ld+json\" class=\"yoast-schema-graph\">{\"@context\":\"https:\/\/schema.org\",\"@graph\":[{\"@type\":\"WebPage\",\"@id\":\"https:\/\/baportal.sk\/podnajom\/in\/61485\/\",\"url\":\"https:\/\/baportal.sk\/podnajom\/in\/61485\/\",\"name\":\"Pren\u00e1jom zariaden\u00fd APARTM\u00c1N s loggiou pri OC CENTR\u00c1L, 4\/7 p., klimatiz\u00e1cia, kr\u00e1sny v\u00fdh\u013ead, v\u00fdborn\u00e1 l | Podn\u00e1jom - Baportal.sk - Bratislava\",\"isPartOf\":{\"@id\":\"https:\/\/baportal.sk\/podnajom\/#website\"},\"primaryImageOfPage\":{\"@id\":\"https:\/\/baportal.sk\/podnajom\/in\/61485\/#primaryimage\"},\"image\":{\"@id\":\"https:\/\/baportal.sk\/podnajom\/in\/61485\/#primaryimage\"},\"thumbnailUrl\":\"https:\/\/baportal.sk\/podnajom\/wp-content\/uploads\/2023\/06\/Prenajom-zariadeny-APARTMAN-s-loggiou-pri-OC-CENTRAL-47-p.jpeg\",\"datePublished\":\"2022-05-05T01:01:49+00:00\",\"dateModified\":\"2022-05-05T01:01:49+00:00\",\"author\":{\"@id\":\"https:\/\/baportal.sk\/podnajom\/#\/schema\/person\/1048c08c599b2e93379d6374549bd168\"},\"description\":\"Pon\u00fakame na pren\u00e1jom \u00fatuln\u00fd byt apartm\u00e1nov\u00e9ho typu s ve\u013ekou loggiou, orientovan\u00fd na slne\u010dn\u00fa stranu, v novo zrekon\u0161truovanej polyfunk\u010dnej budove na\",\"breadcrumb\":{\"@id\":\"https:\/\/baportal.sk\/podnajom\/in\/61485\/#breadcrumb\"},\"inLanguage\":\"sk-SK\",\"potentialAction\":[{\"@type\":\"ReadAction\",\"target\":[\"https:\/\/baportal.sk\/podnajom\/in\/61485\/\"]}]},{\"@type\":\"ImageObject\",\"inLanguage\":\"sk-SK\",\"@id\":\"https:\/\/baportal.sk\/podnajom\/in\/61485\/#primaryimage\",\"url\":\"https:\/\/baportal.sk\/podnajom\/wp-content\/uploads\/2023\/06\/Prenajom-zariadeny-APARTMAN-s-loggiou-pri-OC-CENTRAL-47-p.jpeg\",\"contentUrl\":\"https:\/\/baportal.sk\/podnajom\/wp-content\/uploads\/2023\/06\/Prenajom-zariadeny-APARTMAN-s-loggiou-pri-OC-CENTRAL-47-p.jpeg\",\"width\":600,\"height\":315},{\"@type\":\"BreadcrumbList\",\"@id\":\"https:\/\/baportal.sk\/podnajom\/in\/61485\/#breadcrumb\",\"itemListElement\":[{\"@type\":\"ListItem\",\"position\":1,\"name\":\"Domovsk\u00e1 str\u00e1nka\",\"item\":\"https:\/\/baportal.sk\/podnajom\/\"},{\"@type\":\"ListItem\",\"position\":2,\"name\":\"Pren\u00e1jom zariaden\u00fd APARTM\u00c1N s loggiou pri OC CENTR\u00c1L, 4\/7 p., klimatiz\u00e1cia, kr\u00e1sny v\u00fdh\u013ead, v\u00fdborn\u00e1 l\"}]},{\"@type\":\"WebSite\",\"@id\":\"https:\/\/baportal.sk\/podnajom\/#website\",\"url\":\"https:\/\/baportal.sk\/podnajom\/\",\"name\":\"Podn\u00e1jom - Baportal.sk - Bratislava\",\"description\":\"\",\"potentialAction\":[{\"@type\":\"SearchAction\",\"target\":{\"@type\":\"EntryPoint\",\"urlTemplate\":\"https:\/\/baportal.sk\/podnajom\/?s={search_term_string}\"},\"query-input\":\"required name=search_term_string\"}],\"inLanguage\":\"sk-SK\"},{\"@type\":\"Person\",\"@id\":\"https:\/\/baportal.sk\/podnajom\/#\/schema\/person\/1048c08c599b2e93379d6374549bd168\",\"name\":\"marek\",\"image\":{\"@type\":\"ImageObject\",\"inLanguage\":\"sk-SK\",\"@id\":\"https:\/\/baportal.sk\/podnajom\/#\/schema\/person\/image\/\",\"url\":\"https:\/\/secure.gravatar.com\/avatar\/cdf0fbd37411d455f1afd87f93b867f6?s=96&d=mm&r=g\",\"contentUrl\":\"https:\/\/secure.gravatar.com\/avatar\/cdf0fbd37411d455f1afd87f93b867f6?s=96&d=mm&r=g\",\"caption\":\"marek\"},\"sameAs\":[\"https:\/\/www.baportal.sk\/podnajom\"]}]}<\/script>\n<!-- \/ Yoast SEO plugin. -->","yoast_head_json":{"title":"Pren\u00e1jom zariaden\u00fd APARTM\u00c1N s loggiou pri OC CENTR\u00c1L, 4\/7 p., klimatiz\u00e1cia, kr\u00e1sny v\u00fdh\u013ead, v\u00fdborn\u00e1 l | Podn\u00e1jom - Baportal.sk - Bratislava","description":"Pon\u00fakame na pren\u00e1jom \u00fatuln\u00fd byt apartm\u00e1nov\u00e9ho typu s ve\u013ekou loggiou, orientovan\u00fd na slne\u010dn\u00fa stranu, v novo zrekon\u0161truovanej polyfunk\u010dnej budove na","robots":{"index":"index","follow":"follow","max-snippet":"max-snippet:-1","max-image-preview":"max-image-preview:large","max-video-preview":"max-video-preview:-1"},"canonical":"https:\/\/baportal.sk\/podnajom\/in\/61485\/","og_locale":"sk_SK","og_type":"article","og_title":"Pren\u00e1jom zariaden\u00fd APARTM\u00c1N s loggiou pri OC CENTR\u00c1L, 4\/7 p., klimatiz\u00e1cia, kr\u00e1sny v\u00fdh\u013ead, v\u00fdborn\u00e1 l | Podn\u00e1jom - Baportal.sk - Bratislava","og_description":"Pon\u00fakame na pren\u00e1jom \u00fatuln\u00fd byt apartm\u00e1nov\u00e9ho typu s ve\u013ekou loggiou, orientovan\u00fd na slne\u010dn\u00fa stranu, v novo zrekon\u0161truovanej polyfunk\u010dnej budove na","og_url":"https:\/\/baportal.sk\/podnajom\/in\/61485\/","og_site_name":"Podn\u00e1jom - Baportal.sk - Bratislava","article_published_time":"2022-05-05T01:01:49+00:00","author":"marek","twitter_card":"summary_large_image","twitter_misc":{"Autor":"marek","Predpokladan\u00fd \u010das \u010d\u00edtania":"2 min\u00faty"},"schema":{"@context":"https:\/\/schema.org","@graph":[{"@type":"WebPage","@id":"https:\/\/baportal.sk\/podnajom\/in\/61485\/","url":"https:\/\/baportal.sk\/podnajom\/in\/61485\/","name":"Pren\u00e1jom zariaden\u00fd APARTM\u00c1N s loggiou pri OC CENTR\u00c1L, 4\/7 p., klimatiz\u00e1cia, kr\u00e1sny v\u00fdh\u013ead, v\u00fdborn\u00e1 l | Podn\u00e1jom - Baportal.sk - Bratislava","isPartOf":{"@id":"https:\/\/baportal.sk\/podnajom\/#website"},"primaryImageOfPage":{"@id":"https:\/\/baportal.sk\/podnajom\/in\/61485\/#primaryimage"},"image":{"@id":"https:\/\/baportal.sk\/podnajom\/in\/61485\/#primaryimage"},"thumbnailUrl":"https:\/\/baportal.sk\/podnajom\/wp-content\/uploads\/2023\/06\/Prenajom-zariadeny-APARTMAN-s-loggiou-pri-OC-CENTRAL-47-p.jpeg","datePublished":"2022-05-05T01:01:49+00:00","dateModified":"2022-05-05T01:01:49+00:00","author":{"@id":"https:\/\/baportal.sk\/podnajom\/#\/schema\/person\/1048c08c599b2e93379d6374549bd168"},"description":"Pon\u00fakame na pren\u00e1jom \u00fatuln\u00fd byt apartm\u00e1nov\u00e9ho typu s ve\u013ekou loggiou, orientovan\u00fd na slne\u010dn\u00fa stranu, v novo zrekon\u0161truovanej polyfunk\u010dnej budove na","breadcrumb":{"@id":"https:\/\/baportal.sk\/podnajom\/in\/61485\/#breadcrumb"},"inLanguage":"sk-SK","potentialAction":[{"@type":"ReadAction","target":["https:\/\/baportal.sk\/podnajom\/in\/61485\/"]}]},{"@type":"ImageObject","inLanguage":"sk-SK","@id":"https:\/\/baportal.sk\/podnajom\/in\/61485\/#primaryimage","url":"https:\/\/baportal.sk\/podnajom\/wp-content\/uploads\/2023\/06\/Prenajom-zariadeny-APARTMAN-s-loggiou-pri-OC-CENTRAL-47-p.jpeg","contentUrl":"https:\/\/baportal.sk\/podnajom\/wp-content\/uploads\/2023\/06\/Prenajom-zariadeny-APARTMAN-s-loggiou-pri-OC-CENTRAL-47-p.jpeg","width":600,"height":315},{"@type":"BreadcrumbList","@id":"https:\/\/baportal.sk\/podnajom\/in\/61485\/#breadcrumb","itemListElement":[{"@type":"ListItem","position":1,"name":"Domovsk\u00e1 str\u00e1nka","item":"https:\/\/baportal.sk\/podnajom\/"},{"@type":"ListItem","position":2,"name":"Pren\u00e1jom zariaden\u00fd APARTM\u00c1N s loggiou pri OC CENTR\u00c1L, 4\/7 p., klimatiz\u00e1cia, kr\u00e1sny v\u00fdh\u013ead, v\u00fdborn\u00e1 l"}]},{"@type":"WebSite","@id":"https:\/\/baportal.sk\/podnajom\/#website","url":"https:\/\/baportal.sk\/podnajom\/","name":"Podn\u00e1jom - Baportal.sk - Bratislava","description":"","potentialAction":[{"@type":"SearchAction","target":{"@type":"EntryPoint","urlTemplate":"https:\/\/baportal.sk\/podnajom\/?s={search_term_string}"},"query-input":"required name=search_term_string"}],"inLanguage":"sk-SK"},{"@type":"Person","@id":"https:\/\/baportal.sk\/podnajom\/#\/schema\/person\/1048c08c599b2e93379d6374549bd168","name":"marek","image":{"@type":"ImageObject","inLanguage":"sk-SK","@id":"https:\/\/baportal.sk\/podnajom\/#\/schema\/person\/image\/","url":"https:\/\/secure.gravatar.com\/avatar\/cdf0fbd37411d455f1afd87f93b867f6?s=96&d=mm&r=g","contentUrl":"https:\/\/secure.gravatar.com\/avatar\/cdf0fbd37411d455f1afd87f93b867f6?s=96&d=mm&r=g","caption":"marek"},"sameAs":["https:\/\/www.baportal.sk\/podnajom"]}]}},"_links":{"self":[{"href":"https:\/\/baportal.sk\/podnajom\/wp-json\/wp\/v2\/posts\/61485"}],"collection":[{"href":"https:\/\/baportal.sk\/podnajom\/wp-json\/wp\/v2\/posts"}],"about":[{"href":"https:\/\/baportal.sk\/podnajom\/wp-json\/wp\/v2\/types\/post"}],"author":[{"embeddable":true,"href":"https:\/\/baportal.sk\/podnajom\/wp-json\/wp\/v2\/users\/1"}],"replies":[{"embeddable":true,"href":"https:\/\/baportal.sk\/podnajom\/wp-json\/wp\/v2\/comments?post=61485"}],"version-history":[{"count":0,"href":"https:\/\/baportal.sk\/podnajom\/wp-json\/wp\/v2\/posts\/61485\/revisions"}],"wp:featuredmedia":[{"embeddable":true,"href":"https:\/\/baportal.sk\/podnajom\/wp-json\/wp\/v2\/media\/61486"}],"wp:attachment":[{"href":"https:\/\/baportal.sk\/podnajom\/wp-json\/wp\/v2\/media?parent=61485"}],"wp:term":[{"taxonomy":"category","embeddable":true,"href":"https:\/\/baportal.sk\/podnajom\/wp-json\/wp\/v2\/categories?post=61485"},{"taxonomy":"post_tag","embeddable":true,"href":"https:\/\/baportal.sk\/podnajom\/wp-json\/wp\/v2\/tags?post=61485"}],"curies":[{"name":"wp","href":"https:\/\/api.w.org\/{rel}","templated":true}]}}