{"id":61557,"date":"2022-05-05T03:01:49","date_gmt":"2022-05-05T01:01:49","guid":{"rendered":"https:\/\/baportal.sk\/podnajom\/in\/61557\/"},"modified":"2022-05-05T03:01:49","modified_gmt":"2022-05-05T01:01:49","slug":"arvin-benet-zariadeny-2i-byt-v-ziadanej-lokalite","status":"publish","type":"post","link":"https:\/\/baportal.sk\/podnajom\/in\/61557\/","title":{"rendered":"Arvin &amp; Benet | Zariaden\u00fd 2i byt v \u017eiadanej lokalite"},"content":{"rendered":"<div class=\"text-inner\">\n                                Arvin &amp; Benet pon\u00faka na pren\u00e1jom zrekon\u0161truovan\u00fd zariaden\u00fd dvojizbov\u00fd byt v \u017eiadanej lokalite. B\u00fdvanie v tomto byte je ide\u00e1lne pre mlad\u00e9ho \u010dloveka alebo p\u00e1r, ktor\u00fd r\u00e1d vyu\u017e\u00edva v\u00fdhody b\u00fdvania v srdci mesta s mo\u017enos\u0165ami na oddych v tieni parkovej zelene.<\/p>\n<p>- Pr\u00edjemn\u00fd a \u00fatuln\u00fd byt pre p\u00e1r<br \/>\n- V\u00fdborn\u00e1 poloha v centre mesta<br \/>\n- Perfektn\u00e1 dostupnos\u0165 MHD (elektri\u010dka, autobus, trolejbus)<br \/>\n- Plno zelene a mo\u017enost\u00ed na relax aj z\u00e1bavu<\/p>\n<p>\nByt:<\/p>\n<p>Byt sa nach\u00e1dza na 1. poschod\u00ed, Je ide\u00e1lny pre mlad\u00e9ho \u010dloveka \u010di p\u00e1r, ktor\u00fd chce b\u00fdva\u0165 v pokojnej lokalite, ale s\u00fa\u010dasne na skok do centra so v\u0161etk\u00fdmi jeho mo\u017enos\u0165ami.<\/p>\n<p>Byt pozost\u00e1va zo vstupnej chodby, svetlej ob\u00fdvacej izby, sp\u00e1lne, k\u00fape\u013ene a samostatn\u00e9ho WC a samostatnej kuchyne s franc\u00fazskym oknom.<\/p>\n<p>Byt pre\u0161iel rekon\u0161trukciou a je plne zariaden\u00fd, nach\u00e1dza sa v bezpe\u010dnom a \u010distom renovovanom bytovom dome s mno\u017estvom zelene v bezprostrednom okol\u00ed.<\/p>\n<p>V\u00fdznamn\u00fdm benefitom bytu je jeho poloha v \u0161ir\u0161om centre mesta. Verejn\u00e9 neregulovan\u00e9 parkovanie v okol\u00ed obytn\u00e9ho domu.<\/p>\n<p>\nLokalita:<\/p>\n<p>Byt sa nach\u00e1dza vo vynikaj\u00facej \u010dasti Nov\u00e9ho Mesta s v\u00fdbornou ob\u010dianskou vybavenos\u0165ou a dostupnos\u0165ou. V okol\u00ed bytov\u00e9ho domu sa nach\u00e1dzaj\u00fa kaviarne., re\u0161taur\u00e1cie, \u010di pr\u00e9miov\u00e1 cukr\u00e1re\u0148 Laurent. V pe\u0161ej dostupnosti sa nach\u00e1dza OC Central s pestrou ponukou zna\u010dkov\u00fdch prev\u00e1dzok a obchodov s m\u00f3dou. V susedstve sa nach\u00e1dza ob\u013e\u00faben\u00fd Park Ra\u010dianske m\u00fdto, smo\u017enos\u0165ami na relax. Z\u00e1stavku MHD Ra\u010dianske m\u00fdto obsluhuje elektri\u010dka, aj autobus, \u010do zabezpe\u010duje v\u00fdborn\u00fa dostupnos\u0165 na v\u0161etky smery.<\/p>\n<p>\nCena: 690 EUR mesa\u010dne ( 540 EUR n\u00e1jomn\u00e9 vr\u00e1tane 150 EUR energi\u00ed) <br \/>\nV\u00fdmera: 52 m (interi\u00e9r 49,5 m , balk\u00f3n 2,5 m )<\/p>\n<p>\nFotografie a text s\u00fa autorsk\u00fdm dielom a majetkom spolo\u010dnosti Arvin &amp; Benet.<br \/>\nNehnute\u013enos\u0165 bola naaran\u017eovan\u00e1 a nafoten\u00e1 Homestaging oddelen\u00edm na\u0161ej spolo\u010dnosti, ve\u013emi radi V\u00e1m pom\u00f4\u017eeme pri efekt\u00edvnom a d\u00f4stojnom predaji \u010di pren\u00e1jme aj Va\u0161ej nehnute\u013enosti. Budeme sa te\u0161i\u0165, ke\u010f n\u00e1s budete nez\u00e1v\u00e4zne kontaktova\u0165.                            <\/div>\n","protected":false},"excerpt":{"rendered":"<p>Arvin &amp; Benet pon\u00faka na pren\u00e1jom zrekon\u0161truovan\u00fd zariaden\u00fd dvojizbov\u00fd byt v \u017eiadanej lokalite. B\u00fdvanie v tomto byte je ide\u00e1lne pre mlad\u00e9ho \u010dloveka alebo p\u00e1r, ktor\u00fd r\u00e1d vyu\u017e\u00edva v\u00fdhody b\u00fdvania v srdci mesta s mo\u017enos\u0165ami na oddych v tieni parkovej zelene. - Pr\u00edjemn\u00fd a \u00fatuln\u00fd byt pre p\u00e1r - V\u00fdborn\u00e1 poloha v centre mesta - Perfektn\u00e1 [&hellip;]<\/p>\n","protected":false},"author":1,"featured_media":61558,"comment_status":"open","ping_status":"open","sticky":false,"template":"","format":"standard","meta":{"footnotes":""},"categories":[4],"tags":[],"class_list":["post-61557","post","type-post","status-publish","format-standard","has-post-thumbnail","hentry","category-prenajom-bytu"],"yoast_head":"<!-- This site is optimized with the Yoast SEO plugin v23.1 - https:\/\/yoast.com\/wordpress\/plugins\/seo\/ -->\n<title>Arvin &amp; Benet | Zariaden\u00fd 2i byt v \u017eiadanej lokalite | Podn\u00e1jom - Baportal.sk - Bratislava<\/title>\n<meta name=\"description\" content=\"Arvin &amp; Benet pon\u00faka na pren\u00e1jom zrekon\u0161truovan\u00fd zariaden\u00fd dvojizbov\u00fd byt v \u017eiadanej lokalite. B\u00fdvanie v tomto byte je ide\u00e1lne pre mlad\u00e9ho \u010dloveka\" \/>\n<meta name=\"robots\" content=\"index, follow, max-snippet:-1, max-image-preview:large, max-video-preview:-1\" \/>\n<link rel=\"canonical\" href=\"https:\/\/baportal.sk\/podnajom\/in\/61557\/\" \/>\n<meta property=\"og:locale\" content=\"sk_SK\" \/>\n<meta property=\"og:type\" content=\"article\" \/>\n<meta property=\"og:title\" content=\"Arvin &amp; Benet | Zariaden\u00fd 2i byt v \u017eiadanej lokalite | Podn\u00e1jom - Baportal.sk - Bratislava\" \/>\n<meta property=\"og:description\" content=\"Arvin &amp; Benet pon\u00faka na pren\u00e1jom zrekon\u0161truovan\u00fd zariaden\u00fd dvojizbov\u00fd byt v \u017eiadanej lokalite. B\u00fdvanie v tomto byte je ide\u00e1lne pre mlad\u00e9ho \u010dloveka\" \/>\n<meta property=\"og:url\" content=\"https:\/\/baportal.sk\/podnajom\/in\/61557\/\" \/>\n<meta property=\"og:site_name\" content=\"Podn\u00e1jom - Baportal.sk - Bratislava\" \/>\n<meta property=\"article:published_time\" content=\"2022-05-05T01:01:49+00:00\" \/>\n<meta name=\"author\" content=\"marek\" \/>\n<meta name=\"twitter:card\" content=\"summary_large_image\" \/>\n<meta name=\"twitter:label1\" content=\"Autor\" \/>\n\t<meta name=\"twitter:data1\" content=\"marek\" \/>\n\t<meta name=\"twitter:label2\" content=\"Predpokladan\u00fd \u010das \u010d\u00edtania\" \/>\n\t<meta name=\"twitter:data2\" content=\"2 min\u00faty\" \/>\n<script type=\"application\/ld+json\" class=\"yoast-schema-graph\">{\"@context\":\"https:\/\/schema.org\",\"@graph\":[{\"@type\":\"WebPage\",\"@id\":\"https:\/\/baportal.sk\/podnajom\/in\/61557\/\",\"url\":\"https:\/\/baportal.sk\/podnajom\/in\/61557\/\",\"name\":\"Arvin &amp; Benet | Zariaden\u00fd 2i byt v \u017eiadanej lokalite | Podn\u00e1jom - Baportal.sk - Bratislava\",\"isPartOf\":{\"@id\":\"https:\/\/baportal.sk\/podnajom\/#website\"},\"primaryImageOfPage\":{\"@id\":\"https:\/\/baportal.sk\/podnajom\/in\/61557\/#primaryimage\"},\"image\":{\"@id\":\"https:\/\/baportal.sk\/podnajom\/in\/61557\/#primaryimage\"},\"thumbnailUrl\":\"https:\/\/baportal.sk\/podnajom\/wp-content\/uploads\/2023\/06\/Arvin-amp-Benet-Zariadeny-2i-byt-v-ziadanej-lokalite.jpeg\",\"datePublished\":\"2022-05-05T01:01:49+00:00\",\"dateModified\":\"2022-05-05T01:01:49+00:00\",\"author\":{\"@id\":\"https:\/\/baportal.sk\/podnajom\/#\/schema\/person\/1048c08c599b2e93379d6374549bd168\"},\"description\":\"Arvin &amp; Benet pon\u00faka na pren\u00e1jom zrekon\u0161truovan\u00fd zariaden\u00fd dvojizbov\u00fd byt v \u017eiadanej lokalite. B\u00fdvanie v tomto byte je ide\u00e1lne pre mlad\u00e9ho \u010dloveka\",\"breadcrumb\":{\"@id\":\"https:\/\/baportal.sk\/podnajom\/in\/61557\/#breadcrumb\"},\"inLanguage\":\"sk-SK\",\"potentialAction\":[{\"@type\":\"ReadAction\",\"target\":[\"https:\/\/baportal.sk\/podnajom\/in\/61557\/\"]}]},{\"@type\":\"ImageObject\",\"inLanguage\":\"sk-SK\",\"@id\":\"https:\/\/baportal.sk\/podnajom\/in\/61557\/#primaryimage\",\"url\":\"https:\/\/baportal.sk\/podnajom\/wp-content\/uploads\/2023\/06\/Arvin-amp-Benet-Zariadeny-2i-byt-v-ziadanej-lokalite.jpeg\",\"contentUrl\":\"https:\/\/baportal.sk\/podnajom\/wp-content\/uploads\/2023\/06\/Arvin-amp-Benet-Zariadeny-2i-byt-v-ziadanej-lokalite.jpeg\",\"width\":600,\"height\":315},{\"@type\":\"BreadcrumbList\",\"@id\":\"https:\/\/baportal.sk\/podnajom\/in\/61557\/#breadcrumb\",\"itemListElement\":[{\"@type\":\"ListItem\",\"position\":1,\"name\":\"Domovsk\u00e1 str\u00e1nka\",\"item\":\"https:\/\/baportal.sk\/podnajom\/\"},{\"@type\":\"ListItem\",\"position\":2,\"name\":\"Arvin &amp; Benet | Zariaden\u00fd 2i byt v \u017eiadanej lokalite\"}]},{\"@type\":\"WebSite\",\"@id\":\"https:\/\/baportal.sk\/podnajom\/#website\",\"url\":\"https:\/\/baportal.sk\/podnajom\/\",\"name\":\"Podn\u00e1jom - Baportal.sk - Bratislava\",\"description\":\"\",\"potentialAction\":[{\"@type\":\"SearchAction\",\"target\":{\"@type\":\"EntryPoint\",\"urlTemplate\":\"https:\/\/baportal.sk\/podnajom\/?s={search_term_string}\"},\"query-input\":\"required name=search_term_string\"}],\"inLanguage\":\"sk-SK\"},{\"@type\":\"Person\",\"@id\":\"https:\/\/baportal.sk\/podnajom\/#\/schema\/person\/1048c08c599b2e93379d6374549bd168\",\"name\":\"marek\",\"image\":{\"@type\":\"ImageObject\",\"inLanguage\":\"sk-SK\",\"@id\":\"https:\/\/baportal.sk\/podnajom\/#\/schema\/person\/image\/\",\"url\":\"https:\/\/secure.gravatar.com\/avatar\/cdf0fbd37411d455f1afd87f93b867f6?s=96&d=mm&r=g\",\"contentUrl\":\"https:\/\/secure.gravatar.com\/avatar\/cdf0fbd37411d455f1afd87f93b867f6?s=96&d=mm&r=g\",\"caption\":\"marek\"},\"sameAs\":[\"https:\/\/www.baportal.sk\/podnajom\"]}]}<\/script>\n<!-- \/ Yoast SEO plugin. -->","yoast_head_json":{"title":"Arvin &amp; Benet | Zariaden\u00fd 2i byt v \u017eiadanej lokalite | Podn\u00e1jom - Baportal.sk - Bratislava","description":"Arvin &amp; Benet pon\u00faka na pren\u00e1jom zrekon\u0161truovan\u00fd zariaden\u00fd dvojizbov\u00fd byt v \u017eiadanej lokalite. B\u00fdvanie v tomto byte je ide\u00e1lne pre mlad\u00e9ho \u010dloveka","robots":{"index":"index","follow":"follow","max-snippet":"max-snippet:-1","max-image-preview":"max-image-preview:large","max-video-preview":"max-video-preview:-1"},"canonical":"https:\/\/baportal.sk\/podnajom\/in\/61557\/","og_locale":"sk_SK","og_type":"article","og_title":"Arvin &amp; Benet | Zariaden\u00fd 2i byt v \u017eiadanej lokalite | Podn\u00e1jom - Baportal.sk - Bratislava","og_description":"Arvin &amp; Benet pon\u00faka na pren\u00e1jom zrekon\u0161truovan\u00fd zariaden\u00fd dvojizbov\u00fd byt v \u017eiadanej lokalite. B\u00fdvanie v tomto byte je ide\u00e1lne pre mlad\u00e9ho \u010dloveka","og_url":"https:\/\/baportal.sk\/podnajom\/in\/61557\/","og_site_name":"Podn\u00e1jom - Baportal.sk - Bratislava","article_published_time":"2022-05-05T01:01:49+00:00","author":"marek","twitter_card":"summary_large_image","twitter_misc":{"Autor":"marek","Predpokladan\u00fd \u010das \u010d\u00edtania":"2 min\u00faty"},"schema":{"@context":"https:\/\/schema.org","@graph":[{"@type":"WebPage","@id":"https:\/\/baportal.sk\/podnajom\/in\/61557\/","url":"https:\/\/baportal.sk\/podnajom\/in\/61557\/","name":"Arvin &amp; Benet | Zariaden\u00fd 2i byt v \u017eiadanej lokalite | Podn\u00e1jom - Baportal.sk - Bratislava","isPartOf":{"@id":"https:\/\/baportal.sk\/podnajom\/#website"},"primaryImageOfPage":{"@id":"https:\/\/baportal.sk\/podnajom\/in\/61557\/#primaryimage"},"image":{"@id":"https:\/\/baportal.sk\/podnajom\/in\/61557\/#primaryimage"},"thumbnailUrl":"https:\/\/baportal.sk\/podnajom\/wp-content\/uploads\/2023\/06\/Arvin-amp-Benet-Zariadeny-2i-byt-v-ziadanej-lokalite.jpeg","datePublished":"2022-05-05T01:01:49+00:00","dateModified":"2022-05-05T01:01:49+00:00","author":{"@id":"https:\/\/baportal.sk\/podnajom\/#\/schema\/person\/1048c08c599b2e93379d6374549bd168"},"description":"Arvin &amp; Benet pon\u00faka na pren\u00e1jom zrekon\u0161truovan\u00fd zariaden\u00fd dvojizbov\u00fd byt v \u017eiadanej lokalite. B\u00fdvanie v tomto byte je ide\u00e1lne pre mlad\u00e9ho \u010dloveka","breadcrumb":{"@id":"https:\/\/baportal.sk\/podnajom\/in\/61557\/#breadcrumb"},"inLanguage":"sk-SK","potentialAction":[{"@type":"ReadAction","target":["https:\/\/baportal.sk\/podnajom\/in\/61557\/"]}]},{"@type":"ImageObject","inLanguage":"sk-SK","@id":"https:\/\/baportal.sk\/podnajom\/in\/61557\/#primaryimage","url":"https:\/\/baportal.sk\/podnajom\/wp-content\/uploads\/2023\/06\/Arvin-amp-Benet-Zariadeny-2i-byt-v-ziadanej-lokalite.jpeg","contentUrl":"https:\/\/baportal.sk\/podnajom\/wp-content\/uploads\/2023\/06\/Arvin-amp-Benet-Zariadeny-2i-byt-v-ziadanej-lokalite.jpeg","width":600,"height":315},{"@type":"BreadcrumbList","@id":"https:\/\/baportal.sk\/podnajom\/in\/61557\/#breadcrumb","itemListElement":[{"@type":"ListItem","position":1,"name":"Domovsk\u00e1 str\u00e1nka","item":"https:\/\/baportal.sk\/podnajom\/"},{"@type":"ListItem","position":2,"name":"Arvin &amp; Benet | Zariaden\u00fd 2i byt v \u017eiadanej lokalite"}]},{"@type":"WebSite","@id":"https:\/\/baportal.sk\/podnajom\/#website","url":"https:\/\/baportal.sk\/podnajom\/","name":"Podn\u00e1jom - Baportal.sk - Bratislava","description":"","potentialAction":[{"@type":"SearchAction","target":{"@type":"EntryPoint","urlTemplate":"https:\/\/baportal.sk\/podnajom\/?s={search_term_string}"},"query-input":"required name=search_term_string"}],"inLanguage":"sk-SK"},{"@type":"Person","@id":"https:\/\/baportal.sk\/podnajom\/#\/schema\/person\/1048c08c599b2e93379d6374549bd168","name":"marek","image":{"@type":"ImageObject","inLanguage":"sk-SK","@id":"https:\/\/baportal.sk\/podnajom\/#\/schema\/person\/image\/","url":"https:\/\/secure.gravatar.com\/avatar\/cdf0fbd37411d455f1afd87f93b867f6?s=96&d=mm&r=g","contentUrl":"https:\/\/secure.gravatar.com\/avatar\/cdf0fbd37411d455f1afd87f93b867f6?s=96&d=mm&r=g","caption":"marek"},"sameAs":["https:\/\/www.baportal.sk\/podnajom"]}]}},"_links":{"self":[{"href":"https:\/\/baportal.sk\/podnajom\/wp-json\/wp\/v2\/posts\/61557"}],"collection":[{"href":"https:\/\/baportal.sk\/podnajom\/wp-json\/wp\/v2\/posts"}],"about":[{"href":"https:\/\/baportal.sk\/podnajom\/wp-json\/wp\/v2\/types\/post"}],"author":[{"embeddable":true,"href":"https:\/\/baportal.sk\/podnajom\/wp-json\/wp\/v2\/users\/1"}],"replies":[{"embeddable":true,"href":"https:\/\/baportal.sk\/podnajom\/wp-json\/wp\/v2\/comments?post=61557"}],"version-history":[{"count":0,"href":"https:\/\/baportal.sk\/podnajom\/wp-json\/wp\/v2\/posts\/61557\/revisions"}],"wp:featuredmedia":[{"embeddable":true,"href":"https:\/\/baportal.sk\/podnajom\/wp-json\/wp\/v2\/media\/61558"}],"wp:attachment":[{"href":"https:\/\/baportal.sk\/podnajom\/wp-json\/wp\/v2\/media?parent=61557"}],"wp:term":[{"taxonomy":"category","embeddable":true,"href":"https:\/\/baportal.sk\/podnajom\/wp-json\/wp\/v2\/categories?post=61557"},{"taxonomy":"post_tag","embeddable":true,"href":"https:\/\/baportal.sk\/podnajom\/wp-json\/wp\/v2\/tags?post=61557"}],"curies":[{"name":"wp","href":"https:\/\/api.w.org\/{rel}","templated":true}]}}