{"id":62546,"date":"2022-05-05T03:01:49","date_gmt":"2022-05-05T01:01:49","guid":{"rendered":"https:\/\/baportal.sk\/podnajom\/in\/62546\/"},"modified":"2022-05-05T03:01:49","modified_gmt":"2022-05-05T01:01:49","slug":"byvaj-prvy-v-stylovom-2i-byte-novostavba-garaz-balkon-bosakova-ulica","status":"publish","type":"post","link":"https:\/\/baportal.sk\/podnajom\/in\/62546\/","title":{"rendered":"B\u00ddVAJ PRV\u00dd !!! V \u0160T\u00ddLOVOM 2i byte, NOVOSTAVBA, GAR\u00c1\u017d, BALK\u00d3N, Bos\u00e1kova ulica"},"content":{"rendered":"<div class=\"text-inner\">\n                                Realitn\u00e1 kancel\u00e1ria PrimeReality pon\u00faka na pren\u00e1jom kr\u00e1sny, slne\u010dn\u00fd a hlavne \u00faplne nov\u00fd 2i byt, orientovan\u00fd na JV stranu do zelen\u00e9ho vn\u00fatrobloku v novostavbe z roku (2023), kompletne \u0161t\u00fdlovo zariaden\u00fd vo vysokom \u0161tandarde, s priestrann\u00fdm balk\u00f3nom, elektrick\u00fdmi vonkaj\u0161\u00edmi \u017eal\u00faziami, samostatnou priestrannou gar\u00e1\u017eou na Bos\u00e1kovej ulici v bl\u00edzkosti Auparku a Sadu Janka Kr\u00e1\u013ea v mestskej \u010dasti Petr\u017ealka.<\/p>\n<p>Podlahov\u00e1 plocha bytu predstavuje 63 m2 + 6,6 m2 balk\u00f3n. Byt sa nach\u00e1dza na 6. poschod\u00ed v 8 \u2013 poschodovej novostavbe s v\u00fd\u0165ahom. <\/p>\n<p>BENEFITY<br \/>\n- novostavba ( 2023 )<br \/>\n- kompletne \u0161t\u00fdlovo zariaden\u00fd s novou kuchynskou linkou na mieru a s nov\u00fdmi vstavan\u00fdmi spotrebi\u010dmi zna\u010dky BOSCH (elektrick\u00e1 varn\u00e1 doska, elektrick\u00e1 r\u00fara na pe\u010denie, chladni\u010dka s mrazni\u010dkou, digestor, mikrovlnka, um\u00fdva\u010dka riadu), pr\u00e1\u010dkou<br \/>\n- priestrann\u00fd balk\u00f3n ( 6.5 m2 )<br \/>\n- elektrick\u00e9 vonkaj\u0161ie \u017eal\u00fazie<br \/>\n- predpr\u00edprava na kl\u00edmu ( mo\u017enos\u0165 dozariadenia po dohode )  <br \/>\n- orient\u00e1cia na JV stranu do zelen\u00e9ho tich\u00e9ho vn\u00fatrobloku <br \/>\n- internet a TV v cene n\u00e1jmu<br \/>\n- samostatn\u00e1 priestrann\u00e1 gar\u00e1\u017e za poplatok 100 euro \/ mesiac v pr\u00edzem\u00ed bytov\u00e9ho domu<br \/>\n- vhodn\u00fd pre n\u00e1ro\u010dn\u00e9ho klienta vo vysokom \u0161tandarde <br \/>\n- \u00fapln\u00e1 ob\u010dianska vybavenos\u0165<br \/>\n- tich\u00e9 prostredie   <br \/>\n- vo\u013en\u00fd ihne\u010f<\/p>\n<p>DISPOZ\u00cdCIA:<br \/>\n-\tvstupn\u00e1 chodba so vstavanou skri\u0148ou, kuchy\u0148a spojen\u00e1 s ob\u00fdva\u010dkou s pr\u00edstupom na balk\u00f3n, sp\u00e1l\u0148a so \u0161atn\u00edkovou skri\u0148ou na mieru, k\u00fape\u013e\u0148a s va\u0148ou a pr\u00e1\u010dkou a samostatn\u00e1 toaleta<\/p>\n<p>LOKALITA:<br \/>\nBytov\u00fd dom sa nach\u00e1dza v tichej lokalite na za\u010diatku Petr\u017ealky s \u00faplnou ob\u010dianskou vybavenos\u0165ou.  Vn\u00fatro bytovky ve\u013emi pekne dizajnovo navrhnut\u00e9. V bl\u00edzkosti bytovej jednotky je mo\u017en\u00e9 n\u00e1js\u0165 zdravotn\u00e9 stredisko, lek\u00e1re\u0148,  potraviny, kaviare\u0148, predaj\u0148a TPD, kadern\u00edctvo, lok\u00e1lne trhovisko, sad Janka Kr\u00e1\u013ea, Aupark. Pri bytovej jednotke mo\u017enos\u0165 napoji\u0165 sa na cyklotrasu a s mo\u017enos\u0165ou prejs\u0165 na pe\u0161o do mesta, pri dome z\u00e1stavky MHD. <\/p>\n<p>Ve\u013emi pekn\u00e9 a pr\u00edjemn\u00e9 b\u00fdvanie s perfektnou dostupnos\u0165ou do centra, treba vidie\u0165 !!!<\/p>\n<p>\nByt je vo\u013en\u00fd ihne\u010f a je vhodn\u00fd max. pre 2 dospel\u00e9 osoby bez dom\u00e1cich mil\u00e1\u010dikov.<br \/>\nCENA:<\/p>\n<p>Mesa\u010dn\u00fd pren\u00e1jom predstavuje 750 euro + 250 euro energie vr\u00e1tane poplatku za TV a internet.<\/p>\n<p>Kontakt: 0948 902 505  <br \/>\nEmail: kiss@primereality.sk                            <\/div>\n","protected":false},"excerpt":{"rendered":"<p>Realitn\u00e1 kancel\u00e1ria PrimeReality pon\u00faka na pren\u00e1jom kr\u00e1sny, slne\u010dn\u00fd a hlavne \u00faplne nov\u00fd 2i byt, orientovan\u00fd na JV stranu do zelen\u00e9ho vn\u00fatrobloku v novostavbe z roku (2023), kompletne \u0161t\u00fdlovo zariaden\u00fd vo vysokom \u0161tandarde, s priestrann\u00fdm balk\u00f3nom, elektrick\u00fdmi vonkaj\u0161\u00edmi \u017eal\u00faziami, samostatnou priestrannou gar\u00e1\u017eou na Bos\u00e1kovej ulici v bl\u00edzkosti Auparku a Sadu Janka Kr\u00e1\u013ea v mestskej \u010dasti Petr\u017ealka. [&hellip;]<\/p>\n","protected":false},"author":1,"featured_media":62547,"comment_status":"open","ping_status":"open","sticky":false,"template":"","format":"standard","meta":{"footnotes":""},"categories":[4],"tags":[],"class_list":["post-62546","post","type-post","status-publish","format-standard","has-post-thumbnail","hentry","category-prenajom-bytu"],"yoast_head":"<!-- This site is optimized with the Yoast SEO plugin v23.1 - https:\/\/yoast.com\/wordpress\/plugins\/seo\/ -->\n<title>B\u00ddVAJ PRV\u00dd !!! V \u0160T\u00ddLOVOM 2i byte, NOVOSTAVBA, GAR\u00c1\u017d, BALK\u00d3N, Bos\u00e1kova ulica | Podn\u00e1jom - Baportal.sk - Bratislava<\/title>\n<meta name=\"description\" content=\"Realitn\u00e1 kancel\u00e1ria PrimeReality pon\u00faka na pren\u00e1jom kr\u00e1sny, slne\u010dn\u00fd a hlavne \u00faplne nov\u00fd 2i byt, orientovan\u00fd na JV stranu do zelen\u00e9ho vn\u00fatrobloku v\" \/>\n<meta name=\"robots\" content=\"index, follow, max-snippet:-1, max-image-preview:large, max-video-preview:-1\" \/>\n<link rel=\"canonical\" href=\"https:\/\/baportal.sk\/podnajom\/in\/62546\/\" \/>\n<meta property=\"og:locale\" content=\"sk_SK\" \/>\n<meta property=\"og:type\" content=\"article\" \/>\n<meta property=\"og:title\" content=\"B\u00ddVAJ PRV\u00dd !!! V \u0160T\u00ddLOVOM 2i byte, NOVOSTAVBA, GAR\u00c1\u017d, BALK\u00d3N, Bos\u00e1kova ulica | Podn\u00e1jom - Baportal.sk - Bratislava\" \/>\n<meta property=\"og:description\" content=\"Realitn\u00e1 kancel\u00e1ria PrimeReality pon\u00faka na pren\u00e1jom kr\u00e1sny, slne\u010dn\u00fd a hlavne \u00faplne nov\u00fd 2i byt, orientovan\u00fd na JV stranu do zelen\u00e9ho vn\u00fatrobloku v\" \/>\n<meta property=\"og:url\" content=\"https:\/\/baportal.sk\/podnajom\/in\/62546\/\" \/>\n<meta property=\"og:site_name\" content=\"Podn\u00e1jom - Baportal.sk - Bratislava\" \/>\n<meta property=\"article:published_time\" content=\"2022-05-05T01:01:49+00:00\" \/>\n<meta name=\"author\" content=\"marek\" \/>\n<meta name=\"twitter:card\" content=\"summary_large_image\" \/>\n<meta name=\"twitter:label1\" content=\"Autor\" \/>\n\t<meta name=\"twitter:data1\" content=\"marek\" \/>\n\t<meta name=\"twitter:label2\" content=\"Predpokladan\u00fd \u010das \u010d\u00edtania\" \/>\n\t<meta name=\"twitter:data2\" content=\"2 min\u00faty\" \/>\n<script type=\"application\/ld+json\" class=\"yoast-schema-graph\">{\"@context\":\"https:\/\/schema.org\",\"@graph\":[{\"@type\":\"WebPage\",\"@id\":\"https:\/\/baportal.sk\/podnajom\/in\/62546\/\",\"url\":\"https:\/\/baportal.sk\/podnajom\/in\/62546\/\",\"name\":\"B\u00ddVAJ PRV\u00dd !!! V \u0160T\u00ddLOVOM 2i byte, NOVOSTAVBA, GAR\u00c1\u017d, BALK\u00d3N, Bos\u00e1kova ulica | Podn\u00e1jom - Baportal.sk - Bratislava\",\"isPartOf\":{\"@id\":\"https:\/\/baportal.sk\/podnajom\/#website\"},\"primaryImageOfPage\":{\"@id\":\"https:\/\/baportal.sk\/podnajom\/in\/62546\/#primaryimage\"},\"image\":{\"@id\":\"https:\/\/baportal.sk\/podnajom\/in\/62546\/#primaryimage\"},\"thumbnailUrl\":\"https:\/\/baportal.sk\/podnajom\/wp-content\/uploads\/2023\/06\/BYVAJ-PRVY-V-STYLOVOM-2i-byte-NOVOSTAVBA-GARAZ-BALKON.jpeg\",\"datePublished\":\"2022-05-05T01:01:49+00:00\",\"dateModified\":\"2022-05-05T01:01:49+00:00\",\"author\":{\"@id\":\"https:\/\/baportal.sk\/podnajom\/#\/schema\/person\/1048c08c599b2e93379d6374549bd168\"},\"description\":\"Realitn\u00e1 kancel\u00e1ria PrimeReality pon\u00faka na pren\u00e1jom kr\u00e1sny, slne\u010dn\u00fd a hlavne \u00faplne nov\u00fd 2i byt, orientovan\u00fd na JV stranu do zelen\u00e9ho vn\u00fatrobloku v\",\"breadcrumb\":{\"@id\":\"https:\/\/baportal.sk\/podnajom\/in\/62546\/#breadcrumb\"},\"inLanguage\":\"sk-SK\",\"potentialAction\":[{\"@type\":\"ReadAction\",\"target\":[\"https:\/\/baportal.sk\/podnajom\/in\/62546\/\"]}]},{\"@type\":\"ImageObject\",\"inLanguage\":\"sk-SK\",\"@id\":\"https:\/\/baportal.sk\/podnajom\/in\/62546\/#primaryimage\",\"url\":\"https:\/\/baportal.sk\/podnajom\/wp-content\/uploads\/2023\/06\/BYVAJ-PRVY-V-STYLOVOM-2i-byte-NOVOSTAVBA-GARAZ-BALKON.jpeg\",\"contentUrl\":\"https:\/\/baportal.sk\/podnajom\/wp-content\/uploads\/2023\/06\/BYVAJ-PRVY-V-STYLOVOM-2i-byte-NOVOSTAVBA-GARAZ-BALKON.jpeg\",\"width\":600,\"height\":315},{\"@type\":\"BreadcrumbList\",\"@id\":\"https:\/\/baportal.sk\/podnajom\/in\/62546\/#breadcrumb\",\"itemListElement\":[{\"@type\":\"ListItem\",\"position\":1,\"name\":\"Domovsk\u00e1 str\u00e1nka\",\"item\":\"https:\/\/baportal.sk\/podnajom\/\"},{\"@type\":\"ListItem\",\"position\":2,\"name\":\"B\u00ddVAJ PRV\u00dd !!! V \u0160T\u00ddLOVOM 2i byte, NOVOSTAVBA, GAR\u00c1\u017d, BALK\u00d3N, Bos\u00e1kova ulica\"}]},{\"@type\":\"WebSite\",\"@id\":\"https:\/\/baportal.sk\/podnajom\/#website\",\"url\":\"https:\/\/baportal.sk\/podnajom\/\",\"name\":\"Podn\u00e1jom - Baportal.sk - Bratislava\",\"description\":\"\",\"potentialAction\":[{\"@type\":\"SearchAction\",\"target\":{\"@type\":\"EntryPoint\",\"urlTemplate\":\"https:\/\/baportal.sk\/podnajom\/?s={search_term_string}\"},\"query-input\":\"required name=search_term_string\"}],\"inLanguage\":\"sk-SK\"},{\"@type\":\"Person\",\"@id\":\"https:\/\/baportal.sk\/podnajom\/#\/schema\/person\/1048c08c599b2e93379d6374549bd168\",\"name\":\"marek\",\"image\":{\"@type\":\"ImageObject\",\"inLanguage\":\"sk-SK\",\"@id\":\"https:\/\/baportal.sk\/podnajom\/#\/schema\/person\/image\/\",\"url\":\"https:\/\/secure.gravatar.com\/avatar\/cdf0fbd37411d455f1afd87f93b867f6?s=96&d=mm&r=g\",\"contentUrl\":\"https:\/\/secure.gravatar.com\/avatar\/cdf0fbd37411d455f1afd87f93b867f6?s=96&d=mm&r=g\",\"caption\":\"marek\"},\"sameAs\":[\"https:\/\/www.baportal.sk\/podnajom\"]}]}<\/script>\n<!-- \/ Yoast SEO plugin. -->","yoast_head_json":{"title":"B\u00ddVAJ PRV\u00dd !!! V \u0160T\u00ddLOVOM 2i byte, NOVOSTAVBA, GAR\u00c1\u017d, BALK\u00d3N, Bos\u00e1kova ulica | Podn\u00e1jom - Baportal.sk - Bratislava","description":"Realitn\u00e1 kancel\u00e1ria PrimeReality pon\u00faka na pren\u00e1jom kr\u00e1sny, slne\u010dn\u00fd a hlavne \u00faplne nov\u00fd 2i byt, orientovan\u00fd na JV stranu do zelen\u00e9ho vn\u00fatrobloku v","robots":{"index":"index","follow":"follow","max-snippet":"max-snippet:-1","max-image-preview":"max-image-preview:large","max-video-preview":"max-video-preview:-1"},"canonical":"https:\/\/baportal.sk\/podnajom\/in\/62546\/","og_locale":"sk_SK","og_type":"article","og_title":"B\u00ddVAJ PRV\u00dd !!! V \u0160T\u00ddLOVOM 2i byte, NOVOSTAVBA, GAR\u00c1\u017d, BALK\u00d3N, Bos\u00e1kova ulica | Podn\u00e1jom - Baportal.sk - Bratislava","og_description":"Realitn\u00e1 kancel\u00e1ria PrimeReality pon\u00faka na pren\u00e1jom kr\u00e1sny, slne\u010dn\u00fd a hlavne \u00faplne nov\u00fd 2i byt, orientovan\u00fd na JV stranu do zelen\u00e9ho vn\u00fatrobloku v","og_url":"https:\/\/baportal.sk\/podnajom\/in\/62546\/","og_site_name":"Podn\u00e1jom - Baportal.sk - Bratislava","article_published_time":"2022-05-05T01:01:49+00:00","author":"marek","twitter_card":"summary_large_image","twitter_misc":{"Autor":"marek","Predpokladan\u00fd \u010das \u010d\u00edtania":"2 min\u00faty"},"schema":{"@context":"https:\/\/schema.org","@graph":[{"@type":"WebPage","@id":"https:\/\/baportal.sk\/podnajom\/in\/62546\/","url":"https:\/\/baportal.sk\/podnajom\/in\/62546\/","name":"B\u00ddVAJ PRV\u00dd !!! V \u0160T\u00ddLOVOM 2i byte, NOVOSTAVBA, GAR\u00c1\u017d, BALK\u00d3N, Bos\u00e1kova ulica | Podn\u00e1jom - Baportal.sk - Bratislava","isPartOf":{"@id":"https:\/\/baportal.sk\/podnajom\/#website"},"primaryImageOfPage":{"@id":"https:\/\/baportal.sk\/podnajom\/in\/62546\/#primaryimage"},"image":{"@id":"https:\/\/baportal.sk\/podnajom\/in\/62546\/#primaryimage"},"thumbnailUrl":"https:\/\/baportal.sk\/podnajom\/wp-content\/uploads\/2023\/06\/BYVAJ-PRVY-V-STYLOVOM-2i-byte-NOVOSTAVBA-GARAZ-BALKON.jpeg","datePublished":"2022-05-05T01:01:49+00:00","dateModified":"2022-05-05T01:01:49+00:00","author":{"@id":"https:\/\/baportal.sk\/podnajom\/#\/schema\/person\/1048c08c599b2e93379d6374549bd168"},"description":"Realitn\u00e1 kancel\u00e1ria PrimeReality pon\u00faka na pren\u00e1jom kr\u00e1sny, slne\u010dn\u00fd a hlavne \u00faplne nov\u00fd 2i byt, orientovan\u00fd na JV stranu do zelen\u00e9ho vn\u00fatrobloku v","breadcrumb":{"@id":"https:\/\/baportal.sk\/podnajom\/in\/62546\/#breadcrumb"},"inLanguage":"sk-SK","potentialAction":[{"@type":"ReadAction","target":["https:\/\/baportal.sk\/podnajom\/in\/62546\/"]}]},{"@type":"ImageObject","inLanguage":"sk-SK","@id":"https:\/\/baportal.sk\/podnajom\/in\/62546\/#primaryimage","url":"https:\/\/baportal.sk\/podnajom\/wp-content\/uploads\/2023\/06\/BYVAJ-PRVY-V-STYLOVOM-2i-byte-NOVOSTAVBA-GARAZ-BALKON.jpeg","contentUrl":"https:\/\/baportal.sk\/podnajom\/wp-content\/uploads\/2023\/06\/BYVAJ-PRVY-V-STYLOVOM-2i-byte-NOVOSTAVBA-GARAZ-BALKON.jpeg","width":600,"height":315},{"@type":"BreadcrumbList","@id":"https:\/\/baportal.sk\/podnajom\/in\/62546\/#breadcrumb","itemListElement":[{"@type":"ListItem","position":1,"name":"Domovsk\u00e1 str\u00e1nka","item":"https:\/\/baportal.sk\/podnajom\/"},{"@type":"ListItem","position":2,"name":"B\u00ddVAJ PRV\u00dd !!! V \u0160T\u00ddLOVOM 2i byte, NOVOSTAVBA, GAR\u00c1\u017d, BALK\u00d3N, Bos\u00e1kova ulica"}]},{"@type":"WebSite","@id":"https:\/\/baportal.sk\/podnajom\/#website","url":"https:\/\/baportal.sk\/podnajom\/","name":"Podn\u00e1jom - Baportal.sk - Bratislava","description":"","potentialAction":[{"@type":"SearchAction","target":{"@type":"EntryPoint","urlTemplate":"https:\/\/baportal.sk\/podnajom\/?s={search_term_string}"},"query-input":"required name=search_term_string"}],"inLanguage":"sk-SK"},{"@type":"Person","@id":"https:\/\/baportal.sk\/podnajom\/#\/schema\/person\/1048c08c599b2e93379d6374549bd168","name":"marek","image":{"@type":"ImageObject","inLanguage":"sk-SK","@id":"https:\/\/baportal.sk\/podnajom\/#\/schema\/person\/image\/","url":"https:\/\/secure.gravatar.com\/avatar\/cdf0fbd37411d455f1afd87f93b867f6?s=96&d=mm&r=g","contentUrl":"https:\/\/secure.gravatar.com\/avatar\/cdf0fbd37411d455f1afd87f93b867f6?s=96&d=mm&r=g","caption":"marek"},"sameAs":["https:\/\/www.baportal.sk\/podnajom"]}]}},"_links":{"self":[{"href":"https:\/\/baportal.sk\/podnajom\/wp-json\/wp\/v2\/posts\/62546"}],"collection":[{"href":"https:\/\/baportal.sk\/podnajom\/wp-json\/wp\/v2\/posts"}],"about":[{"href":"https:\/\/baportal.sk\/podnajom\/wp-json\/wp\/v2\/types\/post"}],"author":[{"embeddable":true,"href":"https:\/\/baportal.sk\/podnajom\/wp-json\/wp\/v2\/users\/1"}],"replies":[{"embeddable":true,"href":"https:\/\/baportal.sk\/podnajom\/wp-json\/wp\/v2\/comments?post=62546"}],"version-history":[{"count":0,"href":"https:\/\/baportal.sk\/podnajom\/wp-json\/wp\/v2\/posts\/62546\/revisions"}],"wp:featuredmedia":[{"embeddable":true,"href":"https:\/\/baportal.sk\/podnajom\/wp-json\/wp\/v2\/media\/62547"}],"wp:attachment":[{"href":"https:\/\/baportal.sk\/podnajom\/wp-json\/wp\/v2\/media?parent=62546"}],"wp:term":[{"taxonomy":"category","embeddable":true,"href":"https:\/\/baportal.sk\/podnajom\/wp-json\/wp\/v2\/categories?post=62546"},{"taxonomy":"post_tag","embeddable":true,"href":"https:\/\/baportal.sk\/podnajom\/wp-json\/wp\/v2\/tags?post=62546"}],"curies":[{"name":"wp","href":"https:\/\/api.w.org\/{rel}","templated":true}]}}