{"id":63242,"date":"2022-05-05T03:01:49","date_gmt":"2022-05-05T01:01:49","guid":{"rendered":"https:\/\/baportal.sk\/podnajom\/in\/63242\/"},"modified":"2022-05-05T03:01:49","modified_gmt":"2022-05-05T01:01:49","slug":"pekny-2i-byt-rekonstrukcia-balkon-klima-centrum-soltesova-ulica","status":"publish","type":"post","link":"https:\/\/baportal.sk\/podnajom\/in\/63242\/","title":{"rendered":"PEKN\u00dd 2i byt, REKON\u0160TRUKCIA, BALK\u00d3N, KL\u00cdMA, CENTRUM, \u0160olt\u00e9sov\u00e1 ulica"},"content":{"rendered":"<div class=\"text-inner\">\n                                Pon\u00fakame V\u00e1m na pren\u00e1jom pekn\u00fd, slne\u010dn\u00fd 2-izbov\u00fd byt, po kompletnej novej rekon\u0161trukcii  s dvomi samostatn\u00fdmi izbami, kuchy\u0148ou, balk\u00f3nom, klimatiz\u00e1ciou, dreven\u00fdmi parketami, pivni\u010dnou kobkou vo vyh\u013ead\u00e1vanej lokalite na \u0160olt\u00e9sovej ulici v bl\u00edzkosti Medickej z\u00e1hrady a Mlynsk\u00fdch N\u00edv v tichej mestskej \u010dasti Star\u00e9 Mesto.<\/p>\n<p>Podlahov\u00e1 plocha bytu predstavuje 50,35 m2 vr\u00e1tane balk\u00f3na. Byt je v osobnom vlastn\u00edctve. Byt sa nach\u00e1dza na 3. poschod\u00ed v 3 \u2013 poschodovej tehlovej bytovej jednotke bez v\u00fd\u0165ahu.<\/p>\n<p>Byt je kompletne rekon\u0161truovan\u00fd a kompletne vybaven\u00fd, vr\u00e1tane novej k\u00fape\u013ene, chladni\u010dky, um\u00fdva\u010dky riadu a pr\u00e1\u010dky. Byt bude dozariaden\u00fd po dohode s n\u00e1jomn\u00edkom.<\/p>\n<p>Dispozi\u010dn\u00e9 rie\u0161enie bytu: vstupn\u00e1 chodba, samostatn\u00e1 kuchy\u0148a, ob\u00fdva\u010dka s pr\u00edstupom na balk\u00f3n, sp\u00e1l\u0148a, k\u00fape\u013e\u0148a s toaletou.<\/p>\n<p>Bytov\u00fd dom sa nach\u00e1dza vo ve\u013emi tichej a vyh\u013ead\u00e1vanej  lokalite v mestskej \u010dasti v Star\u00e9 Mesto. V bl\u00edzkosti bytovej jednotky sa nach\u00e1dzaj\u00fa Medick\u00e1 z\u00e1hrada, Ondrejsk\u00fd cintor\u00edn, re\u0161taur\u00e1cie, kaviarne, \u0161koly, \u0161k\u00f4lky a obchody a slu\u017eby r\u00f4zneho zamerania a taktie\u017e z\u00e1stavky MHD \u2013 autobusy.<\/p>\n<p>Ve\u013emi pekn\u00e9 a pr\u00edjemn\u00e9 b\u00fdvanie.<\/p>\n<p>Byt je vo\u013en\u00fd ihne\u010f.<\/p>\n<p>Mesa\u010dn\u00fd pren\u00e1jom predstavuje 710 \u20ac vr\u00e1tane poplatkov za energie a internet. <\/p>\n<p>Kontakt: 0948 902 505  <\/p>\n<p>Email: kiss@primereality.sk                            <\/p><\/div>\n","protected":false},"excerpt":{"rendered":"<p>Pon\u00fakame V\u00e1m na pren\u00e1jom pekn\u00fd, slne\u010dn\u00fd 2-izbov\u00fd byt, po kompletnej novej rekon\u0161trukcii s dvomi samostatn\u00fdmi izbami, kuchy\u0148ou, balk\u00f3nom, klimatiz\u00e1ciou, dreven\u00fdmi parketami, pivni\u010dnou kobkou vo vyh\u013ead\u00e1vanej lokalite na \u0160olt\u00e9sovej ulici v bl\u00edzkosti Medickej z\u00e1hrady a Mlynsk\u00fdch N\u00edv v tichej mestskej \u010dasti Star\u00e9 Mesto. Podlahov\u00e1 plocha bytu predstavuje 50,35 m2 vr\u00e1tane balk\u00f3na. Byt je v osobnom vlastn\u00edctve. [&hellip;]<\/p>\n","protected":false},"author":1,"featured_media":63243,"comment_status":"open","ping_status":"open","sticky":false,"template":"","format":"standard","meta":{"footnotes":""},"categories":[4],"tags":[],"class_list":["post-63242","post","type-post","status-publish","format-standard","has-post-thumbnail","hentry","category-prenajom-bytu"],"yoast_head":"<!-- This site is optimized with the Yoast SEO plugin v23.1 - https:\/\/yoast.com\/wordpress\/plugins\/seo\/ -->\n<title>PEKN\u00dd 2i byt, REKON\u0160TRUKCIA, BALK\u00d3N, KL\u00cdMA, CENTRUM, \u0160olt\u00e9sov\u00e1 ulica | Podn\u00e1jom - Baportal.sk - Bratislava<\/title>\n<meta name=\"description\" content=\"Pon\u00fakame V\u00e1m na pren\u00e1jom pekn\u00fd, slne\u010dn\u00fd 2-izbov\u00fd byt, po kompletnej novej rekon\u0161trukcii s dvomi samostatn\u00fdmi izbami, kuchy\u0148ou, balk\u00f3nom, klimatiz\u00e1ciou,\" \/>\n<meta name=\"robots\" content=\"index, follow, max-snippet:-1, max-image-preview:large, max-video-preview:-1\" \/>\n<link rel=\"canonical\" href=\"https:\/\/baportal.sk\/podnajom\/in\/63242\/\" \/>\n<meta property=\"og:locale\" content=\"sk_SK\" \/>\n<meta property=\"og:type\" content=\"article\" \/>\n<meta property=\"og:title\" content=\"PEKN\u00dd 2i byt, REKON\u0160TRUKCIA, BALK\u00d3N, KL\u00cdMA, CENTRUM, \u0160olt\u00e9sov\u00e1 ulica | Podn\u00e1jom - Baportal.sk - Bratislava\" \/>\n<meta property=\"og:description\" content=\"Pon\u00fakame V\u00e1m na pren\u00e1jom pekn\u00fd, slne\u010dn\u00fd 2-izbov\u00fd byt, po kompletnej novej rekon\u0161trukcii s dvomi samostatn\u00fdmi izbami, kuchy\u0148ou, balk\u00f3nom, klimatiz\u00e1ciou,\" \/>\n<meta property=\"og:url\" content=\"https:\/\/baportal.sk\/podnajom\/in\/63242\/\" \/>\n<meta property=\"og:site_name\" content=\"Podn\u00e1jom - Baportal.sk - Bratislava\" \/>\n<meta property=\"article:published_time\" content=\"2022-05-05T01:01:49+00:00\" \/>\n<meta name=\"author\" content=\"marek\" \/>\n<meta name=\"twitter:card\" content=\"summary_large_image\" \/>\n<meta name=\"twitter:label1\" content=\"Autor\" \/>\n\t<meta name=\"twitter:data1\" content=\"marek\" \/>\n\t<meta name=\"twitter:label2\" content=\"Predpokladan\u00fd \u010das \u010d\u00edtania\" \/>\n\t<meta name=\"twitter:data2\" content=\"1 min\u00fata\" \/>\n<script type=\"application\/ld+json\" class=\"yoast-schema-graph\">{\"@context\":\"https:\/\/schema.org\",\"@graph\":[{\"@type\":\"WebPage\",\"@id\":\"https:\/\/baportal.sk\/podnajom\/in\/63242\/\",\"url\":\"https:\/\/baportal.sk\/podnajom\/in\/63242\/\",\"name\":\"PEKN\u00dd 2i byt, REKON\u0160TRUKCIA, BALK\u00d3N, KL\u00cdMA, CENTRUM, \u0160olt\u00e9sov\u00e1 ulica | Podn\u00e1jom - Baportal.sk - Bratislava\",\"isPartOf\":{\"@id\":\"https:\/\/baportal.sk\/podnajom\/#website\"},\"primaryImageOfPage\":{\"@id\":\"https:\/\/baportal.sk\/podnajom\/in\/63242\/#primaryimage\"},\"image\":{\"@id\":\"https:\/\/baportal.sk\/podnajom\/in\/63242\/#primaryimage\"},\"thumbnailUrl\":\"https:\/\/baportal.sk\/podnajom\/wp-content\/uploads\/2023\/07\/PEKNY-2i-byt-REKONSTRUKCIA-BALKON-KLIMA-CENTRUM-Soltesova-ulica.jpeg\",\"datePublished\":\"2022-05-05T01:01:49+00:00\",\"dateModified\":\"2022-05-05T01:01:49+00:00\",\"author\":{\"@id\":\"https:\/\/baportal.sk\/podnajom\/#\/schema\/person\/1048c08c599b2e93379d6374549bd168\"},\"description\":\"Pon\u00fakame V\u00e1m na pren\u00e1jom pekn\u00fd, slne\u010dn\u00fd 2-izbov\u00fd byt, po kompletnej novej rekon\u0161trukcii s dvomi samostatn\u00fdmi izbami, kuchy\u0148ou, balk\u00f3nom, klimatiz\u00e1ciou,\",\"breadcrumb\":{\"@id\":\"https:\/\/baportal.sk\/podnajom\/in\/63242\/#breadcrumb\"},\"inLanguage\":\"sk-SK\",\"potentialAction\":[{\"@type\":\"ReadAction\",\"target\":[\"https:\/\/baportal.sk\/podnajom\/in\/63242\/\"]}]},{\"@type\":\"ImageObject\",\"inLanguage\":\"sk-SK\",\"@id\":\"https:\/\/baportal.sk\/podnajom\/in\/63242\/#primaryimage\",\"url\":\"https:\/\/baportal.sk\/podnajom\/wp-content\/uploads\/2023\/07\/PEKNY-2i-byt-REKONSTRUKCIA-BALKON-KLIMA-CENTRUM-Soltesova-ulica.jpeg\",\"contentUrl\":\"https:\/\/baportal.sk\/podnajom\/wp-content\/uploads\/2023\/07\/PEKNY-2i-byt-REKONSTRUKCIA-BALKON-KLIMA-CENTRUM-Soltesova-ulica.jpeg\",\"width\":600,\"height\":315},{\"@type\":\"BreadcrumbList\",\"@id\":\"https:\/\/baportal.sk\/podnajom\/in\/63242\/#breadcrumb\",\"itemListElement\":[{\"@type\":\"ListItem\",\"position\":1,\"name\":\"Domovsk\u00e1 str\u00e1nka\",\"item\":\"https:\/\/baportal.sk\/podnajom\/\"},{\"@type\":\"ListItem\",\"position\":2,\"name\":\"PEKN\u00dd 2i byt, REKON\u0160TRUKCIA, BALK\u00d3N, KL\u00cdMA, CENTRUM, \u0160olt\u00e9sov\u00e1 ulica\"}]},{\"@type\":\"WebSite\",\"@id\":\"https:\/\/baportal.sk\/podnajom\/#website\",\"url\":\"https:\/\/baportal.sk\/podnajom\/\",\"name\":\"Podn\u00e1jom - Baportal.sk - Bratislava\",\"description\":\"\",\"potentialAction\":[{\"@type\":\"SearchAction\",\"target\":{\"@type\":\"EntryPoint\",\"urlTemplate\":\"https:\/\/baportal.sk\/podnajom\/?s={search_term_string}\"},\"query-input\":\"required name=search_term_string\"}],\"inLanguage\":\"sk-SK\"},{\"@type\":\"Person\",\"@id\":\"https:\/\/baportal.sk\/podnajom\/#\/schema\/person\/1048c08c599b2e93379d6374549bd168\",\"name\":\"marek\",\"image\":{\"@type\":\"ImageObject\",\"inLanguage\":\"sk-SK\",\"@id\":\"https:\/\/baportal.sk\/podnajom\/#\/schema\/person\/image\/\",\"url\":\"https:\/\/secure.gravatar.com\/avatar\/cdf0fbd37411d455f1afd87f93b867f6?s=96&d=mm&r=g\",\"contentUrl\":\"https:\/\/secure.gravatar.com\/avatar\/cdf0fbd37411d455f1afd87f93b867f6?s=96&d=mm&r=g\",\"caption\":\"marek\"},\"sameAs\":[\"https:\/\/www.baportal.sk\/podnajom\"]}]}<\/script>\n<!-- \/ Yoast SEO plugin. -->","yoast_head_json":{"title":"PEKN\u00dd 2i byt, REKON\u0160TRUKCIA, BALK\u00d3N, KL\u00cdMA, CENTRUM, \u0160olt\u00e9sov\u00e1 ulica | Podn\u00e1jom - Baportal.sk - Bratislava","description":"Pon\u00fakame V\u00e1m na pren\u00e1jom pekn\u00fd, slne\u010dn\u00fd 2-izbov\u00fd byt, po kompletnej novej rekon\u0161trukcii s dvomi samostatn\u00fdmi izbami, kuchy\u0148ou, balk\u00f3nom, klimatiz\u00e1ciou,","robots":{"index":"index","follow":"follow","max-snippet":"max-snippet:-1","max-image-preview":"max-image-preview:large","max-video-preview":"max-video-preview:-1"},"canonical":"https:\/\/baportal.sk\/podnajom\/in\/63242\/","og_locale":"sk_SK","og_type":"article","og_title":"PEKN\u00dd 2i byt, REKON\u0160TRUKCIA, BALK\u00d3N, KL\u00cdMA, CENTRUM, \u0160olt\u00e9sov\u00e1 ulica | Podn\u00e1jom - Baportal.sk - Bratislava","og_description":"Pon\u00fakame V\u00e1m na pren\u00e1jom pekn\u00fd, slne\u010dn\u00fd 2-izbov\u00fd byt, po kompletnej novej rekon\u0161trukcii s dvomi samostatn\u00fdmi izbami, kuchy\u0148ou, balk\u00f3nom, klimatiz\u00e1ciou,","og_url":"https:\/\/baportal.sk\/podnajom\/in\/63242\/","og_site_name":"Podn\u00e1jom - Baportal.sk - Bratislava","article_published_time":"2022-05-05T01:01:49+00:00","author":"marek","twitter_card":"summary_large_image","twitter_misc":{"Autor":"marek","Predpokladan\u00fd \u010das \u010d\u00edtania":"1 min\u00fata"},"schema":{"@context":"https:\/\/schema.org","@graph":[{"@type":"WebPage","@id":"https:\/\/baportal.sk\/podnajom\/in\/63242\/","url":"https:\/\/baportal.sk\/podnajom\/in\/63242\/","name":"PEKN\u00dd 2i byt, REKON\u0160TRUKCIA, BALK\u00d3N, KL\u00cdMA, CENTRUM, \u0160olt\u00e9sov\u00e1 ulica | Podn\u00e1jom - Baportal.sk - Bratislava","isPartOf":{"@id":"https:\/\/baportal.sk\/podnajom\/#website"},"primaryImageOfPage":{"@id":"https:\/\/baportal.sk\/podnajom\/in\/63242\/#primaryimage"},"image":{"@id":"https:\/\/baportal.sk\/podnajom\/in\/63242\/#primaryimage"},"thumbnailUrl":"https:\/\/baportal.sk\/podnajom\/wp-content\/uploads\/2023\/07\/PEKNY-2i-byt-REKONSTRUKCIA-BALKON-KLIMA-CENTRUM-Soltesova-ulica.jpeg","datePublished":"2022-05-05T01:01:49+00:00","dateModified":"2022-05-05T01:01:49+00:00","author":{"@id":"https:\/\/baportal.sk\/podnajom\/#\/schema\/person\/1048c08c599b2e93379d6374549bd168"},"description":"Pon\u00fakame V\u00e1m na pren\u00e1jom pekn\u00fd, slne\u010dn\u00fd 2-izbov\u00fd byt, po kompletnej novej rekon\u0161trukcii s dvomi samostatn\u00fdmi izbami, kuchy\u0148ou, balk\u00f3nom, klimatiz\u00e1ciou,","breadcrumb":{"@id":"https:\/\/baportal.sk\/podnajom\/in\/63242\/#breadcrumb"},"inLanguage":"sk-SK","potentialAction":[{"@type":"ReadAction","target":["https:\/\/baportal.sk\/podnajom\/in\/63242\/"]}]},{"@type":"ImageObject","inLanguage":"sk-SK","@id":"https:\/\/baportal.sk\/podnajom\/in\/63242\/#primaryimage","url":"https:\/\/baportal.sk\/podnajom\/wp-content\/uploads\/2023\/07\/PEKNY-2i-byt-REKONSTRUKCIA-BALKON-KLIMA-CENTRUM-Soltesova-ulica.jpeg","contentUrl":"https:\/\/baportal.sk\/podnajom\/wp-content\/uploads\/2023\/07\/PEKNY-2i-byt-REKONSTRUKCIA-BALKON-KLIMA-CENTRUM-Soltesova-ulica.jpeg","width":600,"height":315},{"@type":"BreadcrumbList","@id":"https:\/\/baportal.sk\/podnajom\/in\/63242\/#breadcrumb","itemListElement":[{"@type":"ListItem","position":1,"name":"Domovsk\u00e1 str\u00e1nka","item":"https:\/\/baportal.sk\/podnajom\/"},{"@type":"ListItem","position":2,"name":"PEKN\u00dd 2i byt, REKON\u0160TRUKCIA, BALK\u00d3N, KL\u00cdMA, CENTRUM, \u0160olt\u00e9sov\u00e1 ulica"}]},{"@type":"WebSite","@id":"https:\/\/baportal.sk\/podnajom\/#website","url":"https:\/\/baportal.sk\/podnajom\/","name":"Podn\u00e1jom - Baportal.sk - Bratislava","description":"","potentialAction":[{"@type":"SearchAction","target":{"@type":"EntryPoint","urlTemplate":"https:\/\/baportal.sk\/podnajom\/?s={search_term_string}"},"query-input":"required name=search_term_string"}],"inLanguage":"sk-SK"},{"@type":"Person","@id":"https:\/\/baportal.sk\/podnajom\/#\/schema\/person\/1048c08c599b2e93379d6374549bd168","name":"marek","image":{"@type":"ImageObject","inLanguage":"sk-SK","@id":"https:\/\/baportal.sk\/podnajom\/#\/schema\/person\/image\/","url":"https:\/\/secure.gravatar.com\/avatar\/cdf0fbd37411d455f1afd87f93b867f6?s=96&d=mm&r=g","contentUrl":"https:\/\/secure.gravatar.com\/avatar\/cdf0fbd37411d455f1afd87f93b867f6?s=96&d=mm&r=g","caption":"marek"},"sameAs":["https:\/\/www.baportal.sk\/podnajom"]}]}},"_links":{"self":[{"href":"https:\/\/baportal.sk\/podnajom\/wp-json\/wp\/v2\/posts\/63242"}],"collection":[{"href":"https:\/\/baportal.sk\/podnajom\/wp-json\/wp\/v2\/posts"}],"about":[{"href":"https:\/\/baportal.sk\/podnajom\/wp-json\/wp\/v2\/types\/post"}],"author":[{"embeddable":true,"href":"https:\/\/baportal.sk\/podnajom\/wp-json\/wp\/v2\/users\/1"}],"replies":[{"embeddable":true,"href":"https:\/\/baportal.sk\/podnajom\/wp-json\/wp\/v2\/comments?post=63242"}],"version-history":[{"count":0,"href":"https:\/\/baportal.sk\/podnajom\/wp-json\/wp\/v2\/posts\/63242\/revisions"}],"wp:featuredmedia":[{"embeddable":true,"href":"https:\/\/baportal.sk\/podnajom\/wp-json\/wp\/v2\/media\/63243"}],"wp:attachment":[{"href":"https:\/\/baportal.sk\/podnajom\/wp-json\/wp\/v2\/media?parent=63242"}],"wp:term":[{"taxonomy":"category","embeddable":true,"href":"https:\/\/baportal.sk\/podnajom\/wp-json\/wp\/v2\/categories?post=63242"},{"taxonomy":"post_tag","embeddable":true,"href":"https:\/\/baportal.sk\/podnajom\/wp-json\/wp\/v2\/tags?post=63242"}],"curies":[{"name":"wp","href":"https:\/\/api.w.org\/{rel}","templated":true}]}}