{"id":63314,"date":"2022-05-05T03:01:49","date_gmt":"2022-05-05T01:01:49","guid":{"rendered":"https:\/\/baportal.sk\/podnajom\/in\/63314\/"},"modified":"2022-05-05T03:01:49","modified_gmt":"2022-05-05T01:01:49","slug":"bez-rk-slnecnice-mesto-3izb-klimatizacia-zariadeny","status":"publish","type":"post","link":"https:\/\/baportal.sk\/podnajom\/in\/63314\/","title":{"rendered":"BEZ RK: Slne\u010dnice Mesto \/ 3izb \/ klimatiz\u00e1cia \/ zariaden\u00fd"},"content":{"rendered":"<div class=\"text-inner\">\n                                NA PREN\u00c1JOM bez RK: \u00daplne nov\u00fd, plne klimatizovan\u00fd v ka\u017edej izbe, pr\u00e9miovo zariaden\u00fd 3 izb. byt v Slne\u010dniciach Mesto s ve\u013ek\u00fdm balk\u00f3nom, z\u00e1padnou orient\u00e1ciou, oknami od zeme a\u017e po strop a s kr\u00e1snym neru\u0161en\u00fdm v\u00fdh\u013eadom na Rak\u00fasko. Celkov\u00e1 plocha 90m2, z toho 76m2 byt, 11m2 balk\u00f3n a 3m2 murovan\u00e1 pivnica. Byt sa nach\u00e1dza na 7. z 8 NP. <\/p>\n<p>Byt disponuje dostatkom \u00falo\u017en\u00fdch priestorov - 2 vstavan\u00e9 \u0161atn\u00edky, 2 vstavan\u00e9 skrine a ve\u013ekou kvalitnou kuchynskou linkou. Byt je pr\u00e9miovo a vkusne zariaden\u00fd, s kvalitnou seda\u010dkou, pohodln\u00fdmi vysok\u00fdmi poste\u013eami a pru\u017einov\u00fdmi matracmi s toppermi. In\u0161talovan\u00e9 spotrebi\u010de zah\u0155\u0148aj\u00fa ve\u013ek\u00fa chladni\u010dku s mrazni\u010dkou, induk\u010dn\u00fa varn\u00fa dosku, r\u00faru na pe\u010denie, um\u00fdva\u010dku riadu a pr\u00e1\u010dku. V ka\u017edej miestnosti je individu\u00e1lne ovl\u00e1dan\u00e1 klimatiza\u010dn\u00e1 jednotka - absol\u00fatna nutnos\u0165 pre pohodln\u00e9 b\u00fdvanie v Slne\u010dniciach. Byt a zariadenie s\u00fa \u00faplne nov\u00e9. <\/p>\n<p>Parking a pivni\u010dn\u00e1 kobka v podzemnej gar\u00e1\u017ei - pr\u00edstup do bytu mo\u017en\u00fd suchou nohou. Mo\u017en\u00fd trval\u00fd pobyt. Dom\u00e1ce zvierat\u00e1 nie s\u00fa povolen\u00e9. V byte nie je dovolen\u00e9 faj\u010di\u0165. Komunik\u00e1cia mo\u017en\u00e1 po slovensky, anglicky, nemecky a taliansky. Zmluvu je mo\u017en\u00e9 podp\u00edsa\u0165 v sloven\u010dine alebo angli\u010dtine. Optick\u00fd internet a k\u00e1blovka poskytovan\u00e9 viacer\u00fdmi oper\u00e1tormi.<\/p>\n<p>Cena n\u00e1jmu za byt a zariadenie 1100 eur\/mesiac. Podzemn\u00fd parking 75 eur\/mesiac, pivnica 25 eur\/mesiac. Mo\u017enos\u0165 pren\u00e1jmu aj viacer\u00fdch parkingov. Prev\u00e1dzkov\u00e9 n\u00e1klady ca. 225 eur\/mesiac pri 1 osobe, ka\u017ed\u00e1 \u010fal\u0161ia osoba +35 eur\/mesiac. Depozit: 3 mesiace n\u00e1jom + prev\u00e1dzkov\u00e9 n\u00e1klady.<\/p>\n<p>Slne\u010dnice Mesto s\u00fa modern\u00e1 pr\u00e9miov\u00e1 \u0161tvr\u0165 poskytuj\u00faca pohodln\u00e9 b\u00fdvanie a pln\u00fa ob\u010diansku vybavenos\u0165. Ve\u013ek\u00fd, novo vybudovan\u00fd park poskytuje detsk\u00e9 ihrisk\u00e1, outdoorov\u00e9 cvi\u010disk\u00e1, be\u017eeck\u00fa dr\u00e1hu, v\u00fdbeh pre psov a samozrejme dostatok zelene a priestor pre relax. Men\u0161ie par\u010d\u00edky medzi domami pon\u00fakaj\u00fa men\u0161ie detsk\u00e9 ihrisk\u00e1. Obyvatelia ocenia Slne\u010dnice Market v pe\u0161ej dostupnosti (3 min) - so supermarketom BILLA, drog\u00e9riou, lek\u00e1r\u0148ou, elektrom, obchodom SuperZoo, PEPCO, JYSK a \u010fal\u0161\u00edmi z\u00e1kladn\u00fdmi obchodmi. Food Court poskytuje \u0161irok\u00fd v\u00fdber jed\u00e1l slovenskej, mexickej, pan-\u00e1zijskej a izraelskej kuchyne. V Slne\u010dniciach sa nach\u00e1dzaj\u00fa aj ordin\u00e1cie pediatra, zub\u00e1ra, gynekol\u00f3ga, urol\u00f3ga, prev\u00e1dzky barbera, nechtov\u00e9ho \u0161t\u00fadia, kaviare\u0148, cukr\u00e1re\u0148, vin\u00e1re\u0148 a men\u0161\u00edch potrav\u00edn Malina. Slne\u010dnice Mesto s\u00fa \u013eahko dostupn\u00e9 z centra mesta autom aj viacer\u00fdmi linkami MHD. Elektri\u010dka je aktu\u00e1lne vo v\u00fdstavbe.  <\/p>\n<p>Foto: 365 living a Tom\u00e1\u0161 Manina. Text: 365 living. V\u0161etky pr\u00e1va vyhraden\u00e9.\n                            <\/div>\n","protected":false},"excerpt":{"rendered":"<p>NA PREN\u00c1JOM bez RK: \u00daplne nov\u00fd, plne klimatizovan\u00fd v ka\u017edej izbe, pr\u00e9miovo zariaden\u00fd 3 izb. byt v Slne\u010dniciach Mesto s ve\u013ek\u00fdm balk\u00f3nom, z\u00e1padnou orient\u00e1ciou, oknami od zeme a\u017e po strop a s kr\u00e1snym neru\u0161en\u00fdm v\u00fdh\u013eadom na Rak\u00fasko. Celkov\u00e1 plocha 90m2, z toho 76m2 byt, 11m2 balk\u00f3n a 3m2 murovan\u00e1 pivnica. Byt sa nach\u00e1dza na 7. [&hellip;]<\/p>\n","protected":false},"author":1,"featured_media":63315,"comment_status":"open","ping_status":"open","sticky":false,"template":"","format":"standard","meta":{"footnotes":""},"categories":[4],"tags":[],"class_list":["post-63314","post","type-post","status-publish","format-standard","has-post-thumbnail","hentry","category-prenajom-bytu"],"yoast_head":"<!-- This site is optimized with the Yoast SEO plugin v23.1 - https:\/\/yoast.com\/wordpress\/plugins\/seo\/ -->\n<title>BEZ RK: Slne\u010dnice Mesto \/ 3izb \/ klimatiz\u00e1cia \/ zariaden\u00fd | Podn\u00e1jom - Baportal.sk - Bratislava<\/title>\n<meta name=\"description\" content=\"NA PREN\u00c1JOM bez RK: \u00daplne nov\u00fd, plne klimatizovan\u00fd v ka\u017edej izbe, pr\u00e9miovo zariaden\u00fd 3 izb. byt v Slne\u010dniciach Mesto s ve\u013ek\u00fdm balk\u00f3nom, z\u00e1padnou\" \/>\n<meta name=\"robots\" content=\"index, follow, max-snippet:-1, max-image-preview:large, max-video-preview:-1\" \/>\n<link rel=\"canonical\" href=\"https:\/\/baportal.sk\/podnajom\/in\/63314\/\" \/>\n<meta property=\"og:locale\" content=\"sk_SK\" \/>\n<meta property=\"og:type\" content=\"article\" \/>\n<meta property=\"og:title\" content=\"BEZ RK: Slne\u010dnice Mesto \/ 3izb \/ klimatiz\u00e1cia \/ zariaden\u00fd | Podn\u00e1jom - Baportal.sk - Bratislava\" \/>\n<meta property=\"og:description\" content=\"NA PREN\u00c1JOM bez RK: \u00daplne nov\u00fd, plne klimatizovan\u00fd v ka\u017edej izbe, pr\u00e9miovo zariaden\u00fd 3 izb. byt v Slne\u010dniciach Mesto s ve\u013ek\u00fdm balk\u00f3nom, z\u00e1padnou\" \/>\n<meta property=\"og:url\" content=\"https:\/\/baportal.sk\/podnajom\/in\/63314\/\" \/>\n<meta property=\"og:site_name\" content=\"Podn\u00e1jom - Baportal.sk - Bratislava\" \/>\n<meta property=\"article:published_time\" content=\"2022-05-05T01:01:49+00:00\" \/>\n<meta name=\"author\" content=\"marek\" \/>\n<meta name=\"twitter:card\" content=\"summary_large_image\" \/>\n<meta name=\"twitter:label1\" content=\"Autor\" \/>\n\t<meta name=\"twitter:data1\" content=\"marek\" \/>\n\t<meta name=\"twitter:label2\" content=\"Predpokladan\u00fd \u010das \u010d\u00edtania\" \/>\n\t<meta name=\"twitter:data2\" content=\"2 min\u00faty\" \/>\n<script type=\"application\/ld+json\" class=\"yoast-schema-graph\">{\"@context\":\"https:\/\/schema.org\",\"@graph\":[{\"@type\":\"WebPage\",\"@id\":\"https:\/\/baportal.sk\/podnajom\/in\/63314\/\",\"url\":\"https:\/\/baportal.sk\/podnajom\/in\/63314\/\",\"name\":\"BEZ RK: Slne\u010dnice Mesto \/ 3izb \/ klimatiz\u00e1cia \/ zariaden\u00fd | Podn\u00e1jom - Baportal.sk - Bratislava\",\"isPartOf\":{\"@id\":\"https:\/\/baportal.sk\/podnajom\/#website\"},\"primaryImageOfPage\":{\"@id\":\"https:\/\/baportal.sk\/podnajom\/in\/63314\/#primaryimage\"},\"image\":{\"@id\":\"https:\/\/baportal.sk\/podnajom\/in\/63314\/#primaryimage\"},\"thumbnailUrl\":\"https:\/\/baportal.sk\/podnajom\/wp-content\/uploads\/2023\/07\/BEZ-RK-Slnecnice-Mesto-3izb-klimatizacia-zariadeny.jpeg\",\"datePublished\":\"2022-05-05T01:01:49+00:00\",\"dateModified\":\"2022-05-05T01:01:49+00:00\",\"author\":{\"@id\":\"https:\/\/baportal.sk\/podnajom\/#\/schema\/person\/1048c08c599b2e93379d6374549bd168\"},\"description\":\"NA PREN\u00c1JOM bez RK: \u00daplne nov\u00fd, plne klimatizovan\u00fd v ka\u017edej izbe, pr\u00e9miovo zariaden\u00fd 3 izb. byt v Slne\u010dniciach Mesto s ve\u013ek\u00fdm balk\u00f3nom, z\u00e1padnou\",\"breadcrumb\":{\"@id\":\"https:\/\/baportal.sk\/podnajom\/in\/63314\/#breadcrumb\"},\"inLanguage\":\"sk-SK\",\"potentialAction\":[{\"@type\":\"ReadAction\",\"target\":[\"https:\/\/baportal.sk\/podnajom\/in\/63314\/\"]}]},{\"@type\":\"ImageObject\",\"inLanguage\":\"sk-SK\",\"@id\":\"https:\/\/baportal.sk\/podnajom\/in\/63314\/#primaryimage\",\"url\":\"https:\/\/baportal.sk\/podnajom\/wp-content\/uploads\/2023\/07\/BEZ-RK-Slnecnice-Mesto-3izb-klimatizacia-zariadeny.jpeg\",\"contentUrl\":\"https:\/\/baportal.sk\/podnajom\/wp-content\/uploads\/2023\/07\/BEZ-RK-Slnecnice-Mesto-3izb-klimatizacia-zariadeny.jpeg\",\"width\":600,\"height\":315},{\"@type\":\"BreadcrumbList\",\"@id\":\"https:\/\/baportal.sk\/podnajom\/in\/63314\/#breadcrumb\",\"itemListElement\":[{\"@type\":\"ListItem\",\"position\":1,\"name\":\"Domovsk\u00e1 str\u00e1nka\",\"item\":\"https:\/\/baportal.sk\/podnajom\/\"},{\"@type\":\"ListItem\",\"position\":2,\"name\":\"BEZ RK: Slne\u010dnice Mesto \/ 3izb \/ klimatiz\u00e1cia \/ zariaden\u00fd\"}]},{\"@type\":\"WebSite\",\"@id\":\"https:\/\/baportal.sk\/podnajom\/#website\",\"url\":\"https:\/\/baportal.sk\/podnajom\/\",\"name\":\"Podn\u00e1jom - Baportal.sk - Bratislava\",\"description\":\"\",\"potentialAction\":[{\"@type\":\"SearchAction\",\"target\":{\"@type\":\"EntryPoint\",\"urlTemplate\":\"https:\/\/baportal.sk\/podnajom\/?s={search_term_string}\"},\"query-input\":\"required name=search_term_string\"}],\"inLanguage\":\"sk-SK\"},{\"@type\":\"Person\",\"@id\":\"https:\/\/baportal.sk\/podnajom\/#\/schema\/person\/1048c08c599b2e93379d6374549bd168\",\"name\":\"marek\",\"image\":{\"@type\":\"ImageObject\",\"inLanguage\":\"sk-SK\",\"@id\":\"https:\/\/baportal.sk\/podnajom\/#\/schema\/person\/image\/\",\"url\":\"https:\/\/secure.gravatar.com\/avatar\/cdf0fbd37411d455f1afd87f93b867f6?s=96&d=mm&r=g\",\"contentUrl\":\"https:\/\/secure.gravatar.com\/avatar\/cdf0fbd37411d455f1afd87f93b867f6?s=96&d=mm&r=g\",\"caption\":\"marek\"},\"sameAs\":[\"https:\/\/www.baportal.sk\/podnajom\"]}]}<\/script>\n<!-- \/ Yoast SEO plugin. -->","yoast_head_json":{"title":"BEZ RK: Slne\u010dnice Mesto \/ 3izb \/ klimatiz\u00e1cia \/ zariaden\u00fd | Podn\u00e1jom - Baportal.sk - Bratislava","description":"NA PREN\u00c1JOM bez RK: \u00daplne nov\u00fd, plne klimatizovan\u00fd v ka\u017edej izbe, pr\u00e9miovo zariaden\u00fd 3 izb. byt v Slne\u010dniciach Mesto s ve\u013ek\u00fdm balk\u00f3nom, z\u00e1padnou","robots":{"index":"index","follow":"follow","max-snippet":"max-snippet:-1","max-image-preview":"max-image-preview:large","max-video-preview":"max-video-preview:-1"},"canonical":"https:\/\/baportal.sk\/podnajom\/in\/63314\/","og_locale":"sk_SK","og_type":"article","og_title":"BEZ RK: Slne\u010dnice Mesto \/ 3izb \/ klimatiz\u00e1cia \/ zariaden\u00fd | Podn\u00e1jom - Baportal.sk - Bratislava","og_description":"NA PREN\u00c1JOM bez RK: \u00daplne nov\u00fd, plne klimatizovan\u00fd v ka\u017edej izbe, pr\u00e9miovo zariaden\u00fd 3 izb. byt v Slne\u010dniciach Mesto s ve\u013ek\u00fdm balk\u00f3nom, z\u00e1padnou","og_url":"https:\/\/baportal.sk\/podnajom\/in\/63314\/","og_site_name":"Podn\u00e1jom - Baportal.sk - Bratislava","article_published_time":"2022-05-05T01:01:49+00:00","author":"marek","twitter_card":"summary_large_image","twitter_misc":{"Autor":"marek","Predpokladan\u00fd \u010das \u010d\u00edtania":"2 min\u00faty"},"schema":{"@context":"https:\/\/schema.org","@graph":[{"@type":"WebPage","@id":"https:\/\/baportal.sk\/podnajom\/in\/63314\/","url":"https:\/\/baportal.sk\/podnajom\/in\/63314\/","name":"BEZ RK: Slne\u010dnice Mesto \/ 3izb \/ klimatiz\u00e1cia \/ zariaden\u00fd | Podn\u00e1jom - Baportal.sk - Bratislava","isPartOf":{"@id":"https:\/\/baportal.sk\/podnajom\/#website"},"primaryImageOfPage":{"@id":"https:\/\/baportal.sk\/podnajom\/in\/63314\/#primaryimage"},"image":{"@id":"https:\/\/baportal.sk\/podnajom\/in\/63314\/#primaryimage"},"thumbnailUrl":"https:\/\/baportal.sk\/podnajom\/wp-content\/uploads\/2023\/07\/BEZ-RK-Slnecnice-Mesto-3izb-klimatizacia-zariadeny.jpeg","datePublished":"2022-05-05T01:01:49+00:00","dateModified":"2022-05-05T01:01:49+00:00","author":{"@id":"https:\/\/baportal.sk\/podnajom\/#\/schema\/person\/1048c08c599b2e93379d6374549bd168"},"description":"NA PREN\u00c1JOM bez RK: \u00daplne nov\u00fd, plne klimatizovan\u00fd v ka\u017edej izbe, pr\u00e9miovo zariaden\u00fd 3 izb. byt v Slne\u010dniciach Mesto s ve\u013ek\u00fdm balk\u00f3nom, z\u00e1padnou","breadcrumb":{"@id":"https:\/\/baportal.sk\/podnajom\/in\/63314\/#breadcrumb"},"inLanguage":"sk-SK","potentialAction":[{"@type":"ReadAction","target":["https:\/\/baportal.sk\/podnajom\/in\/63314\/"]}]},{"@type":"ImageObject","inLanguage":"sk-SK","@id":"https:\/\/baportal.sk\/podnajom\/in\/63314\/#primaryimage","url":"https:\/\/baportal.sk\/podnajom\/wp-content\/uploads\/2023\/07\/BEZ-RK-Slnecnice-Mesto-3izb-klimatizacia-zariadeny.jpeg","contentUrl":"https:\/\/baportal.sk\/podnajom\/wp-content\/uploads\/2023\/07\/BEZ-RK-Slnecnice-Mesto-3izb-klimatizacia-zariadeny.jpeg","width":600,"height":315},{"@type":"BreadcrumbList","@id":"https:\/\/baportal.sk\/podnajom\/in\/63314\/#breadcrumb","itemListElement":[{"@type":"ListItem","position":1,"name":"Domovsk\u00e1 str\u00e1nka","item":"https:\/\/baportal.sk\/podnajom\/"},{"@type":"ListItem","position":2,"name":"BEZ RK: Slne\u010dnice Mesto \/ 3izb \/ klimatiz\u00e1cia \/ zariaden\u00fd"}]},{"@type":"WebSite","@id":"https:\/\/baportal.sk\/podnajom\/#website","url":"https:\/\/baportal.sk\/podnajom\/","name":"Podn\u00e1jom - Baportal.sk - Bratislava","description":"","potentialAction":[{"@type":"SearchAction","target":{"@type":"EntryPoint","urlTemplate":"https:\/\/baportal.sk\/podnajom\/?s={search_term_string}"},"query-input":"required name=search_term_string"}],"inLanguage":"sk-SK"},{"@type":"Person","@id":"https:\/\/baportal.sk\/podnajom\/#\/schema\/person\/1048c08c599b2e93379d6374549bd168","name":"marek","image":{"@type":"ImageObject","inLanguage":"sk-SK","@id":"https:\/\/baportal.sk\/podnajom\/#\/schema\/person\/image\/","url":"https:\/\/secure.gravatar.com\/avatar\/cdf0fbd37411d455f1afd87f93b867f6?s=96&d=mm&r=g","contentUrl":"https:\/\/secure.gravatar.com\/avatar\/cdf0fbd37411d455f1afd87f93b867f6?s=96&d=mm&r=g","caption":"marek"},"sameAs":["https:\/\/www.baportal.sk\/podnajom"]}]}},"_links":{"self":[{"href":"https:\/\/baportal.sk\/podnajom\/wp-json\/wp\/v2\/posts\/63314"}],"collection":[{"href":"https:\/\/baportal.sk\/podnajom\/wp-json\/wp\/v2\/posts"}],"about":[{"href":"https:\/\/baportal.sk\/podnajom\/wp-json\/wp\/v2\/types\/post"}],"author":[{"embeddable":true,"href":"https:\/\/baportal.sk\/podnajom\/wp-json\/wp\/v2\/users\/1"}],"replies":[{"embeddable":true,"href":"https:\/\/baportal.sk\/podnajom\/wp-json\/wp\/v2\/comments?post=63314"}],"version-history":[{"count":0,"href":"https:\/\/baportal.sk\/podnajom\/wp-json\/wp\/v2\/posts\/63314\/revisions"}],"wp:featuredmedia":[{"embeddable":true,"href":"https:\/\/baportal.sk\/podnajom\/wp-json\/wp\/v2\/media\/63315"}],"wp:attachment":[{"href":"https:\/\/baportal.sk\/podnajom\/wp-json\/wp\/v2\/media?parent=63314"}],"wp:term":[{"taxonomy":"category","embeddable":true,"href":"https:\/\/baportal.sk\/podnajom\/wp-json\/wp\/v2\/categories?post=63314"},{"taxonomy":"post_tag","embeddable":true,"href":"https:\/\/baportal.sk\/podnajom\/wp-json\/wp\/v2\/tags?post=63314"}],"curies":[{"name":"wp","href":"https:\/\/api.w.org\/{rel}","templated":true}]}}